{"id":111509,"date":"2025-02-25T11:44:26","date_gmt":"2025-02-25T14:44:26","guid":{"rendered":"https:\/\/folhadoleste.com.br\/?p=111509"},"modified":"2025-02-25T11:44:26","modified_gmt":"2025-02-25T14:44:26","slug":"homem-e-morto-a-tiros-na-zona-oeste-do-rio","status":"publish","type":"post","link":"https:\/\/folhadoleste.com.br\/en\/homem-e-morto-a-tiros-na-zona-oeste-do-rio\/","title":{"rendered":"Homem \u00e9 morto a tiros na Zona Oeste do Rio"},"content":{"rendered":"<div id=\"attachment_67657\" style=\"width: 522px\" class=\"wp-caption aligncenter\"><img decoding=\"async\" aria-describedby=\"caption-attachment-67657\" class=\"size-full wp-image-67657\" src=\"https:\/\/folhadoleste.com.br\/wp-content\/uploads\/2024\/05\/Jovem-e-vitima-de-feminicidio-no-Rio-Foto-Divulgacao.jpg\" alt=\"\" width=\"512\" height=\"341\" \/><p id=\"caption-attachment-67657\" class=\"wp-caption-text\">Homem \u00e9 morto a tiros na Zona Oeste do Rio | Divulga\u00e7\u00e3o<\/p><\/div>\n<p style=\"text-align: justify;\" data-pm-slice=\"1 1 []\">Um homem foi morto a tiros na noite desta segunda-feira (24) na Rua da Passagem, em Rio das Pedras, Zona Oeste do Rio de Janeiro. A v\u00edtima foi identificada como Luiz Eduardo da Silva Souza, de 31 anos.<\/p>\n<h4 style=\"text-align: justify;\"><strong>Pol\u00edcia investiga o caso<\/strong><\/h4>\n<p style=\"text-align: justify;\">Agentes do 18\u00ba BPM (Jacarepagu\u00e1) foram acionados para atender a ocorr\u00eancia e encontraram a v\u00edtima sem vida no local. Os policiais isolaram a \u00e1rea para a realiza\u00e7\u00e3o da per\u00edcia.<\/p>\n<h5 style=\"text-align: center;\"><span style=\"color: #000000;\"><span style=\"color: #ff0000;\"><strong>+ <\/strong><\/span><\/span><span style=\"color: #000000;\"><span style=\"color: #ff9900;\"><strong>MAIS NOT\u00cdCIAS DO RIO DE JANEIRO?<\/strong><\/span> <span style=\"color: #008080;\"><strong><a style=\"color: #008080;\" href=\"https:\/\/folhadoleste.com.br\/en\/category\/rio-de-janeiro-capital\/\">CLIQUE AQUI<\/a><\/strong><\/span><\/span><\/h5>\n<p style=\"text-align: justify;\">A Delegacia de Homic\u00eddios da Capital (DHC) conduz as investiga\u00e7\u00f5es sobre a autoria e a motiva\u00e7\u00e3o do crime.<\/p>\n<h4 style=\"text-align: justify;\"><strong>Per\u00edcia e remo\u00e7\u00e3o do corpo<\/strong><\/h4>\n<p style=\"text-align: justify;\">O corpo de Luiz Eduardo da Silva Souza foi encaminhado ao Instituto M\u00e9dico Legal (IML) Afr\u00e2nio Peixoto, localizado no Centro do Rio. A Pol\u00edcia Civil informou que dilig\u00eancias est\u00e3o em andamento para apurar mais detalhes sobre o ocorrido.<\/p>\n<p><a href=\"https:\/\/folhadoleste.com.br\/en\/carnaval2025\/\"><img decoding=\"async\" class=\"alignnone wp-image-108533 size-full aligncenter\" src=\"https:\/\/folhadoleste.com.br\/wp-content\/uploads\/2025\/02\/Carnaval-2025-FL-2-1-e1738751237598.png\" alt=\"\" width=\"900\" height=\"285\" \/><\/a><\/p>\n<p>&nbsp;<\/p>\n<p><a href=\"https:\/\/www.instagram.com\/folhadoleste\/\"><img decoding=\"async\" class=\"aligncenter wp-image-109748 size-medium\" src=\"https:\/\/folhadoleste.com.br\/wp-content\/uploads\/2025\/02\/Instagram-Folha-do-Leste-Widget-300x100.png\" alt=\"\" width=\"300\" height=\"100\" \/><\/a><\/p>\n<p><img decoding=\"async\" class=\"alignnone wp-image-109735 size-medium aligncenter\" src=\"https:\/\/folhadoleste.com.br\/wp-content\/uploads\/2025\/02\/ANUNCIO-FACEBOOK-FOLHA-DO-LESTE-300x300.png\" alt=\"\" width=\"300\" height=\"300\" \/><\/p>","protected":false},"excerpt":{"rendered":"<p>Um homem foi morto a tiros na noite desta segunda-feira (24) na Rua da Passagem, em Rio das Pedras, Zona Oeste do Rio de Janeiro. A v\u00edtima foi identificada como Luiz Eduardo da Silva Souza, de 31 anos. Pol\u00edcia investiga o caso Agentes do 18\u00ba BPM (Jacarepagu\u00e1) foram acionados para atender a ocorr\u00eancia e encontraram a v\u00edtima sem vida no local. Os policiais isolaram a \u00e1rea para a realiza\u00e7\u00e3o da per\u00edcia. + MAIS NOT\u00cdCIAS DO RIO DE JANEIRO? CLIQUE AQUI A Delegacia de Homic\u00eddios da Capital (DHC) conduz as investiga\u00e7\u00f5es sobre a autoria e a motiva\u00e7\u00e3o do crime. Per\u00edcia e [&hellip;]<\/p>\n","protected":false},"author":4,"featured_media":67657,"comment_status":"open","ping_status":"open","sticky":false,"template":"","format":"standard","meta":{"footnotes":""},"categories":[290,67],"tags":[11782,3076,2682,310,2362,56456,65995,32051,5441,13961,27607,65993,3023,32093,864,26882,26464,6567,10102,78,1844,93,57133,824,3907,2856,651,65994,18874],"class_list":["post-111509","post","type-post","status-publish","format-standard","has-post-thumbnail","hentry","category-policia-rio-de-janeiro-capital","category-rio-de-janeiro-capital","tag-arma-de-fogo","tag-assassinato","tag-comunidade","tag-confronto","tag-crime","tag-crime-em-rio-das-pedras","tag-crime-na-comunidade","tag-crime-no-rio-de-janeiro","tag-criminalidade","tag-favela","tag-homem-morto","tag-homem-morto-a-tiros","tag-homicidio","tag-homicidio-no-rio-de-janeiro","tag-investigacao","tag-morte-por-arma-de-fogo","tag-morte-violenta","tag-noticias","tag-pericia","tag-policia","tag-rio-das-pedras","tag-rio-de-janeiro","tag-seguranca-na-comunidade","tag-seguranca-publica","tag-tiros","tag-tiroteio","tag-violencia","tag-violencia-em-rio-das-pedras","tag-violencia-urbana","post--single"],"yoast_head":"<!-- This site is optimized with the Yoast SEO plugin v27.4 - https:\/\/yoast.com\/product\/yoast-seo-wordpress\/ -->\n<title>Homem \u00e9 morto a tiros na Zona Oeste do Rio &#8226; Folha do Leste<\/title>\n<meta name=\"description\" content=\"Homem \u00e9 morto a tiros na Zona Oeste do Rio. A v\u00edtima foi encontrada j\u00e1 sem vida por policiais militares; Confira...\" \/>\n<meta name=\"robots\" content=\"index, follow, max-snippet:-1, max-image-preview:large, max-video-preview:-1\" \/>\n<link rel=\"canonical\" href=\"https:\/\/folhadoleste.com.br\/en\/homem-e-morto-a-tiros-na-zona-oeste-do-rio\/\" \/>\n<meta property=\"og:locale\" content=\"en_US\" \/>\n<meta property=\"og:type\" content=\"article\" \/>\n<meta property=\"og:title\" content=\"Homem \u00e9 morto a tiros na Zona Oeste do Rio &#8226; Folha do Leste\" \/>\n<meta property=\"og:description\" content=\"Homem \u00e9 morto a tiros na Zona Oeste do Rio. A v\u00edtima foi encontrada j\u00e1 sem vida por policiais militares; Confira...\" \/>\n<meta property=\"og:url\" content=\"https:\/\/folhadoleste.com.br\/en\/homem-e-morto-a-tiros-na-zona-oeste-do-rio\/\" \/>\n<meta property=\"og:site_name\" content=\"Folha do Leste\" \/>\n<meta property=\"article:publisher\" content=\"https:\/\/www.facebook.com\/folhadoleste\" \/>\n<meta property=\"article:published_time\" content=\"2025-02-25T14:44:26+00:00\" \/>\n<meta property=\"og:image\" content=\"https:\/\/folhadoleste.com.br\/wp-content\/uploads\/2024\/05\/Jovem-e-vitima-de-feminicidio-no-Rio-Foto-Divulgacao.jpg\" \/>\n\t<meta property=\"og:image:width\" content=\"512\" \/>\n\t<meta property=\"og:image:height\" content=\"341\" \/>\n\t<meta property=\"og:image:type\" content=\"image\/jpeg\" \/>\n<meta name=\"author\" content=\"Folha do Leste\" \/>\n<meta name=\"twitter:card\" content=\"summary_large_image\" \/>\n<meta name=\"twitter:creator\" content=\"@FolhadoLesteRJ\" \/>\n<meta name=\"twitter:site\" content=\"@FolhadoLesteRJ\" \/>\n<meta name=\"twitter:label1\" content=\"Written by\" \/>\n\t<meta name=\"twitter:data1\" content=\"Folha do Leste\" \/>\n\t<meta name=\"twitter:label2\" content=\"Est. reading time\" \/>\n\t<meta name=\"twitter:data2\" content=\"2 minutes\" \/>\n<script type=\"application\/ld+json\" class=\"yoast-schema-graph\">{\"@context\":\"https:\\\/\\\/schema.org\",\"@graph\":[{\"@type\":\"NewsArticle\",\"@id\":\"https:\\\/\\\/folhadoleste.com.br\\\/homem-e-morto-a-tiros-na-zona-oeste-do-rio\\\/#article\",\"isPartOf\":{\"@id\":\"https:\\\/\\\/folhadoleste.com.br\\\/homem-e-morto-a-tiros-na-zona-oeste-do-rio\\\/\"},\"author\":{\"name\":\"Folha do Leste\",\"@id\":\"https:\\\/\\\/folhadoleste.com.br\\\/#\\\/schema\\\/person\\\/3e97145b2e1861276e84471aa85a3899\"},\"headline\":\"Homem \u00e9 morto a tiros na Zona Oeste do Rio\",\"datePublished\":\"2025-02-25T14:44:26+00:00\",\"mainEntityOfPage\":{\"@id\":\"https:\\\/\\\/folhadoleste.com.br\\\/homem-e-morto-a-tiros-na-zona-oeste-do-rio\\\/\"},\"wordCount\":182,\"commentCount\":0,\"publisher\":{\"@id\":\"https:\\\/\\\/folhadoleste.com.br\\\/#organization\"},\"image\":{\"@id\":\"https:\\\/\\\/folhadoleste.com.br\\\/homem-e-morto-a-tiros-na-zona-oeste-do-rio\\\/#primaryimage\"},\"thumbnailUrl\":\"https:\\\/\\\/folhadoleste.com.br\\\/wp-content\\\/uploads\\\/2024\\\/05\\\/Jovem-e-vitima-de-feminicidio-no-Rio-Foto-Divulgacao.jpg\",\"keywords\":[\"arma de fogo\",\"assassinato\",\"comunidade\",\"confronto\",\"crime\",\"crime em Rio das Pedras\",\"crime na comunidade\",\"Crime no Rio de Janeiro\",\"criminalidade\",\"favela\",\"homem morto\",\"homem morto a tiros\",\"HOMIC\u00cdDIO\",\"Homic\u00eddio no Rio de Janeiro\",\"Investiga\u00e7\u00e3o\",\"Morte por Arma de Fogo\",\"Morte Violenta\",\"Not\u00edcias\",\"per\u00edcia\",\"pol\u00edcia\",\"Rio das Pedras\",\"Rio de Janeiro\",\"Seguran\u00e7a na comunidade\",\"Seguran\u00e7a publica\",\"tiros\",\"tiroteio\",\"viol\u00eancia\",\"viol\u00eancia em Rio das Pedras\",\"Viol\u00eancia Urbana\"],\"articleSection\":[\"Pol\u00edcia\",\"Rio de Janeiro - Capital\"],\"inLanguage\":\"en-US\",\"potentialAction\":[{\"@type\":\"CommentAction\",\"name\":\"Comment\",\"target\":[\"https:\\\/\\\/folhadoleste.com.br\\\/homem-e-morto-a-tiros-na-zona-oeste-do-rio\\\/#respond\"]}]},{\"@type\":\"WebPage\",\"@id\":\"https:\\\/\\\/folhadoleste.com.br\\\/homem-e-morto-a-tiros-na-zona-oeste-do-rio\\\/\",\"url\":\"https:\\\/\\\/folhadoleste.com.br\\\/homem-e-morto-a-tiros-na-zona-oeste-do-rio\\\/\",\"name\":\"Homem \u00e9 morto a tiros na Zona Oeste do Rio &#8226; Folha do Leste\",\"isPartOf\":{\"@id\":\"https:\\\/\\\/folhadoleste.com.br\\\/#website\"},\"primaryImageOfPage\":{\"@id\":\"https:\\\/\\\/folhadoleste.com.br\\\/homem-e-morto-a-tiros-na-zona-oeste-do-rio\\\/#primaryimage\"},\"image\":{\"@id\":\"https:\\\/\\\/folhadoleste.com.br\\\/homem-e-morto-a-tiros-na-zona-oeste-do-rio\\\/#primaryimage\"},\"thumbnailUrl\":\"https:\\\/\\\/folhadoleste.com.br\\\/wp-content\\\/uploads\\\/2024\\\/05\\\/Jovem-e-vitima-de-feminicidio-no-Rio-Foto-Divulgacao.jpg\",\"datePublished\":\"2025-02-25T14:44:26+00:00\",\"description\":\"Homem \u00e9 morto a tiros na Zona Oeste do Rio. A v\u00edtima foi encontrada j\u00e1 sem vida por policiais militares; Confira...\",\"breadcrumb\":{\"@id\":\"https:\\\/\\\/folhadoleste.com.br\\\/homem-e-morto-a-tiros-na-zona-oeste-do-rio\\\/#breadcrumb\"},\"inLanguage\":\"en-US\",\"potentialAction\":[{\"@type\":\"ReadAction\",\"target\":[\"https:\\\/\\\/folhadoleste.com.br\\\/homem-e-morto-a-tiros-na-zona-oeste-do-rio\\\/\"]}]},{\"@type\":\"ImageObject\",\"inLanguage\":\"en-US\",\"@id\":\"https:\\\/\\\/folhadoleste.com.br\\\/homem-e-morto-a-tiros-na-zona-oeste-do-rio\\\/#primaryimage\",\"url\":\"https:\\\/\\\/folhadoleste.com.br\\\/wp-content\\\/uploads\\\/2024\\\/05\\\/Jovem-e-vitima-de-feminicidio-no-Rio-Foto-Divulgacao.jpg\",\"contentUrl\":\"https:\\\/\\\/folhadoleste.com.br\\\/wp-content\\\/uploads\\\/2024\\\/05\\\/Jovem-e-vitima-de-feminicidio-no-Rio-Foto-Divulgacao.jpg\",\"width\":512,\"height\":341,\"caption\":\"Homem \u00e9 morto a tiros em feira de Sepetiba | Divulga\u00e7\u00e3o\"},{\"@type\":\"BreadcrumbList\",\"@id\":\"https:\\\/\\\/folhadoleste.com.br\\\/homem-e-morto-a-tiros-na-zona-oeste-do-rio\\\/#breadcrumb\",\"itemListElement\":[{\"@type\":\"ListItem\",\"position\":1,\"name\":\"In\u00edcio\",\"item\":\"https:\\\/\\\/folhadoleste.com.br\\\/\"},{\"@type\":\"ListItem\",\"position\":2,\"name\":\"Rio de Janeiro - Capital\",\"item\":\"https:\\\/\\\/folhadoleste.com.br\\\/category\\\/rio-de-janeiro-capital\\\/\"},{\"@type\":\"ListItem\",\"position\":3,\"name\":\"Homem \u00e9 morto a tiros na Zona Oeste do Rio\"}]},{\"@type\":\"WebSite\",\"@id\":\"https:\\\/\\\/folhadoleste.com.br\\\/#website\",\"url\":\"https:\\\/\\\/folhadoleste.com.br\\\/\",\"name\":\"Folha do Leste\",\"description\":\"Portal de Not\u00edcias com \u00eanfase em Niter\u00f3i, criando conte\u00fados desde a capital Rio de Janeiro, com olhar para o Leste Fluminense e suas cidades como S\u00e3o Gon\u00e7alo, Itabora\u00ed, Rio Bonito, Maric\u00e1, Saquarema e Araruama\",\"publisher\":{\"@id\":\"https:\\\/\\\/folhadoleste.com.br\\\/#organization\"},\"alternateName\":\"FL\",\"potentialAction\":[{\"@type\":\"SearchAction\",\"target\":{\"@type\":\"EntryPoint\",\"urlTemplate\":\"https:\\\/\\\/folhadoleste.com.br\\\/?s={search_term_string}\"},\"query-input\":{\"@type\":\"PropertyValueSpecification\",\"valueRequired\":true,\"valueName\":\"search_term_string\"}}],\"inLanguage\":\"en-US\"},{\"@type\":\"Organization\",\"@id\":\"https:\\\/\\\/folhadoleste.com.br\\\/#organization\",\"name\":\"Brasil 21 Comunica\u00e7\u00e3o\",\"alternateName\":\"BR21\",\"url\":\"https:\\\/\\\/folhadoleste.com.br\\\/\",\"logo\":{\"@type\":\"ImageObject\",\"inLanguage\":\"en-US\",\"@id\":\"https:\\\/\\\/folhadoleste.com.br\\\/#\\\/schema\\\/logo\\\/image\\\/\",\"url\":\"https:\\\/\\\/folhadoleste.com.br\\\/wp-content\\\/uploads\\\/2025\\\/12\\\/brasil-21-logomarca.avif\",\"contentUrl\":\"https:\\\/\\\/folhadoleste.com.br\\\/wp-content\\\/uploads\\\/2025\\\/12\\\/brasil-21-logomarca.avif\",\"width\":1044,\"height\":1044,\"caption\":\"Brasil 21 Comunica\u00e7\u00e3o\"},\"image\":{\"@id\":\"https:\\\/\\\/folhadoleste.com.br\\\/#\\\/schema\\\/logo\\\/image\\\/\"},\"sameAs\":[\"https:\\\/\\\/www.facebook.com\\\/folhadoleste\",\"https:\\\/\\\/x.com\\\/FolhadoLesteRJ\",\"https:\\\/\\\/www.instagram.com\\\/folhadoleste\\\/\"]},{\"@type\":\"Person\",\"@id\":\"https:\\\/\\\/folhadoleste.com.br\\\/#\\\/schema\\\/person\\\/3e97145b2e1861276e84471aa85a3899\",\"name\":\"Folha do Leste\",\"image\":{\"@type\":\"ImageObject\",\"inLanguage\":\"en-US\",\"@id\":\"https:\\\/\\\/folhadoleste.com.br\\\/wp-content\\\/litespeed\\\/avatar\\\/1ca8c218432e7045e748610eb3db0259.jpg?ver=1777161142\",\"url\":\"https:\\\/\\\/folhadoleste.com.br\\\/wp-content\\\/litespeed\\\/avatar\\\/1ca8c218432e7045e748610eb3db0259.jpg?ver=1777161142\",\"contentUrl\":\"https:\\\/\\\/folhadoleste.com.br\\\/wp-content\\\/litespeed\\\/avatar\\\/1ca8c218432e7045e748610eb3db0259.jpg?ver=1777161142\",\"caption\":\"Folha do Leste\"},\"url\":\"https:\\\/\\\/folhadoleste.com.br\\\/en\\\/author\\\/reportagem-01\\\/\"}]}<\/script>\n<!-- \/ Yoast SEO plugin. -->","yoast_head_json":{"title":"Homem \u00e9 morto a tiros na Zona Oeste do Rio &#8226; Folha do Leste","description":"Homem \u00e9 morto a tiros na Zona Oeste do Rio. A v\u00edtima foi encontrada j\u00e1 sem vida por policiais militares; Confira...","robots":{"index":"index","follow":"follow","max-snippet":"max-snippet:-1","max-image-preview":"max-image-preview:large","max-video-preview":"max-video-preview:-1"},"canonical":"https:\/\/folhadoleste.com.br\/en\/homem-e-morto-a-tiros-na-zona-oeste-do-rio\/","og_locale":"en_US","og_type":"article","og_title":"Homem \u00e9 morto a tiros na Zona Oeste do Rio &#8226; Folha do Leste","og_description":"Homem \u00e9 morto a tiros na Zona Oeste do Rio. A v\u00edtima foi encontrada j\u00e1 sem vida por policiais militares; Confira...","og_url":"https:\/\/folhadoleste.com.br\/en\/homem-e-morto-a-tiros-na-zona-oeste-do-rio\/","og_site_name":"Folha do Leste","article_publisher":"https:\/\/www.facebook.com\/folhadoleste","article_published_time":"2025-02-25T14:44:26+00:00","og_image":[{"width":512,"height":341,"url":"https:\/\/folhadoleste.com.br\/wp-content\/uploads\/2024\/05\/Jovem-e-vitima-de-feminicidio-no-Rio-Foto-Divulgacao.jpg","type":"image\/jpeg"}],"author":"Folha do Leste","twitter_card":"summary_large_image","twitter_creator":"@FolhadoLesteRJ","twitter_site":"@FolhadoLesteRJ","twitter_misc":{"Written by":"Folha do Leste","Est. reading time":"2 minutes"},"schema":{"@context":"https:\/\/schema.org","@graph":[{"@type":"NewsArticle","@id":"https:\/\/folhadoleste.com.br\/homem-e-morto-a-tiros-na-zona-oeste-do-rio\/#article","isPartOf":{"@id":"https:\/\/folhadoleste.com.br\/homem-e-morto-a-tiros-na-zona-oeste-do-rio\/"},"author":{"name":"Folha do Leste","@id":"https:\/\/folhadoleste.com.br\/#\/schema\/person\/3e97145b2e1861276e84471aa85a3899"},"headline":"Homem \u00e9 morto a tiros na Zona Oeste do Rio","datePublished":"2025-02-25T14:44:26+00:00","mainEntityOfPage":{"@id":"https:\/\/folhadoleste.com.br\/homem-e-morto-a-tiros-na-zona-oeste-do-rio\/"},"wordCount":182,"commentCount":0,"publisher":{"@id":"https:\/\/folhadoleste.com.br\/#organization"},"image":{"@id":"https:\/\/folhadoleste.com.br\/homem-e-morto-a-tiros-na-zona-oeste-do-rio\/#primaryimage"},"thumbnailUrl":"https:\/\/folhadoleste.com.br\/wp-content\/uploads\/2024\/05\/Jovem-e-vitima-de-feminicidio-no-Rio-Foto-Divulgacao.jpg","keywords":["arma de fogo","assassinato","comunidade","confronto","crime","crime em Rio das Pedras","crime na comunidade","Crime no Rio de Janeiro","criminalidade","favela","homem morto","homem morto a tiros","HOMIC\u00cdDIO","Homic\u00eddio no Rio de Janeiro","Investiga\u00e7\u00e3o","Morte por Arma de Fogo","Morte Violenta","Not\u00edcias","per\u00edcia","pol\u00edcia","Rio das Pedras","Rio de Janeiro","Seguran\u00e7a na comunidade","Seguran\u00e7a publica","tiros","tiroteio","viol\u00eancia","viol\u00eancia em Rio das Pedras","Viol\u00eancia Urbana"],"articleSection":["Pol\u00edcia","Rio de Janeiro - Capital"],"inLanguage":"en-US","potentialAction":[{"@type":"CommentAction","name":"Comment","target":["https:\/\/folhadoleste.com.br\/homem-e-morto-a-tiros-na-zona-oeste-do-rio\/#respond"]}]},{"@type":"WebPage","@id":"https:\/\/folhadoleste.com.br\/homem-e-morto-a-tiros-na-zona-oeste-do-rio\/","url":"https:\/\/folhadoleste.com.br\/homem-e-morto-a-tiros-na-zona-oeste-do-rio\/","name":"Homem \u00e9 morto a tiros na Zona Oeste do Rio &#8226; Folha do Leste","isPartOf":{"@id":"https:\/\/folhadoleste.com.br\/#website"},"primaryImageOfPage":{"@id":"https:\/\/folhadoleste.com.br\/homem-e-morto-a-tiros-na-zona-oeste-do-rio\/#primaryimage"},"image":{"@id":"https:\/\/folhadoleste.com.br\/homem-e-morto-a-tiros-na-zona-oeste-do-rio\/#primaryimage"},"thumbnailUrl":"https:\/\/folhadoleste.com.br\/wp-content\/uploads\/2024\/05\/Jovem-e-vitima-de-feminicidio-no-Rio-Foto-Divulgacao.jpg","datePublished":"2025-02-25T14:44:26+00:00","description":"Homem \u00e9 morto a tiros na Zona Oeste do Rio. A v\u00edtima foi encontrada j\u00e1 sem vida por policiais militares; Confira...","breadcrumb":{"@id":"https:\/\/folhadoleste.com.br\/homem-e-morto-a-tiros-na-zona-oeste-do-rio\/#breadcrumb"},"inLanguage":"en-US","potentialAction":[{"@type":"ReadAction","target":["https:\/\/folhadoleste.com.br\/homem-e-morto-a-tiros-na-zona-oeste-do-rio\/"]}]},{"@type":"ImageObject","inLanguage":"en-US","@id":"https:\/\/folhadoleste.com.br\/homem-e-morto-a-tiros-na-zona-oeste-do-rio\/#primaryimage","url":"https:\/\/folhadoleste.com.br\/wp-content\/uploads\/2024\/05\/Jovem-e-vitima-de-feminicidio-no-Rio-Foto-Divulgacao.jpg","contentUrl":"https:\/\/folhadoleste.com.br\/wp-content\/uploads\/2024\/05\/Jovem-e-vitima-de-feminicidio-no-Rio-Foto-Divulgacao.jpg","width":512,"height":341,"caption":"Homem \u00e9 morto a tiros em feira de Sepetiba | Divulga\u00e7\u00e3o"},{"@type":"BreadcrumbList","@id":"https:\/\/folhadoleste.com.br\/homem-e-morto-a-tiros-na-zona-oeste-do-rio\/#breadcrumb","itemListElement":[{"@type":"ListItem","position":1,"name":"In\u00edcio","item":"https:\/\/folhadoleste.com.br\/"},{"@type":"ListItem","position":2,"name":"Rio de Janeiro - Capital","item":"https:\/\/folhadoleste.com.br\/category\/rio-de-janeiro-capital\/"},{"@type":"ListItem","position":3,"name":"Homem \u00e9 morto a tiros na Zona Oeste do Rio"}]},{"@type":"WebSite","@id":"https:\/\/folhadoleste.com.br\/#website","url":"https:\/\/folhadoleste.com.br\/","name":"Folha do Leste","description":"Portal de Not\u00edcias com \u00eanfase em Niter\u00f3i, criando conte\u00fados desde a capital Rio de Janeiro, com olhar para o Leste Fluminense e suas cidades como S\u00e3o Gon\u00e7alo, Itabora\u00ed, Rio Bonito, Maric\u00e1, Saquarema e Araruama","publisher":{"@id":"https:\/\/folhadoleste.com.br\/#organization"},"alternateName":"FL","potentialAction":[{"@type":"SearchAction","target":{"@type":"EntryPoint","urlTemplate":"https:\/\/folhadoleste.com.br\/?s={search_term_string}"},"query-input":{"@type":"PropertyValueSpecification","valueRequired":true,"valueName":"search_term_string"}}],"inLanguage":"en-US"},{"@type":"Organization","@id":"https:\/\/folhadoleste.com.br\/#organization","name":"Brasil 21 Comunica\u00e7\u00e3o","alternateName":"BR21","url":"https:\/\/folhadoleste.com.br\/","logo":{"@type":"ImageObject","inLanguage":"en-US","@id":"https:\/\/folhadoleste.com.br\/#\/schema\/logo\/image\/","url":"https:\/\/folhadoleste.com.br\/wp-content\/uploads\/2025\/12\/brasil-21-logomarca.avif","contentUrl":"https:\/\/folhadoleste.com.br\/wp-content\/uploads\/2025\/12\/brasil-21-logomarca.avif","width":1044,"height":1044,"caption":"Brasil 21 Comunica\u00e7\u00e3o"},"image":{"@id":"https:\/\/folhadoleste.com.br\/#\/schema\/logo\/image\/"},"sameAs":["https:\/\/www.facebook.com\/folhadoleste","https:\/\/x.com\/FolhadoLesteRJ","https:\/\/www.instagram.com\/folhadoleste\/"]},{"@type":"Person","@id":"https:\/\/folhadoleste.com.br\/#\/schema\/person\/3e97145b2e1861276e84471aa85a3899","name":"Folha do Leste","image":{"@type":"ImageObject","inLanguage":"en-US","@id":"https:\/\/folhadoleste.com.br\/wp-content\/litespeed\/avatar\/1ca8c218432e7045e748610eb3db0259.jpg?ver=1777161142","url":"https:\/\/folhadoleste.com.br\/wp-content\/litespeed\/avatar\/1ca8c218432e7045e748610eb3db0259.jpg?ver=1777161142","contentUrl":"https:\/\/folhadoleste.com.br\/wp-content\/litespeed\/avatar\/1ca8c218432e7045e748610eb3db0259.jpg?ver=1777161142","caption":"Folha do Leste"},"url":"https:\/\/folhadoleste.com.br\/en\/author\/reportagem-01\/"}]}},"_links":{"self":[{"href":"https:\/\/folhadoleste.com.br\/en\/wp-json\/wp\/v2\/posts\/111509","targetHints":{"allow":["GET"]}}],"collection":[{"href":"https:\/\/folhadoleste.com.br\/en\/wp-json\/wp\/v2\/posts"}],"about":[{"href":"https:\/\/folhadoleste.com.br\/en\/wp-json\/wp\/v2\/types\/post"}],"author":[{"embeddable":true,"href":"https:\/\/folhadoleste.com.br\/en\/wp-json\/wp\/v2\/users\/4"}],"replies":[{"embeddable":true,"href":"https:\/\/folhadoleste.com.br\/en\/wp-json\/wp\/v2\/comments?post=111509"}],"version-history":[{"count":1,"href":"https:\/\/folhadoleste.com.br\/en\/wp-json\/wp\/v2\/posts\/111509\/revisions"}],"predecessor-version":[{"id":111511,"href":"https:\/\/folhadoleste.com.br\/en\/wp-json\/wp\/v2\/posts\/111509\/revisions\/111511"}],"wp:featuredmedia":[{"embeddable":true,"href":"https:\/\/folhadoleste.com.br\/en\/wp-json\/wp\/v2\/media\/67657"}],"wp:attachment":[{"href":"https:\/\/folhadoleste.com.br\/en\/wp-json\/wp\/v2\/media?parent=111509"}],"wp:term":[{"taxonomy":"category","embeddable":true,"href":"https:\/\/folhadoleste.com.br\/en\/wp-json\/wp\/v2\/categories?post=111509"},{"taxonomy":"post_tag","embeddable":true,"href":"https:\/\/folhadoleste.com.br\/en\/wp-json\/wp\/v2\/tags?post=111509"}],"curies":[{"name":"wp","href":"https:\/\/api.w.org\/{rel}","templated":true}]}}