{"id":111426,"date":"2025-02-24T15:25:18","date_gmt":"2025-02-24T18:25:18","guid":{"rendered":"https:\/\/folhadoleste.com.br\/?p=111426"},"modified":"2025-02-24T15:25:18","modified_gmt":"2025-02-24T18:25:18","slug":"carnaval-2025-bloco-promete-agitar-niteroi-nesta-terca-feira","status":"publish","type":"post","link":"https:\/\/folhadoleste.com.br\/en\/carnaval-2025-bloco-promete-agitar-niteroi-nesta-terca-feira\/","title":{"rendered":"Carnaval 2025: Bloco promete agitar Niter\u00f3i nesta ter\u00e7a-feira"},"content":{"rendered":"<div id=\"attachment_111428\" style=\"width: 1087px\" class=\"wp-caption aligncenter\"><img decoding=\"async\" aria-describedby=\"caption-attachment-111428\" class=\"size-full wp-image-111428\" src=\"https:\/\/folhadoleste.com.br\/wp-content\/uploads\/2025\/02\/Carnaval-2025-Bloco-promete-agitar-Niteroi-nesta-terca-feira-Foto-Divulgacao-Josemias-Moreira.webp\" alt=\"\" width=\"1077\" height=\"720\" \/><p id=\"caption-attachment-111428\" class=\"wp-caption-text\">Carnaval 2025: Bloco promete agitar Niter\u00f3i nesta ter\u00e7a-feira | Divulga\u00e7\u00e3o\/Josemias Moreira<\/p><\/div>\n<p style=\"text-align: justify;\" data-pm-slice=\"1 1 []\">O tradicional bloco carnavalesco Loucos pela Vida desfilar\u00e1 nesta ter\u00e7a-feira (25) em Niter\u00f3i, levando alegria e inclus\u00e3o. A concentra\u00e7\u00e3o est\u00e1 marcada para 14h30 na Pra\u00e7a Leoni Ramos, na Cantareira, em S\u00e3o Domingos. O cortejo sair\u00e1 \u00e0s 15h30 em dire\u00e7\u00e3o \u00e0 Pra\u00e7a Duque de Caxias, no Gragoat\u00e1.<\/p>\n<h4 style=\"text-align: justify;\">Enredo destaca reciclagem e conscientiza sobre o meio ambiente<\/h4>\n<p style=\"text-align: justify;\">Com o tema \u201cCata Lata, Cata Sonhos &#8211; O Ambiente Vem Gritar: No Esquenta e Esfria, Nosso Bloco Vai Passar\u201d, o grupo busca chamar aten\u00e7\u00e3o para a reciclagem e o racismo ambiental. A proposta tamb\u00e9m alerta sobre os impactos das mudan\u00e7as clim\u00e1ticas e a responsabilidade social na preserva\u00e7\u00e3o da natureza.<\/p>\n<h5 style=\"text-align: center;\"><span style=\"color: #000000;\"><span style=\"color: #ff0000;\"><strong>+ <\/strong><\/span><\/span><span style=\"color: #000000;\"><strong><span style=\"color: #ff9900;\">MAIS NOT\u00cdCIAS DE NITER\u00d3I?<\/span>\u00a0<\/strong><\/span><span style=\"color: #008080;\"><a style=\"color: #008080;\" href=\"https:\/\/folhadoleste.com.br\/en\/category\/jornal-folha-do-leste-rj\/niteroi\/\"><strong>CLIQUE AQUI<\/strong><\/a><\/span><\/h5>\n<p style=\"text-align: justify;\">A reciclagem no Brasil tem forte liga\u00e7\u00e3o com quest\u00f5es sociais. Para muitos catadores, essa atividade \u00e9 essencial para sua sobreviv\u00eancia. O enredo aborda essa realidade, retratando os coletores de materiais recicl\u00e1veis como s\u00edmbolos de esperan\u00e7a e resist\u00eancia contra a pobreza, o aquecimento global e a vulnerabilidade social.<\/p>\n<h4 style=\"text-align: justify;\">Inclus\u00e3o e sa\u00fade mental no carnaval de Niter\u00f3i<\/h4>\n<p style=\"text-align: justify;\">O Bloco Loucos pela Vida desfila h\u00e1 mais de 20 anos e surgiu como iniciativa da rede de sa\u00fade mental de Niter\u00f3i. Atualmente, o coletivo musical tem autonomia e conta com o apoio da Rede de Aten\u00e7\u00e3o Psicossocial (RAPS). Seu objetivo \u00e9 promover a inclus\u00e3o, a sa\u00fade e a cidadania por meio da arte e da cultura popular.<\/p>\n<p style=\"text-align: justify;\">Os ritmistas ensaiam no Centro de Conviv\u00eancia e Cultura Dona Ivone Lara (CECO), em S\u00e3o Louren\u00e7o. A coordenadora do espa\u00e7o, Viviane Costa, destaca a import\u00e2ncia da cultura para os participantes.<\/p>\n<blockquote>\n<p style=\"text-align: justify;\">&#8220;A arte e o lazer, representados aqui atrav\u00e9s do carnaval, demonstram uma amplia\u00e7\u00e3o da compreens\u00e3o de sa\u00fade. O que evidencia socialmente que pessoas com sofrimento mental s\u00e3o muito mais que a doen\u00e7a. E o &#8216;Bloco Loucos pela Vida&#8217; \u00e9 um exemplo disso ao produzir a alegria, o conviver, a solidariedade e reafirmar a pot\u00eancia da diferen\u00e7a no social&#8221;.<\/p>\n<\/blockquote>\n<h4 style=\"text-align: justify;\">Parcerias e apoios fortalecem a iniciativa<\/h4>\n<p style=\"text-align: justify;\">O Bloco Loucos pela Vida conta com o apoio de diversas institui\u00e7\u00f5es, como o Plano Integrado de Sa\u00fade nas Favelas do Rio de Janeiro, a Funda\u00e7\u00e3o Estatal de Sa\u00fade de Niter\u00f3i (FeSa\u00fade) e a Secretaria Municipal de Sa\u00fade de Niter\u00f3i.<\/p>\n<p style=\"text-align: justify;\">Tamb\u00e9m participam o Centro de Conviv\u00eancia e Cultura Dona Ivone Lara (CECO), a Neltur, o MACquinho Cultural, a Bateria Le\u00f5es da UFF, o Projeto Bem Viver em Comunidade e a Favela Verde.<\/p>\n<p><a href=\"https:\/\/folhadoleste.com.br\/en\/carnaval2025\/\"><img decoding=\"async\" class=\"alignnone wp-image-108533 size-full aligncenter\" src=\"https:\/\/folhadoleste.com.br\/wp-content\/uploads\/2025\/02\/Carnaval-2025-FL-2-1-e1738751237598.png\" alt=\"\" width=\"900\" height=\"285\" \/><\/a><\/p>\n<p>&nbsp;<\/p>\n<p><a href=\"https:\/\/www.instagram.com\/folhadoleste\/\"><img decoding=\"async\" class=\"aligncenter wp-image-109748 size-medium\" src=\"https:\/\/folhadoleste.com.br\/wp-content\/uploads\/2025\/02\/Instagram-Folha-do-Leste-Widget-300x100.png\" alt=\"\" width=\"300\" height=\"100\" \/><\/a><\/p>\n<p><img decoding=\"async\" class=\"alignnone wp-image-109735 size-medium aligncenter\" src=\"https:\/\/folhadoleste.com.br\/wp-content\/uploads\/2025\/02\/ANUNCIO-FACEBOOK-FOLHA-DO-LESTE-300x300.png\" alt=\"\" width=\"300\" height=\"300\" \/><\/p>","protected":false},"excerpt":{"rendered":"<p>O tradicional bloco carnavalesco Loucos pela Vida desfilar\u00e1 nesta ter\u00e7a-feira (25) em Niter\u00f3i, levando alegria e inclus\u00e3o. A concentra\u00e7\u00e3o est\u00e1 marcada para 14h30 na Pra\u00e7a Leoni Ramos, na Cantareira, em S\u00e3o Domingos. O cortejo sair\u00e1 \u00e0s 15h30 em dire\u00e7\u00e3o \u00e0 Pra\u00e7a Duque de Caxias, no Gragoat\u00e1. Enredo destaca reciclagem e conscientiza sobre o meio ambiente Com o tema \u201cCata Lata, Cata Sonhos &#8211; O Ambiente Vem Gritar: No Esquenta e Esfria, Nosso Bloco Vai Passar\u201d, o grupo busca chamar aten\u00e7\u00e3o para a reciclagem e o racismo ambiental. A proposta tamb\u00e9m alerta sobre os impactos das mudan\u00e7as clim\u00e1ticas e a responsabilidade [&hellip;]<\/p>\n","protected":false},"author":4,"featured_media":111428,"comment_status":"open","ping_status":"open","sticky":false,"template":"","format":"standard","meta":{"footnotes":""},"categories":[10563,24503,86,84,83,47,5],"tags":[29760,17716,12802,65933,224,5702,17928,12803,65932,108,3848,4692,2381,6071,44115,12851,659,12508,35780,65930,536,54,1877,50,1573,65898,181,65931,656,65929,3110,27441],"class_list":["post-111426","post","type-post","status-publish","format-standard","has-post-thumbnail","hentry","category-carnaval","category-carnaval-2025","category-cultura","category-entretenimento","category-entretenimento-artes-e-cultura-destaque","category-leste-fluminense","category-noticias-de-niteroi","tag-agenda-cultural","tag-bloco-de-rua","tag-blocos-de-carnaval","tag-blocos-em-niteroi","tag-carnaval","tag-carnaval-2024","tag-carnaval-2025","tag-carnaval-de-rua","tag-carnaval-de-rua-em-niteroi","tag-cultura","tag-desfile","tag-diversao","tag-entretenimento","tag-evento","tag-eventos-em-niteroi","tag-fantasia","tag-festa","tag-folia","tag-folioes","tag-guia-de-blocos","tag-lazer","tag-leste-fluminense","tag-musica","tag-niteroi","tag-o-que-fazer","tag-onde-ir","tag-programacao","tag-programacao-de-blocos","tag-samba","tag-terca-de-carnaval","tag-terca-feira","tag-terca-feira-de-carnaval","post--single"],"yoast_head":"<!-- This site is optimized with the Yoast SEO plugin v27.4 - https:\/\/yoast.com\/product\/yoast-seo-wordpress\/ -->\n<title>Carnaval 2025: Bloco promete agitar Niter\u00f3i nesta ter\u00e7a-feira &#8226; Folha do Leste<\/title>\n<meta name=\"description\" content=\"Carnaval 2025: Bloco promete agitar Niter\u00f3i nesta ter\u00e7a-feira.Bloco promove alegria e conscientiza\u00e7\u00e3o social na cidade; Confira a programa\u00e7\u00e3o\" \/>\n<meta name=\"robots\" content=\"index, follow, max-snippet:-1, max-image-preview:large, max-video-preview:-1\" \/>\n<link rel=\"canonical\" href=\"https:\/\/folhadoleste.com.br\/en\/carnaval-2025-bloco-promete-agitar-niteroi-nesta-terca-feira\/\" \/>\n<meta property=\"og:locale\" content=\"en_US\" \/>\n<meta property=\"og:type\" content=\"article\" \/>\n<meta property=\"og:title\" content=\"Carnaval 2025: Bloco promete agitar Niter\u00f3i nesta ter\u00e7a-feira &#8226; Folha do Leste\" \/>\n<meta property=\"og:description\" content=\"Carnaval 2025: Bloco promete agitar Niter\u00f3i nesta ter\u00e7a-feira.Bloco promove alegria e conscientiza\u00e7\u00e3o social na cidade; Confira a programa\u00e7\u00e3o\" \/>\n<meta property=\"og:url\" content=\"https:\/\/folhadoleste.com.br\/en\/carnaval-2025-bloco-promete-agitar-niteroi-nesta-terca-feira\/\" \/>\n<meta property=\"og:site_name\" content=\"Folha do Leste\" \/>\n<meta property=\"article:publisher\" content=\"https:\/\/www.facebook.com\/folhadoleste\" \/>\n<meta property=\"article:published_time\" content=\"2025-02-24T18:25:18+00:00\" \/>\n<meta property=\"og:image\" content=\"https:\/\/folhadoleste.com.br\/wp-content\/uploads\/2025\/02\/Carnaval-2025-Bloco-promete-agitar-Niteroi-nesta-terca-feira-Foto-Divulgacao-Josemias-Moreira.webp\" \/>\n\t<meta property=\"og:image:width\" content=\"1077\" \/>\n\t<meta property=\"og:image:height\" content=\"720\" \/>\n\t<meta property=\"og:image:type\" content=\"image\/webp\" \/>\n<meta name=\"author\" content=\"Folha do Leste\" \/>\n<meta name=\"twitter:card\" content=\"summary_large_image\" \/>\n<meta name=\"twitter:creator\" content=\"@FolhadoLesteRJ\" \/>\n<meta name=\"twitter:site\" content=\"@FolhadoLesteRJ\" \/>\n<meta name=\"twitter:label1\" content=\"Written by\" \/>\n\t<meta name=\"twitter:data1\" content=\"Folha do Leste\" \/>\n\t<meta name=\"twitter:label2\" content=\"Est. reading time\" \/>\n\t<meta name=\"twitter:data2\" content=\"3 minutes\" \/>\n<script type=\"application\/ld+json\" class=\"yoast-schema-graph\">{\"@context\":\"https:\\\/\\\/schema.org\",\"@graph\":[{\"@type\":\"NewsArticle\",\"@id\":\"https:\\\/\\\/folhadoleste.com.br\\\/carnaval-2025-bloco-promete-agitar-niteroi-nesta-terca-feira\\\/#article\",\"isPartOf\":{\"@id\":\"https:\\\/\\\/folhadoleste.com.br\\\/carnaval-2025-bloco-promete-agitar-niteroi-nesta-terca-feira\\\/\"},\"author\":{\"name\":\"Folha do Leste\",\"@id\":\"https:\\\/\\\/folhadoleste.com.br\\\/#\\\/schema\\\/person\\\/3e97145b2e1861276e84471aa85a3899\"},\"headline\":\"Carnaval 2025: Bloco promete agitar Niter\u00f3i nesta ter\u00e7a-feira\",\"datePublished\":\"2025-02-24T18:25:18+00:00\",\"mainEntityOfPage\":{\"@id\":\"https:\\\/\\\/folhadoleste.com.br\\\/carnaval-2025-bloco-promete-agitar-niteroi-nesta-terca-feira\\\/\"},\"wordCount\":468,\"commentCount\":0,\"publisher\":{\"@id\":\"https:\\\/\\\/folhadoleste.com.br\\\/#organization\"},\"image\":{\"@id\":\"https:\\\/\\\/folhadoleste.com.br\\\/carnaval-2025-bloco-promete-agitar-niteroi-nesta-terca-feira\\\/#primaryimage\"},\"thumbnailUrl\":\"https:\\\/\\\/folhadoleste.com.br\\\/wp-content\\\/uploads\\\/2025\\\/02\\\/Carnaval-2025-Bloco-promete-agitar-Niteroi-nesta-terca-feira-Foto-Divulgacao-Josemias-Moreira.webp\",\"keywords\":[\"Agenda cultural\",\"Bloco de Rua\",\"Blocos de carnaval\",\"blocos em Niter\u00f3i\",\"carnaval\",\"Carnaval 2024\",\"Carnaval 2025\",\"Carnaval de rua\",\"carnaval de rua em Niter\u00f3i\",\"Cultura\",\"Desfile\",\"Divers\u00e3o\",\"entretenimento\",\"evento\",\"eventos em Niter\u00f3i\",\"fantasia\",\"festa\",\"folia\",\"foli\u00f5es\",\"guia de blocos\",\"lazer\",\"Leste Fluminense\",\"m\u00fasica\",\"Niter\u00f3i\",\"o que fazer\",\"onde ir\",\"programa\u00e7\u00e3o\",\"programa\u00e7\u00e3o de blocos\",\"samba\",\"ter\u00e7a de carnaval\",\"ter\u00e7a-feira\",\"TER\u00c7A-FEIRA de carnaval\"],\"articleSection\":[\"Carnaval\",\"Carnaval 2025\",\"Cultura\",\"Entretenimento\",\"Entretenimento, Artes e Cultura\",\"Leste Fluminense\",\"Niter\u00f3i\"],\"inLanguage\":\"en-US\",\"potentialAction\":[{\"@type\":\"CommentAction\",\"name\":\"Comment\",\"target\":[\"https:\\\/\\\/folhadoleste.com.br\\\/carnaval-2025-bloco-promete-agitar-niteroi-nesta-terca-feira\\\/#respond\"]}]},{\"@type\":\"WebPage\",\"@id\":\"https:\\\/\\\/folhadoleste.com.br\\\/carnaval-2025-bloco-promete-agitar-niteroi-nesta-terca-feira\\\/\",\"url\":\"https:\\\/\\\/folhadoleste.com.br\\\/carnaval-2025-bloco-promete-agitar-niteroi-nesta-terca-feira\\\/\",\"name\":\"Carnaval 2025: Bloco promete agitar Niter\u00f3i nesta ter\u00e7a-feira &#8226; Folha do Leste\",\"isPartOf\":{\"@id\":\"https:\\\/\\\/folhadoleste.com.br\\\/#website\"},\"primaryImageOfPage\":{\"@id\":\"https:\\\/\\\/folhadoleste.com.br\\\/carnaval-2025-bloco-promete-agitar-niteroi-nesta-terca-feira\\\/#primaryimage\"},\"image\":{\"@id\":\"https:\\\/\\\/folhadoleste.com.br\\\/carnaval-2025-bloco-promete-agitar-niteroi-nesta-terca-feira\\\/#primaryimage\"},\"thumbnailUrl\":\"https:\\\/\\\/folhadoleste.com.br\\\/wp-content\\\/uploads\\\/2025\\\/02\\\/Carnaval-2025-Bloco-promete-agitar-Niteroi-nesta-terca-feira-Foto-Divulgacao-Josemias-Moreira.webp\",\"datePublished\":\"2025-02-24T18:25:18+00:00\",\"description\":\"Carnaval 2025: Bloco promete agitar Niter\u00f3i nesta ter\u00e7a-feira.Bloco promove alegria e conscientiza\u00e7\u00e3o social na cidade; Confira a programa\u00e7\u00e3o\",\"breadcrumb\":{\"@id\":\"https:\\\/\\\/folhadoleste.com.br\\\/carnaval-2025-bloco-promete-agitar-niteroi-nesta-terca-feira\\\/#breadcrumb\"},\"inLanguage\":\"en-US\",\"potentialAction\":[{\"@type\":\"ReadAction\",\"target\":[\"https:\\\/\\\/folhadoleste.com.br\\\/carnaval-2025-bloco-promete-agitar-niteroi-nesta-terca-feira\\\/\"]}]},{\"@type\":\"ImageObject\",\"inLanguage\":\"en-US\",\"@id\":\"https:\\\/\\\/folhadoleste.com.br\\\/carnaval-2025-bloco-promete-agitar-niteroi-nesta-terca-feira\\\/#primaryimage\",\"url\":\"https:\\\/\\\/folhadoleste.com.br\\\/wp-content\\\/uploads\\\/2025\\\/02\\\/Carnaval-2025-Bloco-promete-agitar-Niteroi-nesta-terca-feira-Foto-Divulgacao-Josemias-Moreira.webp\",\"contentUrl\":\"https:\\\/\\\/folhadoleste.com.br\\\/wp-content\\\/uploads\\\/2025\\\/02\\\/Carnaval-2025-Bloco-promete-agitar-Niteroi-nesta-terca-feira-Foto-Divulgacao-Josemias-Moreira.webp\",\"width\":1077,\"height\":720,\"caption\":\"Carnaval 2025: Bloco promete agitar Niter\u00f3i nesta ter\u00e7a-feira | Divulga\u00e7\u00e3o\\\/Josemias Moreira\"},{\"@type\":\"BreadcrumbList\",\"@id\":\"https:\\\/\\\/folhadoleste.com.br\\\/carnaval-2025-bloco-promete-agitar-niteroi-nesta-terca-feira\\\/#breadcrumb\",\"itemListElement\":[{\"@type\":\"ListItem\",\"position\":1,\"name\":\"In\u00edcio\",\"item\":\"https:\\\/\\\/folhadoleste.com.br\\\/\"},{\"@type\":\"ListItem\",\"position\":2,\"name\":\"Estado do Rio de Janeiro\",\"item\":\"https:\\\/\\\/folhadoleste.com.br\\\/category\\\/estado-do-rio-de-janeiro\\\/\"},{\"@type\":\"ListItem\",\"position\":3,\"name\":\"Leste Fluminense\",\"item\":\"https:\\\/\\\/folhadoleste.com.br\\\/category\\\/estado-do-rio-de-janeiro\\\/leste-fluminense\\\/\"},{\"@type\":\"ListItem\",\"position\":4,\"name\":\"Niter\u00f3i\",\"item\":\"https:\\\/\\\/folhadoleste.com.br\\\/category\\\/estado-do-rio-de-janeiro\\\/leste-fluminense\\\/noticias-de-niteroi\\\/\"},{\"@type\":\"ListItem\",\"position\":5,\"name\":\"Carnaval 2025: Bloco promete agitar Niter\u00f3i nesta ter\u00e7a-feira\"}]},{\"@type\":\"WebSite\",\"@id\":\"https:\\\/\\\/folhadoleste.com.br\\\/#website\",\"url\":\"https:\\\/\\\/folhadoleste.com.br\\\/\",\"name\":\"Folha do Leste\",\"description\":\"Portal de Not\u00edcias com \u00eanfase em Niter\u00f3i, criando conte\u00fados desde a capital Rio de Janeiro, com olhar para o Leste Fluminense e suas cidades como S\u00e3o Gon\u00e7alo, Itabora\u00ed, Rio Bonito, Maric\u00e1, Saquarema e Araruama\",\"publisher\":{\"@id\":\"https:\\\/\\\/folhadoleste.com.br\\\/#organization\"},\"alternateName\":\"FL\",\"potentialAction\":[{\"@type\":\"SearchAction\",\"target\":{\"@type\":\"EntryPoint\",\"urlTemplate\":\"https:\\\/\\\/folhadoleste.com.br\\\/?s={search_term_string}\"},\"query-input\":{\"@type\":\"PropertyValueSpecification\",\"valueRequired\":true,\"valueName\":\"search_term_string\"}}],\"inLanguage\":\"en-US\"},{\"@type\":\"Organization\",\"@id\":\"https:\\\/\\\/folhadoleste.com.br\\\/#organization\",\"name\":\"Brasil 21 Comunica\u00e7\u00e3o\",\"alternateName\":\"BR21\",\"url\":\"https:\\\/\\\/folhadoleste.com.br\\\/\",\"logo\":{\"@type\":\"ImageObject\",\"inLanguage\":\"en-US\",\"@id\":\"https:\\\/\\\/folhadoleste.com.br\\\/#\\\/schema\\\/logo\\\/image\\\/\",\"url\":\"https:\\\/\\\/folhadoleste.com.br\\\/wp-content\\\/uploads\\\/2025\\\/12\\\/brasil-21-logomarca.avif\",\"contentUrl\":\"https:\\\/\\\/folhadoleste.com.br\\\/wp-content\\\/uploads\\\/2025\\\/12\\\/brasil-21-logomarca.avif\",\"width\":1044,\"height\":1044,\"caption\":\"Brasil 21 Comunica\u00e7\u00e3o\"},\"image\":{\"@id\":\"https:\\\/\\\/folhadoleste.com.br\\\/#\\\/schema\\\/logo\\\/image\\\/\"},\"sameAs\":[\"https:\\\/\\\/www.facebook.com\\\/folhadoleste\",\"https:\\\/\\\/x.com\\\/FolhadoLesteRJ\",\"https:\\\/\\\/www.instagram.com\\\/folhadoleste\\\/\"]},{\"@type\":\"Person\",\"@id\":\"https:\\\/\\\/folhadoleste.com.br\\\/#\\\/schema\\\/person\\\/3e97145b2e1861276e84471aa85a3899\",\"name\":\"Folha do Leste\",\"image\":{\"@type\":\"ImageObject\",\"inLanguage\":\"en-US\",\"@id\":\"https:\\\/\\\/folhadoleste.com.br\\\/wp-content\\\/litespeed\\\/avatar\\\/1ca8c218432e7045e748610eb3db0259.jpg?ver=1777161142\",\"url\":\"https:\\\/\\\/folhadoleste.com.br\\\/wp-content\\\/litespeed\\\/avatar\\\/1ca8c218432e7045e748610eb3db0259.jpg?ver=1777161142\",\"contentUrl\":\"https:\\\/\\\/folhadoleste.com.br\\\/wp-content\\\/litespeed\\\/avatar\\\/1ca8c218432e7045e748610eb3db0259.jpg?ver=1777161142\",\"caption\":\"Folha do Leste\"},\"url\":\"https:\\\/\\\/folhadoleste.com.br\\\/en\\\/author\\\/reportagem-01\\\/\"}]}<\/script>\n<!-- \/ Yoast SEO plugin. -->","yoast_head_json":{"title":"Carnaval 2025: Bloco promete agitar Niter\u00f3i nesta ter\u00e7a-feira &#8226; Folha do Leste","description":"Carnaval 2025: Bloco promete agitar Niter\u00f3i nesta ter\u00e7a-feira.Bloco promove alegria e conscientiza\u00e7\u00e3o social na cidade; Confira a programa\u00e7\u00e3o","robots":{"index":"index","follow":"follow","max-snippet":"max-snippet:-1","max-image-preview":"max-image-preview:large","max-video-preview":"max-video-preview:-1"},"canonical":"https:\/\/folhadoleste.com.br\/en\/carnaval-2025-bloco-promete-agitar-niteroi-nesta-terca-feira\/","og_locale":"en_US","og_type":"article","og_title":"Carnaval 2025: Bloco promete agitar Niter\u00f3i nesta ter\u00e7a-feira &#8226; Folha do Leste","og_description":"Carnaval 2025: Bloco promete agitar Niter\u00f3i nesta ter\u00e7a-feira.Bloco promove alegria e conscientiza\u00e7\u00e3o social na cidade; Confira a programa\u00e7\u00e3o","og_url":"https:\/\/folhadoleste.com.br\/en\/carnaval-2025-bloco-promete-agitar-niteroi-nesta-terca-feira\/","og_site_name":"Folha do Leste","article_publisher":"https:\/\/www.facebook.com\/folhadoleste","article_published_time":"2025-02-24T18:25:18+00:00","og_image":[{"width":1077,"height":720,"url":"https:\/\/folhadoleste.com.br\/wp-content\/uploads\/2025\/02\/Carnaval-2025-Bloco-promete-agitar-Niteroi-nesta-terca-feira-Foto-Divulgacao-Josemias-Moreira.webp","type":"image\/webp"}],"author":"Folha do Leste","twitter_card":"summary_large_image","twitter_creator":"@FolhadoLesteRJ","twitter_site":"@FolhadoLesteRJ","twitter_misc":{"Written by":"Folha do Leste","Est. reading time":"3 minutes"},"schema":{"@context":"https:\/\/schema.org","@graph":[{"@type":"NewsArticle","@id":"https:\/\/folhadoleste.com.br\/carnaval-2025-bloco-promete-agitar-niteroi-nesta-terca-feira\/#article","isPartOf":{"@id":"https:\/\/folhadoleste.com.br\/carnaval-2025-bloco-promete-agitar-niteroi-nesta-terca-feira\/"},"author":{"name":"Folha do Leste","@id":"https:\/\/folhadoleste.com.br\/#\/schema\/person\/3e97145b2e1861276e84471aa85a3899"},"headline":"Carnaval 2025: Bloco promete agitar Niter\u00f3i nesta ter\u00e7a-feira","datePublished":"2025-02-24T18:25:18+00:00","mainEntityOfPage":{"@id":"https:\/\/folhadoleste.com.br\/carnaval-2025-bloco-promete-agitar-niteroi-nesta-terca-feira\/"},"wordCount":468,"commentCount":0,"publisher":{"@id":"https:\/\/folhadoleste.com.br\/#organization"},"image":{"@id":"https:\/\/folhadoleste.com.br\/carnaval-2025-bloco-promete-agitar-niteroi-nesta-terca-feira\/#primaryimage"},"thumbnailUrl":"https:\/\/folhadoleste.com.br\/wp-content\/uploads\/2025\/02\/Carnaval-2025-Bloco-promete-agitar-Niteroi-nesta-terca-feira-Foto-Divulgacao-Josemias-Moreira.webp","keywords":["Agenda cultural","Bloco de Rua","Blocos de carnaval","blocos em Niter\u00f3i","carnaval","Carnaval 2024","Carnaval 2025","Carnaval de rua","carnaval de rua em Niter\u00f3i","Cultura","Desfile","Divers\u00e3o","entretenimento","evento","eventos em Niter\u00f3i","fantasia","festa","folia","foli\u00f5es","guia de blocos","lazer","Leste Fluminense","m\u00fasica","Niter\u00f3i","o que fazer","onde ir","programa\u00e7\u00e3o","programa\u00e7\u00e3o de blocos","samba","ter\u00e7a de carnaval","ter\u00e7a-feira","TER\u00c7A-FEIRA de carnaval"],"articleSection":["Carnaval","Carnaval 2025","Cultura","Entretenimento","Entretenimento, Artes e Cultura","Leste Fluminense","Niter\u00f3i"],"inLanguage":"en-US","potentialAction":[{"@type":"CommentAction","name":"Comment","target":["https:\/\/folhadoleste.com.br\/carnaval-2025-bloco-promete-agitar-niteroi-nesta-terca-feira\/#respond"]}]},{"@type":"WebPage","@id":"https:\/\/folhadoleste.com.br\/carnaval-2025-bloco-promete-agitar-niteroi-nesta-terca-feira\/","url":"https:\/\/folhadoleste.com.br\/carnaval-2025-bloco-promete-agitar-niteroi-nesta-terca-feira\/","name":"Carnaval 2025: Bloco promete agitar Niter\u00f3i nesta ter\u00e7a-feira &#8226; Folha do Leste","isPartOf":{"@id":"https:\/\/folhadoleste.com.br\/#website"},"primaryImageOfPage":{"@id":"https:\/\/folhadoleste.com.br\/carnaval-2025-bloco-promete-agitar-niteroi-nesta-terca-feira\/#primaryimage"},"image":{"@id":"https:\/\/folhadoleste.com.br\/carnaval-2025-bloco-promete-agitar-niteroi-nesta-terca-feira\/#primaryimage"},"thumbnailUrl":"https:\/\/folhadoleste.com.br\/wp-content\/uploads\/2025\/02\/Carnaval-2025-Bloco-promete-agitar-Niteroi-nesta-terca-feira-Foto-Divulgacao-Josemias-Moreira.webp","datePublished":"2025-02-24T18:25:18+00:00","description":"Carnaval 2025: Bloco promete agitar Niter\u00f3i nesta ter\u00e7a-feira.Bloco promove alegria e conscientiza\u00e7\u00e3o social na cidade; Confira a programa\u00e7\u00e3o","breadcrumb":{"@id":"https:\/\/folhadoleste.com.br\/carnaval-2025-bloco-promete-agitar-niteroi-nesta-terca-feira\/#breadcrumb"},"inLanguage":"en-US","potentialAction":[{"@type":"ReadAction","target":["https:\/\/folhadoleste.com.br\/carnaval-2025-bloco-promete-agitar-niteroi-nesta-terca-feira\/"]}]},{"@type":"ImageObject","inLanguage":"en-US","@id":"https:\/\/folhadoleste.com.br\/carnaval-2025-bloco-promete-agitar-niteroi-nesta-terca-feira\/#primaryimage","url":"https:\/\/folhadoleste.com.br\/wp-content\/uploads\/2025\/02\/Carnaval-2025-Bloco-promete-agitar-Niteroi-nesta-terca-feira-Foto-Divulgacao-Josemias-Moreira.webp","contentUrl":"https:\/\/folhadoleste.com.br\/wp-content\/uploads\/2025\/02\/Carnaval-2025-Bloco-promete-agitar-Niteroi-nesta-terca-feira-Foto-Divulgacao-Josemias-Moreira.webp","width":1077,"height":720,"caption":"Carnaval 2025: Bloco promete agitar Niter\u00f3i nesta ter\u00e7a-feira | Divulga\u00e7\u00e3o\/Josemias Moreira"},{"@type":"BreadcrumbList","@id":"https:\/\/folhadoleste.com.br\/carnaval-2025-bloco-promete-agitar-niteroi-nesta-terca-feira\/#breadcrumb","itemListElement":[{"@type":"ListItem","position":1,"name":"In\u00edcio","item":"https:\/\/folhadoleste.com.br\/"},{"@type":"ListItem","position":2,"name":"Estado do Rio de Janeiro","item":"https:\/\/folhadoleste.com.br\/category\/estado-do-rio-de-janeiro\/"},{"@type":"ListItem","position":3,"name":"Leste Fluminense","item":"https:\/\/folhadoleste.com.br\/category\/estado-do-rio-de-janeiro\/leste-fluminense\/"},{"@type":"ListItem","position":4,"name":"Niter\u00f3i","item":"https:\/\/folhadoleste.com.br\/category\/estado-do-rio-de-janeiro\/leste-fluminense\/noticias-de-niteroi\/"},{"@type":"ListItem","position":5,"name":"Carnaval 2025: Bloco promete agitar Niter\u00f3i nesta ter\u00e7a-feira"}]},{"@type":"WebSite","@id":"https:\/\/folhadoleste.com.br\/#website","url":"https:\/\/folhadoleste.com.br\/","name":"Folha do Leste","description":"Portal de Not\u00edcias com \u00eanfase em Niter\u00f3i, criando conte\u00fados desde a capital Rio de Janeiro, com olhar para o Leste Fluminense e suas cidades como S\u00e3o Gon\u00e7alo, Itabora\u00ed, Rio Bonito, Maric\u00e1, Saquarema e Araruama","publisher":{"@id":"https:\/\/folhadoleste.com.br\/#organization"},"alternateName":"FL","potentialAction":[{"@type":"SearchAction","target":{"@type":"EntryPoint","urlTemplate":"https:\/\/folhadoleste.com.br\/?s={search_term_string}"},"query-input":{"@type":"PropertyValueSpecification","valueRequired":true,"valueName":"search_term_string"}}],"inLanguage":"en-US"},{"@type":"Organization","@id":"https:\/\/folhadoleste.com.br\/#organization","name":"Brasil 21 Comunica\u00e7\u00e3o","alternateName":"BR21","url":"https:\/\/folhadoleste.com.br\/","logo":{"@type":"ImageObject","inLanguage":"en-US","@id":"https:\/\/folhadoleste.com.br\/#\/schema\/logo\/image\/","url":"https:\/\/folhadoleste.com.br\/wp-content\/uploads\/2025\/12\/brasil-21-logomarca.avif","contentUrl":"https:\/\/folhadoleste.com.br\/wp-content\/uploads\/2025\/12\/brasil-21-logomarca.avif","width":1044,"height":1044,"caption":"Brasil 21 Comunica\u00e7\u00e3o"},"image":{"@id":"https:\/\/folhadoleste.com.br\/#\/schema\/logo\/image\/"},"sameAs":["https:\/\/www.facebook.com\/folhadoleste","https:\/\/x.com\/FolhadoLesteRJ","https:\/\/www.instagram.com\/folhadoleste\/"]},{"@type":"Person","@id":"https:\/\/folhadoleste.com.br\/#\/schema\/person\/3e97145b2e1861276e84471aa85a3899","name":"Folha do Leste","image":{"@type":"ImageObject","inLanguage":"en-US","@id":"https:\/\/folhadoleste.com.br\/wp-content\/litespeed\/avatar\/1ca8c218432e7045e748610eb3db0259.jpg?ver=1777161142","url":"https:\/\/folhadoleste.com.br\/wp-content\/litespeed\/avatar\/1ca8c218432e7045e748610eb3db0259.jpg?ver=1777161142","contentUrl":"https:\/\/folhadoleste.com.br\/wp-content\/litespeed\/avatar\/1ca8c218432e7045e748610eb3db0259.jpg?ver=1777161142","caption":"Folha do Leste"},"url":"https:\/\/folhadoleste.com.br\/en\/author\/reportagem-01\/"}]}},"_links":{"self":[{"href":"https:\/\/folhadoleste.com.br\/en\/wp-json\/wp\/v2\/posts\/111426","targetHints":{"allow":["GET"]}}],"collection":[{"href":"https:\/\/folhadoleste.com.br\/en\/wp-json\/wp\/v2\/posts"}],"about":[{"href":"https:\/\/folhadoleste.com.br\/en\/wp-json\/wp\/v2\/types\/post"}],"author":[{"embeddable":true,"href":"https:\/\/folhadoleste.com.br\/en\/wp-json\/wp\/v2\/users\/4"}],"replies":[{"embeddable":true,"href":"https:\/\/folhadoleste.com.br\/en\/wp-json\/wp\/v2\/comments?post=111426"}],"version-history":[{"count":1,"href":"https:\/\/folhadoleste.com.br\/en\/wp-json\/wp\/v2\/posts\/111426\/revisions"}],"predecessor-version":[{"id":111429,"href":"https:\/\/folhadoleste.com.br\/en\/wp-json\/wp\/v2\/posts\/111426\/revisions\/111429"}],"wp:featuredmedia":[{"embeddable":true,"href":"https:\/\/folhadoleste.com.br\/en\/wp-json\/wp\/v2\/media\/111428"}],"wp:attachment":[{"href":"https:\/\/folhadoleste.com.br\/en\/wp-json\/wp\/v2\/media?parent=111426"}],"wp:term":[{"taxonomy":"category","embeddable":true,"href":"https:\/\/folhadoleste.com.br\/en\/wp-json\/wp\/v2\/categories?post=111426"},{"taxonomy":"post_tag","embeddable":true,"href":"https:\/\/folhadoleste.com.br\/en\/wp-json\/wp\/v2\/tags?post=111426"}],"curies":[{"name":"wp","href":"https:\/\/api.w.org\/{rel}","templated":true}]}}