{"id":11136,"date":"2023-06-21T17:19:37","date_gmt":"2023-06-21T20:19:37","guid":{"rendered":"https:\/\/folhadoleste.com.br\/?p=11136"},"modified":"2023-06-21T17:19:37","modified_gmt":"2023-06-21T20:19:37","slug":"paolo-rossi-sera-homenageado-por-gols-contra-o-brasil-em-1982","status":"publish","type":"post","link":"https:\/\/folhadoleste.com.br\/en\/paolo-rossi-sera-homenageado-por-gols-contra-o-brasil-em-1982\/","title":{"rendered":"Paolo Rossi ser\u00e1 homenageado por gols contra o Brasil em 1982"},"content":{"rendered":"<p>No dia 5 de julho de 1982 o atacante italiano Paolo Rossi, com tr\u00eas gols, p\u00f4s de joelhos um pa\u00eds &#8211; o Brasil. Em uma partida na qual bastava o empate para a sele\u00e7\u00e3o brasileira classificar-se \u00e0s semifinais, o Bambino d&#8217;Oro marcou tr\u00eas vezes &#8211; logo ele, que ficara um bom tempo sem jogar envolvido em um esc\u00e2ndalo de manipula\u00e7\u00e3o de resultados.<\/p>\n<p>Pois bem&#8230; Neste 5 de julho de 2023, recordando o que para n\u00f3s ficou conhecida como a Trag\u00e9dia do Sarri\u00e1, 41 anos depois, Rossi (que morreu em 2020), ser\u00e1 homenageado com uma est\u00e1tua na cidade de Asiago, no V\u00eaneto.<\/p>\n<p>A obra, recordando os tr\u00eas gols, ser\u00e1 inaugurada em um museu.<\/p>","protected":false},"excerpt":{"rendered":"<p>No dia 5 de julho de 1982 o atacante italiano Paolo Rossi, com tr\u00eas gols, p\u00f4s de joelhos um pa\u00eds &#8211; o Brasil. Em uma partida na qual bastava o empate para a sele\u00e7\u00e3o brasileira classificar-se \u00e0s semifinais, o Bambino d&#8217;Oro marcou tr\u00eas vezes &#8211; logo ele, que ficara um bom tempo sem jogar envolvido em um esc\u00e2ndalo de manipula\u00e7\u00e3o de resultados. Pois bem&#8230; Neste 5 de julho de 2023, recordando o que para n\u00f3s ficou conhecida como a Trag\u00e9dia do Sarri\u00e1, 41 anos depois, Rossi (que morreu em 2020), ser\u00e1 homenageado com uma est\u00e1tua na cidade de Asiago, no [&hellip;]<\/p>\n","protected":false},"author":8,"featured_media":11138,"comment_status":"open","ping_status":"open","sticky":false,"template":"","format":"standard","meta":{"footnotes":""},"categories":[48,65,1772],"tags":[68,3240,3836,7124,7125,1773],"class_list":["post-11136","post","type-post","status-publish","format-standard","has-post-thumbnail","hentry","category-esportes","category-futebol-esportes","category-vicente-dattoli","tag-brasil","tag-homenagem","tag-italia","tag-paolo-rossi","tag-tragedia-do-sarria","tag-vicente-dattoli","post--single"],"yoast_head":"<!-- This site is optimized with the Yoast SEO plugin v27.4 - https:\/\/yoast.com\/product\/yoast-seo-wordpress\/ -->\n<title>Paolo Rossi ser\u00e1 homenageado por gols contra o Brasil em 1982 &#8226; Folha do Leste<\/title>\n<meta name=\"robots\" content=\"index, follow, max-snippet:-1, max-image-preview:large, max-video-preview:-1\" \/>\n<link rel=\"canonical\" href=\"https:\/\/folhadoleste.com.br\/en\/paolo-rossi-sera-homenageado-por-gols-contra-o-brasil-em-1982\/\" \/>\n<meta property=\"og:locale\" content=\"en_US\" \/>\n<meta property=\"og:type\" content=\"article\" \/>\n<meta property=\"og:title\" content=\"Paolo Rossi ser\u00e1 homenageado por gols contra o Brasil em 1982 &#8226; Folha do Leste\" \/>\n<meta property=\"og:description\" content=\"No dia 5 de julho de 1982 o atacante italiano Paolo Rossi, com tr\u00eas gols, p\u00f4s de joelhos um pa\u00eds &#8211; o Brasil. Em uma partida na qual bastava o empate para a sele\u00e7\u00e3o brasileira classificar-se \u00e0s semifinais, o Bambino d&#8217;Oro marcou tr\u00eas vezes &#8211; logo ele, que ficara um bom tempo sem jogar envolvido em um esc\u00e2ndalo de manipula\u00e7\u00e3o de resultados. Pois bem&#8230; Neste 5 de julho de 2023, recordando o que para n\u00f3s ficou conhecida como a Trag\u00e9dia do Sarri\u00e1, 41 anos depois, Rossi (que morreu em 2020), ser\u00e1 homenageado com uma est\u00e1tua na cidade de Asiago, no [&hellip;]\" \/>\n<meta property=\"og:url\" content=\"https:\/\/folhadoleste.com.br\/en\/paolo-rossi-sera-homenageado-por-gols-contra-o-brasil-em-1982\/\" \/>\n<meta property=\"og:site_name\" content=\"Folha do Leste\" \/>\n<meta property=\"article:publisher\" content=\"https:\/\/www.facebook.com\/folhadoleste\" \/>\n<meta property=\"article:published_time\" content=\"2023-06-21T20:19:37+00:00\" \/>\n<meta property=\"og:image\" content=\"https:\/\/folhadoleste.com.br\/wp-content\/uploads\/2023\/06\/Paolo-Rossi.jpg\" \/>\n\t<meta property=\"og:image:width\" content=\"446\" \/>\n\t<meta property=\"og:image:height\" content=\"250\" \/>\n\t<meta property=\"og:image:type\" content=\"image\/jpeg\" \/>\n<meta name=\"author\" content=\"Vicente Dattoli\" \/>\n<meta name=\"twitter:card\" content=\"summary_large_image\" \/>\n<meta name=\"twitter:creator\" content=\"@FolhadoLesteRJ\" \/>\n<meta name=\"twitter:site\" content=\"@FolhadoLesteRJ\" \/>\n<meta name=\"twitter:label1\" content=\"Written by\" \/>\n\t<meta name=\"twitter:data1\" content=\"Vicente Dattoli\" \/>\n\t<meta name=\"twitter:label2\" content=\"Est. reading time\" \/>\n\t<meta name=\"twitter:data2\" content=\"1 minute\" \/>\n<script type=\"application\/ld+json\" class=\"yoast-schema-graph\">{\"@context\":\"https:\\\/\\\/schema.org\",\"@graph\":[{\"@type\":\"NewsArticle\",\"@id\":\"https:\\\/\\\/folhadoleste.com.br\\\/paolo-rossi-sera-homenageado-por-gols-contra-o-brasil-em-1982\\\/#article\",\"isPartOf\":{\"@id\":\"https:\\\/\\\/folhadoleste.com.br\\\/paolo-rossi-sera-homenageado-por-gols-contra-o-brasil-em-1982\\\/\"},\"author\":{\"name\":\"Vicente Dattoli\",\"@id\":\"https:\\\/\\\/folhadoleste.com.br\\\/#\\\/schema\\\/person\\\/b78393376da85c0e73eb88621e17c4d0\"},\"headline\":\"Paolo Rossi ser\u00e1 homenageado por gols contra o Brasil em 1982\",\"datePublished\":\"2023-06-21T20:19:37+00:00\",\"mainEntityOfPage\":{\"@id\":\"https:\\\/\\\/folhadoleste.com.br\\\/paolo-rossi-sera-homenageado-por-gols-contra-o-brasil-em-1982\\\/\"},\"wordCount\":129,\"commentCount\":0,\"publisher\":{\"@id\":\"https:\\\/\\\/folhadoleste.com.br\\\/#organization\"},\"image\":{\"@id\":\"https:\\\/\\\/folhadoleste.com.br\\\/paolo-rossi-sera-homenageado-por-gols-contra-o-brasil-em-1982\\\/#primaryimage\"},\"thumbnailUrl\":\"https:\\\/\\\/folhadoleste.com.br\\\/wp-content\\\/uploads\\\/2023\\\/06\\\/Paolo-Rossi.jpg\",\"keywords\":[\"Brasil\",\"Homenagem\",\"it\u00e1lia\",\"Paolo Rossi\",\"Trag\u00e9dia do Sarri\u00e1\",\"Vicente Dattoli\"],\"articleSection\":[\"Esportes\",\"Futebol\",\"Vicente Dattoli\"],\"inLanguage\":\"en-US\",\"potentialAction\":[{\"@type\":\"CommentAction\",\"name\":\"Comment\",\"target\":[\"https:\\\/\\\/folhadoleste.com.br\\\/paolo-rossi-sera-homenageado-por-gols-contra-o-brasil-em-1982\\\/#respond\"]}]},{\"@type\":\"WebPage\",\"@id\":\"https:\\\/\\\/folhadoleste.com.br\\\/paolo-rossi-sera-homenageado-por-gols-contra-o-brasil-em-1982\\\/\",\"url\":\"https:\\\/\\\/folhadoleste.com.br\\\/paolo-rossi-sera-homenageado-por-gols-contra-o-brasil-em-1982\\\/\",\"name\":\"Paolo Rossi ser\u00e1 homenageado por gols contra o Brasil em 1982 &#8226; Folha do Leste\",\"isPartOf\":{\"@id\":\"https:\\\/\\\/folhadoleste.com.br\\\/#website\"},\"primaryImageOfPage\":{\"@id\":\"https:\\\/\\\/folhadoleste.com.br\\\/paolo-rossi-sera-homenageado-por-gols-contra-o-brasil-em-1982\\\/#primaryimage\"},\"image\":{\"@id\":\"https:\\\/\\\/folhadoleste.com.br\\\/paolo-rossi-sera-homenageado-por-gols-contra-o-brasil-em-1982\\\/#primaryimage\"},\"thumbnailUrl\":\"https:\\\/\\\/folhadoleste.com.br\\\/wp-content\\\/uploads\\\/2023\\\/06\\\/Paolo-Rossi.jpg\",\"datePublished\":\"2023-06-21T20:19:37+00:00\",\"breadcrumb\":{\"@id\":\"https:\\\/\\\/folhadoleste.com.br\\\/paolo-rossi-sera-homenageado-por-gols-contra-o-brasil-em-1982\\\/#breadcrumb\"},\"inLanguage\":\"en-US\",\"potentialAction\":[{\"@type\":\"ReadAction\",\"target\":[\"https:\\\/\\\/folhadoleste.com.br\\\/paolo-rossi-sera-homenageado-por-gols-contra-o-brasil-em-1982\\\/\"]}]},{\"@type\":\"ImageObject\",\"inLanguage\":\"en-US\",\"@id\":\"https:\\\/\\\/folhadoleste.com.br\\\/paolo-rossi-sera-homenageado-por-gols-contra-o-brasil-em-1982\\\/#primaryimage\",\"url\":\"https:\\\/\\\/folhadoleste.com.br\\\/wp-content\\\/uploads\\\/2023\\\/06\\\/Paolo-Rossi.jpg\",\"contentUrl\":\"https:\\\/\\\/folhadoleste.com.br\\\/wp-content\\\/uploads\\\/2023\\\/06\\\/Paolo-Rossi.jpg\",\"width\":446,\"height\":250},{\"@type\":\"BreadcrumbList\",\"@id\":\"https:\\\/\\\/folhadoleste.com.br\\\/paolo-rossi-sera-homenageado-por-gols-contra-o-brasil-em-1982\\\/#breadcrumb\",\"itemListElement\":[{\"@type\":\"ListItem\",\"position\":1,\"name\":\"In\u00edcio\",\"item\":\"https:\\\/\\\/folhadoleste.com.br\\\/\"},{\"@type\":\"ListItem\",\"position\":2,\"name\":\"Colunistas\",\"item\":\"https:\\\/\\\/folhadoleste.com.br\\\/category\\\/colunistas\\\/\"},{\"@type\":\"ListItem\",\"position\":3,\"name\":\"Vicente Dattoli\",\"item\":\"https:\\\/\\\/folhadoleste.com.br\\\/category\\\/colunistas\\\/vicente-dattoli\\\/\"},{\"@type\":\"ListItem\",\"position\":4,\"name\":\"Paolo Rossi ser\u00e1 homenageado por gols contra o Brasil em 1982\"}]},{\"@type\":\"WebSite\",\"@id\":\"https:\\\/\\\/folhadoleste.com.br\\\/#website\",\"url\":\"https:\\\/\\\/folhadoleste.com.br\\\/\",\"name\":\"Folha do Leste\",\"description\":\"Portal de Not\u00edcias com \u00eanfase em Niter\u00f3i, criando conte\u00fados desde a capital Rio de Janeiro, com olhar para o Leste Fluminense e suas cidades como S\u00e3o Gon\u00e7alo, Itabora\u00ed, Rio Bonito, Maric\u00e1, Saquarema e Araruama\",\"publisher\":{\"@id\":\"https:\\\/\\\/folhadoleste.com.br\\\/#organization\"},\"alternateName\":\"FL\",\"potentialAction\":[{\"@type\":\"SearchAction\",\"target\":{\"@type\":\"EntryPoint\",\"urlTemplate\":\"https:\\\/\\\/folhadoleste.com.br\\\/?s={search_term_string}\"},\"query-input\":{\"@type\":\"PropertyValueSpecification\",\"valueRequired\":true,\"valueName\":\"search_term_string\"}}],\"inLanguage\":\"en-US\"},{\"@type\":\"Organization\",\"@id\":\"https:\\\/\\\/folhadoleste.com.br\\\/#organization\",\"name\":\"Brasil 21 Comunica\u00e7\u00e3o\",\"alternateName\":\"BR21\",\"url\":\"https:\\\/\\\/folhadoleste.com.br\\\/\",\"logo\":{\"@type\":\"ImageObject\",\"inLanguage\":\"en-US\",\"@id\":\"https:\\\/\\\/folhadoleste.com.br\\\/#\\\/schema\\\/logo\\\/image\\\/\",\"url\":\"https:\\\/\\\/folhadoleste.com.br\\\/wp-content\\\/uploads\\\/2025\\\/12\\\/brasil-21-logomarca.avif\",\"contentUrl\":\"https:\\\/\\\/folhadoleste.com.br\\\/wp-content\\\/uploads\\\/2025\\\/12\\\/brasil-21-logomarca.avif\",\"width\":1044,\"height\":1044,\"caption\":\"Brasil 21 Comunica\u00e7\u00e3o\"},\"image\":{\"@id\":\"https:\\\/\\\/folhadoleste.com.br\\\/#\\\/schema\\\/logo\\\/image\\\/\"},\"sameAs\":[\"https:\\\/\\\/www.facebook.com\\\/folhadoleste\",\"https:\\\/\\\/x.com\\\/FolhadoLesteRJ\",\"https:\\\/\\\/www.instagram.com\\\/folhadoleste\\\/\"]},{\"@type\":\"Person\",\"@id\":\"https:\\\/\\\/folhadoleste.com.br\\\/#\\\/schema\\\/person\\\/b78393376da85c0e73eb88621e17c4d0\",\"name\":\"Vicente Dattoli\",\"image\":{\"@type\":\"ImageObject\",\"inLanguage\":\"en-US\",\"@id\":\"https:\\\/\\\/folhadoleste.com.br\\\/wp-content\\\/litespeed\\\/avatar\\\/0e3befc156e250caf342ca87683e55f3.jpg?ver=1777166410\",\"url\":\"https:\\\/\\\/folhadoleste.com.br\\\/wp-content\\\/litespeed\\\/avatar\\\/0e3befc156e250caf342ca87683e55f3.jpg?ver=1777166410\",\"contentUrl\":\"https:\\\/\\\/folhadoleste.com.br\\\/wp-content\\\/litespeed\\\/avatar\\\/0e3befc156e250caf342ca87683e55f3.jpg?ver=1777166410\",\"caption\":\"Vicente Dattoli\"},\"url\":\"https:\\\/\\\/folhadoleste.com.br\\\/en\\\/author\\\/vicente-dattoli\\\/\"}]}<\/script>\n<!-- \/ Yoast SEO plugin. -->","yoast_head_json":{"title":"Paolo Rossi ser\u00e1 homenageado por gols contra o Brasil em 1982 &#8226; Folha do Leste","robots":{"index":"index","follow":"follow","max-snippet":"max-snippet:-1","max-image-preview":"max-image-preview:large","max-video-preview":"max-video-preview:-1"},"canonical":"https:\/\/folhadoleste.com.br\/en\/paolo-rossi-sera-homenageado-por-gols-contra-o-brasil-em-1982\/","og_locale":"en_US","og_type":"article","og_title":"Paolo Rossi ser\u00e1 homenageado por gols contra o Brasil em 1982 &#8226; Folha do Leste","og_description":"No dia 5 de julho de 1982 o atacante italiano Paolo Rossi, com tr\u00eas gols, p\u00f4s de joelhos um pa\u00eds &#8211; o Brasil. Em uma partida na qual bastava o empate para a sele\u00e7\u00e3o brasileira classificar-se \u00e0s semifinais, o Bambino d&#8217;Oro marcou tr\u00eas vezes &#8211; logo ele, que ficara um bom tempo sem jogar envolvido em um esc\u00e2ndalo de manipula\u00e7\u00e3o de resultados. Pois bem&#8230; Neste 5 de julho de 2023, recordando o que para n\u00f3s ficou conhecida como a Trag\u00e9dia do Sarri\u00e1, 41 anos depois, Rossi (que morreu em 2020), ser\u00e1 homenageado com uma est\u00e1tua na cidade de Asiago, no [&hellip;]","og_url":"https:\/\/folhadoleste.com.br\/en\/paolo-rossi-sera-homenageado-por-gols-contra-o-brasil-em-1982\/","og_site_name":"Folha do Leste","article_publisher":"https:\/\/www.facebook.com\/folhadoleste","article_published_time":"2023-06-21T20:19:37+00:00","og_image":[{"width":446,"height":250,"url":"https:\/\/folhadoleste.com.br\/wp-content\/uploads\/2023\/06\/Paolo-Rossi.jpg","type":"image\/jpeg"}],"author":"Vicente Dattoli","twitter_card":"summary_large_image","twitter_creator":"@FolhadoLesteRJ","twitter_site":"@FolhadoLesteRJ","twitter_misc":{"Written by":"Vicente Dattoli","Est. reading time":"1 minute"},"schema":{"@context":"https:\/\/schema.org","@graph":[{"@type":"NewsArticle","@id":"https:\/\/folhadoleste.com.br\/paolo-rossi-sera-homenageado-por-gols-contra-o-brasil-em-1982\/#article","isPartOf":{"@id":"https:\/\/folhadoleste.com.br\/paolo-rossi-sera-homenageado-por-gols-contra-o-brasil-em-1982\/"},"author":{"name":"Vicente Dattoli","@id":"https:\/\/folhadoleste.com.br\/#\/schema\/person\/b78393376da85c0e73eb88621e17c4d0"},"headline":"Paolo Rossi ser\u00e1 homenageado por gols contra o Brasil em 1982","datePublished":"2023-06-21T20:19:37+00:00","mainEntityOfPage":{"@id":"https:\/\/folhadoleste.com.br\/paolo-rossi-sera-homenageado-por-gols-contra-o-brasil-em-1982\/"},"wordCount":129,"commentCount":0,"publisher":{"@id":"https:\/\/folhadoleste.com.br\/#organization"},"image":{"@id":"https:\/\/folhadoleste.com.br\/paolo-rossi-sera-homenageado-por-gols-contra-o-brasil-em-1982\/#primaryimage"},"thumbnailUrl":"https:\/\/folhadoleste.com.br\/wp-content\/uploads\/2023\/06\/Paolo-Rossi.jpg","keywords":["Brasil","Homenagem","it\u00e1lia","Paolo Rossi","Trag\u00e9dia do Sarri\u00e1","Vicente Dattoli"],"articleSection":["Esportes","Futebol","Vicente Dattoli"],"inLanguage":"en-US","potentialAction":[{"@type":"CommentAction","name":"Comment","target":["https:\/\/folhadoleste.com.br\/paolo-rossi-sera-homenageado-por-gols-contra-o-brasil-em-1982\/#respond"]}]},{"@type":"WebPage","@id":"https:\/\/folhadoleste.com.br\/paolo-rossi-sera-homenageado-por-gols-contra-o-brasil-em-1982\/","url":"https:\/\/folhadoleste.com.br\/paolo-rossi-sera-homenageado-por-gols-contra-o-brasil-em-1982\/","name":"Paolo Rossi ser\u00e1 homenageado por gols contra o Brasil em 1982 &#8226; Folha do Leste","isPartOf":{"@id":"https:\/\/folhadoleste.com.br\/#website"},"primaryImageOfPage":{"@id":"https:\/\/folhadoleste.com.br\/paolo-rossi-sera-homenageado-por-gols-contra-o-brasil-em-1982\/#primaryimage"},"image":{"@id":"https:\/\/folhadoleste.com.br\/paolo-rossi-sera-homenageado-por-gols-contra-o-brasil-em-1982\/#primaryimage"},"thumbnailUrl":"https:\/\/folhadoleste.com.br\/wp-content\/uploads\/2023\/06\/Paolo-Rossi.jpg","datePublished":"2023-06-21T20:19:37+00:00","breadcrumb":{"@id":"https:\/\/folhadoleste.com.br\/paolo-rossi-sera-homenageado-por-gols-contra-o-brasil-em-1982\/#breadcrumb"},"inLanguage":"en-US","potentialAction":[{"@type":"ReadAction","target":["https:\/\/folhadoleste.com.br\/paolo-rossi-sera-homenageado-por-gols-contra-o-brasil-em-1982\/"]}]},{"@type":"ImageObject","inLanguage":"en-US","@id":"https:\/\/folhadoleste.com.br\/paolo-rossi-sera-homenageado-por-gols-contra-o-brasil-em-1982\/#primaryimage","url":"https:\/\/folhadoleste.com.br\/wp-content\/uploads\/2023\/06\/Paolo-Rossi.jpg","contentUrl":"https:\/\/folhadoleste.com.br\/wp-content\/uploads\/2023\/06\/Paolo-Rossi.jpg","width":446,"height":250},{"@type":"BreadcrumbList","@id":"https:\/\/folhadoleste.com.br\/paolo-rossi-sera-homenageado-por-gols-contra-o-brasil-em-1982\/#breadcrumb","itemListElement":[{"@type":"ListItem","position":1,"name":"In\u00edcio","item":"https:\/\/folhadoleste.com.br\/"},{"@type":"ListItem","position":2,"name":"Colunistas","item":"https:\/\/folhadoleste.com.br\/category\/colunistas\/"},{"@type":"ListItem","position":3,"name":"Vicente Dattoli","item":"https:\/\/folhadoleste.com.br\/category\/colunistas\/vicente-dattoli\/"},{"@type":"ListItem","position":4,"name":"Paolo Rossi ser\u00e1 homenageado por gols contra o Brasil em 1982"}]},{"@type":"WebSite","@id":"https:\/\/folhadoleste.com.br\/#website","url":"https:\/\/folhadoleste.com.br\/","name":"Folha do Leste","description":"Portal de Not\u00edcias com \u00eanfase em Niter\u00f3i, criando conte\u00fados desde a capital Rio de Janeiro, com olhar para o Leste Fluminense e suas cidades como S\u00e3o Gon\u00e7alo, Itabora\u00ed, Rio Bonito, Maric\u00e1, Saquarema e Araruama","publisher":{"@id":"https:\/\/folhadoleste.com.br\/#organization"},"alternateName":"FL","potentialAction":[{"@type":"SearchAction","target":{"@type":"EntryPoint","urlTemplate":"https:\/\/folhadoleste.com.br\/?s={search_term_string}"},"query-input":{"@type":"PropertyValueSpecification","valueRequired":true,"valueName":"search_term_string"}}],"inLanguage":"en-US"},{"@type":"Organization","@id":"https:\/\/folhadoleste.com.br\/#organization","name":"Brasil 21 Comunica\u00e7\u00e3o","alternateName":"BR21","url":"https:\/\/folhadoleste.com.br\/","logo":{"@type":"ImageObject","inLanguage":"en-US","@id":"https:\/\/folhadoleste.com.br\/#\/schema\/logo\/image\/","url":"https:\/\/folhadoleste.com.br\/wp-content\/uploads\/2025\/12\/brasil-21-logomarca.avif","contentUrl":"https:\/\/folhadoleste.com.br\/wp-content\/uploads\/2025\/12\/brasil-21-logomarca.avif","width":1044,"height":1044,"caption":"Brasil 21 Comunica\u00e7\u00e3o"},"image":{"@id":"https:\/\/folhadoleste.com.br\/#\/schema\/logo\/image\/"},"sameAs":["https:\/\/www.facebook.com\/folhadoleste","https:\/\/x.com\/FolhadoLesteRJ","https:\/\/www.instagram.com\/folhadoleste\/"]},{"@type":"Person","@id":"https:\/\/folhadoleste.com.br\/#\/schema\/person\/b78393376da85c0e73eb88621e17c4d0","name":"Vicente Dattoli","image":{"@type":"ImageObject","inLanguage":"en-US","@id":"https:\/\/folhadoleste.com.br\/wp-content\/litespeed\/avatar\/0e3befc156e250caf342ca87683e55f3.jpg?ver=1777166410","url":"https:\/\/folhadoleste.com.br\/wp-content\/litespeed\/avatar\/0e3befc156e250caf342ca87683e55f3.jpg?ver=1777166410","contentUrl":"https:\/\/folhadoleste.com.br\/wp-content\/litespeed\/avatar\/0e3befc156e250caf342ca87683e55f3.jpg?ver=1777166410","caption":"Vicente Dattoli"},"url":"https:\/\/folhadoleste.com.br\/en\/author\/vicente-dattoli\/"}]}},"_links":{"self":[{"href":"https:\/\/folhadoleste.com.br\/en\/wp-json\/wp\/v2\/posts\/11136","targetHints":{"allow":["GET"]}}],"collection":[{"href":"https:\/\/folhadoleste.com.br\/en\/wp-json\/wp\/v2\/posts"}],"about":[{"href":"https:\/\/folhadoleste.com.br\/en\/wp-json\/wp\/v2\/types\/post"}],"author":[{"embeddable":true,"href":"https:\/\/folhadoleste.com.br\/en\/wp-json\/wp\/v2\/users\/8"}],"replies":[{"embeddable":true,"href":"https:\/\/folhadoleste.com.br\/en\/wp-json\/wp\/v2\/comments?post=11136"}],"version-history":[{"count":1,"href":"https:\/\/folhadoleste.com.br\/en\/wp-json\/wp\/v2\/posts\/11136\/revisions"}],"predecessor-version":[{"id":11139,"href":"https:\/\/folhadoleste.com.br\/en\/wp-json\/wp\/v2\/posts\/11136\/revisions\/11139"}],"wp:featuredmedia":[{"embeddable":true,"href":"https:\/\/folhadoleste.com.br\/en\/wp-json\/wp\/v2\/media\/11138"}],"wp:attachment":[{"href":"https:\/\/folhadoleste.com.br\/en\/wp-json\/wp\/v2\/media?parent=11136"}],"wp:term":[{"taxonomy":"category","embeddable":true,"href":"https:\/\/folhadoleste.com.br\/en\/wp-json\/wp\/v2\/categories?post=11136"},{"taxonomy":"post_tag","embeddable":true,"href":"https:\/\/folhadoleste.com.br\/en\/wp-json\/wp\/v2\/tags?post=11136"}],"curies":[{"name":"wp","href":"https:\/\/api.w.org\/{rel}","templated":true}]}}