{"id":11135,"date":"2023-06-21T17:34:53","date_gmt":"2023-06-21T20:34:53","guid":{"rendered":"https:\/\/folhadoleste.com.br\/?p=11135"},"modified":"2023-06-21T17:34:53","modified_gmt":"2023-06-21T20:34:53","slug":"zanin-passa-pela-primeira-sabatina-no-senado","status":"publish","type":"post","link":"https:\/\/folhadoleste.com.br\/en\/zanin-passa-pela-primeira-sabatina-no-senado\/","title":{"rendered":"Zanin passa pela primeira sabatina no Senado"},"content":{"rendered":"<p>Cristiano Zanin, indicado ao Supremo Tribunal Federal (STF) pelo presidente Lula da Silva, foi sabatinado na manh\u00e3 desta quarta-feira (21) pela Comiss\u00e3o de Constitui\u00e7\u00e3o e Justi\u00e7a (CCJ) do Senado. Com uma fala inicial de 26 minutos, o advogado se apresentou para cerca de 30 senadores que se inscreveram para fazer perguntas.<\/p>\n<p>Zanin destacou sua experi\u00eancia no Direito e afirmou que se sente preparado para atuar no STF. Ele se considera um ferrenho defensor da Constitui\u00e7\u00e3o brasileira e um cr\u00edtico atento \u00e0s viola\u00e7\u00f5es de direitos e garantias fundamentais. Desde que se tornou advogado, liderou mais de 100 processos julgados no STF e mais de 550 julgados no Superior Tribunal de Justi\u00e7a (STJ).<\/p>\n<p>O advogado tamb\u00e9m defendeu sua atua\u00e7\u00e3o na defesa do ex-presidente Lula nos processos da opera\u00e7\u00e3o Lava Jato, ressaltando que sua carreira, embora marcada basicamente no direito empresarial, sempre procurou desempenhar a fun\u00e7\u00e3o com maestria, acreditando no que \u00e9 mais caro para qualquer profissional do Direito: a justi\u00e7a.<\/p>\n<p>Zanin destacou a distin\u00e7\u00e3o dos pap\u00e9is entre um advogado e um ministro do STF e afirmou que sua atua\u00e7\u00e3o na iniciativa privada seguiu rigorosamente as leis brasileiras, sob a \u00f3tica da lisura e do fazer justi\u00e7a, defender a democracia e o Estado democr\u00e1tico de direito. Al\u00e9m disso, enfatizou a import\u00e2ncia da defesa da democracia e da liberdade de express\u00e3o, fundamentais em uma sociedade democr\u00e1tica.<\/p>\n<p>O advogado n\u00e3o deixou de esclarecer cr\u00edticas que de ser um \u201cadvogado pessoal\u201d ou um \u201cadvogado de luxo\u201d, por ter atuado em casos individuais ou defendido causas empresariais de grupos econ\u00f4micos importantes. Para ele, o mais importante \u00e9 sempre seguir as premissas an\u00e1logas a de um juiz, se manter em equil\u00edbrio emocional e intelectual, ter senso de justi\u00e7a sem nunca desacreditar nas leis e nas institui\u00e7\u00f5es brasileiras e seguir com independ\u00eancia de atua\u00e7\u00e3o para garantir justi\u00e7a num pa\u00eds com pilares democr\u00e1ticos s\u00f3lidos, como \u00e9 o Brasil.<\/p>\n<p>No fim da sabatina, Zanin afirmou que n\u00e3o deve mudar de lado. \u201cO meu lado sempre foi o mesmo, o lado da Constitui\u00e7\u00e3o, o das garantias, o do amplo direito de defesa, do devido processo legal. Para mim, s\u00f3 existe um lado; o outro \u00e9 barb\u00e1rie, \u00e9 abuso de poder\u201d.<\/p>\n<p>Agora, cabe aos senadores da CCJ avaliar a indica\u00e7\u00e3o do advogado para o cargo mais alto do judici\u00e1rio brasileiro.<\/p>","protected":false},"excerpt":{"rendered":"<p>Cristiano Zanin, indicado ao Supremo Tribunal Federal (STF) pelo presidente Lula da Silva, foi sabatinado na manh\u00e3 desta quarta-feira (21) pela Comiss\u00e3o de Constitui\u00e7\u00e3o e Justi\u00e7a (CCJ) do Senado. Com uma fala inicial de 26 minutos, o advogado se apresentou para cerca de 30 senadores que se inscreveram para fazer perguntas. Zanin destacou sua experi\u00eancia no Direito e afirmou que se sente preparado para atuar no STF. Ele se considera um ferrenho defensor da Constitui\u00e7\u00e3o brasileira e um cr\u00edtico atento \u00e0s viola\u00e7\u00f5es de direitos e garantias fundamentais. Desde que se tornou advogado, liderou mais de 100 processos julgados no STF [&hellip;]<\/p>\n","protected":false},"author":4,"featured_media":11142,"comment_status":"open","ping_status":"open","sticky":false,"template":"","format":"standard","meta":{"footnotes":""},"categories":[64,115],"tags":[7126,7098,323,318],"class_list":["post-11135","post","type-post","status-publish","format-standard","has-post-thumbnail","hentry","category-brasil","category-politica","tag-cirstiano-zanin","tag-sabatina","tag-senado","tag-stf","post--single"],"yoast_head":"<!-- This site is optimized with the Yoast SEO plugin v27.4 - https:\/\/yoast.com\/product\/yoast-seo-wordpress\/ -->\n<title>Zanin passa pela primeira sabatina no Senado &#8226; Folha do Leste<\/title>\n<meta name=\"description\" content=\"Cristiano Zanin, indicado ao STF pelo presidente Lula, foi sabatinado na manh\u00e3 desta quarta-feira (21) pela CCJ do Senado.\" \/>\n<meta name=\"robots\" content=\"index, follow, max-snippet:-1, max-image-preview:large, max-video-preview:-1\" \/>\n<link rel=\"canonical\" href=\"https:\/\/folhadoleste.com.br\/en\/zanin-passa-pela-primeira-sabatina-no-senado\/\" \/>\n<meta property=\"og:locale\" content=\"en_US\" \/>\n<meta property=\"og:type\" content=\"article\" \/>\n<meta property=\"og:title\" content=\"Zanin passa pela primeira sabatina no Senado &#8226; Folha do Leste\" \/>\n<meta property=\"og:description\" content=\"Cristiano Zanin, indicado ao STF pelo presidente Lula, foi sabatinado na manh\u00e3 desta quarta-feira (21) pela CCJ do Senado.\" \/>\n<meta property=\"og:url\" content=\"https:\/\/folhadoleste.com.br\/en\/zanin-passa-pela-primeira-sabatina-no-senado\/\" \/>\n<meta property=\"og:site_name\" content=\"Folha do Leste\" \/>\n<meta property=\"article:publisher\" content=\"https:\/\/www.facebook.com\/folhadoleste\" \/>\n<meta property=\"article:published_time\" content=\"2023-06-21T20:34:53+00:00\" \/>\n<meta property=\"og:image\" content=\"https:\/\/folhadoleste.com.br\/wp-content\/uploads\/2023\/06\/Cristiano-Zanin-Lula-Marques-Agencia-Brasil.jpg\" \/>\n\t<meta property=\"og:image:width\" content=\"1170\" \/>\n\t<meta property=\"og:image:height\" content=\"700\" \/>\n\t<meta property=\"og:image:type\" content=\"image\/jpeg\" \/>\n<meta name=\"author\" content=\"Folha do Leste\" \/>\n<meta name=\"twitter:card\" content=\"summary_large_image\" \/>\n<meta name=\"twitter:creator\" content=\"@FolhadoLesteRJ\" \/>\n<meta name=\"twitter:site\" content=\"@FolhadoLesteRJ\" \/>\n<meta name=\"twitter:label1\" content=\"Written by\" \/>\n\t<meta name=\"twitter:data1\" content=\"Folha do Leste\" \/>\n\t<meta name=\"twitter:label2\" content=\"Est. reading time\" \/>\n\t<meta name=\"twitter:data2\" content=\"3 minutes\" \/>\n<script type=\"application\/ld+json\" class=\"yoast-schema-graph\">{\"@context\":\"https:\\\/\\\/schema.org\",\"@graph\":[{\"@type\":\"NewsArticle\",\"@id\":\"https:\\\/\\\/folhadoleste.com.br\\\/zanin-passa-pela-primeira-sabatina-no-senado\\\/#article\",\"isPartOf\":{\"@id\":\"https:\\\/\\\/folhadoleste.com.br\\\/zanin-passa-pela-primeira-sabatina-no-senado\\\/\"},\"author\":{\"name\":\"Folha do Leste\",\"@id\":\"https:\\\/\\\/folhadoleste.com.br\\\/#\\\/schema\\\/person\\\/3e97145b2e1861276e84471aa85a3899\"},\"headline\":\"Zanin passa pela primeira sabatina no Senado\",\"datePublished\":\"2023-06-21T20:34:53+00:00\",\"mainEntityOfPage\":{\"@id\":\"https:\\\/\\\/folhadoleste.com.br\\\/zanin-passa-pela-primeira-sabatina-no-senado\\\/\"},\"wordCount\":414,\"commentCount\":0,\"publisher\":{\"@id\":\"https:\\\/\\\/folhadoleste.com.br\\\/#organization\"},\"image\":{\"@id\":\"https:\\\/\\\/folhadoleste.com.br\\\/zanin-passa-pela-primeira-sabatina-no-senado\\\/#primaryimage\"},\"thumbnailUrl\":\"https:\\\/\\\/folhadoleste.com.br\\\/wp-content\\\/uploads\\\/2023\\\/06\\\/Cristiano-Zanin-Lula-Marques-Agencia-Brasil.jpg\",\"keywords\":[\"Cirstiano Zanin\",\"Sabatina\",\"Senado\",\"STF\"],\"articleSection\":[\"Brasil\",\"Pol\u00edtica\"],\"inLanguage\":\"en-US\",\"potentialAction\":[{\"@type\":\"CommentAction\",\"name\":\"Comment\",\"target\":[\"https:\\\/\\\/folhadoleste.com.br\\\/zanin-passa-pela-primeira-sabatina-no-senado\\\/#respond\"]}]},{\"@type\":\"WebPage\",\"@id\":\"https:\\\/\\\/folhadoleste.com.br\\\/zanin-passa-pela-primeira-sabatina-no-senado\\\/\",\"url\":\"https:\\\/\\\/folhadoleste.com.br\\\/zanin-passa-pela-primeira-sabatina-no-senado\\\/\",\"name\":\"Zanin passa pela primeira sabatina no Senado &#8226; Folha do Leste\",\"isPartOf\":{\"@id\":\"https:\\\/\\\/folhadoleste.com.br\\\/#website\"},\"primaryImageOfPage\":{\"@id\":\"https:\\\/\\\/folhadoleste.com.br\\\/zanin-passa-pela-primeira-sabatina-no-senado\\\/#primaryimage\"},\"image\":{\"@id\":\"https:\\\/\\\/folhadoleste.com.br\\\/zanin-passa-pela-primeira-sabatina-no-senado\\\/#primaryimage\"},\"thumbnailUrl\":\"https:\\\/\\\/folhadoleste.com.br\\\/wp-content\\\/uploads\\\/2023\\\/06\\\/Cristiano-Zanin-Lula-Marques-Agencia-Brasil.jpg\",\"datePublished\":\"2023-06-21T20:34:53+00:00\",\"description\":\"Cristiano Zanin, indicado ao STF pelo presidente Lula, foi sabatinado na manh\u00e3 desta quarta-feira (21) pela CCJ do Senado.\",\"breadcrumb\":{\"@id\":\"https:\\\/\\\/folhadoleste.com.br\\\/zanin-passa-pela-primeira-sabatina-no-senado\\\/#breadcrumb\"},\"inLanguage\":\"en-US\",\"potentialAction\":[{\"@type\":\"ReadAction\",\"target\":[\"https:\\\/\\\/folhadoleste.com.br\\\/zanin-passa-pela-primeira-sabatina-no-senado\\\/\"]}]},{\"@type\":\"ImageObject\",\"inLanguage\":\"en-US\",\"@id\":\"https:\\\/\\\/folhadoleste.com.br\\\/zanin-passa-pela-primeira-sabatina-no-senado\\\/#primaryimage\",\"url\":\"https:\\\/\\\/folhadoleste.com.br\\\/wp-content\\\/uploads\\\/2023\\\/06\\\/Cristiano-Zanin-Lula-Marques-Agencia-Brasil.jpg\",\"contentUrl\":\"https:\\\/\\\/folhadoleste.com.br\\\/wp-content\\\/uploads\\\/2023\\\/06\\\/Cristiano-Zanin-Lula-Marques-Agencia-Brasil.jpg\",\"width\":1170,\"height\":700,\"caption\":\"Cristiano Zanin durante sabatina para o cargo de Ministro do Supremo Tribunal Federal (STF). Foto Lula Marques\\\/ Ag\u00eancia Brasil.\"},{\"@type\":\"BreadcrumbList\",\"@id\":\"https:\\\/\\\/folhadoleste.com.br\\\/zanin-passa-pela-primeira-sabatina-no-senado\\\/#breadcrumb\",\"itemListElement\":[{\"@type\":\"ListItem\",\"position\":1,\"name\":\"In\u00edcio\",\"item\":\"https:\\\/\\\/folhadoleste.com.br\\\/\"},{\"@type\":\"ListItem\",\"position\":2,\"name\":\"Brasil\",\"item\":\"https:\\\/\\\/folhadoleste.com.br\\\/category\\\/brasil\\\/\"},{\"@type\":\"ListItem\",\"position\":3,\"name\":\"Pol\u00edtica\",\"item\":\"https:\\\/\\\/folhadoleste.com.br\\\/category\\\/brasil\\\/politica\\\/\"},{\"@type\":\"ListItem\",\"position\":4,\"name\":\"Zanin passa pela primeira sabatina no Senado\"}]},{\"@type\":\"WebSite\",\"@id\":\"https:\\\/\\\/folhadoleste.com.br\\\/#website\",\"url\":\"https:\\\/\\\/folhadoleste.com.br\\\/\",\"name\":\"Folha do Leste\",\"description\":\"Portal de Not\u00edcias com \u00eanfase em Niter\u00f3i, criando conte\u00fados desde a capital Rio de Janeiro, com olhar para o Leste Fluminense e suas cidades como S\u00e3o Gon\u00e7alo, Itabora\u00ed, Rio Bonito, Maric\u00e1, Saquarema e Araruama\",\"publisher\":{\"@id\":\"https:\\\/\\\/folhadoleste.com.br\\\/#organization\"},\"alternateName\":\"FL\",\"potentialAction\":[{\"@type\":\"SearchAction\",\"target\":{\"@type\":\"EntryPoint\",\"urlTemplate\":\"https:\\\/\\\/folhadoleste.com.br\\\/?s={search_term_string}\"},\"query-input\":{\"@type\":\"PropertyValueSpecification\",\"valueRequired\":true,\"valueName\":\"search_term_string\"}}],\"inLanguage\":\"en-US\"},{\"@type\":\"Organization\",\"@id\":\"https:\\\/\\\/folhadoleste.com.br\\\/#organization\",\"name\":\"Brasil 21 Comunica\u00e7\u00e3o\",\"alternateName\":\"BR21\",\"url\":\"https:\\\/\\\/folhadoleste.com.br\\\/\",\"logo\":{\"@type\":\"ImageObject\",\"inLanguage\":\"en-US\",\"@id\":\"https:\\\/\\\/folhadoleste.com.br\\\/#\\\/schema\\\/logo\\\/image\\\/\",\"url\":\"https:\\\/\\\/folhadoleste.com.br\\\/wp-content\\\/uploads\\\/2025\\\/12\\\/brasil-21-logomarca.avif\",\"contentUrl\":\"https:\\\/\\\/folhadoleste.com.br\\\/wp-content\\\/uploads\\\/2025\\\/12\\\/brasil-21-logomarca.avif\",\"width\":1044,\"height\":1044,\"caption\":\"Brasil 21 Comunica\u00e7\u00e3o\"},\"image\":{\"@id\":\"https:\\\/\\\/folhadoleste.com.br\\\/#\\\/schema\\\/logo\\\/image\\\/\"},\"sameAs\":[\"https:\\\/\\\/www.facebook.com\\\/folhadoleste\",\"https:\\\/\\\/x.com\\\/FolhadoLesteRJ\",\"https:\\\/\\\/www.instagram.com\\\/folhadoleste\\\/\"]},{\"@type\":\"Person\",\"@id\":\"https:\\\/\\\/folhadoleste.com.br\\\/#\\\/schema\\\/person\\\/3e97145b2e1861276e84471aa85a3899\",\"name\":\"Folha do Leste\",\"image\":{\"@type\":\"ImageObject\",\"inLanguage\":\"en-US\",\"@id\":\"https:\\\/\\\/folhadoleste.com.br\\\/wp-content\\\/litespeed\\\/avatar\\\/1ca8c218432e7045e748610eb3db0259.jpg?ver=1776693931\",\"url\":\"https:\\\/\\\/folhadoleste.com.br\\\/wp-content\\\/litespeed\\\/avatar\\\/1ca8c218432e7045e748610eb3db0259.jpg?ver=1776693931\",\"contentUrl\":\"https:\\\/\\\/folhadoleste.com.br\\\/wp-content\\\/litespeed\\\/avatar\\\/1ca8c218432e7045e748610eb3db0259.jpg?ver=1776693931\",\"caption\":\"Folha do Leste\"},\"url\":\"https:\\\/\\\/folhadoleste.com.br\\\/en\\\/author\\\/reportagem-01\\\/\"}]}<\/script>\n<!-- \/ Yoast SEO plugin. -->","yoast_head_json":{"title":"Zanin passa pela primeira sabatina no Senado &#8226; Folha do Leste","description":"Cristiano Zanin, indicado ao STF pelo presidente Lula, foi sabatinado na manh\u00e3 desta quarta-feira (21) pela CCJ do Senado.","robots":{"index":"index","follow":"follow","max-snippet":"max-snippet:-1","max-image-preview":"max-image-preview:large","max-video-preview":"max-video-preview:-1"},"canonical":"https:\/\/folhadoleste.com.br\/en\/zanin-passa-pela-primeira-sabatina-no-senado\/","og_locale":"en_US","og_type":"article","og_title":"Zanin passa pela primeira sabatina no Senado &#8226; Folha do Leste","og_description":"Cristiano Zanin, indicado ao STF pelo presidente Lula, foi sabatinado na manh\u00e3 desta quarta-feira (21) pela CCJ do Senado.","og_url":"https:\/\/folhadoleste.com.br\/en\/zanin-passa-pela-primeira-sabatina-no-senado\/","og_site_name":"Folha do Leste","article_publisher":"https:\/\/www.facebook.com\/folhadoleste","article_published_time":"2023-06-21T20:34:53+00:00","og_image":[{"width":1170,"height":700,"url":"https:\/\/folhadoleste.com.br\/wp-content\/uploads\/2023\/06\/Cristiano-Zanin-Lula-Marques-Agencia-Brasil.jpg","type":"image\/jpeg"}],"author":"Folha do Leste","twitter_card":"summary_large_image","twitter_creator":"@FolhadoLesteRJ","twitter_site":"@FolhadoLesteRJ","twitter_misc":{"Written by":"Folha do Leste","Est. reading time":"3 minutes"},"schema":{"@context":"https:\/\/schema.org","@graph":[{"@type":"NewsArticle","@id":"https:\/\/folhadoleste.com.br\/zanin-passa-pela-primeira-sabatina-no-senado\/#article","isPartOf":{"@id":"https:\/\/folhadoleste.com.br\/zanin-passa-pela-primeira-sabatina-no-senado\/"},"author":{"name":"Folha do Leste","@id":"https:\/\/folhadoleste.com.br\/#\/schema\/person\/3e97145b2e1861276e84471aa85a3899"},"headline":"Zanin passa pela primeira sabatina no Senado","datePublished":"2023-06-21T20:34:53+00:00","mainEntityOfPage":{"@id":"https:\/\/folhadoleste.com.br\/zanin-passa-pela-primeira-sabatina-no-senado\/"},"wordCount":414,"commentCount":0,"publisher":{"@id":"https:\/\/folhadoleste.com.br\/#organization"},"image":{"@id":"https:\/\/folhadoleste.com.br\/zanin-passa-pela-primeira-sabatina-no-senado\/#primaryimage"},"thumbnailUrl":"https:\/\/folhadoleste.com.br\/wp-content\/uploads\/2023\/06\/Cristiano-Zanin-Lula-Marques-Agencia-Brasil.jpg","keywords":["Cirstiano Zanin","Sabatina","Senado","STF"],"articleSection":["Brasil","Pol\u00edtica"],"inLanguage":"en-US","potentialAction":[{"@type":"CommentAction","name":"Comment","target":["https:\/\/folhadoleste.com.br\/zanin-passa-pela-primeira-sabatina-no-senado\/#respond"]}]},{"@type":"WebPage","@id":"https:\/\/folhadoleste.com.br\/zanin-passa-pela-primeira-sabatina-no-senado\/","url":"https:\/\/folhadoleste.com.br\/zanin-passa-pela-primeira-sabatina-no-senado\/","name":"Zanin passa pela primeira sabatina no Senado &#8226; Folha do Leste","isPartOf":{"@id":"https:\/\/folhadoleste.com.br\/#website"},"primaryImageOfPage":{"@id":"https:\/\/folhadoleste.com.br\/zanin-passa-pela-primeira-sabatina-no-senado\/#primaryimage"},"image":{"@id":"https:\/\/folhadoleste.com.br\/zanin-passa-pela-primeira-sabatina-no-senado\/#primaryimage"},"thumbnailUrl":"https:\/\/folhadoleste.com.br\/wp-content\/uploads\/2023\/06\/Cristiano-Zanin-Lula-Marques-Agencia-Brasil.jpg","datePublished":"2023-06-21T20:34:53+00:00","description":"Cristiano Zanin, indicado ao STF pelo presidente Lula, foi sabatinado na manh\u00e3 desta quarta-feira (21) pela CCJ do Senado.","breadcrumb":{"@id":"https:\/\/folhadoleste.com.br\/zanin-passa-pela-primeira-sabatina-no-senado\/#breadcrumb"},"inLanguage":"en-US","potentialAction":[{"@type":"ReadAction","target":["https:\/\/folhadoleste.com.br\/zanin-passa-pela-primeira-sabatina-no-senado\/"]}]},{"@type":"ImageObject","inLanguage":"en-US","@id":"https:\/\/folhadoleste.com.br\/zanin-passa-pela-primeira-sabatina-no-senado\/#primaryimage","url":"https:\/\/folhadoleste.com.br\/wp-content\/uploads\/2023\/06\/Cristiano-Zanin-Lula-Marques-Agencia-Brasil.jpg","contentUrl":"https:\/\/folhadoleste.com.br\/wp-content\/uploads\/2023\/06\/Cristiano-Zanin-Lula-Marques-Agencia-Brasil.jpg","width":1170,"height":700,"caption":"Cristiano Zanin durante sabatina para o cargo de Ministro do Supremo Tribunal Federal (STF). Foto Lula Marques\/ Ag\u00eancia Brasil."},{"@type":"BreadcrumbList","@id":"https:\/\/folhadoleste.com.br\/zanin-passa-pela-primeira-sabatina-no-senado\/#breadcrumb","itemListElement":[{"@type":"ListItem","position":1,"name":"In\u00edcio","item":"https:\/\/folhadoleste.com.br\/"},{"@type":"ListItem","position":2,"name":"Brasil","item":"https:\/\/folhadoleste.com.br\/category\/brasil\/"},{"@type":"ListItem","position":3,"name":"Pol\u00edtica","item":"https:\/\/folhadoleste.com.br\/category\/brasil\/politica\/"},{"@type":"ListItem","position":4,"name":"Zanin passa pela primeira sabatina no Senado"}]},{"@type":"WebSite","@id":"https:\/\/folhadoleste.com.br\/#website","url":"https:\/\/folhadoleste.com.br\/","name":"Folha do Leste","description":"Portal de Not\u00edcias com \u00eanfase em Niter\u00f3i, criando conte\u00fados desde a capital Rio de Janeiro, com olhar para o Leste Fluminense e suas cidades como S\u00e3o Gon\u00e7alo, Itabora\u00ed, Rio Bonito, Maric\u00e1, Saquarema e Araruama","publisher":{"@id":"https:\/\/folhadoleste.com.br\/#organization"},"alternateName":"FL","potentialAction":[{"@type":"SearchAction","target":{"@type":"EntryPoint","urlTemplate":"https:\/\/folhadoleste.com.br\/?s={search_term_string}"},"query-input":{"@type":"PropertyValueSpecification","valueRequired":true,"valueName":"search_term_string"}}],"inLanguage":"en-US"},{"@type":"Organization","@id":"https:\/\/folhadoleste.com.br\/#organization","name":"Brasil 21 Comunica\u00e7\u00e3o","alternateName":"BR21","url":"https:\/\/folhadoleste.com.br\/","logo":{"@type":"ImageObject","inLanguage":"en-US","@id":"https:\/\/folhadoleste.com.br\/#\/schema\/logo\/image\/","url":"https:\/\/folhadoleste.com.br\/wp-content\/uploads\/2025\/12\/brasil-21-logomarca.avif","contentUrl":"https:\/\/folhadoleste.com.br\/wp-content\/uploads\/2025\/12\/brasil-21-logomarca.avif","width":1044,"height":1044,"caption":"Brasil 21 Comunica\u00e7\u00e3o"},"image":{"@id":"https:\/\/folhadoleste.com.br\/#\/schema\/logo\/image\/"},"sameAs":["https:\/\/www.facebook.com\/folhadoleste","https:\/\/x.com\/FolhadoLesteRJ","https:\/\/www.instagram.com\/folhadoleste\/"]},{"@type":"Person","@id":"https:\/\/folhadoleste.com.br\/#\/schema\/person\/3e97145b2e1861276e84471aa85a3899","name":"Folha do Leste","image":{"@type":"ImageObject","inLanguage":"en-US","@id":"https:\/\/folhadoleste.com.br\/wp-content\/litespeed\/avatar\/1ca8c218432e7045e748610eb3db0259.jpg?ver=1776693931","url":"https:\/\/folhadoleste.com.br\/wp-content\/litespeed\/avatar\/1ca8c218432e7045e748610eb3db0259.jpg?ver=1776693931","contentUrl":"https:\/\/folhadoleste.com.br\/wp-content\/litespeed\/avatar\/1ca8c218432e7045e748610eb3db0259.jpg?ver=1776693931","caption":"Folha do Leste"},"url":"https:\/\/folhadoleste.com.br\/en\/author\/reportagem-01\/"}]}},"_links":{"self":[{"href":"https:\/\/folhadoleste.com.br\/en\/wp-json\/wp\/v2\/posts\/11135","targetHints":{"allow":["GET"]}}],"collection":[{"href":"https:\/\/folhadoleste.com.br\/en\/wp-json\/wp\/v2\/posts"}],"about":[{"href":"https:\/\/folhadoleste.com.br\/en\/wp-json\/wp\/v2\/types\/post"}],"author":[{"embeddable":true,"href":"https:\/\/folhadoleste.com.br\/en\/wp-json\/wp\/v2\/users\/4"}],"replies":[{"embeddable":true,"href":"https:\/\/folhadoleste.com.br\/en\/wp-json\/wp\/v2\/comments?post=11135"}],"version-history":[{"count":1,"href":"https:\/\/folhadoleste.com.br\/en\/wp-json\/wp\/v2\/posts\/11135\/revisions"}],"predecessor-version":[{"id":11143,"href":"https:\/\/folhadoleste.com.br\/en\/wp-json\/wp\/v2\/posts\/11135\/revisions\/11143"}],"wp:featuredmedia":[{"embeddable":true,"href":"https:\/\/folhadoleste.com.br\/en\/wp-json\/wp\/v2\/media\/11142"}],"wp:attachment":[{"href":"https:\/\/folhadoleste.com.br\/en\/wp-json\/wp\/v2\/media?parent=11135"}],"wp:term":[{"taxonomy":"category","embeddable":true,"href":"https:\/\/folhadoleste.com.br\/en\/wp-json\/wp\/v2\/categories?post=11135"},{"taxonomy":"post_tag","embeddable":true,"href":"https:\/\/folhadoleste.com.br\/en\/wp-json\/wp\/v2\/tags?post=11135"}],"curies":[{"name":"wp","href":"https:\/\/api.w.org\/{rel}","templated":true}]}}