{"id":109653,"date":"2025-02-14T14:00:59","date_gmt":"2025-02-14T17:00:59","guid":{"rendered":"https:\/\/folhadoleste.com.br\/?p=109653"},"modified":"2025-02-14T14:00:59","modified_gmt":"2025-02-14T17:00:59","slug":"thiago-galhardo-chega-ao-santa-cruz-o-que-ainda-impede-sua-estreia","status":"publish","type":"post","link":"https:\/\/folhadoleste.com.br\/en\/thiago-galhardo-chega-ao-santa-cruz-o-que-ainda-impede-sua-estreia\/","title":{"rendered":"Thiago Galhardo chega ao Santa Cruz: o que ainda impede sua estreia?"},"content":{"rendered":"<p data-start=\"102\" data-end=\"176\"><img decoding=\"async\" class=\"alignnone size-full wp-image-109655\" src=\"https:\/\/folhadoleste.com.br\/wp-content\/uploads\/2025\/02\/Thiago-Galhardo-Santa-Cruz.jpg\" alt=\"\" width=\"1300\" height=\"700\" \/><\/p>\n<p style=\"text-align: justify;\" data-start=\"178\" data-end=\"457\">O atacante Thiago Galhardo desembarcou no Recife na manh\u00e3 desta sexta-feira (14) e teve grande recep\u00e7\u00e3o da torcida do Santa Cruz, popular time do Recife, em Pernambuco, que agoniza na 4\u00aa divis\u00e3o do futebol nacional. O clube est\u00e1 &#8220;quase&#8221; se tornando uma Sociedade An\u00f4nima do Futebol (SAF), na tentativa de se reerguer. Por conta disso, a contrata\u00e7\u00e3o do atleta corresponde a um &#8220;adiantamento&#8221; do grupo que negocia a aquisi\u00e7\u00e3o do clube. Todavia, sua estreia n\u00e3o acontecer\u00e1 de modo imediato.<\/p>\n<h2 data-start=\"178\" data-end=\"457\"><em>O que ainda impede a estreia do camisa 9?<\/em><\/h2>\n<p style=\"text-align: justify;\" data-start=\"178\" data-end=\"457\">A raz\u00e3o est\u00e1 nas quest\u00f5es burocr\u00e1ticas que envolvem a assinatura de contrato de qualquer jogador. Galhardo tem 34 anos e j\u00e1 n\u00e3o \u00e9 mais nenhum garoto. E mesmo que fosse, clube algum inverte o seguinte processo quando fecha com um jogador: realiza\u00e7\u00e3o de exames e assinatura de contrato. Isso nunca acontece em ordem inversa.<\/p>\n<p style=\"text-align: justify;\" data-start=\"178\" data-end=\"457\">Logo, apesar de j\u00e1 haver um acerto entre as partes, o atleta ainda n\u00e3o assinou com o Santa Cruz. Primeiramente, ter\u00e1 de fazer exames m\u00e9dicos no ambiente do pr\u00f3prio clube e com acompanhamento dos m\u00e9dicos do Santa Cruz. Afinal, o time est\u00e1 em busca de solu\u00e7\u00e3o e n\u00e3o de problemas, Assim sendo, pegar jogador bichado n\u00e3o d\u00e1 p\u00e9.<\/p>\n<p style=\"text-align: justify;\" data-start=\"178\" data-end=\"457\">Justamente por isso, o novo refor\u00e7o desembarcou e seguiu direto para o Arruda, onde vai come\u00e7ar a dar in\u00edcio a esse processo. Mas somente depois do resultado de todos os exames, assegurando que o jogador est\u00e1 em plenas condi\u00e7\u00f5es f\u00edsicas, que ocorrer\u00e1 a assinatura de contrato.<\/p>\n<p style=\"text-align: justify;\" data-start=\"178\" data-end=\"457\">Com os documentos assinados, o clube ainda ter\u00e1 de enfrentar os tr\u00e2mites burocr\u00e1ticos da Federa\u00e7\u00e3o Pernambucana de Futebol e da CBF.\u00a0 A estimativa da diretoria do Santa Cruz \u00e9 de que possa contar com o jogador ainda em tr\u00eas semanas &#8211; caso a parte f\u00edsica, de sa\u00fade e contratual estejam 100% ok.\u00a0Apenas depois disso o atleta estar\u00e1 apto a entrar em campo.<\/p>\n<p data-start=\"748\" data-end=\"1037\">O planejamento da diretoria coral prev\u00ea a estreia de Galhardo na semifinal do Campeonato Pernambucano, marcada para daqui a tr\u00eas semanas. No pr\u00f3ximo domingo (16), o atacante acompanhar\u00e1 das arquibancadas o confronto entre Santa Cruz e Central, no Arruda, v\u00e1lido pela competi\u00e7\u00e3o estadual.<\/p>\n<h3 data-start=\"1039\" data-end=\"1075\">Experi\u00eancia e responsabilidade<\/h3>\n<p style=\"text-align: justify;\" data-start=\"1077\" data-end=\"1470\">Com mais de 400 jogos na carreira e cerca de 90 gols marcados nas \u00faltimas sete temporadas, Thiago Galhardo chega ao Santa Cruz com uma miss\u00e3o clara: liderar o clube em sua retomada no cen\u00e1rio nacional. Aos 34 anos, o atacante j\u00e1 vestiu camisas de peso, como Vasco, Internacional, Fortaleza, Celta de Vigo (Espanha) e Coritiba. Al\u00e9m disso, ele foi artilheiro do Campeonato Brasileiro em 2020.<\/p>\n<p style=\"text-align: justify;\" data-start=\"1472\" data-end=\"1705\">Espera-se que o camisa traga ao elenco coral experi\u00eancia e qualidade, principalmente para a disputa da S\u00e9rie D.<\/p>","protected":false},"excerpt":{"rendered":"<p>O atacante Thiago Galhardo desembarcou no Recife na manh\u00e3 desta sexta-feira (14) e teve grande recep\u00e7\u00e3o da torcida do Santa Cruz, popular time do Recife, em Pernambuco, que agoniza na 4\u00aa divis\u00e3o do futebol nacional. O clube est\u00e1 &#8220;quase&#8221; se tornando uma Sociedade An\u00f4nima do Futebol (SAF), na tentativa de se reerguer. Por conta disso, a contrata\u00e7\u00e3o do atleta corresponde a um &#8220;adiantamento&#8221; do grupo que negocia a aquisi\u00e7\u00e3o do clube. Todavia, sua estreia n\u00e3o acontecer\u00e1 de modo imediato. O que ainda impede a estreia do camisa 9? A raz\u00e3o est\u00e1 nas quest\u00f5es burocr\u00e1ticas que envolvem a assinatura de contrato [&hellip;]<\/p>\n","protected":false},"author":2,"featured_media":109655,"comment_status":"open","ping_status":"open","sticky":false,"template":"","format":"standard","meta":{"footnotes":""},"categories":[65,16939],"tags":[46408,23614,64644,64637,64658,41188,64655,19477,64642,64635,990,64649,64657,64633,64651,545,101,64647,47416,64640,64643,64652,64641,541,64650,64634,64646,64654,64639,2274,64636,64645,2914,64656,64632,64653,64638,64648,64659,104],"class_list":["post-109653","post","type-post","status-publish","format-standard","has-post-thumbnail","hentry","category-futebol-esportes","category-nordeste","tag-artilheiro-brasileiro","tag-artilheiro-do-brasileirao","tag-atacante-artilheiro","tag-atacante-camisa-9","tag-atacante-no-arruda","tag-campeonato-estadual","tag-campeonato-estadual-pernambuco","tag-campeonato-pernambucano","tag-celta-de-vigo","tag-contratacao-no-futebol","tag-coritiba","tag-craque-coral","tag-craque-do-santa","tag-estreia-do-atacante","tag-estreia-futebolistica","tag-fortaleza","tag-futebol","tag-futebol-de-pernambuco","tag-futebol-nacional","tag-futebol-pernambucano","tag-futebol-regional","tag-futuro-da-saf","tag-galhardo-no-recife","tag-internacional","tag-jogador-experiente","tag-jogador-reforco","tag-lideranca-no-ataque","tag-planejamento-esportivo","tag-saf-coral","tag-santa-cruz","tag-santa-cruz-no-arruda","tag-santa-cruz-reforcos","tag-serie-d","tag-serie-d-2025","tag-thiago-galhardo","tag-time-coral","tag-torcida-coral","tag-torcida-de-recife","tag-torcida-do-santa-cruz","tag-vasco","post--single"],"yoast_head":"<!-- This site is optimized with the Yoast SEO plugin v27.4 - https:\/\/yoast.com\/product\/yoast-seo-wordpress\/ -->\n<title>Thiago Galhardo chega ao Santa Cruz: o que ainda impede sua estreia? &#8226; Folha do Leste<\/title>\n<meta name=\"description\" content=\"Thiago Galhardo chega ao Santa Cruz: o que ainda impede sua estreia?\" \/>\n<meta name=\"robots\" content=\"index, follow, max-snippet:-1, max-image-preview:large, max-video-preview:-1\" \/>\n<link rel=\"canonical\" href=\"https:\/\/folhadoleste.com.br\/en\/thiago-galhardo-chega-ao-santa-cruz-o-que-ainda-impede-sua-estreia\/\" \/>\n<meta property=\"og:locale\" content=\"en_US\" \/>\n<meta property=\"og:type\" content=\"article\" \/>\n<meta property=\"og:title\" content=\"Thiago Galhardo chega ao Santa Cruz: o que ainda impede sua estreia? &#8226; Folha do Leste\" \/>\n<meta property=\"og:description\" content=\"Thiago Galhardo chega ao Santa Cruz: o que ainda impede sua estreia?\" \/>\n<meta property=\"og:url\" content=\"https:\/\/folhadoleste.com.br\/en\/thiago-galhardo-chega-ao-santa-cruz-o-que-ainda-impede-sua-estreia\/\" \/>\n<meta property=\"og:site_name\" content=\"Folha do Leste\" \/>\n<meta property=\"article:publisher\" content=\"https:\/\/www.facebook.com\/folhadoleste\" \/>\n<meta property=\"article:author\" content=\"https:\/\/www.facebook.com\/reporter.andrefreitas\/\" \/>\n<meta property=\"article:published_time\" content=\"2025-02-14T17:00:59+00:00\" \/>\n<meta property=\"og:image\" content=\"https:\/\/folhadoleste.com.br\/wp-content\/uploads\/2025\/02\/Thiago-Galhardo-Santa-Cruz.jpg\" \/>\n\t<meta property=\"og:image:width\" content=\"1300\" \/>\n\t<meta property=\"og:image:height\" content=\"700\" \/>\n\t<meta property=\"og:image:type\" content=\"image\/jpeg\" \/>\n<meta name=\"author\" content=\"Andr\u00e9 Freitas\" \/>\n<meta name=\"twitter:card\" content=\"summary_large_image\" \/>\n<meta name=\"twitter:creator\" content=\"@andrefreitas_fl\" \/>\n<meta name=\"twitter:site\" content=\"@FolhadoLesteRJ\" \/>\n<meta name=\"twitter:label1\" content=\"Written by\" \/>\n\t<meta name=\"twitter:data1\" content=\"Andr\u00e9 Freitas\" \/>\n\t<meta name=\"twitter:label2\" content=\"Est. reading time\" \/>\n\t<meta name=\"twitter:data2\" content=\"3 minutes\" \/>\n<script type=\"application\/ld+json\" class=\"yoast-schema-graph\">{\"@context\":\"https:\\\/\\\/schema.org\",\"@graph\":[{\"@type\":\"NewsArticle\",\"@id\":\"https:\\\/\\\/folhadoleste.com.br\\\/thiago-galhardo-chega-ao-santa-cruz-o-que-ainda-impede-sua-estreia\\\/#article\",\"isPartOf\":{\"@id\":\"https:\\\/\\\/folhadoleste.com.br\\\/thiago-galhardo-chega-ao-santa-cruz-o-que-ainda-impede-sua-estreia\\\/\"},\"author\":{\"name\":\"Andr\u00e9 Freitas\",\"@id\":\"https:\\\/\\\/folhadoleste.com.br\\\/#\\\/schema\\\/person\\\/7df02ce7ce01cc6d79b740381f6f5446\"},\"headline\":\"Thiago Galhardo chega ao Santa Cruz: o que ainda impede sua estreia?\",\"datePublished\":\"2025-02-14T17:00:59+00:00\",\"mainEntityOfPage\":{\"@id\":\"https:\\\/\\\/folhadoleste.com.br\\\/thiago-galhardo-chega-ao-santa-cruz-o-que-ainda-impede-sua-estreia\\\/\"},\"wordCount\":478,\"commentCount\":0,\"publisher\":{\"@id\":\"https:\\\/\\\/folhadoleste.com.br\\\/#organization\"},\"image\":{\"@id\":\"https:\\\/\\\/folhadoleste.com.br\\\/thiago-galhardo-chega-ao-santa-cruz-o-que-ainda-impede-sua-estreia\\\/#primaryimage\"},\"thumbnailUrl\":\"https:\\\/\\\/folhadoleste.com.br\\\/wp-content\\\/uploads\\\/2025\\\/02\\\/Thiago-Galhardo-Santa-Cruz.jpg\",\"keywords\":[\"artilheiro brasileiro\",\"Artilheiro do Brasileir\u00e3o\",\"atacante artilheiro\",\"atacante camisa 9\",\"atacante no Arruda\",\"Campeonato Estadual\",\"Campeonato Estadual Pernambuco\",\"Campeonato Pernambucano\",\"Celta de Vigo\",\"contrata\u00e7\u00e3o no futebol\",\"Coritiba\",\"craque coral\",\"craque do Santa\",\"estreia do atacante\",\"estreia futebol\u00edstica\",\"Fortaleza\",\"futebol\",\"futebol de Pernambuco\",\"futebol nacional\",\"futebol pernambucano\",\"futebol regional\",\"futuro da SAF\",\"Galhardo no Recife\",\"Internacional\",\"jogador experiente\",\"jogador refor\u00e7o\",\"lideran\u00e7a no ataque\",\"planejamento esportivo\",\"SAF coral\",\"Santa Cruz\",\"Santa Cruz no Arruda\",\"Santa Cruz refor\u00e7os\",\"S\u00e9rie D\",\"S\u00e9rie D 2025\",\"Thiago Galhardo\",\"time coral\",\"torcida coral\",\"torcida de Recife\",\"torcida do Santa Cruz\",\"Vasco\"],\"articleSection\":[\"Futebol\",\"Nordeste\"],\"inLanguage\":\"en-US\",\"potentialAction\":[{\"@type\":\"CommentAction\",\"name\":\"Comment\",\"target\":[\"https:\\\/\\\/folhadoleste.com.br\\\/thiago-galhardo-chega-ao-santa-cruz-o-que-ainda-impede-sua-estreia\\\/#respond\"]}]},{\"@type\":\"WebPage\",\"@id\":\"https:\\\/\\\/folhadoleste.com.br\\\/thiago-galhardo-chega-ao-santa-cruz-o-que-ainda-impede-sua-estreia\\\/\",\"url\":\"https:\\\/\\\/folhadoleste.com.br\\\/thiago-galhardo-chega-ao-santa-cruz-o-que-ainda-impede-sua-estreia\\\/\",\"name\":\"Thiago Galhardo chega ao Santa Cruz: o que ainda impede sua estreia? &#8226; Folha do Leste\",\"isPartOf\":{\"@id\":\"https:\\\/\\\/folhadoleste.com.br\\\/#website\"},\"primaryImageOfPage\":{\"@id\":\"https:\\\/\\\/folhadoleste.com.br\\\/thiago-galhardo-chega-ao-santa-cruz-o-que-ainda-impede-sua-estreia\\\/#primaryimage\"},\"image\":{\"@id\":\"https:\\\/\\\/folhadoleste.com.br\\\/thiago-galhardo-chega-ao-santa-cruz-o-que-ainda-impede-sua-estreia\\\/#primaryimage\"},\"thumbnailUrl\":\"https:\\\/\\\/folhadoleste.com.br\\\/wp-content\\\/uploads\\\/2025\\\/02\\\/Thiago-Galhardo-Santa-Cruz.jpg\",\"datePublished\":\"2025-02-14T17:00:59+00:00\",\"description\":\"Thiago Galhardo chega ao Santa Cruz: o que ainda impede sua estreia?\",\"breadcrumb\":{\"@id\":\"https:\\\/\\\/folhadoleste.com.br\\\/thiago-galhardo-chega-ao-santa-cruz-o-que-ainda-impede-sua-estreia\\\/#breadcrumb\"},\"inLanguage\":\"en-US\",\"potentialAction\":[{\"@type\":\"ReadAction\",\"target\":[\"https:\\\/\\\/folhadoleste.com.br\\\/thiago-galhardo-chega-ao-santa-cruz-o-que-ainda-impede-sua-estreia\\\/\"]}]},{\"@type\":\"ImageObject\",\"inLanguage\":\"en-US\",\"@id\":\"https:\\\/\\\/folhadoleste.com.br\\\/thiago-galhardo-chega-ao-santa-cruz-o-que-ainda-impede-sua-estreia\\\/#primaryimage\",\"url\":\"https:\\\/\\\/folhadoleste.com.br\\\/wp-content\\\/uploads\\\/2025\\\/02\\\/Thiago-Galhardo-Santa-Cruz.jpg\",\"contentUrl\":\"https:\\\/\\\/folhadoleste.com.br\\\/wp-content\\\/uploads\\\/2025\\\/02\\\/Thiago-Galhardo-Santa-Cruz.jpg\",\"width\":1300,\"height\":700},{\"@type\":\"BreadcrumbList\",\"@id\":\"https:\\\/\\\/folhadoleste.com.br\\\/thiago-galhardo-chega-ao-santa-cruz-o-que-ainda-impede-sua-estreia\\\/#breadcrumb\",\"itemListElement\":[{\"@type\":\"ListItem\",\"position\":1,\"name\":\"In\u00edcio\",\"item\":\"https:\\\/\\\/folhadoleste.com.br\\\/\"},{\"@type\":\"ListItem\",\"position\":2,\"name\":\"Esportes\",\"item\":\"https:\\\/\\\/folhadoleste.com.br\\\/category\\\/esportes\\\/\"},{\"@type\":\"ListItem\",\"position\":3,\"name\":\"Futebol\",\"item\":\"https:\\\/\\\/folhadoleste.com.br\\\/category\\\/esportes\\\/futebol-esportes\\\/\"},{\"@type\":\"ListItem\",\"position\":4,\"name\":\"Thiago Galhardo chega ao Santa Cruz: o que ainda impede sua estreia?\"}]},{\"@type\":\"WebSite\",\"@id\":\"https:\\\/\\\/folhadoleste.com.br\\\/#website\",\"url\":\"https:\\\/\\\/folhadoleste.com.br\\\/\",\"name\":\"Folha do Leste\",\"description\":\"Portal de Not\u00edcias com \u00eanfase em Niter\u00f3i, criando conte\u00fados desde a capital Rio de Janeiro, com olhar para o Leste Fluminense e suas cidades como S\u00e3o Gon\u00e7alo, Itabora\u00ed, Rio Bonito, Maric\u00e1, Saquarema e Araruama\",\"publisher\":{\"@id\":\"https:\\\/\\\/folhadoleste.com.br\\\/#organization\"},\"alternateName\":\"FL\",\"potentialAction\":[{\"@type\":\"SearchAction\",\"target\":{\"@type\":\"EntryPoint\",\"urlTemplate\":\"https:\\\/\\\/folhadoleste.com.br\\\/?s={search_term_string}\"},\"query-input\":{\"@type\":\"PropertyValueSpecification\",\"valueRequired\":true,\"valueName\":\"search_term_string\"}}],\"inLanguage\":\"en-US\"},{\"@type\":\"Organization\",\"@id\":\"https:\\\/\\\/folhadoleste.com.br\\\/#organization\",\"name\":\"Brasil 21 Comunica\u00e7\u00e3o\",\"alternateName\":\"BR21\",\"url\":\"https:\\\/\\\/folhadoleste.com.br\\\/\",\"logo\":{\"@type\":\"ImageObject\",\"inLanguage\":\"en-US\",\"@id\":\"https:\\\/\\\/folhadoleste.com.br\\\/#\\\/schema\\\/logo\\\/image\\\/\",\"url\":\"https:\\\/\\\/folhadoleste.com.br\\\/wp-content\\\/uploads\\\/2025\\\/12\\\/brasil-21-logomarca.avif\",\"contentUrl\":\"https:\\\/\\\/folhadoleste.com.br\\\/wp-content\\\/uploads\\\/2025\\\/12\\\/brasil-21-logomarca.avif\",\"width\":1044,\"height\":1044,\"caption\":\"Brasil 21 Comunica\u00e7\u00e3o\"},\"image\":{\"@id\":\"https:\\\/\\\/folhadoleste.com.br\\\/#\\\/schema\\\/logo\\\/image\\\/\"},\"sameAs\":[\"https:\\\/\\\/www.facebook.com\\\/folhadoleste\",\"https:\\\/\\\/x.com\\\/FolhadoLesteRJ\",\"https:\\\/\\\/www.instagram.com\\\/folhadoleste\\\/\"]},{\"@type\":\"Person\",\"@id\":\"https:\\\/\\\/folhadoleste.com.br\\\/#\\\/schema\\\/person\\\/7df02ce7ce01cc6d79b740381f6f5446\",\"name\":\"Andr\u00e9 Freitas\",\"pronouns\":\"Ele\\\/dele\",\"image\":{\"@type\":\"ImageObject\",\"inLanguage\":\"en-US\",\"@id\":\"https:\\\/\\\/folhadoleste.com.br\\\/wp-content\\\/litespeed\\\/avatar\\\/0357fd225fa38935ec9aabab3531fa5e.jpg?ver=1777161141\",\"url\":\"https:\\\/\\\/folhadoleste.com.br\\\/wp-content\\\/litespeed\\\/avatar\\\/0357fd225fa38935ec9aabab3531fa5e.jpg?ver=1777161141\",\"contentUrl\":\"https:\\\/\\\/folhadoleste.com.br\\\/wp-content\\\/litespeed\\\/avatar\\\/0357fd225fa38935ec9aabab3531fa5e.jpg?ver=1777161141\",\"caption\":\"Andr\u00e9 Freitas\"},\"description\":\"Andr\u00e9 Freitas \u00e9 diretor-executivo e rep\u00f3rter do Folha do Leste e da Brasil 21 Comunica\u00e7\u00e3o. Jornalista e radialista desde a d\u00e9cada de 1990, \u00e9 narrador esportivo e cronista especializado em Carnaval, com 26 coberturas presenciais na Marqu\u00eas de Sapuca\u00ed. Possui ampla experi\u00eancia na cobertura da editoria de pol\u00edtica, em raz\u00e3o de fun\u00e7\u00f5es exercidas nos poderes Legislativo e Executivo, com atua\u00e7\u00e3o nas C\u00e2maras Municipais de Niter\u00f3i, S\u00e3o Gon\u00e7alo e Campos dos Goytacazes, al\u00e9m da Assembleia Legislativa do Estado do Rio de Janeiro (Alerj) e da Prefeitura de Niter\u00f3i. Dirigiu por 15 anos a R\u00e1dio Absoluta, onde apresentou programas noticiosos di\u00e1rios e conduziu coberturas esportivas, incluindo mais de uma d\u00e9cada acompanhando a sele\u00e7\u00e3o brasileira de futebol. Nesse per\u00edodo, esteve presente em duas Copas do Mundo e em uma edi\u00e7\u00e3o dos Jogos Ol\u00edmpicos. Trabalhou tamb\u00e9m nas r\u00e1dios Campos Difusora (Campos\\\/RJ) e Litor\u00e2nea (ES). Exerceu o cargo de editor-chefe nos jornais Olho Vivo (Niter\u00f3i\\\/RJ) e A Tribuna (Niter\u00f3i\\\/RJ), al\u00e9m de atuar como colunista do jornal O Di\u00e1rio (Campos dos Goytacazes\\\/RJ).\",\"sameAs\":[\"https:\\\/\\\/folhadoleste.com.br\",\"https:\\\/\\\/www.facebook.com\\\/reporter.andrefreitas\\\/\",\"https:\\\/\\\/www.instagram.com\\\/andrefreitas.jornalista\\\/\",\"www.linkedin.com\\\/in\\\/andr\u00e9-freitas-jornalista\",\"https:\\\/\\\/x.com\\\/andrefreitas_fl\"],\"url\":\"https:\\\/\\\/folhadoleste.com.br\\\/en\\\/author\\\/andrefreitas\\\/\"}]}<\/script>\n<!-- \/ Yoast SEO plugin. -->","yoast_head_json":{"title":"Thiago Galhardo chega ao Santa Cruz: o que ainda impede sua estreia? &#8226; Folha do Leste","description":"Thiago Galhardo chega ao Santa Cruz: o que ainda impede sua estreia?","robots":{"index":"index","follow":"follow","max-snippet":"max-snippet:-1","max-image-preview":"max-image-preview:large","max-video-preview":"max-video-preview:-1"},"canonical":"https:\/\/folhadoleste.com.br\/en\/thiago-galhardo-chega-ao-santa-cruz-o-que-ainda-impede-sua-estreia\/","og_locale":"en_US","og_type":"article","og_title":"Thiago Galhardo chega ao Santa Cruz: o que ainda impede sua estreia? &#8226; Folha do Leste","og_description":"Thiago Galhardo chega ao Santa Cruz: o que ainda impede sua estreia?","og_url":"https:\/\/folhadoleste.com.br\/en\/thiago-galhardo-chega-ao-santa-cruz-o-que-ainda-impede-sua-estreia\/","og_site_name":"Folha do Leste","article_publisher":"https:\/\/www.facebook.com\/folhadoleste","article_author":"https:\/\/www.facebook.com\/reporter.andrefreitas\/","article_published_time":"2025-02-14T17:00:59+00:00","og_image":[{"width":1300,"height":700,"url":"https:\/\/folhadoleste.com.br\/wp-content\/uploads\/2025\/02\/Thiago-Galhardo-Santa-Cruz.jpg","type":"image\/jpeg"}],"author":"Andr\u00e9 Freitas","twitter_card":"summary_large_image","twitter_creator":"@andrefreitas_fl","twitter_site":"@FolhadoLesteRJ","twitter_misc":{"Written by":"Andr\u00e9 Freitas","Est. reading time":"3 minutes"},"schema":{"@context":"https:\/\/schema.org","@graph":[{"@type":"NewsArticle","@id":"https:\/\/folhadoleste.com.br\/thiago-galhardo-chega-ao-santa-cruz-o-que-ainda-impede-sua-estreia\/#article","isPartOf":{"@id":"https:\/\/folhadoleste.com.br\/thiago-galhardo-chega-ao-santa-cruz-o-que-ainda-impede-sua-estreia\/"},"author":{"name":"Andr\u00e9 Freitas","@id":"https:\/\/folhadoleste.com.br\/#\/schema\/person\/7df02ce7ce01cc6d79b740381f6f5446"},"headline":"Thiago Galhardo chega ao Santa Cruz: o que ainda impede sua estreia?","datePublished":"2025-02-14T17:00:59+00:00","mainEntityOfPage":{"@id":"https:\/\/folhadoleste.com.br\/thiago-galhardo-chega-ao-santa-cruz-o-que-ainda-impede-sua-estreia\/"},"wordCount":478,"commentCount":0,"publisher":{"@id":"https:\/\/folhadoleste.com.br\/#organization"},"image":{"@id":"https:\/\/folhadoleste.com.br\/thiago-galhardo-chega-ao-santa-cruz-o-que-ainda-impede-sua-estreia\/#primaryimage"},"thumbnailUrl":"https:\/\/folhadoleste.com.br\/wp-content\/uploads\/2025\/02\/Thiago-Galhardo-Santa-Cruz.jpg","keywords":["artilheiro brasileiro","Artilheiro do Brasileir\u00e3o","atacante artilheiro","atacante camisa 9","atacante no Arruda","Campeonato Estadual","Campeonato Estadual Pernambuco","Campeonato Pernambucano","Celta de Vigo","contrata\u00e7\u00e3o no futebol","Coritiba","craque coral","craque do Santa","estreia do atacante","estreia futebol\u00edstica","Fortaleza","futebol","futebol de Pernambuco","futebol nacional","futebol pernambucano","futebol regional","futuro da SAF","Galhardo no Recife","Internacional","jogador experiente","jogador refor\u00e7o","lideran\u00e7a no ataque","planejamento esportivo","SAF coral","Santa Cruz","Santa Cruz no Arruda","Santa Cruz refor\u00e7os","S\u00e9rie D","S\u00e9rie D 2025","Thiago Galhardo","time coral","torcida coral","torcida de Recife","torcida do Santa Cruz","Vasco"],"articleSection":["Futebol","Nordeste"],"inLanguage":"en-US","potentialAction":[{"@type":"CommentAction","name":"Comment","target":["https:\/\/folhadoleste.com.br\/thiago-galhardo-chega-ao-santa-cruz-o-que-ainda-impede-sua-estreia\/#respond"]}]},{"@type":"WebPage","@id":"https:\/\/folhadoleste.com.br\/thiago-galhardo-chega-ao-santa-cruz-o-que-ainda-impede-sua-estreia\/","url":"https:\/\/folhadoleste.com.br\/thiago-galhardo-chega-ao-santa-cruz-o-que-ainda-impede-sua-estreia\/","name":"Thiago Galhardo chega ao Santa Cruz: o que ainda impede sua estreia? &#8226; Folha do Leste","isPartOf":{"@id":"https:\/\/folhadoleste.com.br\/#website"},"primaryImageOfPage":{"@id":"https:\/\/folhadoleste.com.br\/thiago-galhardo-chega-ao-santa-cruz-o-que-ainda-impede-sua-estreia\/#primaryimage"},"image":{"@id":"https:\/\/folhadoleste.com.br\/thiago-galhardo-chega-ao-santa-cruz-o-que-ainda-impede-sua-estreia\/#primaryimage"},"thumbnailUrl":"https:\/\/folhadoleste.com.br\/wp-content\/uploads\/2025\/02\/Thiago-Galhardo-Santa-Cruz.jpg","datePublished":"2025-02-14T17:00:59+00:00","description":"Thiago Galhardo chega ao Santa Cruz: o que ainda impede sua estreia?","breadcrumb":{"@id":"https:\/\/folhadoleste.com.br\/thiago-galhardo-chega-ao-santa-cruz-o-que-ainda-impede-sua-estreia\/#breadcrumb"},"inLanguage":"en-US","potentialAction":[{"@type":"ReadAction","target":["https:\/\/folhadoleste.com.br\/thiago-galhardo-chega-ao-santa-cruz-o-que-ainda-impede-sua-estreia\/"]}]},{"@type":"ImageObject","inLanguage":"en-US","@id":"https:\/\/folhadoleste.com.br\/thiago-galhardo-chega-ao-santa-cruz-o-que-ainda-impede-sua-estreia\/#primaryimage","url":"https:\/\/folhadoleste.com.br\/wp-content\/uploads\/2025\/02\/Thiago-Galhardo-Santa-Cruz.jpg","contentUrl":"https:\/\/folhadoleste.com.br\/wp-content\/uploads\/2025\/02\/Thiago-Galhardo-Santa-Cruz.jpg","width":1300,"height":700},{"@type":"BreadcrumbList","@id":"https:\/\/folhadoleste.com.br\/thiago-galhardo-chega-ao-santa-cruz-o-que-ainda-impede-sua-estreia\/#breadcrumb","itemListElement":[{"@type":"ListItem","position":1,"name":"In\u00edcio","item":"https:\/\/folhadoleste.com.br\/"},{"@type":"ListItem","position":2,"name":"Esportes","item":"https:\/\/folhadoleste.com.br\/category\/esportes\/"},{"@type":"ListItem","position":3,"name":"Futebol","item":"https:\/\/folhadoleste.com.br\/category\/esportes\/futebol-esportes\/"},{"@type":"ListItem","position":4,"name":"Thiago Galhardo chega ao Santa Cruz: o que ainda impede sua estreia?"}]},{"@type":"WebSite","@id":"https:\/\/folhadoleste.com.br\/#website","url":"https:\/\/folhadoleste.com.br\/","name":"Folha do Leste","description":"Portal de Not\u00edcias com \u00eanfase em Niter\u00f3i, criando conte\u00fados desde a capital Rio de Janeiro, com olhar para o Leste Fluminense e suas cidades como S\u00e3o Gon\u00e7alo, Itabora\u00ed, Rio Bonito, Maric\u00e1, Saquarema e Araruama","publisher":{"@id":"https:\/\/folhadoleste.com.br\/#organization"},"alternateName":"FL","potentialAction":[{"@type":"SearchAction","target":{"@type":"EntryPoint","urlTemplate":"https:\/\/folhadoleste.com.br\/?s={search_term_string}"},"query-input":{"@type":"PropertyValueSpecification","valueRequired":true,"valueName":"search_term_string"}}],"inLanguage":"en-US"},{"@type":"Organization","@id":"https:\/\/folhadoleste.com.br\/#organization","name":"Brasil 21 Comunica\u00e7\u00e3o","alternateName":"BR21","url":"https:\/\/folhadoleste.com.br\/","logo":{"@type":"ImageObject","inLanguage":"en-US","@id":"https:\/\/folhadoleste.com.br\/#\/schema\/logo\/image\/","url":"https:\/\/folhadoleste.com.br\/wp-content\/uploads\/2025\/12\/brasil-21-logomarca.avif","contentUrl":"https:\/\/folhadoleste.com.br\/wp-content\/uploads\/2025\/12\/brasil-21-logomarca.avif","width":1044,"height":1044,"caption":"Brasil 21 Comunica\u00e7\u00e3o"},"image":{"@id":"https:\/\/folhadoleste.com.br\/#\/schema\/logo\/image\/"},"sameAs":["https:\/\/www.facebook.com\/folhadoleste","https:\/\/x.com\/FolhadoLesteRJ","https:\/\/www.instagram.com\/folhadoleste\/"]},{"@type":"Person","@id":"https:\/\/folhadoleste.com.br\/#\/schema\/person\/7df02ce7ce01cc6d79b740381f6f5446","name":"Andr\u00e9 Freitas","pronouns":"Ele\/dele","image":{"@type":"ImageObject","inLanguage":"en-US","@id":"https:\/\/folhadoleste.com.br\/wp-content\/litespeed\/avatar\/0357fd225fa38935ec9aabab3531fa5e.jpg?ver=1777161141","url":"https:\/\/folhadoleste.com.br\/wp-content\/litespeed\/avatar\/0357fd225fa38935ec9aabab3531fa5e.jpg?ver=1777161141","contentUrl":"https:\/\/folhadoleste.com.br\/wp-content\/litespeed\/avatar\/0357fd225fa38935ec9aabab3531fa5e.jpg?ver=1777161141","caption":"Andr\u00e9 Freitas"},"description":"Andr\u00e9 Freitas \u00e9 diretor-executivo e rep\u00f3rter do Folha do Leste e da Brasil 21 Comunica\u00e7\u00e3o. Jornalista e radialista desde a d\u00e9cada de 1990, \u00e9 narrador esportivo e cronista especializado em Carnaval, com 26 coberturas presenciais na Marqu\u00eas de Sapuca\u00ed. Possui ampla experi\u00eancia na cobertura da editoria de pol\u00edtica, em raz\u00e3o de fun\u00e7\u00f5es exercidas nos poderes Legislativo e Executivo, com atua\u00e7\u00e3o nas C\u00e2maras Municipais de Niter\u00f3i, S\u00e3o Gon\u00e7alo e Campos dos Goytacazes, al\u00e9m da Assembleia Legislativa do Estado do Rio de Janeiro (Alerj) e da Prefeitura de Niter\u00f3i. Dirigiu por 15 anos a R\u00e1dio Absoluta, onde apresentou programas noticiosos di\u00e1rios e conduziu coberturas esportivas, incluindo mais de uma d\u00e9cada acompanhando a sele\u00e7\u00e3o brasileira de futebol. Nesse per\u00edodo, esteve presente em duas Copas do Mundo e em uma edi\u00e7\u00e3o dos Jogos Ol\u00edmpicos. Trabalhou tamb\u00e9m nas r\u00e1dios Campos Difusora (Campos\/RJ) e Litor\u00e2nea (ES). Exerceu o cargo de editor-chefe nos jornais Olho Vivo (Niter\u00f3i\/RJ) e A Tribuna (Niter\u00f3i\/RJ), al\u00e9m de atuar como colunista do jornal O Di\u00e1rio (Campos dos Goytacazes\/RJ).","sameAs":["https:\/\/folhadoleste.com.br","https:\/\/www.facebook.com\/reporter.andrefreitas\/","https:\/\/www.instagram.com\/andrefreitas.jornalista\/","www.linkedin.com\/in\/andr\u00e9-freitas-jornalista","https:\/\/x.com\/andrefreitas_fl"],"url":"https:\/\/folhadoleste.com.br\/en\/author\/andrefreitas\/"}]}},"_links":{"self":[{"href":"https:\/\/folhadoleste.com.br\/en\/wp-json\/wp\/v2\/posts\/109653","targetHints":{"allow":["GET"]}}],"collection":[{"href":"https:\/\/folhadoleste.com.br\/en\/wp-json\/wp\/v2\/posts"}],"about":[{"href":"https:\/\/folhadoleste.com.br\/en\/wp-json\/wp\/v2\/types\/post"}],"author":[{"embeddable":true,"href":"https:\/\/folhadoleste.com.br\/en\/wp-json\/wp\/v2\/users\/2"}],"replies":[{"embeddable":true,"href":"https:\/\/folhadoleste.com.br\/en\/wp-json\/wp\/v2\/comments?post=109653"}],"version-history":[{"count":1,"href":"https:\/\/folhadoleste.com.br\/en\/wp-json\/wp\/v2\/posts\/109653\/revisions"}],"predecessor-version":[{"id":109656,"href":"https:\/\/folhadoleste.com.br\/en\/wp-json\/wp\/v2\/posts\/109653\/revisions\/109656"}],"wp:featuredmedia":[{"embeddable":true,"href":"https:\/\/folhadoleste.com.br\/en\/wp-json\/wp\/v2\/media\/109655"}],"wp:attachment":[{"href":"https:\/\/folhadoleste.com.br\/en\/wp-json\/wp\/v2\/media?parent=109653"}],"wp:term":[{"taxonomy":"category","embeddable":true,"href":"https:\/\/folhadoleste.com.br\/en\/wp-json\/wp\/v2\/categories?post=109653"},{"taxonomy":"post_tag","embeddable":true,"href":"https:\/\/folhadoleste.com.br\/en\/wp-json\/wp\/v2\/tags?post=109653"}],"curies":[{"name":"wp","href":"https:\/\/api.w.org\/{rel}","templated":true}]}}