{"id":109636,"date":"2025-02-14T13:01:26","date_gmt":"2025-02-14T16:01:26","guid":{"rendered":"https:\/\/folhadoleste.com.br\/?p=109636"},"modified":"2025-02-14T13:01:26","modified_gmt":"2025-02-14T16:01:26","slug":"prisao-de-suspeito-de-homicidio-e-ocultacao-de-cadaver-em-niteroi","status":"publish","type":"post","link":"https:\/\/folhadoleste.com.br\/en\/prisao-de-suspeito-de-homicidio-e-ocultacao-de-cadaver-em-niteroi\/","title":{"rendered":"Pris\u00e3o de suspeito de homic\u00eddio e oculta\u00e7\u00e3o de cad\u00e1ver em Niter\u00f3i"},"content":{"rendered":"<div id=\"attachment_109638\" style=\"width: 1210px\" class=\"wp-caption aligncenter\"><img decoding=\"async\" aria-describedby=\"caption-attachment-109638\" class=\"size-full wp-image-109638\" src=\"https:\/\/folhadoleste.com.br\/wp-content\/uploads\/2025\/02\/Prisao-de-suspeito-de-homicidio-e-ocultacao-de-cadaver-em-Niteroi-Foto-Reproducao.jpeg\" alt=\"\" width=\"1200\" height=\"1920\" \/><p id=\"caption-attachment-109638\" class=\"wp-caption-text\">Pris\u00e3o de suspeito de homic\u00eddio e oculta\u00e7\u00e3o de cad\u00e1ver em Niter\u00f3i | Reprodu\u00e7\u00e3o<\/p><\/div>\n<p style=\"text-align: justify;\" data-start=\"139\" data-end=\"363\">Nesta quinta-feira (13), a Pol\u00edcia Civil prendeu Ronny Batalha Fernandes, em Niter\u00f3i, no Leste Fluminense. Ele \u00e9 acusado de homic\u00eddio qualificado e oculta\u00e7\u00e3o de cad\u00e1ver, crimes cometidos no final de novembro de 2024.<\/p>\n<h4 style=\"text-align: justify;\" data-start=\"365\" data-end=\"413\">Crime Violento na Comunidade do Prevent\u00f3rio<\/h4>\n<p style=\"text-align: justify;\" data-start=\"415\" data-end=\"637\">O homic\u00eddio ocorreu na Comunidade do Prevent\u00f3rio, onde a v\u00edtima, Marcos de Souza Freitas, foi brutalmente assassinada. Ap\u00f3s sua morte, o corpo foi concretado na pr\u00f3pria resid\u00eancia da v\u00edtima, que estava em processo de obra.<\/p>\n<h4 style=\"text-align: justify;\" data-start=\"639\" data-end=\"677\">Investiga\u00e7\u00e3o e Pris\u00e3o de Comparsa<\/h4>\n<p style=\"text-align: justify;\" data-start=\"679\" data-end=\"1024\">As investiga\u00e7\u00f5es da Delegacia de Homic\u00eddios de Niter\u00f3i, S\u00e3o Gon\u00e7alo e Itabora\u00ed (DHNSG) apontaram que Ronny era comparsa de Lucas de Souza Freitas, sobrinho da v\u00edtima.<\/p>\n<h5 style=\"text-align: center;\"><span style=\"color: #000000;\"><span style=\"color: #ff0000;\"><strong>+ <\/strong><\/span><\/span><span style=\"color: #000000;\"><strong><span style=\"color: #ff9900;\">MAIS NOT\u00cdCIAS DE NITER\u00d3I?<\/span>\u00a0<\/strong><\/span><span style=\"color: #008080;\"><a style=\"color: #008080;\" href=\"https:\/\/folhadoleste.com.br\/en\/category\/jornal-folha-do-leste-rj\/niteroi\/\"><strong>CLIQUE AQUI<\/strong><\/a><\/span><\/h5>\n<p style=\"text-align: justify;\" data-start=\"679\" data-end=\"1024\">Os dois teriam matado Marcos ap\u00f3s uma s\u00e9rie de facadas desferidas por Lucas. Ronny, por sua vez, impediu qualquer rea\u00e7\u00e3o ou fuga da v\u00edtima, contribuindo diretamente para o crime.<\/p>\n<h4 style=\"text-align: justify;\" data-start=\"1026\" data-end=\"1062\">Foragido Desde Dezembro de 2024<\/h4>\n<p style=\"text-align: justify;\" data-start=\"1064\" data-end=\"1266\">Ronny estava foragido desde dezembro de 2024 e chegou a se refugiar em Limeira, S\u00e3o Paulo, por algumas semanas.<\/p>\n<p style=\"text-align: justify;\" data-start=\"1064\" data-end=\"1266\">No entanto, ap\u00f3s monitoramento constante, ele foi localizado e preso no Centro de Niter\u00f3i.<\/p>\n<h4 style=\"text-align: justify;\" data-start=\"1268\" data-end=\"1308\">Encaminhamento ao Sistema Prisional<\/h4>\n<p style=\"text-align: justify;\" data-start=\"1310\" data-end=\"1477\">Ap\u00f3s as formalidades legais, Ronny Batalha Fernandes foi encaminhado ao sistema prisional, onde ficar\u00e1 \u00e0 disposi\u00e7\u00e3o da Justi\u00e7a para responder pelos crimes que cometeu.<\/p>\n<div id=\"attachment_77492\" class=\"wp-caption aligncenter\"><a href=\"http:\/\/instagram.com\/folhadoleste\"><img decoding=\"async\" class=\"wp-image-77492 size-full\" src=\"https:\/\/folhadoleste.com.br\/wp-content\/uploads\/2024\/07\/Instagram-Folha-do-Leste.png\" alt=\"http:\/\/instagram.com\/folhadoleste\" width=\"400\" height=\"200\" aria-describedby=\"caption-attachment-77492\" \/><\/a><\/div>\n<div id=\"attachment_77490\" class=\"wp-caption aligncenter\"><a href=\"http:\/\/facebook.com\/folhadoleste\"><img decoding=\"async\" class=\"size-medium wp-image-77490\" src=\"https:\/\/folhadoleste.com.br\/wp-content\/uploads\/2024\/07\/Facebook-Folha-do-Leste-10k-300x300.jpg\" alt=\"Curta e siga o Folha do Leste no Facebook!\" width=\"300\" height=\"300\" aria-describedby=\"caption-attachment-77490\" \/><\/a><\/div>","protected":false},"excerpt":{"rendered":"<p>Nesta quinta-feira (13), a Pol\u00edcia Civil prendeu Ronny Batalha Fernandes, em Niter\u00f3i, no Leste Fluminense. Ele \u00e9 acusado de homic\u00eddio qualificado e oculta\u00e7\u00e3o de cad\u00e1ver, crimes cometidos no final de novembro de 2024. Crime Violento na Comunidade do Prevent\u00f3rio O homic\u00eddio ocorreu na Comunidade do Prevent\u00f3rio, onde a v\u00edtima, Marcos de Souza Freitas, foi brutalmente assassinada. Ap\u00f3s sua morte, o corpo foi concretado na pr\u00f3pria resid\u00eancia da v\u00edtima, que estava em processo de obra. Investiga\u00e7\u00e3o e Pris\u00e3o de Comparsa As investiga\u00e7\u00f5es da Delegacia de Homic\u00eddios de Niter\u00f3i, S\u00e3o Gon\u00e7alo e Itabora\u00ed (DHNSG) apontaram que Ronny era comparsa de Lucas de [&hellip;]<\/p>\n","protected":false},"author":4,"featured_media":109639,"comment_status":"open","ping_status":"open","sticky":false,"template":"","format":"standard","meta":{"footnotes":""},"categories":[47,5],"tags":[13496,3076,38414,68,9667,4992,2362,28927,37525,5388,3023,64625,640,864,697,54,32305,15648,19814,50,12645,6567,64624,4674,10102,78,410,4640,6809,206,58654,824,3808,10996,651],"class_list":["post-109636","post","type-post","status-publish","format-standard","has-post-thumbnail","hentry","category-leste-fluminense","category-noticias-de-niteroi","tag-antecedentes-criminais","tag-assassinato","tag-atualidades","tag-brasil","tag-cadaver","tag-corpo","tag-crime","tag-delegacia-de-homicidios-de-niteroi","tag-depoimentos","tag-dhnsg","tag-homicidio","tag-homicidio-em-niteroi","tag-informacoes","tag-investigacao","tag-justica","tag-leste-fluminense","tag-local-do-crime","tag-mandado-de-prisao","tag-motivacao","tag-niteroi","tag-niteroi-rj","tag-noticias","tag-ocultacao","tag-ocultacao-de-cadaver","tag-pericia","tag-policia","tag-prisao","tag-prisao-em-flagrante","tag-provas","tag-rj","tag-sao-goncalo-e-itaborai","tag-seguranca-publica","tag-suspeito","tag-testemunhas","tag-violencia","post--single"],"yoast_head":"<!-- This site is optimized with the Yoast SEO plugin v27.4 - https:\/\/yoast.com\/product\/yoast-seo-wordpress\/ -->\n<title>Pris\u00e3o de suspeito de homic\u00eddio e oculta\u00e7\u00e3o de cad\u00e1ver em Niter\u00f3i &#8226; Folha do Leste<\/title>\n<meta name=\"description\" content=\"Pris\u00e3o de suspeito de homic\u00eddio e oculta\u00e7\u00e3o de cad\u00e1ver em Niter\u00f3i. Crime aconteceu em novembro; Confira a reportagem...\" \/>\n<meta name=\"robots\" content=\"index, follow, max-snippet:-1, max-image-preview:large, max-video-preview:-1\" \/>\n<link rel=\"canonical\" href=\"https:\/\/folhadoleste.com.br\/en\/prisao-de-suspeito-de-homicidio-e-ocultacao-de-cadaver-em-niteroi\/\" \/>\n<meta property=\"og:locale\" content=\"en_US\" \/>\n<meta property=\"og:type\" content=\"article\" \/>\n<meta property=\"og:title\" content=\"Pris\u00e3o de suspeito de homic\u00eddio e oculta\u00e7\u00e3o de cad\u00e1ver em Niter\u00f3i &#8226; Folha do Leste\" \/>\n<meta property=\"og:description\" content=\"Pris\u00e3o de suspeito de homic\u00eddio e oculta\u00e7\u00e3o de cad\u00e1ver em Niter\u00f3i. Crime aconteceu em novembro; Confira a reportagem...\" \/>\n<meta property=\"og:url\" content=\"https:\/\/folhadoleste.com.br\/en\/prisao-de-suspeito-de-homicidio-e-ocultacao-de-cadaver-em-niteroi\/\" \/>\n<meta property=\"og:site_name\" content=\"Folha do Leste\" \/>\n<meta property=\"article:publisher\" content=\"https:\/\/www.facebook.com\/folhadoleste\" \/>\n<meta property=\"article:published_time\" content=\"2025-02-14T16:01:26+00:00\" \/>\n<meta property=\"og:image\" content=\"https:\/\/folhadoleste.com.br\/wp-content\/uploads\/2025\/02\/Prisao-de-suspeito-de-homicidio-e-ocultacao-de-cadaver-em-Niteroi-Foto-Cortada-Reproducao.jpeg\" \/>\n\t<meta property=\"og:image:width\" content=\"1200\" \/>\n\t<meta property=\"og:image:height\" content=\"675\" \/>\n\t<meta property=\"og:image:type\" content=\"image\/jpeg\" \/>\n<meta name=\"author\" content=\"Folha do Leste\" \/>\n<meta name=\"twitter:card\" content=\"summary_large_image\" \/>\n<meta name=\"twitter:creator\" content=\"@FolhadoLesteRJ\" \/>\n<meta name=\"twitter:site\" content=\"@FolhadoLesteRJ\" \/>\n<meta name=\"twitter:label1\" content=\"Written by\" \/>\n\t<meta name=\"twitter:data1\" content=\"Folha do Leste\" \/>\n\t<meta name=\"twitter:label2\" content=\"Est. reading time\" \/>\n\t<meta name=\"twitter:data2\" content=\"3 minutes\" \/>\n<script type=\"application\/ld+json\" class=\"yoast-schema-graph\">{\"@context\":\"https:\\\/\\\/schema.org\",\"@graph\":[{\"@type\":\"NewsArticle\",\"@id\":\"https:\\\/\\\/folhadoleste.com.br\\\/prisao-de-suspeito-de-homicidio-e-ocultacao-de-cadaver-em-niteroi\\\/#article\",\"isPartOf\":{\"@id\":\"https:\\\/\\\/folhadoleste.com.br\\\/prisao-de-suspeito-de-homicidio-e-ocultacao-de-cadaver-em-niteroi\\\/\"},\"author\":{\"name\":\"Folha do Leste\",\"@id\":\"https:\\\/\\\/folhadoleste.com.br\\\/#\\\/schema\\\/person\\\/3e97145b2e1861276e84471aa85a3899\"},\"headline\":\"Pris\u00e3o de suspeito de homic\u00eddio e oculta\u00e7\u00e3o de cad\u00e1ver em Niter\u00f3i\",\"datePublished\":\"2025-02-14T16:01:26+00:00\",\"mainEntityOfPage\":{\"@id\":\"https:\\\/\\\/folhadoleste.com.br\\\/prisao-de-suspeito-de-homicidio-e-ocultacao-de-cadaver-em-niteroi\\\/\"},\"wordCount\":274,\"commentCount\":0,\"publisher\":{\"@id\":\"https:\\\/\\\/folhadoleste.com.br\\\/#organization\"},\"image\":{\"@id\":\"https:\\\/\\\/folhadoleste.com.br\\\/prisao-de-suspeito-de-homicidio-e-ocultacao-de-cadaver-em-niteroi\\\/#primaryimage\"},\"thumbnailUrl\":\"https:\\\/\\\/folhadoleste.com.br\\\/wp-content\\\/uploads\\\/2025\\\/02\\\/Prisao-de-suspeito-de-homicidio-e-ocultacao-de-cadaver-em-Niteroi-Foto-Cortada-Reproducao.jpeg\",\"keywords\":[\"antecedentes criminais\",\"assassinato\",\"atualidades\",\"Brasil\",\"cadaver\",\"Corpo\",\"crime\",\"Delegacia de Homic\u00eddios de Niter\u00f3i\",\"depoimentos\",\"DHNSG\",\"HOMIC\u00cdDIO\",\"homic\u00eddio em Niter\u00f3i\",\"informa\u00e7\u00f5es\",\"Investiga\u00e7\u00e3o\",\"Justi\u00e7a\",\"Leste Fluminense\",\"local do crime\",\"Mandado de pris\u00e3o\",\"Motiva\u00e7\u00e3o\",\"Niter\u00f3i\",\"niter\u00f3i RJ\",\"Not\u00edcias\",\"oculta\u00e7\u00e3o\",\"oculta\u00e7\u00e3o de cad\u00e1ver\",\"per\u00edcia\",\"pol\u00edcia\",\"pris\u00e3o\",\"pris\u00e3o em flagrante\",\"Provas\",\"RJ\",\"S\u00e3o Gon\u00e7alo e Itabora\u00ed\",\"Seguran\u00e7a publica\",\"Suspeito\",\"testemunhas\",\"viol\u00eancia\"],\"articleSection\":[\"Leste Fluminense\",\"Niter\u00f3i\"],\"inLanguage\":\"en-US\",\"potentialAction\":[{\"@type\":\"CommentAction\",\"name\":\"Comment\",\"target\":[\"https:\\\/\\\/folhadoleste.com.br\\\/prisao-de-suspeito-de-homicidio-e-ocultacao-de-cadaver-em-niteroi\\\/#respond\"]}]},{\"@type\":\"WebPage\",\"@id\":\"https:\\\/\\\/folhadoleste.com.br\\\/prisao-de-suspeito-de-homicidio-e-ocultacao-de-cadaver-em-niteroi\\\/\",\"url\":\"https:\\\/\\\/folhadoleste.com.br\\\/prisao-de-suspeito-de-homicidio-e-ocultacao-de-cadaver-em-niteroi\\\/\",\"name\":\"Pris\u00e3o de suspeito de homic\u00eddio e oculta\u00e7\u00e3o de cad\u00e1ver em Niter\u00f3i &#8226; Folha do Leste\",\"isPartOf\":{\"@id\":\"https:\\\/\\\/folhadoleste.com.br\\\/#website\"},\"primaryImageOfPage\":{\"@id\":\"https:\\\/\\\/folhadoleste.com.br\\\/prisao-de-suspeito-de-homicidio-e-ocultacao-de-cadaver-em-niteroi\\\/#primaryimage\"},\"image\":{\"@id\":\"https:\\\/\\\/folhadoleste.com.br\\\/prisao-de-suspeito-de-homicidio-e-ocultacao-de-cadaver-em-niteroi\\\/#primaryimage\"},\"thumbnailUrl\":\"https:\\\/\\\/folhadoleste.com.br\\\/wp-content\\\/uploads\\\/2025\\\/02\\\/Prisao-de-suspeito-de-homicidio-e-ocultacao-de-cadaver-em-Niteroi-Foto-Cortada-Reproducao.jpeg\",\"datePublished\":\"2025-02-14T16:01:26+00:00\",\"description\":\"Pris\u00e3o de suspeito de homic\u00eddio e oculta\u00e7\u00e3o de cad\u00e1ver em Niter\u00f3i. Crime aconteceu em novembro; Confira a reportagem...\",\"breadcrumb\":{\"@id\":\"https:\\\/\\\/folhadoleste.com.br\\\/prisao-de-suspeito-de-homicidio-e-ocultacao-de-cadaver-em-niteroi\\\/#breadcrumb\"},\"inLanguage\":\"en-US\",\"potentialAction\":[{\"@type\":\"ReadAction\",\"target\":[\"https:\\\/\\\/folhadoleste.com.br\\\/prisao-de-suspeito-de-homicidio-e-ocultacao-de-cadaver-em-niteroi\\\/\"]}]},{\"@type\":\"ImageObject\",\"inLanguage\":\"en-US\",\"@id\":\"https:\\\/\\\/folhadoleste.com.br\\\/prisao-de-suspeito-de-homicidio-e-ocultacao-de-cadaver-em-niteroi\\\/#primaryimage\",\"url\":\"https:\\\/\\\/folhadoleste.com.br\\\/wp-content\\\/uploads\\\/2025\\\/02\\\/Prisao-de-suspeito-de-homicidio-e-ocultacao-de-cadaver-em-Niteroi-Foto-Cortada-Reproducao.jpeg\",\"contentUrl\":\"https:\\\/\\\/folhadoleste.com.br\\\/wp-content\\\/uploads\\\/2025\\\/02\\\/Prisao-de-suspeito-de-homicidio-e-ocultacao-de-cadaver-em-Niteroi-Foto-Cortada-Reproducao.jpeg\",\"width\":1200,\"height\":675,\"caption\":\"Pris\u00e3o de suspeito de homic\u00eddio e oculta\u00e7\u00e3o de cad\u00e1ver em Niter\u00f3i | Reprodu\u00e7\u00e3o\"},{\"@type\":\"BreadcrumbList\",\"@id\":\"https:\\\/\\\/folhadoleste.com.br\\\/prisao-de-suspeito-de-homicidio-e-ocultacao-de-cadaver-em-niteroi\\\/#breadcrumb\",\"itemListElement\":[{\"@type\":\"ListItem\",\"position\":1,\"name\":\"In\u00edcio\",\"item\":\"https:\\\/\\\/folhadoleste.com.br\\\/\"},{\"@type\":\"ListItem\",\"position\":2,\"name\":\"Estado do Rio de Janeiro\",\"item\":\"https:\\\/\\\/folhadoleste.com.br\\\/category\\\/estado-do-rio-de-janeiro\\\/\"},{\"@type\":\"ListItem\",\"position\":3,\"name\":\"Leste Fluminense\",\"item\":\"https:\\\/\\\/folhadoleste.com.br\\\/category\\\/estado-do-rio-de-janeiro\\\/leste-fluminense\\\/\"},{\"@type\":\"ListItem\",\"position\":4,\"name\":\"Niter\u00f3i\",\"item\":\"https:\\\/\\\/folhadoleste.com.br\\\/category\\\/estado-do-rio-de-janeiro\\\/leste-fluminense\\\/noticias-de-niteroi\\\/\"},{\"@type\":\"ListItem\",\"position\":5,\"name\":\"Pris\u00e3o de suspeito de homic\u00eddio e oculta\u00e7\u00e3o de cad\u00e1ver em Niter\u00f3i\"}]},{\"@type\":\"WebSite\",\"@id\":\"https:\\\/\\\/folhadoleste.com.br\\\/#website\",\"url\":\"https:\\\/\\\/folhadoleste.com.br\\\/\",\"name\":\"Folha do Leste\",\"description\":\"Portal de Not\u00edcias com \u00eanfase em Niter\u00f3i, criando conte\u00fados desde a capital Rio de Janeiro, com olhar para o Leste Fluminense e suas cidades como S\u00e3o Gon\u00e7alo, Itabora\u00ed, Rio Bonito, Maric\u00e1, Saquarema e Araruama\",\"publisher\":{\"@id\":\"https:\\\/\\\/folhadoleste.com.br\\\/#organization\"},\"alternateName\":\"FL\",\"potentialAction\":[{\"@type\":\"SearchAction\",\"target\":{\"@type\":\"EntryPoint\",\"urlTemplate\":\"https:\\\/\\\/folhadoleste.com.br\\\/?s={search_term_string}\"},\"query-input\":{\"@type\":\"PropertyValueSpecification\",\"valueRequired\":true,\"valueName\":\"search_term_string\"}}],\"inLanguage\":\"en-US\"},{\"@type\":\"Organization\",\"@id\":\"https:\\\/\\\/folhadoleste.com.br\\\/#organization\",\"name\":\"Brasil 21 Comunica\u00e7\u00e3o\",\"alternateName\":\"BR21\",\"url\":\"https:\\\/\\\/folhadoleste.com.br\\\/\",\"logo\":{\"@type\":\"ImageObject\",\"inLanguage\":\"en-US\",\"@id\":\"https:\\\/\\\/folhadoleste.com.br\\\/#\\\/schema\\\/logo\\\/image\\\/\",\"url\":\"https:\\\/\\\/folhadoleste.com.br\\\/wp-content\\\/uploads\\\/2025\\\/12\\\/brasil-21-logomarca.avif\",\"contentUrl\":\"https:\\\/\\\/folhadoleste.com.br\\\/wp-content\\\/uploads\\\/2025\\\/12\\\/brasil-21-logomarca.avif\",\"width\":1044,\"height\":1044,\"caption\":\"Brasil 21 Comunica\u00e7\u00e3o\"},\"image\":{\"@id\":\"https:\\\/\\\/folhadoleste.com.br\\\/#\\\/schema\\\/logo\\\/image\\\/\"},\"sameAs\":[\"https:\\\/\\\/www.facebook.com\\\/folhadoleste\",\"https:\\\/\\\/x.com\\\/FolhadoLesteRJ\",\"https:\\\/\\\/www.instagram.com\\\/folhadoleste\\\/\"]},{\"@type\":\"Person\",\"@id\":\"https:\\\/\\\/folhadoleste.com.br\\\/#\\\/schema\\\/person\\\/3e97145b2e1861276e84471aa85a3899\",\"name\":\"Folha do Leste\",\"image\":{\"@type\":\"ImageObject\",\"inLanguage\":\"en-US\",\"@id\":\"https:\\\/\\\/folhadoleste.com.br\\\/wp-content\\\/litespeed\\\/avatar\\\/1ca8c218432e7045e748610eb3db0259.jpg?ver=1777161142\",\"url\":\"https:\\\/\\\/folhadoleste.com.br\\\/wp-content\\\/litespeed\\\/avatar\\\/1ca8c218432e7045e748610eb3db0259.jpg?ver=1777161142\",\"contentUrl\":\"https:\\\/\\\/folhadoleste.com.br\\\/wp-content\\\/litespeed\\\/avatar\\\/1ca8c218432e7045e748610eb3db0259.jpg?ver=1777161142\",\"caption\":\"Folha do Leste\"},\"url\":\"https:\\\/\\\/folhadoleste.com.br\\\/en\\\/author\\\/reportagem-01\\\/\"}]}<\/script>\n<!-- \/ Yoast SEO plugin. -->","yoast_head_json":{"title":"Pris\u00e3o de suspeito de homic\u00eddio e oculta\u00e7\u00e3o de cad\u00e1ver em Niter\u00f3i &#8226; Folha do Leste","description":"Pris\u00e3o de suspeito de homic\u00eddio e oculta\u00e7\u00e3o de cad\u00e1ver em Niter\u00f3i. Crime aconteceu em novembro; Confira a reportagem...","robots":{"index":"index","follow":"follow","max-snippet":"max-snippet:-1","max-image-preview":"max-image-preview:large","max-video-preview":"max-video-preview:-1"},"canonical":"https:\/\/folhadoleste.com.br\/en\/prisao-de-suspeito-de-homicidio-e-ocultacao-de-cadaver-em-niteroi\/","og_locale":"en_US","og_type":"article","og_title":"Pris\u00e3o de suspeito de homic\u00eddio e oculta\u00e7\u00e3o de cad\u00e1ver em Niter\u00f3i &#8226; Folha do Leste","og_description":"Pris\u00e3o de suspeito de homic\u00eddio e oculta\u00e7\u00e3o de cad\u00e1ver em Niter\u00f3i. Crime aconteceu em novembro; Confira a reportagem...","og_url":"https:\/\/folhadoleste.com.br\/en\/prisao-de-suspeito-de-homicidio-e-ocultacao-de-cadaver-em-niteroi\/","og_site_name":"Folha do Leste","article_publisher":"https:\/\/www.facebook.com\/folhadoleste","article_published_time":"2025-02-14T16:01:26+00:00","og_image":[{"width":1200,"height":675,"url":"https:\/\/folhadoleste.com.br\/wp-content\/uploads\/2025\/02\/Prisao-de-suspeito-de-homicidio-e-ocultacao-de-cadaver-em-Niteroi-Foto-Cortada-Reproducao.jpeg","type":"image\/jpeg"}],"author":"Folha do Leste","twitter_card":"summary_large_image","twitter_creator":"@FolhadoLesteRJ","twitter_site":"@FolhadoLesteRJ","twitter_misc":{"Written by":"Folha do Leste","Est. reading time":"3 minutes"},"schema":{"@context":"https:\/\/schema.org","@graph":[{"@type":"NewsArticle","@id":"https:\/\/folhadoleste.com.br\/prisao-de-suspeito-de-homicidio-e-ocultacao-de-cadaver-em-niteroi\/#article","isPartOf":{"@id":"https:\/\/folhadoleste.com.br\/prisao-de-suspeito-de-homicidio-e-ocultacao-de-cadaver-em-niteroi\/"},"author":{"name":"Folha do Leste","@id":"https:\/\/folhadoleste.com.br\/#\/schema\/person\/3e97145b2e1861276e84471aa85a3899"},"headline":"Pris\u00e3o de suspeito de homic\u00eddio e oculta\u00e7\u00e3o de cad\u00e1ver em Niter\u00f3i","datePublished":"2025-02-14T16:01:26+00:00","mainEntityOfPage":{"@id":"https:\/\/folhadoleste.com.br\/prisao-de-suspeito-de-homicidio-e-ocultacao-de-cadaver-em-niteroi\/"},"wordCount":274,"commentCount":0,"publisher":{"@id":"https:\/\/folhadoleste.com.br\/#organization"},"image":{"@id":"https:\/\/folhadoleste.com.br\/prisao-de-suspeito-de-homicidio-e-ocultacao-de-cadaver-em-niteroi\/#primaryimage"},"thumbnailUrl":"https:\/\/folhadoleste.com.br\/wp-content\/uploads\/2025\/02\/Prisao-de-suspeito-de-homicidio-e-ocultacao-de-cadaver-em-Niteroi-Foto-Cortada-Reproducao.jpeg","keywords":["antecedentes criminais","assassinato","atualidades","Brasil","cadaver","Corpo","crime","Delegacia de Homic\u00eddios de Niter\u00f3i","depoimentos","DHNSG","HOMIC\u00cdDIO","homic\u00eddio em Niter\u00f3i","informa\u00e7\u00f5es","Investiga\u00e7\u00e3o","Justi\u00e7a","Leste Fluminense","local do crime","Mandado de pris\u00e3o","Motiva\u00e7\u00e3o","Niter\u00f3i","niter\u00f3i RJ","Not\u00edcias","oculta\u00e7\u00e3o","oculta\u00e7\u00e3o de cad\u00e1ver","per\u00edcia","pol\u00edcia","pris\u00e3o","pris\u00e3o em flagrante","Provas","RJ","S\u00e3o Gon\u00e7alo e Itabora\u00ed","Seguran\u00e7a publica","Suspeito","testemunhas","viol\u00eancia"],"articleSection":["Leste Fluminense","Niter\u00f3i"],"inLanguage":"en-US","potentialAction":[{"@type":"CommentAction","name":"Comment","target":["https:\/\/folhadoleste.com.br\/prisao-de-suspeito-de-homicidio-e-ocultacao-de-cadaver-em-niteroi\/#respond"]}]},{"@type":"WebPage","@id":"https:\/\/folhadoleste.com.br\/prisao-de-suspeito-de-homicidio-e-ocultacao-de-cadaver-em-niteroi\/","url":"https:\/\/folhadoleste.com.br\/prisao-de-suspeito-de-homicidio-e-ocultacao-de-cadaver-em-niteroi\/","name":"Pris\u00e3o de suspeito de homic\u00eddio e oculta\u00e7\u00e3o de cad\u00e1ver em Niter\u00f3i &#8226; Folha do Leste","isPartOf":{"@id":"https:\/\/folhadoleste.com.br\/#website"},"primaryImageOfPage":{"@id":"https:\/\/folhadoleste.com.br\/prisao-de-suspeito-de-homicidio-e-ocultacao-de-cadaver-em-niteroi\/#primaryimage"},"image":{"@id":"https:\/\/folhadoleste.com.br\/prisao-de-suspeito-de-homicidio-e-ocultacao-de-cadaver-em-niteroi\/#primaryimage"},"thumbnailUrl":"https:\/\/folhadoleste.com.br\/wp-content\/uploads\/2025\/02\/Prisao-de-suspeito-de-homicidio-e-ocultacao-de-cadaver-em-Niteroi-Foto-Cortada-Reproducao.jpeg","datePublished":"2025-02-14T16:01:26+00:00","description":"Pris\u00e3o de suspeito de homic\u00eddio e oculta\u00e7\u00e3o de cad\u00e1ver em Niter\u00f3i. Crime aconteceu em novembro; Confira a reportagem...","breadcrumb":{"@id":"https:\/\/folhadoleste.com.br\/prisao-de-suspeito-de-homicidio-e-ocultacao-de-cadaver-em-niteroi\/#breadcrumb"},"inLanguage":"en-US","potentialAction":[{"@type":"ReadAction","target":["https:\/\/folhadoleste.com.br\/prisao-de-suspeito-de-homicidio-e-ocultacao-de-cadaver-em-niteroi\/"]}]},{"@type":"ImageObject","inLanguage":"en-US","@id":"https:\/\/folhadoleste.com.br\/prisao-de-suspeito-de-homicidio-e-ocultacao-de-cadaver-em-niteroi\/#primaryimage","url":"https:\/\/folhadoleste.com.br\/wp-content\/uploads\/2025\/02\/Prisao-de-suspeito-de-homicidio-e-ocultacao-de-cadaver-em-Niteroi-Foto-Cortada-Reproducao.jpeg","contentUrl":"https:\/\/folhadoleste.com.br\/wp-content\/uploads\/2025\/02\/Prisao-de-suspeito-de-homicidio-e-ocultacao-de-cadaver-em-Niteroi-Foto-Cortada-Reproducao.jpeg","width":1200,"height":675,"caption":"Pris\u00e3o de suspeito de homic\u00eddio e oculta\u00e7\u00e3o de cad\u00e1ver em Niter\u00f3i | Reprodu\u00e7\u00e3o"},{"@type":"BreadcrumbList","@id":"https:\/\/folhadoleste.com.br\/prisao-de-suspeito-de-homicidio-e-ocultacao-de-cadaver-em-niteroi\/#breadcrumb","itemListElement":[{"@type":"ListItem","position":1,"name":"In\u00edcio","item":"https:\/\/folhadoleste.com.br\/"},{"@type":"ListItem","position":2,"name":"Estado do Rio de Janeiro","item":"https:\/\/folhadoleste.com.br\/category\/estado-do-rio-de-janeiro\/"},{"@type":"ListItem","position":3,"name":"Leste Fluminense","item":"https:\/\/folhadoleste.com.br\/category\/estado-do-rio-de-janeiro\/leste-fluminense\/"},{"@type":"ListItem","position":4,"name":"Niter\u00f3i","item":"https:\/\/folhadoleste.com.br\/category\/estado-do-rio-de-janeiro\/leste-fluminense\/noticias-de-niteroi\/"},{"@type":"ListItem","position":5,"name":"Pris\u00e3o de suspeito de homic\u00eddio e oculta\u00e7\u00e3o de cad\u00e1ver em Niter\u00f3i"}]},{"@type":"WebSite","@id":"https:\/\/folhadoleste.com.br\/#website","url":"https:\/\/folhadoleste.com.br\/","name":"Folha do Leste","description":"Portal de Not\u00edcias com \u00eanfase em Niter\u00f3i, criando conte\u00fados desde a capital Rio de Janeiro, com olhar para o Leste Fluminense e suas cidades como S\u00e3o Gon\u00e7alo, Itabora\u00ed, Rio Bonito, Maric\u00e1, Saquarema e Araruama","publisher":{"@id":"https:\/\/folhadoleste.com.br\/#organization"},"alternateName":"FL","potentialAction":[{"@type":"SearchAction","target":{"@type":"EntryPoint","urlTemplate":"https:\/\/folhadoleste.com.br\/?s={search_term_string}"},"query-input":{"@type":"PropertyValueSpecification","valueRequired":true,"valueName":"search_term_string"}}],"inLanguage":"en-US"},{"@type":"Organization","@id":"https:\/\/folhadoleste.com.br\/#organization","name":"Brasil 21 Comunica\u00e7\u00e3o","alternateName":"BR21","url":"https:\/\/folhadoleste.com.br\/","logo":{"@type":"ImageObject","inLanguage":"en-US","@id":"https:\/\/folhadoleste.com.br\/#\/schema\/logo\/image\/","url":"https:\/\/folhadoleste.com.br\/wp-content\/uploads\/2025\/12\/brasil-21-logomarca.avif","contentUrl":"https:\/\/folhadoleste.com.br\/wp-content\/uploads\/2025\/12\/brasil-21-logomarca.avif","width":1044,"height":1044,"caption":"Brasil 21 Comunica\u00e7\u00e3o"},"image":{"@id":"https:\/\/folhadoleste.com.br\/#\/schema\/logo\/image\/"},"sameAs":["https:\/\/www.facebook.com\/folhadoleste","https:\/\/x.com\/FolhadoLesteRJ","https:\/\/www.instagram.com\/folhadoleste\/"]},{"@type":"Person","@id":"https:\/\/folhadoleste.com.br\/#\/schema\/person\/3e97145b2e1861276e84471aa85a3899","name":"Folha do Leste","image":{"@type":"ImageObject","inLanguage":"en-US","@id":"https:\/\/folhadoleste.com.br\/wp-content\/litespeed\/avatar\/1ca8c218432e7045e748610eb3db0259.jpg?ver=1777161142","url":"https:\/\/folhadoleste.com.br\/wp-content\/litespeed\/avatar\/1ca8c218432e7045e748610eb3db0259.jpg?ver=1777161142","contentUrl":"https:\/\/folhadoleste.com.br\/wp-content\/litespeed\/avatar\/1ca8c218432e7045e748610eb3db0259.jpg?ver=1777161142","caption":"Folha do Leste"},"url":"https:\/\/folhadoleste.com.br\/en\/author\/reportagem-01\/"}]}},"_links":{"self":[{"href":"https:\/\/folhadoleste.com.br\/en\/wp-json\/wp\/v2\/posts\/109636","targetHints":{"allow":["GET"]}}],"collection":[{"href":"https:\/\/folhadoleste.com.br\/en\/wp-json\/wp\/v2\/posts"}],"about":[{"href":"https:\/\/folhadoleste.com.br\/en\/wp-json\/wp\/v2\/types\/post"}],"author":[{"embeddable":true,"href":"https:\/\/folhadoleste.com.br\/en\/wp-json\/wp\/v2\/users\/4"}],"replies":[{"embeddable":true,"href":"https:\/\/folhadoleste.com.br\/en\/wp-json\/wp\/v2\/comments?post=109636"}],"version-history":[{"count":1,"href":"https:\/\/folhadoleste.com.br\/en\/wp-json\/wp\/v2\/posts\/109636\/revisions"}],"predecessor-version":[{"id":109640,"href":"https:\/\/folhadoleste.com.br\/en\/wp-json\/wp\/v2\/posts\/109636\/revisions\/109640"}],"wp:featuredmedia":[{"embeddable":true,"href":"https:\/\/folhadoleste.com.br\/en\/wp-json\/wp\/v2\/media\/109639"}],"wp:attachment":[{"href":"https:\/\/folhadoleste.com.br\/en\/wp-json\/wp\/v2\/media?parent=109636"}],"wp:term":[{"taxonomy":"category","embeddable":true,"href":"https:\/\/folhadoleste.com.br\/en\/wp-json\/wp\/v2\/categories?post=109636"},{"taxonomy":"post_tag","embeddable":true,"href":"https:\/\/folhadoleste.com.br\/en\/wp-json\/wp\/v2\/tags?post=109636"}],"curies":[{"name":"wp","href":"https:\/\/api.w.org\/{rel}","templated":true}]}}