{"id":109481,"date":"2025-02-13T10:52:29","date_gmt":"2025-02-13T13:52:29","guid":{"rendered":"https:\/\/folhadoleste.com.br\/?p=109481"},"modified":"2025-02-13T10:52:29","modified_gmt":"2025-02-13T13:52:29","slug":"colisao-entre-carreta-e-caminhao-deixa-um-morto-na-via-dutra","status":"publish","type":"post","link":"https:\/\/folhadoleste.com.br\/en\/colisao-entre-carreta-e-caminhao-deixa-um-morto-na-via-dutra\/","title":{"rendered":"Colis\u00e3o entre carreta e caminh\u00e3o deixa um morto na Via Dutra"},"content":{"rendered":"<div id=\"attachment_109483\" style=\"width: 730px\" class=\"wp-caption aligncenter\"><img decoding=\"async\" aria-describedby=\"caption-attachment-109483\" class=\"size-full wp-image-109483\" src=\"https:\/\/folhadoleste.com.br\/wp-content\/uploads\/2025\/02\/Colisao-entre-carreta-e-caminhao-deixa-um-morto-na-Via-Dutra-Foto-Reproducao.webp\" alt=\"\" width=\"720\" height=\"690\" \/><p id=\"caption-attachment-109483\" class=\"wp-caption-text\">Colis\u00e3o entre carreta e caminh\u00e3o deixa um morto na Via Dutra | Reprodu\u00e7\u00e3o<\/p><\/div>\n<p style=\"text-align: justify;\" data-pm-slice=\"1 1 []\">Um acidente envolvendo um caminh\u00e3o e uma carreta resultou na morte de um homem de 55 anos na Rodovia Presidente Dutra (BR-116). A colis\u00e3o ocorreu na madrugada desta quinta-feira (13), entre as cidades de Volta Redonda e Barra Mansa, no Sul Fluminense.<\/p>\n<p style=\"text-align: justify;\">De acordo com informa\u00e7\u00f5es da Pol\u00edcia Rodovi\u00e1ria Federal (PRF), o acidente aconteceu por volta das 2h. O motorista do caminh\u00e3o ficou preso entre as ferragens e n\u00e3o resistiu aos ferimentos. Seu corpo foi retirado do ve\u00edculo e encaminhado ao Instituto M\u00e9dico Legal (IML) de Tr\u00eas Po\u00e7os, em Volta Redonda.<\/p>\n<h5 style=\"text-align: center;\"><span style=\"color: #000000;\"><span style=\"color: #ff0000;\"><strong>+ <\/strong><\/span><\/span><span style=\"color: #000000;\"><strong><span style=\"color: #ff9900;\">MAIS NOT\u00cdCIAS DA BAIXADA FLUMINENSE?<\/span> <span style=\"color: #008080;\"><a style=\"color: #008080;\" href=\"https:\/\/folhadoleste.com.br\/en\/category\/baixada-fluminense\/\">CLIQUE AQUI<\/a><\/span><\/strong><\/span><\/h5>\n<p style=\"text-align: justify;\">O condutor da carreta, segundo a PRF, foi socorrido e levado para a Santa Casa de Barra Mansa. At\u00e9 o momento, n\u00e3o h\u00e1 informa\u00e7\u00f5es sobre seu estado de sa\u00fade.<\/p>\n<h4 style=\"text-align: justify;\">Interdi\u00e7\u00e3o e congestionamento<\/h4>\n<p style=\"text-align: justify;\">A colis\u00e3o impactou o tr\u00e2nsito na regi\u00e3o. At\u00e9 \u00e0s 8h, a faixa da direita da pista sentido Rio de Janeiro permanecia interditada, causando um congestionamento de aproximadamente 21 km.<\/p>\n<p style=\"text-align: justify;\">A libera\u00e7\u00e3o da via aconteceu de forma gradual, permitindo a passagem de ve\u00edculos pela faixa esquerda.<\/p>\n<h4 style=\"text-align: justify;\">Outro bloqueio na BR-116<\/h4>\n<p style=\"text-align: justify;\">A PRF tamb\u00e9m informou sobre outra interdi\u00e7\u00e3o na BR-116, na altura de Pira\u00ed, tamb\u00e9m no Sul Fluminense. O bloqueio ocorreu na manh\u00e3 desta quinta-feira (13), ap\u00f3s o tombamento de um ve\u00edculo que transportava etanol. O l\u00edquido inflam\u00e1vel se espalhou pela pista, afetando o tr\u00e2nsito no sentido S\u00e3o Paulo.<\/p>\n<p style=\"text-align: justify;\">O acidente n\u00e3o deixou v\u00edtimas. Inicialmente, os ve\u00edculos precisaram utilizar o acostamento para trafegar. Por volta das 6h50, uma faixa foi liberada, permitindo a passagem controlada dos motoristas que seguiam viagem.<\/p>\n<div id=\"attachment_77492\" class=\"wp-caption aligncenter\"><a href=\"http:\/\/instagram.com\/folhadoleste\"><img decoding=\"async\" class=\"wp-image-77492 size-full\" src=\"https:\/\/folhadoleste.com.br\/wp-content\/uploads\/2024\/07\/Instagram-Folha-do-Leste.png\" alt=\"http:\/\/instagram.com\/folhadoleste\" width=\"400\" height=\"200\" aria-describedby=\"caption-attachment-77492\" \/><\/a><\/div>\n<div id=\"attachment_77490\" class=\"wp-caption aligncenter\"><a href=\"http:\/\/facebook.com\/folhadoleste\"><img decoding=\"async\" class=\"size-medium wp-image-77490\" src=\"https:\/\/folhadoleste.com.br\/wp-content\/uploads\/2024\/07\/Facebook-Folha-do-Leste-10k-300x300.jpg\" alt=\"Curta e siga o Folha do Leste no Facebook!\" width=\"300\" height=\"300\" aria-describedby=\"caption-attachment-77490\" \/><\/a><\/div>","protected":false},"excerpt":{"rendered":"<p>Um acidente envolvendo um caminh\u00e3o e uma carreta resultou na morte de um homem de 55 anos na Rodovia Presidente Dutra (BR-116). A colis\u00e3o ocorreu na madrugada desta quinta-feira (13), entre as cidades de Volta Redonda e Barra Mansa, no Sul Fluminense. De acordo com informa\u00e7\u00f5es da Pol\u00edcia Rodovi\u00e1ria Federal (PRF), o acidente aconteceu por volta das 2h. O motorista do caminh\u00e3o ficou preso entre as ferragens e n\u00e3o resistiu aos ferimentos. Seu corpo foi retirado do ve\u00edculo e encaminhado ao Instituto M\u00e9dico Legal (IML) de Tr\u00eas Po\u00e7os, em Volta Redonda. + MAIS NOT\u00cdCIAS DA BAIXADA FLUMINENSE? CLIQUE AQUI O [&hellip;]<\/p>\n","protected":false},"author":4,"featured_media":109483,"comment_status":"open","ping_status":"open","sticky":false,"template":"","format":"standard","meta":{"footnotes":""},"categories":[2213,46],"tags":[722,32309,38414,3385,1779,68,5809,7914,64524,22112,7517,35479,4476,1442,600,2468,11201,11580,640,1619,864,5288,2245,1636,6567,10277,375,374,570,206,4492,730,23793,12897,2617],"class_list":["post-109481","post","type-post","status-publish","format-standard","has-post-thumbnail","hentry","category-noticias-da-baixada-fluminense","category-estado-do-rio-de-janeiro","tag-acidente","tag-acidente-na-dutra","tag-atualidades","tag-baixada-fluminense","tag-bombeiros","tag-brasil","tag-caminhao","tag-carreta","tag-carreta-x-caminhao","tag-causas-do-acidente","tag-colisao","tag-colisao-frontal","tag-congestionamento","tag-emergencia","tag-estado-do-rio","tag-feridos","tag-gravidade","tag-impacto","tag-informacoes","tag-interdicao","tag-investigacao","tag-lentidao","tag-morte","tag-motorista","tag-noticias","tag-passageiro","tag-policia-rodoviaria-federal","tag-prf","tag-resgate","tag-rj","tag-rodovia","tag-transito","tag-via-dutra","tag-vitima-fatal","tag-vitimas","post--single"],"yoast_head":"<!-- This site is optimized with the Yoast SEO plugin v27.5 - https:\/\/yoast.com\/product\/yoast-seo-wordpress\/ -->\n<title>Colis\u00e3o entre carreta e caminh\u00e3o deixa um morto na Via Dutra &#8226; Folha do Leste<\/title>\n<meta name=\"description\" content=\"Colis\u00e3o entre carreta e caminh\u00e3o deixa um morto na Via Dutra. Interdi\u00e7\u00e3o afeta rodovia no sentido S\u00e3o Paulo...\" \/>\n<meta name=\"robots\" content=\"index, follow, max-snippet:-1, max-image-preview:large, max-video-preview:-1\" \/>\n<link rel=\"canonical\" href=\"https:\/\/folhadoleste.com.br\/en\/colisao-entre-carreta-e-caminhao-deixa-um-morto-na-via-dutra\/\" \/>\n<meta property=\"og:locale\" content=\"en_US\" \/>\n<meta property=\"og:type\" content=\"article\" \/>\n<meta property=\"og:title\" content=\"Colis\u00e3o entre carreta e caminh\u00e3o deixa um morto na Via Dutra &#8226; Folha do Leste\" \/>\n<meta property=\"og:description\" content=\"Colis\u00e3o entre carreta e caminh\u00e3o deixa um morto na Via Dutra. Interdi\u00e7\u00e3o afeta rodovia no sentido S\u00e3o Paulo...\" \/>\n<meta property=\"og:url\" content=\"https:\/\/folhadoleste.com.br\/en\/colisao-entre-carreta-e-caminhao-deixa-um-morto-na-via-dutra\/\" \/>\n<meta property=\"og:site_name\" content=\"Folha do Leste\" \/>\n<meta property=\"article:publisher\" content=\"https:\/\/www.facebook.com\/folhadoleste\" \/>\n<meta property=\"article:published_time\" content=\"2025-02-13T13:52:29+00:00\" \/>\n<meta property=\"og:image\" content=\"https:\/\/folhadoleste.com.br\/wp-content\/uploads\/2025\/02\/Colisao-entre-carreta-e-caminhao-deixa-um-morto-na-Via-Dutra-Foto-Reproducao.webp\" \/>\n\t<meta property=\"og:image:width\" content=\"720\" \/>\n\t<meta property=\"og:image:height\" content=\"690\" \/>\n\t<meta property=\"og:image:type\" content=\"image\/webp\" \/>\n<meta name=\"author\" content=\"Folha do Leste\" \/>\n<meta name=\"twitter:card\" content=\"summary_large_image\" \/>\n<meta name=\"twitter:creator\" content=\"@FolhadoLesteRJ\" \/>\n<meta name=\"twitter:site\" content=\"@FolhadoLesteRJ\" \/>\n<meta name=\"twitter:label1\" content=\"Written by\" \/>\n\t<meta name=\"twitter:data1\" content=\"Folha do Leste\" \/>\n\t<meta name=\"twitter:label2\" content=\"Est. reading time\" \/>\n\t<meta name=\"twitter:data2\" content=\"3 minutes\" \/>\n<script type=\"application\/ld+json\" class=\"yoast-schema-graph\">{\"@context\":\"https:\\\/\\\/schema.org\",\"@graph\":[{\"@type\":\"NewsArticle\",\"@id\":\"https:\\\/\\\/folhadoleste.com.br\\\/colisao-entre-carreta-e-caminhao-deixa-um-morto-na-via-dutra\\\/#article\",\"isPartOf\":{\"@id\":\"https:\\\/\\\/folhadoleste.com.br\\\/colisao-entre-carreta-e-caminhao-deixa-um-morto-na-via-dutra\\\/\"},\"author\":{\"name\":\"Folha do Leste\",\"@id\":\"https:\\\/\\\/folhadoleste.com.br\\\/#\\\/schema\\\/person\\\/3e97145b2e1861276e84471aa85a3899\"},\"headline\":\"Colis\u00e3o entre carreta e caminh\u00e3o deixa um morto na Via Dutra\",\"datePublished\":\"2025-02-13T13:52:29+00:00\",\"mainEntityOfPage\":{\"@id\":\"https:\\\/\\\/folhadoleste.com.br\\\/colisao-entre-carreta-e-caminhao-deixa-um-morto-na-via-dutra\\\/\"},\"wordCount\":322,\"commentCount\":0,\"publisher\":{\"@id\":\"https:\\\/\\\/folhadoleste.com.br\\\/#organization\"},\"image\":{\"@id\":\"https:\\\/\\\/folhadoleste.com.br\\\/colisao-entre-carreta-e-caminhao-deixa-um-morto-na-via-dutra\\\/#primaryimage\"},\"thumbnailUrl\":\"https:\\\/\\\/folhadoleste.com.br\\\/wp-content\\\/uploads\\\/2025\\\/02\\\/Colisao-entre-carreta-e-caminhao-deixa-um-morto-na-Via-Dutra-Foto-Reproducao.webp\",\"keywords\":[\"acidente\",\"Acidente na Dutra\",\"atualidades\",\"Baixada Fluminense\",\"Bombeiros\",\"Brasil\",\"Caminh\u00e3o\",\"Carreta\",\"carreta x caminh\u00e3o\",\"Causas do acidente\",\"colis\u00e3o\",\"colis\u00e3o frontal\",\"Congestionamento\",\"emerg\u00eancia\",\"estado do rio\",\"feridos\",\"gravidade\",\"impacto\",\"informa\u00e7\u00f5es\",\"interdi\u00e7\u00e3o\",\"Investiga\u00e7\u00e3o\",\"lentid\u00e3o\",\"morte\",\"motorista\",\"Not\u00edcias\",\"passageiro\",\"Pol\u00edcia Rodovi\u00e1ria Federal\",\"PRF\",\"resgate\",\"RJ\",\"rodovia\",\"Tr\u00e2nsito\",\"Via Dutra\",\"v\u00edtima fatal\",\"v\u00edtimas\"],\"articleSection\":[\"Baixada Fluminense\",\"Estado do Rio de Janeiro\"],\"inLanguage\":\"en-US\",\"potentialAction\":[{\"@type\":\"CommentAction\",\"name\":\"Comment\",\"target\":[\"https:\\\/\\\/folhadoleste.com.br\\\/colisao-entre-carreta-e-caminhao-deixa-um-morto-na-via-dutra\\\/#respond\"]}]},{\"@type\":\"WebPage\",\"@id\":\"https:\\\/\\\/folhadoleste.com.br\\\/colisao-entre-carreta-e-caminhao-deixa-um-morto-na-via-dutra\\\/\",\"url\":\"https:\\\/\\\/folhadoleste.com.br\\\/colisao-entre-carreta-e-caminhao-deixa-um-morto-na-via-dutra\\\/\",\"name\":\"Colis\u00e3o entre carreta e caminh\u00e3o deixa um morto na Via Dutra &#8226; Folha do Leste\",\"isPartOf\":{\"@id\":\"https:\\\/\\\/folhadoleste.com.br\\\/#website\"},\"primaryImageOfPage\":{\"@id\":\"https:\\\/\\\/folhadoleste.com.br\\\/colisao-entre-carreta-e-caminhao-deixa-um-morto-na-via-dutra\\\/#primaryimage\"},\"image\":{\"@id\":\"https:\\\/\\\/folhadoleste.com.br\\\/colisao-entre-carreta-e-caminhao-deixa-um-morto-na-via-dutra\\\/#primaryimage\"},\"thumbnailUrl\":\"https:\\\/\\\/folhadoleste.com.br\\\/wp-content\\\/uploads\\\/2025\\\/02\\\/Colisao-entre-carreta-e-caminhao-deixa-um-morto-na-Via-Dutra-Foto-Reproducao.webp\",\"datePublished\":\"2025-02-13T13:52:29+00:00\",\"description\":\"Colis\u00e3o entre carreta e caminh\u00e3o deixa um morto na Via Dutra. Interdi\u00e7\u00e3o afeta rodovia no sentido S\u00e3o Paulo...\",\"breadcrumb\":{\"@id\":\"https:\\\/\\\/folhadoleste.com.br\\\/colisao-entre-carreta-e-caminhao-deixa-um-morto-na-via-dutra\\\/#breadcrumb\"},\"inLanguage\":\"en-US\",\"potentialAction\":[{\"@type\":\"ReadAction\",\"target\":[\"https:\\\/\\\/folhadoleste.com.br\\\/colisao-entre-carreta-e-caminhao-deixa-um-morto-na-via-dutra\\\/\"]}]},{\"@type\":\"ImageObject\",\"inLanguage\":\"en-US\",\"@id\":\"https:\\\/\\\/folhadoleste.com.br\\\/colisao-entre-carreta-e-caminhao-deixa-um-morto-na-via-dutra\\\/#primaryimage\",\"url\":\"https:\\\/\\\/folhadoleste.com.br\\\/wp-content\\\/uploads\\\/2025\\\/02\\\/Colisao-entre-carreta-e-caminhao-deixa-um-morto-na-Via-Dutra-Foto-Reproducao.webp\",\"contentUrl\":\"https:\\\/\\\/folhadoleste.com.br\\\/wp-content\\\/uploads\\\/2025\\\/02\\\/Colisao-entre-carreta-e-caminhao-deixa-um-morto-na-Via-Dutra-Foto-Reproducao.webp\",\"width\":720,\"height\":690,\"caption\":\"Colis\u00e3o entre carreta e caminh\u00e3o deixa um morto na Via Dutra | Reprodu\u00e7\u00e3o\"},{\"@type\":\"BreadcrumbList\",\"@id\":\"https:\\\/\\\/folhadoleste.com.br\\\/colisao-entre-carreta-e-caminhao-deixa-um-morto-na-via-dutra\\\/#breadcrumb\",\"itemListElement\":[{\"@type\":\"ListItem\",\"position\":1,\"name\":\"In\u00edcio\",\"item\":\"https:\\\/\\\/folhadoleste.com.br\\\/\"},{\"@type\":\"ListItem\",\"position\":2,\"name\":\"Estado do Rio de Janeiro\",\"item\":\"https:\\\/\\\/folhadoleste.com.br\\\/category\\\/estado-do-rio-de-janeiro\\\/\"},{\"@type\":\"ListItem\",\"position\":3,\"name\":\"Baixada Fluminense\",\"item\":\"https:\\\/\\\/folhadoleste.com.br\\\/category\\\/estado-do-rio-de-janeiro\\\/noticias-da-baixada-fluminense\\\/\"},{\"@type\":\"ListItem\",\"position\":4,\"name\":\"Colis\u00e3o entre carreta e caminh\u00e3o deixa um morto na Via Dutra\"}]},{\"@type\":\"WebSite\",\"@id\":\"https:\\\/\\\/folhadoleste.com.br\\\/#website\",\"url\":\"https:\\\/\\\/folhadoleste.com.br\\\/\",\"name\":\"Folha do Leste\",\"description\":\"Portal de Not\u00edcias com \u00eanfase em Niter\u00f3i, criando conte\u00fados desde a capital Rio de Janeiro, com olhar para o Leste Fluminense e suas cidades como S\u00e3o Gon\u00e7alo, Itabora\u00ed, Rio Bonito, Maric\u00e1, Saquarema e Araruama\",\"publisher\":{\"@id\":\"https:\\\/\\\/folhadoleste.com.br\\\/#organization\"},\"alternateName\":\"FL\",\"potentialAction\":[{\"@type\":\"SearchAction\",\"target\":{\"@type\":\"EntryPoint\",\"urlTemplate\":\"https:\\\/\\\/folhadoleste.com.br\\\/?s={search_term_string}\"},\"query-input\":{\"@type\":\"PropertyValueSpecification\",\"valueRequired\":true,\"valueName\":\"search_term_string\"}}],\"inLanguage\":\"en-US\"},{\"@type\":\"Organization\",\"@id\":\"https:\\\/\\\/folhadoleste.com.br\\\/#organization\",\"name\":\"Brasil 21 Comunica\u00e7\u00e3o\",\"alternateName\":\"BR21\",\"url\":\"https:\\\/\\\/folhadoleste.com.br\\\/\",\"logo\":{\"@type\":\"ImageObject\",\"inLanguage\":\"en-US\",\"@id\":\"https:\\\/\\\/folhadoleste.com.br\\\/#\\\/schema\\\/logo\\\/image\\\/\",\"url\":\"https:\\\/\\\/folhadoleste.com.br\\\/wp-content\\\/uploads\\\/2025\\\/12\\\/brasil-21-logomarca.avif\",\"contentUrl\":\"https:\\\/\\\/folhadoleste.com.br\\\/wp-content\\\/uploads\\\/2025\\\/12\\\/brasil-21-logomarca.avif\",\"width\":1044,\"height\":1044,\"caption\":\"Brasil 21 Comunica\u00e7\u00e3o\"},\"image\":{\"@id\":\"https:\\\/\\\/folhadoleste.com.br\\\/#\\\/schema\\\/logo\\\/image\\\/\"},\"sameAs\":[\"https:\\\/\\\/www.facebook.com\\\/folhadoleste\",\"https:\\\/\\\/x.com\\\/FolhadoLesteRJ\",\"https:\\\/\\\/www.instagram.com\\\/folhadoleste\\\/\"]},{\"@type\":\"Person\",\"@id\":\"https:\\\/\\\/folhadoleste.com.br\\\/#\\\/schema\\\/person\\\/3e97145b2e1861276e84471aa85a3899\",\"name\":\"Folha do Leste\",\"image\":{\"@type\":\"ImageObject\",\"inLanguage\":\"en-US\",\"@id\":\"https:\\\/\\\/folhadoleste.com.br\\\/wp-content\\\/litespeed\\\/avatar\\\/1ca8c218432e7045e748610eb3db0259.jpg?ver=1777161142\",\"url\":\"https:\\\/\\\/folhadoleste.com.br\\\/wp-content\\\/litespeed\\\/avatar\\\/1ca8c218432e7045e748610eb3db0259.jpg?ver=1777161142\",\"contentUrl\":\"https:\\\/\\\/folhadoleste.com.br\\\/wp-content\\\/litespeed\\\/avatar\\\/1ca8c218432e7045e748610eb3db0259.jpg?ver=1777161142\",\"caption\":\"Folha do Leste\"},\"url\":\"https:\\\/\\\/folhadoleste.com.br\\\/en\\\/author\\\/reportagem-01\\\/\"}]}<\/script>\n<!-- \/ Yoast SEO plugin. -->","yoast_head_json":{"title":"Colis\u00e3o entre carreta e caminh\u00e3o deixa um morto na Via Dutra &#8226; Folha do Leste","description":"Colis\u00e3o entre carreta e caminh\u00e3o deixa um morto na Via Dutra. Interdi\u00e7\u00e3o afeta rodovia no sentido S\u00e3o Paulo...","robots":{"index":"index","follow":"follow","max-snippet":"max-snippet:-1","max-image-preview":"max-image-preview:large","max-video-preview":"max-video-preview:-1"},"canonical":"https:\/\/folhadoleste.com.br\/en\/colisao-entre-carreta-e-caminhao-deixa-um-morto-na-via-dutra\/","og_locale":"en_US","og_type":"article","og_title":"Colis\u00e3o entre carreta e caminh\u00e3o deixa um morto na Via Dutra &#8226; Folha do Leste","og_description":"Colis\u00e3o entre carreta e caminh\u00e3o deixa um morto na Via Dutra. Interdi\u00e7\u00e3o afeta rodovia no sentido S\u00e3o Paulo...","og_url":"https:\/\/folhadoleste.com.br\/en\/colisao-entre-carreta-e-caminhao-deixa-um-morto-na-via-dutra\/","og_site_name":"Folha do Leste","article_publisher":"https:\/\/www.facebook.com\/folhadoleste","article_published_time":"2025-02-13T13:52:29+00:00","og_image":[{"width":720,"height":690,"url":"https:\/\/folhadoleste.com.br\/wp-content\/uploads\/2025\/02\/Colisao-entre-carreta-e-caminhao-deixa-um-morto-na-Via-Dutra-Foto-Reproducao.webp","type":"image\/webp"}],"author":"Folha do Leste","twitter_card":"summary_large_image","twitter_creator":"@FolhadoLesteRJ","twitter_site":"@FolhadoLesteRJ","twitter_misc":{"Written by":"Folha do Leste","Est. reading time":"3 minutes"},"schema":{"@context":"https:\/\/schema.org","@graph":[{"@type":"NewsArticle","@id":"https:\/\/folhadoleste.com.br\/colisao-entre-carreta-e-caminhao-deixa-um-morto-na-via-dutra\/#article","isPartOf":{"@id":"https:\/\/folhadoleste.com.br\/colisao-entre-carreta-e-caminhao-deixa-um-morto-na-via-dutra\/"},"author":{"name":"Folha do Leste","@id":"https:\/\/folhadoleste.com.br\/#\/schema\/person\/3e97145b2e1861276e84471aa85a3899"},"headline":"Colis\u00e3o entre carreta e caminh\u00e3o deixa um morto na Via Dutra","datePublished":"2025-02-13T13:52:29+00:00","mainEntityOfPage":{"@id":"https:\/\/folhadoleste.com.br\/colisao-entre-carreta-e-caminhao-deixa-um-morto-na-via-dutra\/"},"wordCount":322,"commentCount":0,"publisher":{"@id":"https:\/\/folhadoleste.com.br\/#organization"},"image":{"@id":"https:\/\/folhadoleste.com.br\/colisao-entre-carreta-e-caminhao-deixa-um-morto-na-via-dutra\/#primaryimage"},"thumbnailUrl":"https:\/\/folhadoleste.com.br\/wp-content\/uploads\/2025\/02\/Colisao-entre-carreta-e-caminhao-deixa-um-morto-na-Via-Dutra-Foto-Reproducao.webp","keywords":["acidente","Acidente na Dutra","atualidades","Baixada Fluminense","Bombeiros","Brasil","Caminh\u00e3o","Carreta","carreta x caminh\u00e3o","Causas do acidente","colis\u00e3o","colis\u00e3o frontal","Congestionamento","emerg\u00eancia","estado do rio","feridos","gravidade","impacto","informa\u00e7\u00f5es","interdi\u00e7\u00e3o","Investiga\u00e7\u00e3o","lentid\u00e3o","morte","motorista","Not\u00edcias","passageiro","Pol\u00edcia Rodovi\u00e1ria Federal","PRF","resgate","RJ","rodovia","Tr\u00e2nsito","Via Dutra","v\u00edtima fatal","v\u00edtimas"],"articleSection":["Baixada Fluminense","Estado do Rio de Janeiro"],"inLanguage":"en-US","potentialAction":[{"@type":"CommentAction","name":"Comment","target":["https:\/\/folhadoleste.com.br\/colisao-entre-carreta-e-caminhao-deixa-um-morto-na-via-dutra\/#respond"]}]},{"@type":"WebPage","@id":"https:\/\/folhadoleste.com.br\/colisao-entre-carreta-e-caminhao-deixa-um-morto-na-via-dutra\/","url":"https:\/\/folhadoleste.com.br\/colisao-entre-carreta-e-caminhao-deixa-um-morto-na-via-dutra\/","name":"Colis\u00e3o entre carreta e caminh\u00e3o deixa um morto na Via Dutra &#8226; Folha do Leste","isPartOf":{"@id":"https:\/\/folhadoleste.com.br\/#website"},"primaryImageOfPage":{"@id":"https:\/\/folhadoleste.com.br\/colisao-entre-carreta-e-caminhao-deixa-um-morto-na-via-dutra\/#primaryimage"},"image":{"@id":"https:\/\/folhadoleste.com.br\/colisao-entre-carreta-e-caminhao-deixa-um-morto-na-via-dutra\/#primaryimage"},"thumbnailUrl":"https:\/\/folhadoleste.com.br\/wp-content\/uploads\/2025\/02\/Colisao-entre-carreta-e-caminhao-deixa-um-morto-na-Via-Dutra-Foto-Reproducao.webp","datePublished":"2025-02-13T13:52:29+00:00","description":"Colis\u00e3o entre carreta e caminh\u00e3o deixa um morto na Via Dutra. Interdi\u00e7\u00e3o afeta rodovia no sentido S\u00e3o Paulo...","breadcrumb":{"@id":"https:\/\/folhadoleste.com.br\/colisao-entre-carreta-e-caminhao-deixa-um-morto-na-via-dutra\/#breadcrumb"},"inLanguage":"en-US","potentialAction":[{"@type":"ReadAction","target":["https:\/\/folhadoleste.com.br\/colisao-entre-carreta-e-caminhao-deixa-um-morto-na-via-dutra\/"]}]},{"@type":"ImageObject","inLanguage":"en-US","@id":"https:\/\/folhadoleste.com.br\/colisao-entre-carreta-e-caminhao-deixa-um-morto-na-via-dutra\/#primaryimage","url":"https:\/\/folhadoleste.com.br\/wp-content\/uploads\/2025\/02\/Colisao-entre-carreta-e-caminhao-deixa-um-morto-na-Via-Dutra-Foto-Reproducao.webp","contentUrl":"https:\/\/folhadoleste.com.br\/wp-content\/uploads\/2025\/02\/Colisao-entre-carreta-e-caminhao-deixa-um-morto-na-Via-Dutra-Foto-Reproducao.webp","width":720,"height":690,"caption":"Colis\u00e3o entre carreta e caminh\u00e3o deixa um morto na Via Dutra | Reprodu\u00e7\u00e3o"},{"@type":"BreadcrumbList","@id":"https:\/\/folhadoleste.com.br\/colisao-entre-carreta-e-caminhao-deixa-um-morto-na-via-dutra\/#breadcrumb","itemListElement":[{"@type":"ListItem","position":1,"name":"In\u00edcio","item":"https:\/\/folhadoleste.com.br\/"},{"@type":"ListItem","position":2,"name":"Estado do Rio de Janeiro","item":"https:\/\/folhadoleste.com.br\/category\/estado-do-rio-de-janeiro\/"},{"@type":"ListItem","position":3,"name":"Baixada Fluminense","item":"https:\/\/folhadoleste.com.br\/category\/estado-do-rio-de-janeiro\/noticias-da-baixada-fluminense\/"},{"@type":"ListItem","position":4,"name":"Colis\u00e3o entre carreta e caminh\u00e3o deixa um morto na Via Dutra"}]},{"@type":"WebSite","@id":"https:\/\/folhadoleste.com.br\/#website","url":"https:\/\/folhadoleste.com.br\/","name":"Folha do Leste","description":"Portal de Not\u00edcias com \u00eanfase em Niter\u00f3i, criando conte\u00fados desde a capital Rio de Janeiro, com olhar para o Leste Fluminense e suas cidades como S\u00e3o Gon\u00e7alo, Itabora\u00ed, Rio Bonito, Maric\u00e1, Saquarema e Araruama","publisher":{"@id":"https:\/\/folhadoleste.com.br\/#organization"},"alternateName":"FL","potentialAction":[{"@type":"SearchAction","target":{"@type":"EntryPoint","urlTemplate":"https:\/\/folhadoleste.com.br\/?s={search_term_string}"},"query-input":{"@type":"PropertyValueSpecification","valueRequired":true,"valueName":"search_term_string"}}],"inLanguage":"en-US"},{"@type":"Organization","@id":"https:\/\/folhadoleste.com.br\/#organization","name":"Brasil 21 Comunica\u00e7\u00e3o","alternateName":"BR21","url":"https:\/\/folhadoleste.com.br\/","logo":{"@type":"ImageObject","inLanguage":"en-US","@id":"https:\/\/folhadoleste.com.br\/#\/schema\/logo\/image\/","url":"https:\/\/folhadoleste.com.br\/wp-content\/uploads\/2025\/12\/brasil-21-logomarca.avif","contentUrl":"https:\/\/folhadoleste.com.br\/wp-content\/uploads\/2025\/12\/brasil-21-logomarca.avif","width":1044,"height":1044,"caption":"Brasil 21 Comunica\u00e7\u00e3o"},"image":{"@id":"https:\/\/folhadoleste.com.br\/#\/schema\/logo\/image\/"},"sameAs":["https:\/\/www.facebook.com\/folhadoleste","https:\/\/x.com\/FolhadoLesteRJ","https:\/\/www.instagram.com\/folhadoleste\/"]},{"@type":"Person","@id":"https:\/\/folhadoleste.com.br\/#\/schema\/person\/3e97145b2e1861276e84471aa85a3899","name":"Folha do Leste","image":{"@type":"ImageObject","inLanguage":"en-US","@id":"https:\/\/folhadoleste.com.br\/wp-content\/litespeed\/avatar\/1ca8c218432e7045e748610eb3db0259.jpg?ver=1777161142","url":"https:\/\/folhadoleste.com.br\/wp-content\/litespeed\/avatar\/1ca8c218432e7045e748610eb3db0259.jpg?ver=1777161142","contentUrl":"https:\/\/folhadoleste.com.br\/wp-content\/litespeed\/avatar\/1ca8c218432e7045e748610eb3db0259.jpg?ver=1777161142","caption":"Folha do Leste"},"url":"https:\/\/folhadoleste.com.br\/en\/author\/reportagem-01\/"}]}},"_links":{"self":[{"href":"https:\/\/folhadoleste.com.br\/en\/wp-json\/wp\/v2\/posts\/109481","targetHints":{"allow":["GET"]}}],"collection":[{"href":"https:\/\/folhadoleste.com.br\/en\/wp-json\/wp\/v2\/posts"}],"about":[{"href":"https:\/\/folhadoleste.com.br\/en\/wp-json\/wp\/v2\/types\/post"}],"author":[{"embeddable":true,"href":"https:\/\/folhadoleste.com.br\/en\/wp-json\/wp\/v2\/users\/4"}],"replies":[{"embeddable":true,"href":"https:\/\/folhadoleste.com.br\/en\/wp-json\/wp\/v2\/comments?post=109481"}],"version-history":[{"count":1,"href":"https:\/\/folhadoleste.com.br\/en\/wp-json\/wp\/v2\/posts\/109481\/revisions"}],"predecessor-version":[{"id":109484,"href":"https:\/\/folhadoleste.com.br\/en\/wp-json\/wp\/v2\/posts\/109481\/revisions\/109484"}],"wp:featuredmedia":[{"embeddable":true,"href":"https:\/\/folhadoleste.com.br\/en\/wp-json\/wp\/v2\/media\/109483"}],"wp:attachment":[{"href":"https:\/\/folhadoleste.com.br\/en\/wp-json\/wp\/v2\/media?parent=109481"}],"wp:term":[{"taxonomy":"category","embeddable":true,"href":"https:\/\/folhadoleste.com.br\/en\/wp-json\/wp\/v2\/categories?post=109481"},{"taxonomy":"post_tag","embeddable":true,"href":"https:\/\/folhadoleste.com.br\/en\/wp-json\/wp\/v2\/tags?post=109481"}],"curies":[{"name":"wp","href":"https:\/\/api.w.org\/{rel}","templated":true}]}}