{"id":108556,"date":"2025-02-05T12:22:05","date_gmt":"2025-02-05T15:22:05","guid":{"rendered":"https:\/\/folhadoleste.com.br\/?p=108556"},"modified":"2025-02-05T12:22:05","modified_gmt":"2025-02-05T15:22:05","slug":"smas-promove-visita-ao-cristo-redentor-para-acolhidos","status":"publish","type":"post","link":"https:\/\/folhadoleste.com.br\/en\/smas-promove-visita-ao-cristo-redentor-para-acolhidos\/","title":{"rendered":"SMAS promove visita ao Cristo Redentor para acolhidos"},"content":{"rendered":"<div id=\"attachment_108558\" style=\"width: 1210px\" class=\"wp-caption aligncenter\"><img decoding=\"async\" aria-describedby=\"caption-attachment-108558\" class=\"size-full wp-image-108558\" src=\"https:\/\/folhadoleste.com.br\/wp-content\/uploads\/2025\/02\/SMAS-promove-visita-ao-Cristo-Redentor-para-acolhidos-Foto-Wanderson-Cruz-SMAS.jpeg\" alt=\"\" width=\"1200\" height=\"750\" \/><p id=\"caption-attachment-108558\" class=\"wp-caption-text\">SMAS promove visita ao Cristo Redentor para acolhidos | Wanderson Cruz\/SMAS<\/p><\/div>\n<p style=\"text-align: justify;\" data-pm-slice=\"1 1 []\">Um grupo de crian\u00e7as, adolescentes e idosos em situa\u00e7\u00e3o de vulnerabilidade social participou de uma visita especial ao Cristo Redentor, na \u00faltima segunda-feira (03). A iniciativa fez parte de um projeto da Secretaria Municipal de Assist\u00eancia Social do Rio (SMAS), que busca promover viv\u00eancias culturais e sociais para acolhidos.<\/p>\n<p style=\"text-align: justify;\">A maioria dos 16 participantes nunca havia visitado o monumento, um dos principais pontos tur\u00edsticos do Brasil. Durante o passeio, eles puderam conhecer a hist\u00f3ria do Cristo Redentor, apreciar a vista panor\u00e2mica da cidade e tirar fotos. A atividade fez parte do projeto &#8220;Viv\u00eancias&#8221;, que tem como objetivo fortalecer o sentimento de pertencimento e inclus\u00e3o social entre os atendidos pela rede assistencial do munic\u00edpio.<\/p>\n<blockquote>\n<div class=\"texto\" style=\"text-align: justify;\">&#8220;A est\u00e1tua \u00e9 muito legal&#8221;, disse A, de 14 anos, assistido pelo programa Fam\u00edlia Acolhedora. &#8220;Eu pedi por todos os meus amigos do abrigo e pela equipe que me acolheu e cuida da gente. Esse momento aqui foi maravilhoso&#8221;, comentou Creuza Freire dos Santos, 67, da Unidade de Reinser\u00e7\u00e3o Social (URS) Dina Sfat, em Bangu, na Zona Oeste.<\/div>\n<\/blockquote>\n<h5 style=\"text-align: center;\"><span style=\"color: #000000;\"><span style=\"color: #ff0000;\"><strong>+ <\/strong><\/span><\/span><span style=\"color: #000000;\"><span style=\"color: #ff9900;\"><strong>MAIS NOT\u00cdCIAS DO RIO DE JANEIRO?<\/strong><\/span> <span style=\"color: #008080;\"><strong><a style=\"color: #008080;\" href=\"https:\/\/folhadoleste.com.br\/en\/category\/rio-de-janeiro-capital\/\">CLIQUE AQUI<\/a><\/strong><\/span><\/span><\/h5>\n<p style=\"text-align: justify;\">A iniciativa promove visitas a espa\u00e7os culturais e de lazer, como teatros, cinemas, eventos esportivos, parques e museus. Em 2024, mais de 13 mil pessoas acolhidas pelos servi\u00e7os sociais do Rio de Janeiro foram beneficiadas. Segundo a SMAS, a ideia \u00e9 proporcionar experi\u00eancias enriquecedoras que estimulem o desenvolvimento pessoal e a inclus\u00e3o na sociedade.<\/p>\n<div class=\"article-body\">\n<blockquote>\n<div class=\"texto\" style=\"text-align: justify;\">&#8220;A nossa meta \u00e9 mostrar que esses espa\u00e7os tamb\u00e9m devem ser ocupados por pessoas em vulnerabilidade social. Essas pessoas tamb\u00e9m s\u00e3o parte da cidade. N\u00f3s conseguimos perceber a anima\u00e7\u00e3o e a sensa\u00e7\u00e3o de pertencimento, quando realizamos esse projeto nas nossas unidades. O sentimento \u00e9 \u00fanico&#8221;, explica Regina Silveira, coordenadora da SMAS.<\/div>\n<\/blockquote>\n<\/div>\n<p style=\"text-align: justify;\">Os passeios s\u00e3o organizados periodicamente e contam com apoio de institui\u00e7\u00f5es parceiras. A secretaria refor\u00e7a a import\u00e2ncia dessas atividades para o bem-estar dos acolhidos, contribuindo para a amplia\u00e7\u00e3o de horizontes e o fortalecimento de v\u00ednculos sociais. Para saber mais sobre as pr\u00f3ximas a\u00e7\u00f5es do projeto &#8220;Viv\u00eancias&#8221;, os interessados podem acompanhar as atualiza\u00e7\u00f5es no site da SMAS.<\/p>\n<div id=\"attachment_77492\" class=\"wp-caption aligncenter\"><a href=\"http:\/\/instagram.com\/folhadoleste\"><img decoding=\"async\" class=\"wp-image-77492 size-full\" src=\"https:\/\/folhadoleste.com.br\/wp-content\/uploads\/2024\/07\/Instagram-Folha-do-Leste.png\" alt=\"http:\/\/instagram.com\/folhadoleste\" width=\"400\" height=\"200\" aria-describedby=\"caption-attachment-77492\" \/><\/a><\/div>\n<div id=\"attachment_77490\" class=\"wp-caption aligncenter\"><a href=\"http:\/\/facebook.com\/folhadoleste\"><img decoding=\"async\" class=\"size-medium wp-image-77490\" src=\"https:\/\/folhadoleste.com.br\/wp-content\/uploads\/2024\/07\/Facebook-Folha-do-Leste-10k-300x300.jpg\" alt=\"Curta e siga o Folha do Leste no Facebook!\" width=\"300\" height=\"300\" aria-describedby=\"caption-attachment-77490\" \/><\/a><\/div>","protected":false},"excerpt":{"rendered":"<p>Um grupo de crian\u00e7as, adolescentes e idosos em situa\u00e7\u00e3o de vulnerabilidade social participou de uma visita especial ao Cristo Redentor, na \u00faltima segunda-feira (03). A iniciativa fez parte de um projeto da Secretaria Municipal de Assist\u00eancia Social do Rio (SMAS), que busca promover viv\u00eancias culturais e sociais para acolhidos. A maioria dos 16 participantes nunca havia visitado o monumento, um dos principais pontos tur\u00edsticos do Brasil. Durante o passeio, eles puderam conhecer a hist\u00f3ria do Cristo Redentor, apreciar a vista panor\u00e2mica da cidade e tirar fotos. A atividade fez parte do projeto &#8220;Viv\u00eancias&#8221;, que tem como objetivo fortalecer o sentimento [&hellip;]<\/p>\n","protected":false},"author":4,"featured_media":108558,"comment_status":"open","ping_status":"open","sticky":false,"template":"","format":"standard","meta":{"footnotes":""},"categories":[67],"tags":[7742,12507,30000,2953,5054,639,63843,2531,108,19419,1758,5603,12509,1818,6026,198,63844,11540,536,3087,2532,1494,6177,10116,63842,93,60307,20713,19143,20299,63841,2530,25530],"class_list":["post-108556","post","type-post","status-publish","format-standard","has-post-thumbnail","hentry","category-rio-de-janeiro-capital","tag-acolhimento","tag-alegria","tag-apoio-social","tag-assistencia-social","tag-cidadania","tag-criancas","tag-criancas-no-cristo-redentor","tag-cristo-redentor","tag-cultura","tag-desigualdade-social","tag-direitos-humanos","tag-emocao","tag-esperanca","tag-experiencia","tag-fe","tag-idosos","tag-idosos-no-cristo-redentor","tag-inclusao-social","tag-lazer","tag-oportunidade","tag-passeio","tag-pobreza","tag-primeira-vez","tag-projeto-social","tag-projetos-sociais-no-rio-de-janeiro","tag-rio-de-janeiro","tag-secretaria-municipal-de-assistencia-social","tag-smas","tag-superacao","tag-transformacao-social","tag-turismo-social","tag-visita","tag-vulnerabilidade-social","post--single"],"yoast_head":"<!-- This site is optimized with the Yoast SEO plugin v27.4 - https:\/\/yoast.com\/product\/yoast-seo-wordpress\/ -->\n<title>SMAS promove visita ao Cristo Redentor para acolhidos &#8226; Folha do Leste<\/title>\n<meta name=\"description\" content=\"SMAS promove visita ao Cristo Redentor para acolhidos. Projeto leva jovens e idosos em situa\u00e7\u00e3o de vulnerabilidade social...\" \/>\n<meta name=\"robots\" content=\"index, follow, max-snippet:-1, max-image-preview:large, max-video-preview:-1\" \/>\n<link rel=\"canonical\" href=\"https:\/\/folhadoleste.com.br\/en\/smas-promove-visita-ao-cristo-redentor-para-acolhidos\/\" \/>\n<meta property=\"og:locale\" content=\"en_US\" \/>\n<meta property=\"og:type\" content=\"article\" \/>\n<meta property=\"og:title\" content=\"SMAS promove visita ao Cristo Redentor para acolhidos &#8226; Folha do Leste\" \/>\n<meta property=\"og:description\" content=\"SMAS promove visita ao Cristo Redentor para acolhidos. Projeto leva jovens e idosos em situa\u00e7\u00e3o de vulnerabilidade social...\" \/>\n<meta property=\"og:url\" content=\"https:\/\/folhadoleste.com.br\/en\/smas-promove-visita-ao-cristo-redentor-para-acolhidos\/\" \/>\n<meta property=\"og:site_name\" content=\"Folha do Leste\" \/>\n<meta property=\"article:publisher\" content=\"https:\/\/www.facebook.com\/folhadoleste\" \/>\n<meta property=\"article:published_time\" content=\"2025-02-05T15:22:05+00:00\" \/>\n<meta property=\"og:image\" content=\"https:\/\/folhadoleste.com.br\/wp-content\/uploads\/2025\/02\/SMAS-promove-visita-ao-Cristo-Redentor-para-acolhidos-Foto-Wanderson-Cruz-SMAS.jpeg\" \/>\n\t<meta property=\"og:image:width\" content=\"1200\" \/>\n\t<meta property=\"og:image:height\" content=\"750\" \/>\n\t<meta property=\"og:image:type\" content=\"image\/jpeg\" \/>\n<meta name=\"author\" content=\"Folha do Leste\" \/>\n<meta name=\"twitter:card\" content=\"summary_large_image\" \/>\n<meta name=\"twitter:creator\" content=\"@FolhadoLesteRJ\" \/>\n<meta name=\"twitter:site\" content=\"@FolhadoLesteRJ\" \/>\n<meta name=\"twitter:label1\" content=\"Written by\" \/>\n\t<meta name=\"twitter:data1\" content=\"Folha do Leste\" \/>\n\t<meta name=\"twitter:label2\" content=\"Est. reading time\" \/>\n\t<meta name=\"twitter:data2\" content=\"3 minutes\" \/>\n<script type=\"application\/ld+json\" class=\"yoast-schema-graph\">{\"@context\":\"https:\\\/\\\/schema.org\",\"@graph\":[{\"@type\":\"NewsArticle\",\"@id\":\"https:\\\/\\\/folhadoleste.com.br\\\/smas-promove-visita-ao-cristo-redentor-para-acolhidos\\\/#article\",\"isPartOf\":{\"@id\":\"https:\\\/\\\/folhadoleste.com.br\\\/smas-promove-visita-ao-cristo-redentor-para-acolhidos\\\/\"},\"author\":{\"name\":\"Folha do Leste\",\"@id\":\"https:\\\/\\\/folhadoleste.com.br\\\/#\\\/schema\\\/person\\\/3e97145b2e1861276e84471aa85a3899\"},\"headline\":\"SMAS promove visita ao Cristo Redentor para acolhidos\",\"datePublished\":\"2025-02-05T15:22:05+00:00\",\"mainEntityOfPage\":{\"@id\":\"https:\\\/\\\/folhadoleste.com.br\\\/smas-promove-visita-ao-cristo-redentor-para-acolhidos\\\/\"},\"wordCount\":391,\"commentCount\":0,\"publisher\":{\"@id\":\"https:\\\/\\\/folhadoleste.com.br\\\/#organization\"},\"image\":{\"@id\":\"https:\\\/\\\/folhadoleste.com.br\\\/smas-promove-visita-ao-cristo-redentor-para-acolhidos\\\/#primaryimage\"},\"thumbnailUrl\":\"https:\\\/\\\/folhadoleste.com.br\\\/wp-content\\\/uploads\\\/2025\\\/02\\\/SMAS-promove-visita-ao-Cristo-Redentor-para-acolhidos-Foto-Wanderson-Cruz-SMAS.jpeg\",\"keywords\":[\"acolhimento\",\"alegria\",\"apoio social\",\"Assist\u00eancia Social\",\"Cidadania\",\"crian\u00e7as\",\"crian\u00e7as no Cristo Redentor\",\"Cristo Redentor\",\"Cultura\",\"Desigualdade Social\",\"Direitos Humanos\",\"emo\u00e7\u00e3o\",\"esperan\u00e7a\",\"experi\u00eancia\",\"f\u00e9\",\"idosos\",\"idosos no Cristo Redentor\",\"Inclus\u00e3o social\",\"lazer\",\"oportunidade\",\"passeio\",\"pobreza\",\"primeira vez\",\"projeto social\",\"projetos sociais no Rio de Janeiro\",\"Rio de Janeiro\",\"Secretaria Municipal de Assist\u00eancia Social\",\"Smas\",\"Supera\u00e7\u00e3o\",\"Transforma\u00e7\u00e3o Social\",\"turismo social\",\"visita\",\"vulnerabilidade social\"],\"articleSection\":[\"Rio de Janeiro - Capital\"],\"inLanguage\":\"en-US\",\"potentialAction\":[{\"@type\":\"CommentAction\",\"name\":\"Comment\",\"target\":[\"https:\\\/\\\/folhadoleste.com.br\\\/smas-promove-visita-ao-cristo-redentor-para-acolhidos\\\/#respond\"]}]},{\"@type\":\"WebPage\",\"@id\":\"https:\\\/\\\/folhadoleste.com.br\\\/smas-promove-visita-ao-cristo-redentor-para-acolhidos\\\/\",\"url\":\"https:\\\/\\\/folhadoleste.com.br\\\/smas-promove-visita-ao-cristo-redentor-para-acolhidos\\\/\",\"name\":\"SMAS promove visita ao Cristo Redentor para acolhidos &#8226; Folha do Leste\",\"isPartOf\":{\"@id\":\"https:\\\/\\\/folhadoleste.com.br\\\/#website\"},\"primaryImageOfPage\":{\"@id\":\"https:\\\/\\\/folhadoleste.com.br\\\/smas-promove-visita-ao-cristo-redentor-para-acolhidos\\\/#primaryimage\"},\"image\":{\"@id\":\"https:\\\/\\\/folhadoleste.com.br\\\/smas-promove-visita-ao-cristo-redentor-para-acolhidos\\\/#primaryimage\"},\"thumbnailUrl\":\"https:\\\/\\\/folhadoleste.com.br\\\/wp-content\\\/uploads\\\/2025\\\/02\\\/SMAS-promove-visita-ao-Cristo-Redentor-para-acolhidos-Foto-Wanderson-Cruz-SMAS.jpeg\",\"datePublished\":\"2025-02-05T15:22:05+00:00\",\"description\":\"SMAS promove visita ao Cristo Redentor para acolhidos. Projeto leva jovens e idosos em situa\u00e7\u00e3o de vulnerabilidade social...\",\"breadcrumb\":{\"@id\":\"https:\\\/\\\/folhadoleste.com.br\\\/smas-promove-visita-ao-cristo-redentor-para-acolhidos\\\/#breadcrumb\"},\"inLanguage\":\"en-US\",\"potentialAction\":[{\"@type\":\"ReadAction\",\"target\":[\"https:\\\/\\\/folhadoleste.com.br\\\/smas-promove-visita-ao-cristo-redentor-para-acolhidos\\\/\"]}]},{\"@type\":\"ImageObject\",\"inLanguage\":\"en-US\",\"@id\":\"https:\\\/\\\/folhadoleste.com.br\\\/smas-promove-visita-ao-cristo-redentor-para-acolhidos\\\/#primaryimage\",\"url\":\"https:\\\/\\\/folhadoleste.com.br\\\/wp-content\\\/uploads\\\/2025\\\/02\\\/SMAS-promove-visita-ao-Cristo-Redentor-para-acolhidos-Foto-Wanderson-Cruz-SMAS.jpeg\",\"contentUrl\":\"https:\\\/\\\/folhadoleste.com.br\\\/wp-content\\\/uploads\\\/2025\\\/02\\\/SMAS-promove-visita-ao-Cristo-Redentor-para-acolhidos-Foto-Wanderson-Cruz-SMAS.jpeg\",\"width\":1200,\"height\":750,\"caption\":\"SMAS promove visita ao Cristo Redentor para acolhidos | Wanderson Cruz\\\/SMAS\"},{\"@type\":\"BreadcrumbList\",\"@id\":\"https:\\\/\\\/folhadoleste.com.br\\\/smas-promove-visita-ao-cristo-redentor-para-acolhidos\\\/#breadcrumb\",\"itemListElement\":[{\"@type\":\"ListItem\",\"position\":1,\"name\":\"In\u00edcio\",\"item\":\"https:\\\/\\\/folhadoleste.com.br\\\/\"},{\"@type\":\"ListItem\",\"position\":2,\"name\":\"Rio de Janeiro - Capital\",\"item\":\"https:\\\/\\\/folhadoleste.com.br\\\/category\\\/rio-de-janeiro-capital\\\/\"},{\"@type\":\"ListItem\",\"position\":3,\"name\":\"SMAS promove visita ao Cristo Redentor para acolhidos\"}]},{\"@type\":\"WebSite\",\"@id\":\"https:\\\/\\\/folhadoleste.com.br\\\/#website\",\"url\":\"https:\\\/\\\/folhadoleste.com.br\\\/\",\"name\":\"Folha do Leste\",\"description\":\"Portal de Not\u00edcias com \u00eanfase em Niter\u00f3i, criando conte\u00fados desde a capital Rio de Janeiro, com olhar para o Leste Fluminense e suas cidades como S\u00e3o Gon\u00e7alo, Itabora\u00ed, Rio Bonito, Maric\u00e1, Saquarema e Araruama\",\"publisher\":{\"@id\":\"https:\\\/\\\/folhadoleste.com.br\\\/#organization\"},\"alternateName\":\"FL\",\"potentialAction\":[{\"@type\":\"SearchAction\",\"target\":{\"@type\":\"EntryPoint\",\"urlTemplate\":\"https:\\\/\\\/folhadoleste.com.br\\\/?s={search_term_string}\"},\"query-input\":{\"@type\":\"PropertyValueSpecification\",\"valueRequired\":true,\"valueName\":\"search_term_string\"}}],\"inLanguage\":\"en-US\"},{\"@type\":\"Organization\",\"@id\":\"https:\\\/\\\/folhadoleste.com.br\\\/#organization\",\"name\":\"Brasil 21 Comunica\u00e7\u00e3o\",\"alternateName\":\"BR21\",\"url\":\"https:\\\/\\\/folhadoleste.com.br\\\/\",\"logo\":{\"@type\":\"ImageObject\",\"inLanguage\":\"en-US\",\"@id\":\"https:\\\/\\\/folhadoleste.com.br\\\/#\\\/schema\\\/logo\\\/image\\\/\",\"url\":\"https:\\\/\\\/folhadoleste.com.br\\\/wp-content\\\/uploads\\\/2025\\\/12\\\/brasil-21-logomarca.avif\",\"contentUrl\":\"https:\\\/\\\/folhadoleste.com.br\\\/wp-content\\\/uploads\\\/2025\\\/12\\\/brasil-21-logomarca.avif\",\"width\":1044,\"height\":1044,\"caption\":\"Brasil 21 Comunica\u00e7\u00e3o\"},\"image\":{\"@id\":\"https:\\\/\\\/folhadoleste.com.br\\\/#\\\/schema\\\/logo\\\/image\\\/\"},\"sameAs\":[\"https:\\\/\\\/www.facebook.com\\\/folhadoleste\",\"https:\\\/\\\/x.com\\\/FolhadoLesteRJ\",\"https:\\\/\\\/www.instagram.com\\\/folhadoleste\\\/\"]},{\"@type\":\"Person\",\"@id\":\"https:\\\/\\\/folhadoleste.com.br\\\/#\\\/schema\\\/person\\\/3e97145b2e1861276e84471aa85a3899\",\"name\":\"Folha do Leste\",\"image\":{\"@type\":\"ImageObject\",\"inLanguage\":\"en-US\",\"@id\":\"https:\\\/\\\/folhadoleste.com.br\\\/wp-content\\\/litespeed\\\/avatar\\\/1ca8c218432e7045e748610eb3db0259.jpg?ver=1777161142\",\"url\":\"https:\\\/\\\/folhadoleste.com.br\\\/wp-content\\\/litespeed\\\/avatar\\\/1ca8c218432e7045e748610eb3db0259.jpg?ver=1777161142\",\"contentUrl\":\"https:\\\/\\\/folhadoleste.com.br\\\/wp-content\\\/litespeed\\\/avatar\\\/1ca8c218432e7045e748610eb3db0259.jpg?ver=1777161142\",\"caption\":\"Folha do Leste\"},\"url\":\"https:\\\/\\\/folhadoleste.com.br\\\/en\\\/author\\\/reportagem-01\\\/\"}]}<\/script>\n<!-- \/ Yoast SEO plugin. -->","yoast_head_json":{"title":"SMAS promove visita ao Cristo Redentor para acolhidos &#8226; Folha do Leste","description":"SMAS promove visita ao Cristo Redentor para acolhidos. Projeto leva jovens e idosos em situa\u00e7\u00e3o de vulnerabilidade social...","robots":{"index":"index","follow":"follow","max-snippet":"max-snippet:-1","max-image-preview":"max-image-preview:large","max-video-preview":"max-video-preview:-1"},"canonical":"https:\/\/folhadoleste.com.br\/en\/smas-promove-visita-ao-cristo-redentor-para-acolhidos\/","og_locale":"en_US","og_type":"article","og_title":"SMAS promove visita ao Cristo Redentor para acolhidos &#8226; Folha do Leste","og_description":"SMAS promove visita ao Cristo Redentor para acolhidos. Projeto leva jovens e idosos em situa\u00e7\u00e3o de vulnerabilidade social...","og_url":"https:\/\/folhadoleste.com.br\/en\/smas-promove-visita-ao-cristo-redentor-para-acolhidos\/","og_site_name":"Folha do Leste","article_publisher":"https:\/\/www.facebook.com\/folhadoleste","article_published_time":"2025-02-05T15:22:05+00:00","og_image":[{"width":1200,"height":750,"url":"https:\/\/folhadoleste.com.br\/wp-content\/uploads\/2025\/02\/SMAS-promove-visita-ao-Cristo-Redentor-para-acolhidos-Foto-Wanderson-Cruz-SMAS.jpeg","type":"image\/jpeg"}],"author":"Folha do Leste","twitter_card":"summary_large_image","twitter_creator":"@FolhadoLesteRJ","twitter_site":"@FolhadoLesteRJ","twitter_misc":{"Written by":"Folha do Leste","Est. reading time":"3 minutes"},"schema":{"@context":"https:\/\/schema.org","@graph":[{"@type":"NewsArticle","@id":"https:\/\/folhadoleste.com.br\/smas-promove-visita-ao-cristo-redentor-para-acolhidos\/#article","isPartOf":{"@id":"https:\/\/folhadoleste.com.br\/smas-promove-visita-ao-cristo-redentor-para-acolhidos\/"},"author":{"name":"Folha do Leste","@id":"https:\/\/folhadoleste.com.br\/#\/schema\/person\/3e97145b2e1861276e84471aa85a3899"},"headline":"SMAS promove visita ao Cristo Redentor para acolhidos","datePublished":"2025-02-05T15:22:05+00:00","mainEntityOfPage":{"@id":"https:\/\/folhadoleste.com.br\/smas-promove-visita-ao-cristo-redentor-para-acolhidos\/"},"wordCount":391,"commentCount":0,"publisher":{"@id":"https:\/\/folhadoleste.com.br\/#organization"},"image":{"@id":"https:\/\/folhadoleste.com.br\/smas-promove-visita-ao-cristo-redentor-para-acolhidos\/#primaryimage"},"thumbnailUrl":"https:\/\/folhadoleste.com.br\/wp-content\/uploads\/2025\/02\/SMAS-promove-visita-ao-Cristo-Redentor-para-acolhidos-Foto-Wanderson-Cruz-SMAS.jpeg","keywords":["acolhimento","alegria","apoio social","Assist\u00eancia Social","Cidadania","crian\u00e7as","crian\u00e7as no Cristo Redentor","Cristo Redentor","Cultura","Desigualdade Social","Direitos Humanos","emo\u00e7\u00e3o","esperan\u00e7a","experi\u00eancia","f\u00e9","idosos","idosos no Cristo Redentor","Inclus\u00e3o social","lazer","oportunidade","passeio","pobreza","primeira vez","projeto social","projetos sociais no Rio de Janeiro","Rio de Janeiro","Secretaria Municipal de Assist\u00eancia Social","Smas","Supera\u00e7\u00e3o","Transforma\u00e7\u00e3o Social","turismo social","visita","vulnerabilidade social"],"articleSection":["Rio de Janeiro - Capital"],"inLanguage":"en-US","potentialAction":[{"@type":"CommentAction","name":"Comment","target":["https:\/\/folhadoleste.com.br\/smas-promove-visita-ao-cristo-redentor-para-acolhidos\/#respond"]}]},{"@type":"WebPage","@id":"https:\/\/folhadoleste.com.br\/smas-promove-visita-ao-cristo-redentor-para-acolhidos\/","url":"https:\/\/folhadoleste.com.br\/smas-promove-visita-ao-cristo-redentor-para-acolhidos\/","name":"SMAS promove visita ao Cristo Redentor para acolhidos &#8226; Folha do Leste","isPartOf":{"@id":"https:\/\/folhadoleste.com.br\/#website"},"primaryImageOfPage":{"@id":"https:\/\/folhadoleste.com.br\/smas-promove-visita-ao-cristo-redentor-para-acolhidos\/#primaryimage"},"image":{"@id":"https:\/\/folhadoleste.com.br\/smas-promove-visita-ao-cristo-redentor-para-acolhidos\/#primaryimage"},"thumbnailUrl":"https:\/\/folhadoleste.com.br\/wp-content\/uploads\/2025\/02\/SMAS-promove-visita-ao-Cristo-Redentor-para-acolhidos-Foto-Wanderson-Cruz-SMAS.jpeg","datePublished":"2025-02-05T15:22:05+00:00","description":"SMAS promove visita ao Cristo Redentor para acolhidos. Projeto leva jovens e idosos em situa\u00e7\u00e3o de vulnerabilidade social...","breadcrumb":{"@id":"https:\/\/folhadoleste.com.br\/smas-promove-visita-ao-cristo-redentor-para-acolhidos\/#breadcrumb"},"inLanguage":"en-US","potentialAction":[{"@type":"ReadAction","target":["https:\/\/folhadoleste.com.br\/smas-promove-visita-ao-cristo-redentor-para-acolhidos\/"]}]},{"@type":"ImageObject","inLanguage":"en-US","@id":"https:\/\/folhadoleste.com.br\/smas-promove-visita-ao-cristo-redentor-para-acolhidos\/#primaryimage","url":"https:\/\/folhadoleste.com.br\/wp-content\/uploads\/2025\/02\/SMAS-promove-visita-ao-Cristo-Redentor-para-acolhidos-Foto-Wanderson-Cruz-SMAS.jpeg","contentUrl":"https:\/\/folhadoleste.com.br\/wp-content\/uploads\/2025\/02\/SMAS-promove-visita-ao-Cristo-Redentor-para-acolhidos-Foto-Wanderson-Cruz-SMAS.jpeg","width":1200,"height":750,"caption":"SMAS promove visita ao Cristo Redentor para acolhidos | Wanderson Cruz\/SMAS"},{"@type":"BreadcrumbList","@id":"https:\/\/folhadoleste.com.br\/smas-promove-visita-ao-cristo-redentor-para-acolhidos\/#breadcrumb","itemListElement":[{"@type":"ListItem","position":1,"name":"In\u00edcio","item":"https:\/\/folhadoleste.com.br\/"},{"@type":"ListItem","position":2,"name":"Rio de Janeiro - Capital","item":"https:\/\/folhadoleste.com.br\/category\/rio-de-janeiro-capital\/"},{"@type":"ListItem","position":3,"name":"SMAS promove visita ao Cristo Redentor para acolhidos"}]},{"@type":"WebSite","@id":"https:\/\/folhadoleste.com.br\/#website","url":"https:\/\/folhadoleste.com.br\/","name":"Folha do Leste","description":"Portal de Not\u00edcias com \u00eanfase em Niter\u00f3i, criando conte\u00fados desde a capital Rio de Janeiro, com olhar para o Leste Fluminense e suas cidades como S\u00e3o Gon\u00e7alo, Itabora\u00ed, Rio Bonito, Maric\u00e1, Saquarema e Araruama","publisher":{"@id":"https:\/\/folhadoleste.com.br\/#organization"},"alternateName":"FL","potentialAction":[{"@type":"SearchAction","target":{"@type":"EntryPoint","urlTemplate":"https:\/\/folhadoleste.com.br\/?s={search_term_string}"},"query-input":{"@type":"PropertyValueSpecification","valueRequired":true,"valueName":"search_term_string"}}],"inLanguage":"en-US"},{"@type":"Organization","@id":"https:\/\/folhadoleste.com.br\/#organization","name":"Brasil 21 Comunica\u00e7\u00e3o","alternateName":"BR21","url":"https:\/\/folhadoleste.com.br\/","logo":{"@type":"ImageObject","inLanguage":"en-US","@id":"https:\/\/folhadoleste.com.br\/#\/schema\/logo\/image\/","url":"https:\/\/folhadoleste.com.br\/wp-content\/uploads\/2025\/12\/brasil-21-logomarca.avif","contentUrl":"https:\/\/folhadoleste.com.br\/wp-content\/uploads\/2025\/12\/brasil-21-logomarca.avif","width":1044,"height":1044,"caption":"Brasil 21 Comunica\u00e7\u00e3o"},"image":{"@id":"https:\/\/folhadoleste.com.br\/#\/schema\/logo\/image\/"},"sameAs":["https:\/\/www.facebook.com\/folhadoleste","https:\/\/x.com\/FolhadoLesteRJ","https:\/\/www.instagram.com\/folhadoleste\/"]},{"@type":"Person","@id":"https:\/\/folhadoleste.com.br\/#\/schema\/person\/3e97145b2e1861276e84471aa85a3899","name":"Folha do Leste","image":{"@type":"ImageObject","inLanguage":"en-US","@id":"https:\/\/folhadoleste.com.br\/wp-content\/litespeed\/avatar\/1ca8c218432e7045e748610eb3db0259.jpg?ver=1777161142","url":"https:\/\/folhadoleste.com.br\/wp-content\/litespeed\/avatar\/1ca8c218432e7045e748610eb3db0259.jpg?ver=1777161142","contentUrl":"https:\/\/folhadoleste.com.br\/wp-content\/litespeed\/avatar\/1ca8c218432e7045e748610eb3db0259.jpg?ver=1777161142","caption":"Folha do Leste"},"url":"https:\/\/folhadoleste.com.br\/en\/author\/reportagem-01\/"}]}},"_links":{"self":[{"href":"https:\/\/folhadoleste.com.br\/en\/wp-json\/wp\/v2\/posts\/108556","targetHints":{"allow":["GET"]}}],"collection":[{"href":"https:\/\/folhadoleste.com.br\/en\/wp-json\/wp\/v2\/posts"}],"about":[{"href":"https:\/\/folhadoleste.com.br\/en\/wp-json\/wp\/v2\/types\/post"}],"author":[{"embeddable":true,"href":"https:\/\/folhadoleste.com.br\/en\/wp-json\/wp\/v2\/users\/4"}],"replies":[{"embeddable":true,"href":"https:\/\/folhadoleste.com.br\/en\/wp-json\/wp\/v2\/comments?post=108556"}],"version-history":[{"count":1,"href":"https:\/\/folhadoleste.com.br\/en\/wp-json\/wp\/v2\/posts\/108556\/revisions"}],"predecessor-version":[{"id":108559,"href":"https:\/\/folhadoleste.com.br\/en\/wp-json\/wp\/v2\/posts\/108556\/revisions\/108559"}],"wp:featuredmedia":[{"embeddable":true,"href":"https:\/\/folhadoleste.com.br\/en\/wp-json\/wp\/v2\/media\/108558"}],"wp:attachment":[{"href":"https:\/\/folhadoleste.com.br\/en\/wp-json\/wp\/v2\/media?parent=108556"}],"wp:term":[{"taxonomy":"category","embeddable":true,"href":"https:\/\/folhadoleste.com.br\/en\/wp-json\/wp\/v2\/categories?post=108556"},{"taxonomy":"post_tag","embeddable":true,"href":"https:\/\/folhadoleste.com.br\/en\/wp-json\/wp\/v2\/tags?post=108556"}],"curies":[{"name":"wp","href":"https:\/\/api.w.org\/{rel}","templated":true}]}}