{"id":108464,"date":"2025-02-04T18:24:32","date_gmt":"2025-02-04T21:24:32","guid":{"rendered":"https:\/\/folhadoleste.com.br\/?p=108464"},"modified":"2025-02-04T18:24:32","modified_gmt":"2025-02-04T21:24:32","slug":"medico-suspeito-de-estuprar-paciente-com-cancer-e-preso-em-itabira","status":"publish","type":"post","link":"https:\/\/folhadoleste.com.br\/en\/medico-suspeito-de-estuprar-paciente-com-cancer-e-preso-em-itabira\/","title":{"rendered":"M\u00e9dico suspeito de estuprar paciente com c\u00e2ncer \u00e9 preso em Itabira"},"content":{"rendered":"<div id=\"attachment_92180\" style=\"width: 1610px\" class=\"wp-caption aligncenter\"><img decoding=\"async\" aria-describedby=\"caption-attachment-92180\" class=\"size-full wp-image-92180\" src=\"https:\/\/folhadoleste.com.br\/wp-content\/uploads\/2024\/10\/Violencia-contra-a-mulher-cresce-no-Brasil-em-2023-Foto-Paulo-H-Carvalho-Agencia-Brasilia.jpeg\" alt=\"\" width=\"1600\" height=\"900\" \/><p id=\"caption-attachment-92180\" class=\"wp-caption-text\">M\u00e9dico suspeito de estuprar paciente com c\u00e2ncer \u00e9 preso em Itabira | Paulo H. Carvalho\/Ag\u00eancia Bras\u00edlia<\/p><\/div>\n<p style=\"text-align: justify;\" data-pm-slice=\"1 1 []\">Um m\u00e9dico de 46 anos foi preso nesta ter\u00e7a-feira (04) em Itabira, na Regi\u00e3o Central de Minas Gerais. Ele \u00e9 suspeito de estuprar uma paciente com c\u00e2ncer de mama durante uma consulta no Hospital Nossa Senhora das Dores, em 24 de janeiro.<\/p>\n<h4 style=\"text-align: justify;\"><strong>Den\u00fancia e investiga\u00e7\u00e3o<\/strong><\/h4>\n<p style=\"text-align: justify;\">A filha da v\u00edtima denunciou o caso \u00e0 Pol\u00edcia Militar ap\u00f3s notar que a m\u00e3e estava abalada. Segundo o boletim de ocorr\u00eancia, a paciente relatou que foi violentada pelo mastologista no consult\u00f3rio. Ela teria sido trancada na sala, colocada contra a parede e atacada pelo profissional.<\/p>\n<h5 style=\"text-align: center;\"><span style=\"color: #000000;\"><span style=\"color: #ff0000;\"><strong>+ <\/strong><\/span><\/span><span style=\"color: #000000;\"><strong><span style=\"color: #ff9900;\">MAIS NOT\u00cdCIAS DO BRASIL?<\/span> <span style=\"color: #008080;\"><a style=\"color: #008080;\" href=\"https:\/\/folhadoleste.com.br\/en\/category\/brasil\/\">CLIQUE AQUI<\/a><\/span><\/strong><\/span><\/h5>\n<p style=\"text-align: justify;\">Depois do abuso, o m\u00e9dico entregou uma receita e agendou um novo retorno para dali a 90 dias. Antes de liberar a paciente, teria solicitado que ela sa\u00edsse por um corredor lateral para evitar aten\u00e7\u00e3o. A mulher passou por exame de corpo de delito.<\/p>\n<h4 style=\"text-align: justify;\"><strong>Outras den\u00fancias<\/strong><\/h4>\n<p style=\"text-align: justify;\">A Pol\u00edcia Civil identificou outros relatos contra o m\u00e9dico. Mulheres que foram atendidas por ele, al\u00e9m de funcion\u00e1rias do hospital, mencionaram toques indevidos, beijos for\u00e7ados e abusos. O caso envolvendo a paciente oncol\u00f3gica foi considerado o mais grave.<\/p>\n<p style=\"text-align: justify;\">Em agosto do ano passado, o mastologista recebeu uma homenagem da Assembleia Legislativa de Minas Gerais por seu trabalho em Itabira e outras 28 cidades.<\/p>\n<h4 style=\"text-align: justify;\"><strong>Posicionamento do hospital<\/strong><\/h4>\n<p style=\"text-align: justify;\">O Hospital Nossa Senhora das Dores informou que afastou o profissional de suas fun\u00e7\u00f5es e colabora com as autoridades na investiga\u00e7\u00e3o.<\/p>\n<div id=\"attachment_77492\" class=\"wp-caption aligncenter\"><a href=\"http:\/\/instagram.com\/folhadoleste\"><img decoding=\"async\" class=\"wp-image-77492 size-full\" src=\"https:\/\/folhadoleste.com.br\/wp-content\/uploads\/2024\/07\/Instagram-Folha-do-Leste.png\" alt=\"http:\/\/instagram.com\/folhadoleste\" width=\"400\" height=\"200\" aria-describedby=\"caption-attachment-77492\" \/><\/a><\/div>\n<div id=\"attachment_77490\" class=\"wp-caption aligncenter\"><a href=\"http:\/\/facebook.com\/folhadoleste\"><img decoding=\"async\" class=\"size-medium wp-image-77490\" src=\"https:\/\/folhadoleste.com.br\/wp-content\/uploads\/2024\/07\/Facebook-Folha-do-Leste-10k-300x300.jpg\" alt=\"Curta e siga o Folha do Leste no Facebook!\" width=\"300\" height=\"300\" aria-describedby=\"caption-attachment-77490\" \/><\/a><\/div>","protected":false},"excerpt":{"rendered":"<p>Um m\u00e9dico de 46 anos foi preso nesta ter\u00e7a-feira (04) em Itabira, na Regi\u00e3o Central de Minas Gerais. Ele \u00e9 suspeito de estuprar uma paciente com c\u00e2ncer de mama durante uma consulta no Hospital Nossa Senhora das Dores, em 24 de janeiro. Den\u00fancia e investiga\u00e7\u00e3o A filha da v\u00edtima denunciou o caso \u00e0 Pol\u00edcia Militar ap\u00f3s notar que a m\u00e3e estava abalada. Segundo o boletim de ocorr\u00eancia, a paciente relatou que foi violentada pelo mastologista no consult\u00f3rio. Ela teria sido trancada na sala, colocada contra a parede e atacada pelo profissional. + MAIS NOT\u00cdCIAS DO BRASIL? CLIQUE AQUI Depois do [&hellip;]<\/p>\n","protected":false},"author":4,"featured_media":92180,"comment_status":"open","ping_status":"open","sticky":false,"template":"","format":"standard","meta":{"footnotes":""},"categories":[64],"tags":[13304,2630,63764,26820,8608,68,5081,2801,19304,63761,20870,2362,2571,3061,9496,2931,63760,875,864,697,3955,63762,6567,13175,10232,63763,78,21406,44007,73,8792,20007,2454,11880],"class_list":["post-108464","post","type-post","status-publish","format-standard","has-post-thumbnail","hentry","category-brasil","tag-abuso-de-poder","tag-abuso-sexual","tag-acompanhamento-juridico","tag-apoio-psicologico","tag-assedio-sexual","tag-brasil","tag-cancer","tag-clinica","tag-confianca","tag-consentimento","tag-consulta","tag-crime","tag-denuncia","tag-depoimento","tag-efeitos-colaterais","tag-estupro","tag-etica-medica","tag-hospital","tag-investigacao","tag-justica","tag-medico","tag-medico-abusador","tag-noticias","tag-oncologia","tag-paciente","tag-paciente-vulneravel","tag-policia","tag-quimioterapia","tag-radioterapia","tag-saude","tag-tratamento-medico","tag-violencia-sexual","tag-vitima","tag-vulnerabilidade","post--single"],"yoast_head":"<!-- This site is optimized with the Yoast SEO plugin v27.4 - https:\/\/yoast.com\/product\/yoast-seo-wordpress\/ -->\n<title>M\u00e9dico suspeito de estuprar paciente com c\u00e2ncer \u00e9 preso em Itabira &#8226; Folha do Leste<\/title>\n<meta name=\"description\" content=\"M\u00e9dico suspeito de estuprar paciente com c\u00e2ncer \u00e9 preso em Itabira. Pol\u00edcia investiga ap\u00f3s den\u00fancia da filha da v\u00edtima...\" \/>\n<meta name=\"robots\" content=\"index, follow, max-snippet:-1, max-image-preview:large, max-video-preview:-1\" \/>\n<link rel=\"canonical\" href=\"https:\/\/folhadoleste.com.br\/en\/medico-suspeito-de-estuprar-paciente-com-cancer-e-preso-em-itabira\/\" \/>\n<meta property=\"og:locale\" content=\"en_US\" \/>\n<meta property=\"og:type\" content=\"article\" \/>\n<meta property=\"og:title\" content=\"M\u00e9dico suspeito de estuprar paciente com c\u00e2ncer \u00e9 preso em Itabira &#8226; Folha do Leste\" \/>\n<meta property=\"og:description\" content=\"M\u00e9dico suspeito de estuprar paciente com c\u00e2ncer \u00e9 preso em Itabira. Pol\u00edcia investiga ap\u00f3s den\u00fancia da filha da v\u00edtima...\" \/>\n<meta property=\"og:url\" content=\"https:\/\/folhadoleste.com.br\/en\/medico-suspeito-de-estuprar-paciente-com-cancer-e-preso-em-itabira\/\" \/>\n<meta property=\"og:site_name\" content=\"Folha do Leste\" \/>\n<meta property=\"article:publisher\" content=\"https:\/\/www.facebook.com\/folhadoleste\" \/>\n<meta property=\"article:published_time\" content=\"2025-02-04T21:24:32+00:00\" \/>\n<meta property=\"og:image\" content=\"https:\/\/folhadoleste.com.br\/wp-content\/uploads\/2024\/10\/Violencia-contra-a-mulher-cresce-no-Brasil-em-2023-Foto-Paulo-H-Carvalho-Agencia-Brasilia.jpeg\" \/>\n\t<meta property=\"og:image:width\" content=\"1600\" \/>\n\t<meta property=\"og:image:height\" content=\"900\" \/>\n\t<meta property=\"og:image:type\" content=\"image\/jpeg\" \/>\n<meta name=\"author\" content=\"Folha do Leste\" \/>\n<meta name=\"twitter:card\" content=\"summary_large_image\" \/>\n<meta name=\"twitter:creator\" content=\"@FolhadoLesteRJ\" \/>\n<meta name=\"twitter:site\" content=\"@FolhadoLesteRJ\" \/>\n<meta name=\"twitter:label1\" content=\"Written by\" \/>\n\t<meta name=\"twitter:data1\" content=\"Folha do Leste\" \/>\n\t<meta name=\"twitter:label2\" content=\"Est. reading time\" \/>\n\t<meta name=\"twitter:data2\" content=\"3 minutes\" \/>\n<script type=\"application\/ld+json\" class=\"yoast-schema-graph\">{\"@context\":\"https:\\\/\\\/schema.org\",\"@graph\":[{\"@type\":\"NewsArticle\",\"@id\":\"https:\\\/\\\/folhadoleste.com.br\\\/medico-suspeito-de-estuprar-paciente-com-cancer-e-preso-em-itabira\\\/#article\",\"isPartOf\":{\"@id\":\"https:\\\/\\\/folhadoleste.com.br\\\/medico-suspeito-de-estuprar-paciente-com-cancer-e-preso-em-itabira\\\/\"},\"author\":{\"name\":\"Folha do Leste\",\"@id\":\"https:\\\/\\\/folhadoleste.com.br\\\/#\\\/schema\\\/person\\\/3e97145b2e1861276e84471aa85a3899\"},\"headline\":\"M\u00e9dico suspeito de estuprar paciente com c\u00e2ncer \u00e9 preso em Itabira\",\"datePublished\":\"2025-02-04T21:24:32+00:00\",\"mainEntityOfPage\":{\"@id\":\"https:\\\/\\\/folhadoleste.com.br\\\/medico-suspeito-de-estuprar-paciente-com-cancer-e-preso-em-itabira\\\/\"},\"wordCount\":286,\"commentCount\":0,\"publisher\":{\"@id\":\"https:\\\/\\\/folhadoleste.com.br\\\/#organization\"},\"image\":{\"@id\":\"https:\\\/\\\/folhadoleste.com.br\\\/medico-suspeito-de-estuprar-paciente-com-cancer-e-preso-em-itabira\\\/#primaryimage\"},\"thumbnailUrl\":\"https:\\\/\\\/folhadoleste.com.br\\\/wp-content\\\/uploads\\\/2024\\\/10\\\/Violencia-contra-a-mulher-cresce-no-Brasil-em-2023-Foto-Paulo-H-Carvalho-Agencia-Brasilia.jpeg\",\"keywords\":[\"abuso de poder\",\"abuso sexual\",\"acompanhamento jur\u00eddico\",\"Apoio Psicol\u00f3gico\",\"Ass\u00e9dio Sexual\",\"Brasil\",\"c\u00e2ncer\",\"Clinica\",\"Confian\u00e7a\",\"consentimento\",\"Consulta\",\"crime\",\"Den\u00fancia\",\"Depoimento\",\"efeitos colaterais\",\"estupro\",\"\u00e9tica m\u00e9dica\",\"Hospital\",\"Investiga\u00e7\u00e3o\",\"Justi\u00e7a\",\"m\u00e9dico\",\"m\u00e9dico abusador\",\"Not\u00edcias\",\"oncologia\",\"paciente\",\"paciente vulner\u00e1vel\",\"pol\u00edcia\",\"Quimioterapia\",\"radioterapia\",\"sa\u00fade\",\"tratamento m\u00e9dico\",\"Viol\u00eancia Sexual\",\"v\u00edtima\",\"vulnerabilidade\"],\"articleSection\":[\"Brasil\"],\"inLanguage\":\"en-US\",\"potentialAction\":[{\"@type\":\"CommentAction\",\"name\":\"Comment\",\"target\":[\"https:\\\/\\\/folhadoleste.com.br\\\/medico-suspeito-de-estuprar-paciente-com-cancer-e-preso-em-itabira\\\/#respond\"]}]},{\"@type\":\"WebPage\",\"@id\":\"https:\\\/\\\/folhadoleste.com.br\\\/medico-suspeito-de-estuprar-paciente-com-cancer-e-preso-em-itabira\\\/\",\"url\":\"https:\\\/\\\/folhadoleste.com.br\\\/medico-suspeito-de-estuprar-paciente-com-cancer-e-preso-em-itabira\\\/\",\"name\":\"M\u00e9dico suspeito de estuprar paciente com c\u00e2ncer \u00e9 preso em Itabira &#8226; Folha do Leste\",\"isPartOf\":{\"@id\":\"https:\\\/\\\/folhadoleste.com.br\\\/#website\"},\"primaryImageOfPage\":{\"@id\":\"https:\\\/\\\/folhadoleste.com.br\\\/medico-suspeito-de-estuprar-paciente-com-cancer-e-preso-em-itabira\\\/#primaryimage\"},\"image\":{\"@id\":\"https:\\\/\\\/folhadoleste.com.br\\\/medico-suspeito-de-estuprar-paciente-com-cancer-e-preso-em-itabira\\\/#primaryimage\"},\"thumbnailUrl\":\"https:\\\/\\\/folhadoleste.com.br\\\/wp-content\\\/uploads\\\/2024\\\/10\\\/Violencia-contra-a-mulher-cresce-no-Brasil-em-2023-Foto-Paulo-H-Carvalho-Agencia-Brasilia.jpeg\",\"datePublished\":\"2025-02-04T21:24:32+00:00\",\"description\":\"M\u00e9dico suspeito de estuprar paciente com c\u00e2ncer \u00e9 preso em Itabira. Pol\u00edcia investiga ap\u00f3s den\u00fancia da filha da v\u00edtima...\",\"breadcrumb\":{\"@id\":\"https:\\\/\\\/folhadoleste.com.br\\\/medico-suspeito-de-estuprar-paciente-com-cancer-e-preso-em-itabira\\\/#breadcrumb\"},\"inLanguage\":\"en-US\",\"potentialAction\":[{\"@type\":\"ReadAction\",\"target\":[\"https:\\\/\\\/folhadoleste.com.br\\\/medico-suspeito-de-estuprar-paciente-com-cancer-e-preso-em-itabira\\\/\"]}]},{\"@type\":\"ImageObject\",\"inLanguage\":\"en-US\",\"@id\":\"https:\\\/\\\/folhadoleste.com.br\\\/medico-suspeito-de-estuprar-paciente-com-cancer-e-preso-em-itabira\\\/#primaryimage\",\"url\":\"https:\\\/\\\/folhadoleste.com.br\\\/wp-content\\\/uploads\\\/2024\\\/10\\\/Violencia-contra-a-mulher-cresce-no-Brasil-em-2023-Foto-Paulo-H-Carvalho-Agencia-Brasilia.jpeg\",\"contentUrl\":\"https:\\\/\\\/folhadoleste.com.br\\\/wp-content\\\/uploads\\\/2024\\\/10\\\/Violencia-contra-a-mulher-cresce-no-Brasil-em-2023-Foto-Paulo-H-Carvalho-Agencia-Brasilia.jpeg\",\"width\":1600,\"height\":900,\"caption\":\"Instituto Marielle Franco lan\u00e7a estudo sobre viol\u00eancia pol\u00edtica digital contra mulheres negras | Paulo H. Carvalho\\\/Ag\u00eancia Bras\u00edlia\"},{\"@type\":\"BreadcrumbList\",\"@id\":\"https:\\\/\\\/folhadoleste.com.br\\\/medico-suspeito-de-estuprar-paciente-com-cancer-e-preso-em-itabira\\\/#breadcrumb\",\"itemListElement\":[{\"@type\":\"ListItem\",\"position\":1,\"name\":\"In\u00edcio\",\"item\":\"https:\\\/\\\/folhadoleste.com.br\\\/\"},{\"@type\":\"ListItem\",\"position\":2,\"name\":\"Brasil\",\"item\":\"https:\\\/\\\/folhadoleste.com.br\\\/category\\\/brasil\\\/\"},{\"@type\":\"ListItem\",\"position\":3,\"name\":\"M\u00e9dico suspeito de estuprar paciente com c\u00e2ncer \u00e9 preso em Itabira\"}]},{\"@type\":\"WebSite\",\"@id\":\"https:\\\/\\\/folhadoleste.com.br\\\/#website\",\"url\":\"https:\\\/\\\/folhadoleste.com.br\\\/\",\"name\":\"Folha do Leste\",\"description\":\"Portal de Not\u00edcias com \u00eanfase em Niter\u00f3i, criando conte\u00fados desde a capital Rio de Janeiro, com olhar para o Leste Fluminense e suas cidades como S\u00e3o Gon\u00e7alo, Itabora\u00ed, Rio Bonito, Maric\u00e1, Saquarema e Araruama\",\"publisher\":{\"@id\":\"https:\\\/\\\/folhadoleste.com.br\\\/#organization\"},\"alternateName\":\"FL\",\"potentialAction\":[{\"@type\":\"SearchAction\",\"target\":{\"@type\":\"EntryPoint\",\"urlTemplate\":\"https:\\\/\\\/folhadoleste.com.br\\\/?s={search_term_string}\"},\"query-input\":{\"@type\":\"PropertyValueSpecification\",\"valueRequired\":true,\"valueName\":\"search_term_string\"}}],\"inLanguage\":\"en-US\"},{\"@type\":\"Organization\",\"@id\":\"https:\\\/\\\/folhadoleste.com.br\\\/#organization\",\"name\":\"Brasil 21 Comunica\u00e7\u00e3o\",\"alternateName\":\"BR21\",\"url\":\"https:\\\/\\\/folhadoleste.com.br\\\/\",\"logo\":{\"@type\":\"ImageObject\",\"inLanguage\":\"en-US\",\"@id\":\"https:\\\/\\\/folhadoleste.com.br\\\/#\\\/schema\\\/logo\\\/image\\\/\",\"url\":\"https:\\\/\\\/folhadoleste.com.br\\\/wp-content\\\/uploads\\\/2025\\\/12\\\/brasil-21-logomarca.avif\",\"contentUrl\":\"https:\\\/\\\/folhadoleste.com.br\\\/wp-content\\\/uploads\\\/2025\\\/12\\\/brasil-21-logomarca.avif\",\"width\":1044,\"height\":1044,\"caption\":\"Brasil 21 Comunica\u00e7\u00e3o\"},\"image\":{\"@id\":\"https:\\\/\\\/folhadoleste.com.br\\\/#\\\/schema\\\/logo\\\/image\\\/\"},\"sameAs\":[\"https:\\\/\\\/www.facebook.com\\\/folhadoleste\",\"https:\\\/\\\/x.com\\\/FolhadoLesteRJ\",\"https:\\\/\\\/www.instagram.com\\\/folhadoleste\\\/\"]},{\"@type\":\"Person\",\"@id\":\"https:\\\/\\\/folhadoleste.com.br\\\/#\\\/schema\\\/person\\\/3e97145b2e1861276e84471aa85a3899\",\"name\":\"Folha do Leste\",\"image\":{\"@type\":\"ImageObject\",\"inLanguage\":\"en-US\",\"@id\":\"https:\\\/\\\/folhadoleste.com.br\\\/wp-content\\\/litespeed\\\/avatar\\\/1ca8c218432e7045e748610eb3db0259.jpg?ver=1777161142\",\"url\":\"https:\\\/\\\/folhadoleste.com.br\\\/wp-content\\\/litespeed\\\/avatar\\\/1ca8c218432e7045e748610eb3db0259.jpg?ver=1777161142\",\"contentUrl\":\"https:\\\/\\\/folhadoleste.com.br\\\/wp-content\\\/litespeed\\\/avatar\\\/1ca8c218432e7045e748610eb3db0259.jpg?ver=1777161142\",\"caption\":\"Folha do Leste\"},\"url\":\"https:\\\/\\\/folhadoleste.com.br\\\/en\\\/author\\\/reportagem-01\\\/\"}]}<\/script>\n<!-- \/ Yoast SEO plugin. -->","yoast_head_json":{"title":"M\u00e9dico suspeito de estuprar paciente com c\u00e2ncer \u00e9 preso em Itabira &#8226; Folha do Leste","description":"M\u00e9dico suspeito de estuprar paciente com c\u00e2ncer \u00e9 preso em Itabira. Pol\u00edcia investiga ap\u00f3s den\u00fancia da filha da v\u00edtima...","robots":{"index":"index","follow":"follow","max-snippet":"max-snippet:-1","max-image-preview":"max-image-preview:large","max-video-preview":"max-video-preview:-1"},"canonical":"https:\/\/folhadoleste.com.br\/en\/medico-suspeito-de-estuprar-paciente-com-cancer-e-preso-em-itabira\/","og_locale":"en_US","og_type":"article","og_title":"M\u00e9dico suspeito de estuprar paciente com c\u00e2ncer \u00e9 preso em Itabira &#8226; Folha do Leste","og_description":"M\u00e9dico suspeito de estuprar paciente com c\u00e2ncer \u00e9 preso em Itabira. Pol\u00edcia investiga ap\u00f3s den\u00fancia da filha da v\u00edtima...","og_url":"https:\/\/folhadoleste.com.br\/en\/medico-suspeito-de-estuprar-paciente-com-cancer-e-preso-em-itabira\/","og_site_name":"Folha do Leste","article_publisher":"https:\/\/www.facebook.com\/folhadoleste","article_published_time":"2025-02-04T21:24:32+00:00","og_image":[{"width":1600,"height":900,"url":"https:\/\/folhadoleste.com.br\/wp-content\/uploads\/2024\/10\/Violencia-contra-a-mulher-cresce-no-Brasil-em-2023-Foto-Paulo-H-Carvalho-Agencia-Brasilia.jpeg","type":"image\/jpeg"}],"author":"Folha do Leste","twitter_card":"summary_large_image","twitter_creator":"@FolhadoLesteRJ","twitter_site":"@FolhadoLesteRJ","twitter_misc":{"Written by":"Folha do Leste","Est. reading time":"3 minutes"},"schema":{"@context":"https:\/\/schema.org","@graph":[{"@type":"NewsArticle","@id":"https:\/\/folhadoleste.com.br\/medico-suspeito-de-estuprar-paciente-com-cancer-e-preso-em-itabira\/#article","isPartOf":{"@id":"https:\/\/folhadoleste.com.br\/medico-suspeito-de-estuprar-paciente-com-cancer-e-preso-em-itabira\/"},"author":{"name":"Folha do Leste","@id":"https:\/\/folhadoleste.com.br\/#\/schema\/person\/3e97145b2e1861276e84471aa85a3899"},"headline":"M\u00e9dico suspeito de estuprar paciente com c\u00e2ncer \u00e9 preso em Itabira","datePublished":"2025-02-04T21:24:32+00:00","mainEntityOfPage":{"@id":"https:\/\/folhadoleste.com.br\/medico-suspeito-de-estuprar-paciente-com-cancer-e-preso-em-itabira\/"},"wordCount":286,"commentCount":0,"publisher":{"@id":"https:\/\/folhadoleste.com.br\/#organization"},"image":{"@id":"https:\/\/folhadoleste.com.br\/medico-suspeito-de-estuprar-paciente-com-cancer-e-preso-em-itabira\/#primaryimage"},"thumbnailUrl":"https:\/\/folhadoleste.com.br\/wp-content\/uploads\/2024\/10\/Violencia-contra-a-mulher-cresce-no-Brasil-em-2023-Foto-Paulo-H-Carvalho-Agencia-Brasilia.jpeg","keywords":["abuso de poder","abuso sexual","acompanhamento jur\u00eddico","Apoio Psicol\u00f3gico","Ass\u00e9dio Sexual","Brasil","c\u00e2ncer","Clinica","Confian\u00e7a","consentimento","Consulta","crime","Den\u00fancia","Depoimento","efeitos colaterais","estupro","\u00e9tica m\u00e9dica","Hospital","Investiga\u00e7\u00e3o","Justi\u00e7a","m\u00e9dico","m\u00e9dico abusador","Not\u00edcias","oncologia","paciente","paciente vulner\u00e1vel","pol\u00edcia","Quimioterapia","radioterapia","sa\u00fade","tratamento m\u00e9dico","Viol\u00eancia Sexual","v\u00edtima","vulnerabilidade"],"articleSection":["Brasil"],"inLanguage":"en-US","potentialAction":[{"@type":"CommentAction","name":"Comment","target":["https:\/\/folhadoleste.com.br\/medico-suspeito-de-estuprar-paciente-com-cancer-e-preso-em-itabira\/#respond"]}]},{"@type":"WebPage","@id":"https:\/\/folhadoleste.com.br\/medico-suspeito-de-estuprar-paciente-com-cancer-e-preso-em-itabira\/","url":"https:\/\/folhadoleste.com.br\/medico-suspeito-de-estuprar-paciente-com-cancer-e-preso-em-itabira\/","name":"M\u00e9dico suspeito de estuprar paciente com c\u00e2ncer \u00e9 preso em Itabira &#8226; Folha do Leste","isPartOf":{"@id":"https:\/\/folhadoleste.com.br\/#website"},"primaryImageOfPage":{"@id":"https:\/\/folhadoleste.com.br\/medico-suspeito-de-estuprar-paciente-com-cancer-e-preso-em-itabira\/#primaryimage"},"image":{"@id":"https:\/\/folhadoleste.com.br\/medico-suspeito-de-estuprar-paciente-com-cancer-e-preso-em-itabira\/#primaryimage"},"thumbnailUrl":"https:\/\/folhadoleste.com.br\/wp-content\/uploads\/2024\/10\/Violencia-contra-a-mulher-cresce-no-Brasil-em-2023-Foto-Paulo-H-Carvalho-Agencia-Brasilia.jpeg","datePublished":"2025-02-04T21:24:32+00:00","description":"M\u00e9dico suspeito de estuprar paciente com c\u00e2ncer \u00e9 preso em Itabira. Pol\u00edcia investiga ap\u00f3s den\u00fancia da filha da v\u00edtima...","breadcrumb":{"@id":"https:\/\/folhadoleste.com.br\/medico-suspeito-de-estuprar-paciente-com-cancer-e-preso-em-itabira\/#breadcrumb"},"inLanguage":"en-US","potentialAction":[{"@type":"ReadAction","target":["https:\/\/folhadoleste.com.br\/medico-suspeito-de-estuprar-paciente-com-cancer-e-preso-em-itabira\/"]}]},{"@type":"ImageObject","inLanguage":"en-US","@id":"https:\/\/folhadoleste.com.br\/medico-suspeito-de-estuprar-paciente-com-cancer-e-preso-em-itabira\/#primaryimage","url":"https:\/\/folhadoleste.com.br\/wp-content\/uploads\/2024\/10\/Violencia-contra-a-mulher-cresce-no-Brasil-em-2023-Foto-Paulo-H-Carvalho-Agencia-Brasilia.jpeg","contentUrl":"https:\/\/folhadoleste.com.br\/wp-content\/uploads\/2024\/10\/Violencia-contra-a-mulher-cresce-no-Brasil-em-2023-Foto-Paulo-H-Carvalho-Agencia-Brasilia.jpeg","width":1600,"height":900,"caption":"Instituto Marielle Franco lan\u00e7a estudo sobre viol\u00eancia pol\u00edtica digital contra mulheres negras | Paulo H. Carvalho\/Ag\u00eancia Bras\u00edlia"},{"@type":"BreadcrumbList","@id":"https:\/\/folhadoleste.com.br\/medico-suspeito-de-estuprar-paciente-com-cancer-e-preso-em-itabira\/#breadcrumb","itemListElement":[{"@type":"ListItem","position":1,"name":"In\u00edcio","item":"https:\/\/folhadoleste.com.br\/"},{"@type":"ListItem","position":2,"name":"Brasil","item":"https:\/\/folhadoleste.com.br\/category\/brasil\/"},{"@type":"ListItem","position":3,"name":"M\u00e9dico suspeito de estuprar paciente com c\u00e2ncer \u00e9 preso em Itabira"}]},{"@type":"WebSite","@id":"https:\/\/folhadoleste.com.br\/#website","url":"https:\/\/folhadoleste.com.br\/","name":"Folha do Leste","description":"Portal de Not\u00edcias com \u00eanfase em Niter\u00f3i, criando conte\u00fados desde a capital Rio de Janeiro, com olhar para o Leste Fluminense e suas cidades como S\u00e3o Gon\u00e7alo, Itabora\u00ed, Rio Bonito, Maric\u00e1, Saquarema e Araruama","publisher":{"@id":"https:\/\/folhadoleste.com.br\/#organization"},"alternateName":"FL","potentialAction":[{"@type":"SearchAction","target":{"@type":"EntryPoint","urlTemplate":"https:\/\/folhadoleste.com.br\/?s={search_term_string}"},"query-input":{"@type":"PropertyValueSpecification","valueRequired":true,"valueName":"search_term_string"}}],"inLanguage":"en-US"},{"@type":"Organization","@id":"https:\/\/folhadoleste.com.br\/#organization","name":"Brasil 21 Comunica\u00e7\u00e3o","alternateName":"BR21","url":"https:\/\/folhadoleste.com.br\/","logo":{"@type":"ImageObject","inLanguage":"en-US","@id":"https:\/\/folhadoleste.com.br\/#\/schema\/logo\/image\/","url":"https:\/\/folhadoleste.com.br\/wp-content\/uploads\/2025\/12\/brasil-21-logomarca.avif","contentUrl":"https:\/\/folhadoleste.com.br\/wp-content\/uploads\/2025\/12\/brasil-21-logomarca.avif","width":1044,"height":1044,"caption":"Brasil 21 Comunica\u00e7\u00e3o"},"image":{"@id":"https:\/\/folhadoleste.com.br\/#\/schema\/logo\/image\/"},"sameAs":["https:\/\/www.facebook.com\/folhadoleste","https:\/\/x.com\/FolhadoLesteRJ","https:\/\/www.instagram.com\/folhadoleste\/"]},{"@type":"Person","@id":"https:\/\/folhadoleste.com.br\/#\/schema\/person\/3e97145b2e1861276e84471aa85a3899","name":"Folha do Leste","image":{"@type":"ImageObject","inLanguage":"en-US","@id":"https:\/\/folhadoleste.com.br\/wp-content\/litespeed\/avatar\/1ca8c218432e7045e748610eb3db0259.jpg?ver=1777161142","url":"https:\/\/folhadoleste.com.br\/wp-content\/litespeed\/avatar\/1ca8c218432e7045e748610eb3db0259.jpg?ver=1777161142","contentUrl":"https:\/\/folhadoleste.com.br\/wp-content\/litespeed\/avatar\/1ca8c218432e7045e748610eb3db0259.jpg?ver=1777161142","caption":"Folha do Leste"},"url":"https:\/\/folhadoleste.com.br\/en\/author\/reportagem-01\/"}]}},"_links":{"self":[{"href":"https:\/\/folhadoleste.com.br\/en\/wp-json\/wp\/v2\/posts\/108464","targetHints":{"allow":["GET"]}}],"collection":[{"href":"https:\/\/folhadoleste.com.br\/en\/wp-json\/wp\/v2\/posts"}],"about":[{"href":"https:\/\/folhadoleste.com.br\/en\/wp-json\/wp\/v2\/types\/post"}],"author":[{"embeddable":true,"href":"https:\/\/folhadoleste.com.br\/en\/wp-json\/wp\/v2\/users\/4"}],"replies":[{"embeddable":true,"href":"https:\/\/folhadoleste.com.br\/en\/wp-json\/wp\/v2\/comments?post=108464"}],"version-history":[{"count":1,"href":"https:\/\/folhadoleste.com.br\/en\/wp-json\/wp\/v2\/posts\/108464\/revisions"}],"predecessor-version":[{"id":108466,"href":"https:\/\/folhadoleste.com.br\/en\/wp-json\/wp\/v2\/posts\/108464\/revisions\/108466"}],"wp:featuredmedia":[{"embeddable":true,"href":"https:\/\/folhadoleste.com.br\/en\/wp-json\/wp\/v2\/media\/92180"}],"wp:attachment":[{"href":"https:\/\/folhadoleste.com.br\/en\/wp-json\/wp\/v2\/media?parent=108464"}],"wp:term":[{"taxonomy":"category","embeddable":true,"href":"https:\/\/folhadoleste.com.br\/en\/wp-json\/wp\/v2\/categories?post=108464"},{"taxonomy":"post_tag","embeddable":true,"href":"https:\/\/folhadoleste.com.br\/en\/wp-json\/wp\/v2\/tags?post=108464"}],"curies":[{"name":"wp","href":"https:\/\/api.w.org\/{rel}","templated":true}]}}