{"id":108448,"date":"2025-02-04T17:03:01","date_gmt":"2025-02-04T20:03:01","guid":{"rendered":"https:\/\/folhadoleste.com.br\/?p=108448"},"modified":"2025-02-04T17:03:29","modified_gmt":"2025-02-04T20:03:29","slug":"confronto-entre-policiais-e-criminosos-deixa-dois-mortos-na-baixada-video","status":"publish","type":"post","link":"https:\/\/folhadoleste.com.br\/en\/confronto-entre-policiais-e-criminosos-deixa-dois-mortos-na-baixada-video\/","title":{"rendered":"Confronto entre policiais e criminosos deixa dois mortos na Baixada &#8211; V\u00eddeo"},"content":{"rendered":"<div id=\"attachment_108452\" style=\"width: 1210px\" class=\"wp-caption aligncenter\"><img decoding=\"async\" aria-describedby=\"caption-attachment-108452\" class=\"size-full wp-image-108452\" src=\"https:\/\/folhadoleste.com.br\/wp-content\/uploads\/2025\/02\/Confronto-entre-policiais-e-criminosos-deixa-dois-mortos-na-Baixada-Video-Foto-Cortada-Reproducao.jpg\" alt=\"\" width=\"1200\" height=\"675\" \/><p id=\"caption-attachment-108452\" class=\"wp-caption-text\">Confronto entre policiais e criminosos deixa dois mortos na Baixada &#8211; V\u00eddeo | Reprodu\u00e7\u00e3o<\/p><\/div>\n<p style=\"text-align: justify;\" data-pm-slice=\"1 1 []\">Um confronto entre policiais militares e criminosos na comunidade do Gog\u00f3 da Ema, em Belford Roxo, resultou na morte de dois suspeitos.<\/p>\n<p style=\"text-align: justify;\" data-pm-slice=\"1 1 []\">A troca de tiros ocorreu na manh\u00e3 desta ter\u00e7a-feira (04) e foi registrada por c\u00e2meras de seguran\u00e7a da regi\u00e3o.<\/p>\n<h4 style=\"text-align: justify;\"><strong>Tiroteio come\u00e7a com a chegada da pol\u00edcia<\/strong><\/h4>\n<p style=\"text-align: justify;\">De acordo com a Pol\u00edcia Militar, o tiroteio teve in\u00edcio assim que os agentes chegaram \u00e0 comunidade.<\/p>\n<div id=\"attachment_108451\" style=\"width: 1210px\" class=\"wp-caption aligncenter\"><a href=\"https:\/\/folhadoleste.com.br\/wp-content\/uploads\/2025\/02\/Confronto-entre-policiais-e-criminosos-deixa-dois-mortos-na-Baixada-Video.mp4\"><img decoding=\"async\" aria-describedby=\"caption-attachment-108451\" class=\"wp-image-108451 size-full\" src=\"https:\/\/folhadoleste.com.br\/wp-content\/uploads\/2025\/02\/Confronto-entre-policiais-e-criminosos-deixa-dois-mortos-na-Baixada-Video-Foto-Reproducao-e1738699253911.jpg\" alt=\"\" width=\"1200\" height=\"742\" \/><\/a><p id=\"caption-attachment-108451\" class=\"wp-caption-text\">CLIQUE PARA ASSITIR O V\u00cdDEO<\/p><\/div>\n<p style=\"text-align: justify;\">Imagens das c\u00e2meras mostram o momento em que os policiais s\u00e3o atacados a tiros. Em resposta, houve o confronto armado.<\/p>\n<h4 style=\"text-align: justify;\"><strong>Dois suspeitos n\u00e3o resistem aos ferimentos<\/strong><\/h4>\n<p style=\"text-align: justify;\">Segundo informa\u00e7\u00f5es do 39\u00b0 BPM (Belford Roxo), os dois suspeitos baleados foram levados ao Hospital Municipal de Belford Roxo.<\/p>\n<h5 style=\"text-align: center;\"><span style=\"color: #000000;\"><span style=\"color: #ff0000;\"><strong>+ <\/strong><\/span><\/span><span style=\"color: #000000;\"><strong><span style=\"color: #ff9900;\">MAIS NOT\u00cdCIAS DA BAIXADA FLUMINENSE?<\/span> <span style=\"color: #008080;\"><a style=\"color: #008080;\" href=\"https:\/\/folhadoleste.com.br\/en\/category\/baixada-fluminense\/\">CLIQUE AQUI<\/a><\/span><\/strong><\/span><\/h5>\n<p style=\"text-align: justify;\">No entanto, eles n\u00e3o resistiram aos ferimentos e morreram ap\u00f3s receberem atendimento.<\/p>\n<h4 style=\"text-align: justify;\"><strong>Apreens\u00f5es realizadas durante a opera\u00e7\u00e3o<\/strong><\/h4>\n<p style=\"text-align: justify;\">Durante a a\u00e7\u00e3o, um adolescente foi apreendido pelas autoridades. Al\u00e9m disso, os agentes confiscaram dois fuzis e uma moto supostamente utilizada em crimes na regi\u00e3o.<\/p>\n<p style=\"text-align: justify;\">O caso foi encaminhado para a 54\u00aa DP (Belford Roxo), onde as investiga\u00e7\u00f5es seguem em andamento.<\/p>\n<div id=\"attachment_77492\" class=\"wp-caption aligncenter\"><a href=\"http:\/\/instagram.com\/folhadoleste\"><img decoding=\"async\" class=\"wp-image-77492 size-full\" src=\"https:\/\/folhadoleste.com.br\/wp-content\/uploads\/2024\/07\/Instagram-Folha-do-Leste.png\" alt=\"http:\/\/instagram.com\/folhadoleste\" width=\"400\" height=\"200\" aria-describedby=\"caption-attachment-77492\" \/><\/a><\/div>\n<div id=\"attachment_77490\" class=\"wp-caption aligncenter\"><a href=\"http:\/\/facebook.com\/folhadoleste\"><img decoding=\"async\" class=\"size-medium wp-image-77490\" src=\"https:\/\/folhadoleste.com.br\/wp-content\/uploads\/2024\/07\/Facebook-Folha-do-Leste-10k-300x300.jpg\" alt=\"Curta e siga o Folha do Leste no Facebook!\" width=\"300\" height=\"300\" aria-describedby=\"caption-attachment-77490\" \/><\/a><\/div>","protected":false},"excerpt":{"rendered":"<p>Um confronto entre policiais militares e criminosos na comunidade do Gog\u00f3 da Ema, em Belford Roxo, resultou na morte de dois suspeitos. A troca de tiros ocorreu na manh\u00e3 desta ter\u00e7a-feira (04) e foi registrada por c\u00e2meras de seguran\u00e7a da regi\u00e3o. Tiroteio come\u00e7a com a chegada da pol\u00edcia De acordo com a Pol\u00edcia Militar, o tiroteio teve in\u00edcio assim que os agentes chegaram \u00e0 comunidade. Imagens das c\u00e2meras mostram o momento em que os policiais s\u00e3o atacados a tiros. Em resposta, houve o confronto armado. Dois suspeitos n\u00e3o resistem aos ferimentos Segundo informa\u00e7\u00f5es do 39\u00b0 BPM (Belford Roxo), os dois [&hellip;]<\/p>\n","protected":false},"author":4,"featured_media":108452,"comment_status":"open","ping_status":"open","sticky":false,"template":"","format":"video","meta":{"footnotes":""},"categories":[2213,46],"tags":[37799,8989,13147,38414,3385,3134,11490,68,2682,310,6950,20092,27310,3330,600,13961,2461,640,2469,1994,6567,6586,63757,5631,13257,93,206,824,2856,3447,651],"class_list":["post-108448","post","type-post","status-publish","format-video","has-post-thumbnail","hentry","category-noticias-da-baixada-fluminense","category-estado-do-rio-de-janeiro","tag-39o-bpm","tag-acao-policial","tag-apreensao-de-armas","tag-atualidades","tag-baixada-fluminense","tag-bandidos","tag-belford-roxo","tag-brasil","tag-comunidade","tag-confronto","tag-criminosos","tag-delegacia-de-homicidios-da-baixada-fluminense","tag-dhbf","tag-drogas","tag-estado-do-rio","tag-favela","tag-flagrante","tag-informacoes","tag-mortos","tag-municoes","tag-noticias","tag-operacao-policial","tag-parque-floresta","tag-pms","tag-resistencia","tag-rio-de-janeiro","tag-rj","tag-seguranca-publica","tag-tiroteio","tag-troca-de-tiros","tag-violencia","post_format-post-format-video","post--single"],"yoast_head":"<!-- This site is optimized with the Yoast SEO plugin v27.4 - https:\/\/yoast.com\/product\/yoast-seo-wordpress\/ -->\n<title>Confronto entre policiais e criminosos deixa dois mortos na Baixada - V\u00eddeo &#8226; Folha do Leste<\/title>\n<meta name=\"description\" content=\"Confronto entre policiais e criminosos deixa dois mortos na Baixada - V\u00eddeo. C\u00e2meras de seguran\u00e7a registram momento do ataque...\" \/>\n<meta name=\"robots\" content=\"index, follow, max-snippet:-1, max-image-preview:large, max-video-preview:-1\" \/>\n<link rel=\"canonical\" href=\"https:\/\/folhadoleste.com.br\/en\/confronto-entre-policiais-e-criminosos-deixa-dois-mortos-na-baixada-video\/\" \/>\n<meta property=\"og:locale\" content=\"en_US\" \/>\n<meta property=\"og:type\" content=\"article\" \/>\n<meta property=\"og:title\" content=\"Confronto entre policiais e criminosos deixa dois mortos na Baixada - V\u00eddeo &#8226; Folha do Leste\" \/>\n<meta property=\"og:description\" content=\"Confronto entre policiais e criminosos deixa dois mortos na Baixada - V\u00eddeo. C\u00e2meras de seguran\u00e7a registram momento do ataque...\" \/>\n<meta property=\"og:url\" content=\"https:\/\/folhadoleste.com.br\/en\/confronto-entre-policiais-e-criminosos-deixa-dois-mortos-na-baixada-video\/\" \/>\n<meta property=\"og:site_name\" content=\"Folha do Leste\" \/>\n<meta property=\"article:publisher\" content=\"https:\/\/www.facebook.com\/folhadoleste\" \/>\n<meta property=\"article:published_time\" content=\"2025-02-04T20:03:01+00:00\" \/>\n<meta property=\"article:modified_time\" content=\"2025-02-04T20:03:29+00:00\" \/>\n<meta property=\"og:image\" content=\"https:\/\/folhadoleste.com.br\/wp-content\/uploads\/2025\/02\/Confronto-entre-policiais-e-criminosos-deixa-dois-mortos-na-Baixada-Video-Foto-Cortada-Reproducao.jpg\" \/>\n\t<meta property=\"og:image:width\" content=\"1200\" \/>\n\t<meta property=\"og:image:height\" content=\"675\" \/>\n\t<meta property=\"og:image:type\" content=\"image\/jpeg\" \/>\n<meta name=\"author\" content=\"Folha do Leste\" \/>\n<meta name=\"twitter:card\" content=\"summary_large_image\" \/>\n<meta name=\"twitter:creator\" content=\"@FolhadoLesteRJ\" \/>\n<meta name=\"twitter:site\" content=\"@FolhadoLesteRJ\" \/>\n<meta name=\"twitter:label1\" content=\"Written by\" \/>\n\t<meta name=\"twitter:data1\" content=\"Folha do Leste\" \/>\n\t<meta name=\"twitter:label2\" content=\"Est. reading time\" \/>\n\t<meta name=\"twitter:data2\" content=\"3 minutes\" \/>\n<script type=\"application\/ld+json\" class=\"yoast-schema-graph\">{\"@context\":\"https:\\\/\\\/schema.org\",\"@graph\":[{\"@type\":\"NewsArticle\",\"@id\":\"https:\\\/\\\/folhadoleste.com.br\\\/confronto-entre-policiais-e-criminosos-deixa-dois-mortos-na-baixada-video\\\/#article\",\"isPartOf\":{\"@id\":\"https:\\\/\\\/folhadoleste.com.br\\\/confronto-entre-policiais-e-criminosos-deixa-dois-mortos-na-baixada-video\\\/\"},\"author\":{\"name\":\"Folha do Leste\",\"@id\":\"https:\\\/\\\/folhadoleste.com.br\\\/#\\\/schema\\\/person\\\/3e97145b2e1861276e84471aa85a3899\"},\"headline\":\"Confronto entre policiais e criminosos deixa dois mortos na Baixada &#8211; V\u00eddeo\",\"datePublished\":\"2025-02-04T20:03:01+00:00\",\"dateModified\":\"2025-02-04T20:03:29+00:00\",\"mainEntityOfPage\":{\"@id\":\"https:\\\/\\\/folhadoleste.com.br\\\/confronto-entre-policiais-e-criminosos-deixa-dois-mortos-na-baixada-video\\\/\"},\"wordCount\":240,\"commentCount\":0,\"publisher\":{\"@id\":\"https:\\\/\\\/folhadoleste.com.br\\\/#organization\"},\"image\":{\"@id\":\"https:\\\/\\\/folhadoleste.com.br\\\/confronto-entre-policiais-e-criminosos-deixa-dois-mortos-na-baixada-video\\\/#primaryimage\"},\"thumbnailUrl\":\"https:\\\/\\\/folhadoleste.com.br\\\/wp-content\\\/uploads\\\/2025\\\/02\\\/Confronto-entre-policiais-e-criminosos-deixa-dois-mortos-na-Baixada-Video-Foto-Cortada-Reproducao.jpg\",\"keywords\":[\"39\u00ba BPM\",\"a\u00e7\u00e3o policial\",\"Apreens\u00e3o de armas\",\"atualidades\",\"Baixada Fluminense\",\"bandidos\",\"Belford Roxo\",\"Brasil\",\"comunidade\",\"confronto\",\"criminosos\",\"Delegacia de Homic\u00eddios da Baixada Fluminense\",\"DHBF\",\"drogas\",\"estado do rio\",\"favela\",\"flagrante\",\"informa\u00e7\u00f5es\",\"mortos\",\"muni\u00e7\u00f5es\",\"Not\u00edcias\",\"Opera\u00e7\u00e3o Policial\",\"Parque Floresta\",\"PMs\",\"resist\u00eancia\",\"Rio de Janeiro\",\"RJ\",\"Seguran\u00e7a publica\",\"tiroteio\",\"troca de tiros\",\"viol\u00eancia\"],\"articleSection\":[\"Baixada Fluminense\",\"Estado do Rio de Janeiro\"],\"inLanguage\":\"en-US\",\"potentialAction\":[{\"@type\":\"CommentAction\",\"name\":\"Comment\",\"target\":[\"https:\\\/\\\/folhadoleste.com.br\\\/confronto-entre-policiais-e-criminosos-deixa-dois-mortos-na-baixada-video\\\/#respond\"]}]},{\"@type\":\"WebPage\",\"@id\":\"https:\\\/\\\/folhadoleste.com.br\\\/confronto-entre-policiais-e-criminosos-deixa-dois-mortos-na-baixada-video\\\/\",\"url\":\"https:\\\/\\\/folhadoleste.com.br\\\/confronto-entre-policiais-e-criminosos-deixa-dois-mortos-na-baixada-video\\\/\",\"name\":\"Confronto entre policiais e criminosos deixa dois mortos na Baixada - V\u00eddeo &#8226; Folha do Leste\",\"isPartOf\":{\"@id\":\"https:\\\/\\\/folhadoleste.com.br\\\/#website\"},\"primaryImageOfPage\":{\"@id\":\"https:\\\/\\\/folhadoleste.com.br\\\/confronto-entre-policiais-e-criminosos-deixa-dois-mortos-na-baixada-video\\\/#primaryimage\"},\"image\":{\"@id\":\"https:\\\/\\\/folhadoleste.com.br\\\/confronto-entre-policiais-e-criminosos-deixa-dois-mortos-na-baixada-video\\\/#primaryimage\"},\"thumbnailUrl\":\"https:\\\/\\\/folhadoleste.com.br\\\/wp-content\\\/uploads\\\/2025\\\/02\\\/Confronto-entre-policiais-e-criminosos-deixa-dois-mortos-na-Baixada-Video-Foto-Cortada-Reproducao.jpg\",\"datePublished\":\"2025-02-04T20:03:01+00:00\",\"dateModified\":\"2025-02-04T20:03:29+00:00\",\"description\":\"Confronto entre policiais e criminosos deixa dois mortos na Baixada - V\u00eddeo. C\u00e2meras de seguran\u00e7a registram momento do ataque...\",\"breadcrumb\":{\"@id\":\"https:\\\/\\\/folhadoleste.com.br\\\/confronto-entre-policiais-e-criminosos-deixa-dois-mortos-na-baixada-video\\\/#breadcrumb\"},\"inLanguage\":\"en-US\",\"potentialAction\":[{\"@type\":\"ReadAction\",\"target\":[\"https:\\\/\\\/folhadoleste.com.br\\\/confronto-entre-policiais-e-criminosos-deixa-dois-mortos-na-baixada-video\\\/\"]}]},{\"@type\":\"ImageObject\",\"inLanguage\":\"en-US\",\"@id\":\"https:\\\/\\\/folhadoleste.com.br\\\/confronto-entre-policiais-e-criminosos-deixa-dois-mortos-na-baixada-video\\\/#primaryimage\",\"url\":\"https:\\\/\\\/folhadoleste.com.br\\\/wp-content\\\/uploads\\\/2025\\\/02\\\/Confronto-entre-policiais-e-criminosos-deixa-dois-mortos-na-Baixada-Video-Foto-Cortada-Reproducao.jpg\",\"contentUrl\":\"https:\\\/\\\/folhadoleste.com.br\\\/wp-content\\\/uploads\\\/2025\\\/02\\\/Confronto-entre-policiais-e-criminosos-deixa-dois-mortos-na-Baixada-Video-Foto-Cortada-Reproducao.jpg\",\"width\":1200,\"height\":675,\"caption\":\"Confronto entre policiais e criminosos deixa dois mortos na Baixada - V\u00eddeo | Reprodu\u00e7\u00e3o\"},{\"@type\":\"BreadcrumbList\",\"@id\":\"https:\\\/\\\/folhadoleste.com.br\\\/confronto-entre-policiais-e-criminosos-deixa-dois-mortos-na-baixada-video\\\/#breadcrumb\",\"itemListElement\":[{\"@type\":\"ListItem\",\"position\":1,\"name\":\"In\u00edcio\",\"item\":\"https:\\\/\\\/folhadoleste.com.br\\\/\"},{\"@type\":\"ListItem\",\"position\":2,\"name\":\"Estado do Rio de Janeiro\",\"item\":\"https:\\\/\\\/folhadoleste.com.br\\\/category\\\/estado-do-rio-de-janeiro\\\/\"},{\"@type\":\"ListItem\",\"position\":3,\"name\":\"Baixada Fluminense\",\"item\":\"https:\\\/\\\/folhadoleste.com.br\\\/category\\\/estado-do-rio-de-janeiro\\\/noticias-da-baixada-fluminense\\\/\"},{\"@type\":\"ListItem\",\"position\":4,\"name\":\"Confronto entre policiais e criminosos deixa dois mortos na Baixada &#8211; V\u00eddeo\"}]},{\"@type\":\"WebSite\",\"@id\":\"https:\\\/\\\/folhadoleste.com.br\\\/#website\",\"url\":\"https:\\\/\\\/folhadoleste.com.br\\\/\",\"name\":\"Folha do Leste\",\"description\":\"Portal de Not\u00edcias com \u00eanfase em Niter\u00f3i, criando conte\u00fados desde a capital Rio de Janeiro, com olhar para o Leste Fluminense e suas cidades como S\u00e3o Gon\u00e7alo, Itabora\u00ed, Rio Bonito, Maric\u00e1, Saquarema e Araruama\",\"publisher\":{\"@id\":\"https:\\\/\\\/folhadoleste.com.br\\\/#organization\"},\"alternateName\":\"FL\",\"potentialAction\":[{\"@type\":\"SearchAction\",\"target\":{\"@type\":\"EntryPoint\",\"urlTemplate\":\"https:\\\/\\\/folhadoleste.com.br\\\/?s={search_term_string}\"},\"query-input\":{\"@type\":\"PropertyValueSpecification\",\"valueRequired\":true,\"valueName\":\"search_term_string\"}}],\"inLanguage\":\"en-US\"},{\"@type\":\"Organization\",\"@id\":\"https:\\\/\\\/folhadoleste.com.br\\\/#organization\",\"name\":\"Brasil 21 Comunica\u00e7\u00e3o\",\"alternateName\":\"BR21\",\"url\":\"https:\\\/\\\/folhadoleste.com.br\\\/\",\"logo\":{\"@type\":\"ImageObject\",\"inLanguage\":\"en-US\",\"@id\":\"https:\\\/\\\/folhadoleste.com.br\\\/#\\\/schema\\\/logo\\\/image\\\/\",\"url\":\"https:\\\/\\\/folhadoleste.com.br\\\/wp-content\\\/uploads\\\/2025\\\/12\\\/brasil-21-logomarca.avif\",\"contentUrl\":\"https:\\\/\\\/folhadoleste.com.br\\\/wp-content\\\/uploads\\\/2025\\\/12\\\/brasil-21-logomarca.avif\",\"width\":1044,\"height\":1044,\"caption\":\"Brasil 21 Comunica\u00e7\u00e3o\"},\"image\":{\"@id\":\"https:\\\/\\\/folhadoleste.com.br\\\/#\\\/schema\\\/logo\\\/image\\\/\"},\"sameAs\":[\"https:\\\/\\\/www.facebook.com\\\/folhadoleste\",\"https:\\\/\\\/x.com\\\/FolhadoLesteRJ\",\"https:\\\/\\\/www.instagram.com\\\/folhadoleste\\\/\"]},{\"@type\":\"Person\",\"@id\":\"https:\\\/\\\/folhadoleste.com.br\\\/#\\\/schema\\\/person\\\/3e97145b2e1861276e84471aa85a3899\",\"name\":\"Folha do Leste\",\"image\":{\"@type\":\"ImageObject\",\"inLanguage\":\"en-US\",\"@id\":\"https:\\\/\\\/folhadoleste.com.br\\\/wp-content\\\/litespeed\\\/avatar\\\/1ca8c218432e7045e748610eb3db0259.jpg?ver=1777161142\",\"url\":\"https:\\\/\\\/folhadoleste.com.br\\\/wp-content\\\/litespeed\\\/avatar\\\/1ca8c218432e7045e748610eb3db0259.jpg?ver=1777161142\",\"contentUrl\":\"https:\\\/\\\/folhadoleste.com.br\\\/wp-content\\\/litespeed\\\/avatar\\\/1ca8c218432e7045e748610eb3db0259.jpg?ver=1777161142\",\"caption\":\"Folha do Leste\"},\"url\":\"https:\\\/\\\/folhadoleste.com.br\\\/en\\\/author\\\/reportagem-01\\\/\"}]}<\/script>\n<!-- \/ Yoast SEO plugin. -->","yoast_head_json":{"title":"Confronto entre policiais e criminosos deixa dois mortos na Baixada - V\u00eddeo &#8226; Folha do Leste","description":"Confronto entre policiais e criminosos deixa dois mortos na Baixada - V\u00eddeo. C\u00e2meras de seguran\u00e7a registram momento do ataque...","robots":{"index":"index","follow":"follow","max-snippet":"max-snippet:-1","max-image-preview":"max-image-preview:large","max-video-preview":"max-video-preview:-1"},"canonical":"https:\/\/folhadoleste.com.br\/en\/confronto-entre-policiais-e-criminosos-deixa-dois-mortos-na-baixada-video\/","og_locale":"en_US","og_type":"article","og_title":"Confronto entre policiais e criminosos deixa dois mortos na Baixada - V\u00eddeo &#8226; Folha do Leste","og_description":"Confronto entre policiais e criminosos deixa dois mortos na Baixada - V\u00eddeo. C\u00e2meras de seguran\u00e7a registram momento do ataque...","og_url":"https:\/\/folhadoleste.com.br\/en\/confronto-entre-policiais-e-criminosos-deixa-dois-mortos-na-baixada-video\/","og_site_name":"Folha do Leste","article_publisher":"https:\/\/www.facebook.com\/folhadoleste","article_published_time":"2025-02-04T20:03:01+00:00","article_modified_time":"2025-02-04T20:03:29+00:00","og_image":[{"width":1200,"height":675,"url":"https:\/\/folhadoleste.com.br\/wp-content\/uploads\/2025\/02\/Confronto-entre-policiais-e-criminosos-deixa-dois-mortos-na-Baixada-Video-Foto-Cortada-Reproducao.jpg","type":"image\/jpeg"}],"author":"Folha do Leste","twitter_card":"summary_large_image","twitter_creator":"@FolhadoLesteRJ","twitter_site":"@FolhadoLesteRJ","twitter_misc":{"Written by":"Folha do Leste","Est. reading time":"3 minutes"},"schema":{"@context":"https:\/\/schema.org","@graph":[{"@type":"NewsArticle","@id":"https:\/\/folhadoleste.com.br\/confronto-entre-policiais-e-criminosos-deixa-dois-mortos-na-baixada-video\/#article","isPartOf":{"@id":"https:\/\/folhadoleste.com.br\/confronto-entre-policiais-e-criminosos-deixa-dois-mortos-na-baixada-video\/"},"author":{"name":"Folha do Leste","@id":"https:\/\/folhadoleste.com.br\/#\/schema\/person\/3e97145b2e1861276e84471aa85a3899"},"headline":"Confronto entre policiais e criminosos deixa dois mortos na Baixada &#8211; V\u00eddeo","datePublished":"2025-02-04T20:03:01+00:00","dateModified":"2025-02-04T20:03:29+00:00","mainEntityOfPage":{"@id":"https:\/\/folhadoleste.com.br\/confronto-entre-policiais-e-criminosos-deixa-dois-mortos-na-baixada-video\/"},"wordCount":240,"commentCount":0,"publisher":{"@id":"https:\/\/folhadoleste.com.br\/#organization"},"image":{"@id":"https:\/\/folhadoleste.com.br\/confronto-entre-policiais-e-criminosos-deixa-dois-mortos-na-baixada-video\/#primaryimage"},"thumbnailUrl":"https:\/\/folhadoleste.com.br\/wp-content\/uploads\/2025\/02\/Confronto-entre-policiais-e-criminosos-deixa-dois-mortos-na-Baixada-Video-Foto-Cortada-Reproducao.jpg","keywords":["39\u00ba BPM","a\u00e7\u00e3o policial","Apreens\u00e3o de armas","atualidades","Baixada Fluminense","bandidos","Belford Roxo","Brasil","comunidade","confronto","criminosos","Delegacia de Homic\u00eddios da Baixada Fluminense","DHBF","drogas","estado do rio","favela","flagrante","informa\u00e7\u00f5es","mortos","muni\u00e7\u00f5es","Not\u00edcias","Opera\u00e7\u00e3o Policial","Parque Floresta","PMs","resist\u00eancia","Rio de Janeiro","RJ","Seguran\u00e7a publica","tiroteio","troca de tiros","viol\u00eancia"],"articleSection":["Baixada Fluminense","Estado do Rio de Janeiro"],"inLanguage":"en-US","potentialAction":[{"@type":"CommentAction","name":"Comment","target":["https:\/\/folhadoleste.com.br\/confronto-entre-policiais-e-criminosos-deixa-dois-mortos-na-baixada-video\/#respond"]}]},{"@type":"WebPage","@id":"https:\/\/folhadoleste.com.br\/confronto-entre-policiais-e-criminosos-deixa-dois-mortos-na-baixada-video\/","url":"https:\/\/folhadoleste.com.br\/confronto-entre-policiais-e-criminosos-deixa-dois-mortos-na-baixada-video\/","name":"Confronto entre policiais e criminosos deixa dois mortos na Baixada - V\u00eddeo &#8226; Folha do Leste","isPartOf":{"@id":"https:\/\/folhadoleste.com.br\/#website"},"primaryImageOfPage":{"@id":"https:\/\/folhadoleste.com.br\/confronto-entre-policiais-e-criminosos-deixa-dois-mortos-na-baixada-video\/#primaryimage"},"image":{"@id":"https:\/\/folhadoleste.com.br\/confronto-entre-policiais-e-criminosos-deixa-dois-mortos-na-baixada-video\/#primaryimage"},"thumbnailUrl":"https:\/\/folhadoleste.com.br\/wp-content\/uploads\/2025\/02\/Confronto-entre-policiais-e-criminosos-deixa-dois-mortos-na-Baixada-Video-Foto-Cortada-Reproducao.jpg","datePublished":"2025-02-04T20:03:01+00:00","dateModified":"2025-02-04T20:03:29+00:00","description":"Confronto entre policiais e criminosos deixa dois mortos na Baixada - V\u00eddeo. C\u00e2meras de seguran\u00e7a registram momento do ataque...","breadcrumb":{"@id":"https:\/\/folhadoleste.com.br\/confronto-entre-policiais-e-criminosos-deixa-dois-mortos-na-baixada-video\/#breadcrumb"},"inLanguage":"en-US","potentialAction":[{"@type":"ReadAction","target":["https:\/\/folhadoleste.com.br\/confronto-entre-policiais-e-criminosos-deixa-dois-mortos-na-baixada-video\/"]}]},{"@type":"ImageObject","inLanguage":"en-US","@id":"https:\/\/folhadoleste.com.br\/confronto-entre-policiais-e-criminosos-deixa-dois-mortos-na-baixada-video\/#primaryimage","url":"https:\/\/folhadoleste.com.br\/wp-content\/uploads\/2025\/02\/Confronto-entre-policiais-e-criminosos-deixa-dois-mortos-na-Baixada-Video-Foto-Cortada-Reproducao.jpg","contentUrl":"https:\/\/folhadoleste.com.br\/wp-content\/uploads\/2025\/02\/Confronto-entre-policiais-e-criminosos-deixa-dois-mortos-na-Baixada-Video-Foto-Cortada-Reproducao.jpg","width":1200,"height":675,"caption":"Confronto entre policiais e criminosos deixa dois mortos na Baixada - V\u00eddeo | Reprodu\u00e7\u00e3o"},{"@type":"BreadcrumbList","@id":"https:\/\/folhadoleste.com.br\/confronto-entre-policiais-e-criminosos-deixa-dois-mortos-na-baixada-video\/#breadcrumb","itemListElement":[{"@type":"ListItem","position":1,"name":"In\u00edcio","item":"https:\/\/folhadoleste.com.br\/"},{"@type":"ListItem","position":2,"name":"Estado do Rio de Janeiro","item":"https:\/\/folhadoleste.com.br\/category\/estado-do-rio-de-janeiro\/"},{"@type":"ListItem","position":3,"name":"Baixada Fluminense","item":"https:\/\/folhadoleste.com.br\/category\/estado-do-rio-de-janeiro\/noticias-da-baixada-fluminense\/"},{"@type":"ListItem","position":4,"name":"Confronto entre policiais e criminosos deixa dois mortos na Baixada &#8211; V\u00eddeo"}]},{"@type":"WebSite","@id":"https:\/\/folhadoleste.com.br\/#website","url":"https:\/\/folhadoleste.com.br\/","name":"Folha do Leste","description":"Portal de Not\u00edcias com \u00eanfase em Niter\u00f3i, criando conte\u00fados desde a capital Rio de Janeiro, com olhar para o Leste Fluminense e suas cidades como S\u00e3o Gon\u00e7alo, Itabora\u00ed, Rio Bonito, Maric\u00e1, Saquarema e Araruama","publisher":{"@id":"https:\/\/folhadoleste.com.br\/#organization"},"alternateName":"FL","potentialAction":[{"@type":"SearchAction","target":{"@type":"EntryPoint","urlTemplate":"https:\/\/folhadoleste.com.br\/?s={search_term_string}"},"query-input":{"@type":"PropertyValueSpecification","valueRequired":true,"valueName":"search_term_string"}}],"inLanguage":"en-US"},{"@type":"Organization","@id":"https:\/\/folhadoleste.com.br\/#organization","name":"Brasil 21 Comunica\u00e7\u00e3o","alternateName":"BR21","url":"https:\/\/folhadoleste.com.br\/","logo":{"@type":"ImageObject","inLanguage":"en-US","@id":"https:\/\/folhadoleste.com.br\/#\/schema\/logo\/image\/","url":"https:\/\/folhadoleste.com.br\/wp-content\/uploads\/2025\/12\/brasil-21-logomarca.avif","contentUrl":"https:\/\/folhadoleste.com.br\/wp-content\/uploads\/2025\/12\/brasil-21-logomarca.avif","width":1044,"height":1044,"caption":"Brasil 21 Comunica\u00e7\u00e3o"},"image":{"@id":"https:\/\/folhadoleste.com.br\/#\/schema\/logo\/image\/"},"sameAs":["https:\/\/www.facebook.com\/folhadoleste","https:\/\/x.com\/FolhadoLesteRJ","https:\/\/www.instagram.com\/folhadoleste\/"]},{"@type":"Person","@id":"https:\/\/folhadoleste.com.br\/#\/schema\/person\/3e97145b2e1861276e84471aa85a3899","name":"Folha do Leste","image":{"@type":"ImageObject","inLanguage":"en-US","@id":"https:\/\/folhadoleste.com.br\/wp-content\/litespeed\/avatar\/1ca8c218432e7045e748610eb3db0259.jpg?ver=1777161142","url":"https:\/\/folhadoleste.com.br\/wp-content\/litespeed\/avatar\/1ca8c218432e7045e748610eb3db0259.jpg?ver=1777161142","contentUrl":"https:\/\/folhadoleste.com.br\/wp-content\/litespeed\/avatar\/1ca8c218432e7045e748610eb3db0259.jpg?ver=1777161142","caption":"Folha do Leste"},"url":"https:\/\/folhadoleste.com.br\/en\/author\/reportagem-01\/"}]}},"_links":{"self":[{"href":"https:\/\/folhadoleste.com.br\/en\/wp-json\/wp\/v2\/posts\/108448","targetHints":{"allow":["GET"]}}],"collection":[{"href":"https:\/\/folhadoleste.com.br\/en\/wp-json\/wp\/v2\/posts"}],"about":[{"href":"https:\/\/folhadoleste.com.br\/en\/wp-json\/wp\/v2\/types\/post"}],"author":[{"embeddable":true,"href":"https:\/\/folhadoleste.com.br\/en\/wp-json\/wp\/v2\/users\/4"}],"replies":[{"embeddable":true,"href":"https:\/\/folhadoleste.com.br\/en\/wp-json\/wp\/v2\/comments?post=108448"}],"version-history":[{"count":2,"href":"https:\/\/folhadoleste.com.br\/en\/wp-json\/wp\/v2\/posts\/108448\/revisions"}],"predecessor-version":[{"id":108455,"href":"https:\/\/folhadoleste.com.br\/en\/wp-json\/wp\/v2\/posts\/108448\/revisions\/108455"}],"wp:featuredmedia":[{"embeddable":true,"href":"https:\/\/folhadoleste.com.br\/en\/wp-json\/wp\/v2\/media\/108452"}],"wp:attachment":[{"href":"https:\/\/folhadoleste.com.br\/en\/wp-json\/wp\/v2\/media?parent=108448"}],"wp:term":[{"taxonomy":"category","embeddable":true,"href":"https:\/\/folhadoleste.com.br\/en\/wp-json\/wp\/v2\/categories?post=108448"},{"taxonomy":"post_tag","embeddable":true,"href":"https:\/\/folhadoleste.com.br\/en\/wp-json\/wp\/v2\/tags?post=108448"}],"curies":[{"name":"wp","href":"https:\/\/api.w.org\/{rel}","templated":true}]}}