{"id":108135,"date":"2025-02-02T12:03:48","date_gmt":"2025-02-02T15:03:48","guid":{"rendered":"https:\/\/folhadoleste.com.br\/?p=108135"},"modified":"2025-02-03T10:34:57","modified_gmt":"2025-02-03T13:34:57","slug":"torcedor-e-estuprado-na-rua-durante-briga-entre-torcida-organizadas","status":"publish","type":"post","link":"https:\/\/folhadoleste.com.br\/en\/torcedor-e-estuprado-na-rua-durante-briga-entre-torcida-organizadas\/","title":{"rendered":"Torcedor \u00e9 estuprado na rua durante briga entre torcida organizadas"},"content":{"rendered":"<div id=\"attachment_108137\" style=\"width: 1210px\" class=\"wp-caption aligncenter\"><img decoding=\"async\" aria-describedby=\"caption-attachment-108137\" class=\"wp-image-108137 size-full\" src=\"https:\/\/folhadoleste.com.br\/wp-content\/uploads\/2025\/02\/Torcedor-e-estuprado-na-rua-durante-briga-entre-torcida-organizadas-Foto-Reproducao-Redes-Sociais.jpeg\" alt=\"Viol\u00eancia entre torcedores de futebol registra caso de estupro\" width=\"1200\" height=\"750\" \/><p id=\"caption-attachment-108137\" class=\"wp-caption-text\">Torcedor \u00e9 estuprado na rua durante briga entre torcida organizadas | Reprodu\u00e7\u00e3o\/Redes Sociais<\/p><\/div>\n<p style=\"text-align: justify;\" data-pm-slice=\"1 1 []\">Imagens de confrontos violentos entre torcedores de Santa Cruz e Sport circulam nas redes sociais desde o \u00faltimo s\u00e1bado (01). Os v\u00eddeos mostram cenas de agress\u00e3o antes do cl\u00e1ssico v\u00e1lido pela sexta rodada do campeonato estadual, que terminou com vit\u00f3ria do Santa Cruz por 1 a 0. Um dos registros mais impactantes revela um torcedor desacordado sendo violentado com um objeto.<\/p>\n<h4 style=\"text-align: justify;\"><strong>Confrontos antes da partida terminam em crime brutal<\/strong><\/h4>\n<p style=\"text-align: justify;\">Os epis\u00f3dios de viol\u00eancia ocorreram no bairro da Madalena, zona norte do Recife. Durante o tumulto, um torcedor foi atacado e deixado ca\u00eddo na cal\u00e7ada enquanto bombas de efeito moral eram lan\u00e7adas pela Pol\u00edcia Militar. O homem foi violentado com um peda\u00e7o de bambu, utilizado em bandeiras de torcidas organizadas.<\/p>\n<h5 style=\"text-align: center;\"><span style=\"color: #000000;\"><span style=\"color: #ff0000;\"><strong>+ <\/strong><\/span><\/span><span style=\"color: #000000;\"><strong><span style=\"color: #ff9900;\">MAIS NOT\u00cdCIAS DE ESPORTES?<\/span> <span style=\"color: #008080;\"><a style=\"color: #008080;\" href=\"https:\/\/folhadoleste.com.br\/en\/category\/esportes\/\">CLIQUE AQUI<\/a><\/span><\/strong><\/span><\/h5>\n<p style=\"text-align: justify;\">V\u00e1rios indiv\u00edduos estavam ao redor da v\u00edtima no momento do crime. A identidade e o estado de sa\u00fade do torcedor ainda n\u00e3o foram divulgados. A Secretaria de Seguran\u00e7a P\u00fablica de Pernambuco informou que, at\u00e9 o momento, n\u00e3o h\u00e1 registros de \u00f3bitos relacionados aos confrontos.<\/p>\n<h4 style=\"text-align: justify;\"><strong>Repercuss\u00e3o nas redes sociais e manifesta\u00e7\u00e3o de autoridades<\/strong><\/h4>\n<p style=\"text-align: justify;\">As cenas de viol\u00eancia geraram grande repercuss\u00e3o nas redes sociais. No &#8220;X&#8221;, antigo Twitter, as palavras &#8220;estupraram&#8221; e &#8220;Pernambuco&#8221; estiveram entre os assuntos mais comentados do Brasil.<\/p>\n<div class=\"texto\">\n<div class=\"twitter-tweet twitter-tweet-rendered\"><iframe id=\"twitter-widget-0\" class=\"\" title=\"X Post\" src=\"https:\/\/platform.twitter.com\/embed\/Tweet.html?creatorScreenName=jornalodia&amp;dnt=false&amp;embedId=twitter-widget-0&amp;features=eyJ0ZndfdGltZWxpbmVfbGlzdCI6eyJidWNrZXQiOltdLCJ2ZXJzaW9uIjpudWxsfSwidGZ3X2ZvbGxvd2VyX2NvdW50X3N1bnNldCI6eyJidWNrZXQiOnRydWUsInZlcnNpb24iOm51bGx9LCJ0ZndfdHdlZXRfZWRpdF9iYWNrZW5kIjp7ImJ1Y2tldCI6Im9uIiwidmVyc2lvbiI6bnVsbH0sInRmd19yZWZzcmNfc2Vzc2lvbiI6eyJidWNrZXQiOiJvbiIsInZlcnNpb24iOm51bGx9LCJ0ZndfZm9zbnJfc29mdF9pbnRlcnZlbnRpb25zX2VuYWJsZWQiOnsiYnVja2V0Ijoib24iLCJ2ZXJzaW9uIjpudWxsfSwidGZ3X21peGVkX21lZGlhXzE1ODk3Ijp7ImJ1Y2tldCI6InRyZWF0bWVudCIsInZlcnNpb24iOm51bGx9LCJ0ZndfZXhwZXJpbWVudHNfY29va2llX2V4cGlyYXRpb24iOnsiYnVja2V0IjoxMjA5NjAwLCJ2ZXJzaW9uIjpudWxsfSwidGZ3X3Nob3dfYmlyZHdhdGNoX3Bpdm90c19lbmFibGVkIjp7ImJ1Y2tldCI6Im9uIiwidmVyc2lvbiI6bnVsbH0sInRmd19kdXBsaWNhdGVfc2NyaWJlc190b19zZXR0aW5ncyI6eyJidWNrZXQiOiJvbiIsInZlcnNpb24iOm51bGx9LCJ0ZndfdXNlX3Byb2ZpbGVfaW1hZ2Vfc2hhcGVfZW5hYmxlZCI6eyJidWNrZXQiOiJvbiIsInZlcnNpb24iOm51bGx9LCJ0ZndfdmlkZW9faGxzX2R5bmFtaWNfbWFuaWZlc3RzXzE1MDgyIjp7ImJ1Y2tldCI6InRydWVfYml0cmF0ZSIsInZlcnNpb24iOm51bGx9LCJ0ZndfbGVnYWN5X3RpbWVsaW5lX3N1bnNldCI6eyJidWNrZXQiOnRydWUsInZlcnNpb24iOm51bGx9LCJ0ZndfdHdlZXRfZWRpdF9mcm9udGVuZCI6eyJidWNrZXQiOiJvbiIsInZlcnNpb24iOm51bGx9fQ%3D%3D&amp;frame=false&amp;hideCard=false&amp;hideThread=false&amp;id=1885744833089659132&amp;lang=pt&amp;origin=https%3A%2F%2Fodia.ig.com.br%2Fesporte%2F2025%2F02%2F6996373-desacordado-torcedor-e-estuprado-na-rua-durante-briga-entre-organizadas-no-recife.html&amp;sessionId=8e109ed908b9ff2105c37c5b1ea4e14d02c0be37&amp;siteScreenName=jornalodia&amp;theme=light&amp;widgetsVersion=2615f7e52b7e0%3A1702314776716&amp;width=550px\" frameborder=\"0\" scrolling=\"no\" allowfullscreen=\"allowfullscreen\" data-tweet-id=\"1885744833089659132\" data-mce-fragment=\"1\"><\/iframe><\/div>\n<\/div>\n<div class=\"texto\">\n<div class=\"twitter-tweet twitter-tweet-rendered\"><iframe id=\"twitter-widget-1\" class=\"\" title=\"X Post\" src=\"https:\/\/platform.twitter.com\/embed\/Tweet.html?creatorScreenName=jornalodia&amp;dnt=false&amp;embedId=twitter-widget-1&amp;features=eyJ0ZndfdGltZWxpbmVfbGlzdCI6eyJidWNrZXQiOltdLCJ2ZXJzaW9uIjpudWxsfSwidGZ3X2ZvbGxvd2VyX2NvdW50X3N1bnNldCI6eyJidWNrZXQiOnRydWUsInZlcnNpb24iOm51bGx9LCJ0ZndfdHdlZXRfZWRpdF9iYWNrZW5kIjp7ImJ1Y2tldCI6Im9uIiwidmVyc2lvbiI6bnVsbH0sInRmd19yZWZzcmNfc2Vzc2lvbiI6eyJidWNrZXQiOiJvbiIsInZlcnNpb24iOm51bGx9LCJ0ZndfZm9zbnJfc29mdF9pbnRlcnZlbnRpb25zX2VuYWJsZWQiOnsiYnVja2V0Ijoib24iLCJ2ZXJzaW9uIjpudWxsfSwidGZ3X21peGVkX21lZGlhXzE1ODk3Ijp7ImJ1Y2tldCI6InRyZWF0bWVudCIsInZlcnNpb24iOm51bGx9LCJ0ZndfZXhwZXJpbWVudHNfY29va2llX2V4cGlyYXRpb24iOnsiYnVja2V0IjoxMjA5NjAwLCJ2ZXJzaW9uIjpudWxsfSwidGZ3X3Nob3dfYmlyZHdhdGNoX3Bpdm90c19lbmFibGVkIjp7ImJ1Y2tldCI6Im9uIiwidmVyc2lvbiI6bnVsbH0sInRmd19kdXBsaWNhdGVfc2NyaWJlc190b19zZXR0aW5ncyI6eyJidWNrZXQiOiJvbiIsInZlcnNpb24iOm51bGx9LCJ0ZndfdXNlX3Byb2ZpbGVfaW1hZ2Vfc2hhcGVfZW5hYmxlZCI6eyJidWNrZXQiOiJvbiIsInZlcnNpb24iOm51bGx9LCJ0ZndfdmlkZW9faGxzX2R5bmFtaWNfbWFuaWZlc3RzXzE1MDgyIjp7ImJ1Y2tldCI6InRydWVfYml0cmF0ZSIsInZlcnNpb24iOm51bGx9LCJ0ZndfbGVnYWN5X3RpbWVsaW5lX3N1bnNldCI6eyJidWNrZXQiOnRydWUsInZlcnNpb24iOm51bGx9LCJ0ZndfdHdlZXRfZWRpdF9mcm9udGVuZCI6eyJidWNrZXQiOiJvbiIsInZlcnNpb24iOm51bGx9fQ%3D%3D&amp;frame=false&amp;hideCard=false&amp;hideThread=false&amp;id=1885733436507177036&amp;lang=pt&amp;origin=https%3A%2F%2Fodia.ig.com.br%2Fesporte%2F2025%2F02%2F6996373-desacordado-torcedor-e-estuprado-na-rua-durante-briga-entre-organizadas-no-recife.html&amp;sessionId=8e109ed908b9ff2105c37c5b1ea4e14d02c0be37&amp;siteScreenName=jornalodia&amp;theme=light&amp;widgetsVersion=2615f7e52b7e0%3A1702314776716&amp;width=550px\" frameborder=\"0\" scrolling=\"no\" allowfullscreen=\"allowfullscreen\" data-tweet-id=\"1885733436507177036\" data-mce-fragment=\"1\"><\/iframe><\/div>\n<\/div>\n<p style=\"text-align: justify;\">A governadora de Pernambuco, Raquel Lyra, e o prefeito do Recife, Jo\u00e3o Campos, se manifestaram sobre o caso e condenaram os atos de viol\u00eancia. Nas imagens divulgadas, aparecem membros uniformizados da torcida Explos\u00e3o Inferno Coral, ligada ao Santa Cruz. A organiza\u00e7\u00e3o \u00e9 uma das maiores torcidas organizadas do Norte e Nordeste.<\/p>\n<p style=\"text-align: justify;\">A pol\u00edcia investiga os respons\u00e1veis pelo crime e pelos confrontos antes da partida. Novas informa\u00e7\u00f5es devem ser divulgadas conforme avan\u00e7am as investiga\u00e7\u00f5es.<\/p>\n<div id=\"attachment_77492\" class=\"wp-caption aligncenter\"><a href=\"http:\/\/instagram.com\/folhadoleste\"><img decoding=\"async\" class=\"wp-image-77492 size-full\" src=\"https:\/\/folhadoleste.com.br\/wp-content\/uploads\/2024\/07\/Instagram-Folha-do-Leste.png\" alt=\"http:\/\/instagram.com\/folhadoleste\" width=\"400\" height=\"200\" aria-describedby=\"caption-attachment-77492\" \/><\/a><\/div>\n<div id=\"attachment_77490\" class=\"wp-caption aligncenter\"><a href=\"http:\/\/facebook.com\/folhadoleste\"><img decoding=\"async\" class=\"size-medium wp-image-77490\" src=\"https:\/\/folhadoleste.com.br\/wp-content\/uploads\/2024\/07\/Facebook-Folha-do-Leste-10k-300x300.jpg\" alt=\"Curta e siga o Folha do Leste no Facebook!\" width=\"300\" height=\"300\" aria-describedby=\"caption-attachment-77490\" \/><\/a><\/div>","protected":false},"excerpt":{"rendered":"<p>Imagens de confrontos violentos entre torcedores de Santa Cruz e Sport circulam nas redes sociais desde o \u00faltimo s\u00e1bado (01). Os v\u00eddeos mostram cenas de agress\u00e3o antes do cl\u00e1ssico v\u00e1lido pela sexta rodada do campeonato estadual, que terminou com vit\u00f3ria do Santa Cruz por 1 a 0. Um dos registros mais impactantes revela um torcedor desacordado sendo violentado com um objeto. Confrontos antes da partida terminam em crime brutal Os epis\u00f3dios de viol\u00eancia ocorreram no bairro da Madalena, zona norte do Recife. Durante o tumulto, um torcedor foi atacado e deixado ca\u00eddo na cal\u00e7ada enquanto bombas de efeito moral eram [&hellip;]<\/p>\n","protected":false},"author":4,"featured_media":108138,"comment_status":"open","ping_status":"open","sticky":false,"template":"","format":"standard","meta":{"footnotes":""},"categories":[64,48,65],"tags":[2630,4216,63552,31207,6474,19477,10707,2362,2571,33498,105,2931,7369,101,2132,864,63553,41706,3116,78,4536,823,734,2274,824,546,10996,9659,12205,212,651,2454,504],"class_list":["post-108135","post","type-post","status-publish","format-standard","has-post-thumbnail","hentry","category-brasil","category-esportes","category-futebol-esportes","tag-abuso-sexual","tag-agressao","tag-arruda","tag-briga-de-torcidas","tag-brutalidade","tag-campeonato-pernambucano","tag-classico","tag-crime","tag-denuncia","tag-desacordado","tag-esportes","tag-estupro","tag-ferido","tag-futebol","tag-imagens","tag-investigacao","tag-madalena","tag-organizada","tag-pernambuco","tag-policia","tag-recife","tag-redes-sociais","tag-rua","tag-santa-cruz","tag-seguranca-publica","tag-sport","tag-testemunhas","tag-torcedor","tag-torcida-organizada","tag-video","tag-violencia","tag-vitima","tag-zona-norte","post--single"],"yoast_head":"<!-- This site is optimized with the Yoast SEO plugin v27.4 - https:\/\/yoast.com\/product\/yoast-seo-wordpress\/ -->\n<title>Torcedor \u00e9 estuprado na rua durante briga entre torcida organizadas &#8226; Folha do Leste<\/title>\n<meta name=\"description\" content=\"Torcedor \u00e9 estuprado na rua durante briga entre torcida organizadas. Internautas reagem com revolta a epis\u00f3dios de viol\u00eancia em Recife...\" \/>\n<meta name=\"robots\" content=\"index, follow, max-snippet:-1, max-image-preview:large, max-video-preview:-1\" \/>\n<link rel=\"canonical\" href=\"https:\/\/folhadoleste.com.br\/en\/torcedor-e-estuprado-na-rua-durante-briga-entre-torcida-organizadas\/\" \/>\n<meta property=\"og:locale\" content=\"en_US\" \/>\n<meta property=\"og:type\" content=\"article\" \/>\n<meta property=\"og:title\" content=\"Torcedor \u00e9 estuprado na rua durante briga entre torcida organizadas &#8226; Folha do Leste\" \/>\n<meta property=\"og:description\" content=\"Torcedor \u00e9 estuprado na rua durante briga entre torcida organizadas. Internautas reagem com revolta a epis\u00f3dios de viol\u00eancia em Recife...\" \/>\n<meta property=\"og:url\" content=\"https:\/\/folhadoleste.com.br\/en\/torcedor-e-estuprado-na-rua-durante-briga-entre-torcida-organizadas\/\" \/>\n<meta property=\"og:site_name\" content=\"Folha do Leste\" \/>\n<meta property=\"article:publisher\" content=\"https:\/\/www.facebook.com\/folhadoleste\" \/>\n<meta property=\"article:published_time\" content=\"2025-02-02T15:03:48+00:00\" \/>\n<meta property=\"article:modified_time\" content=\"2025-02-03T13:34:57+00:00\" \/>\n<meta property=\"og:image\" content=\"https:\/\/folhadoleste.com.br\/wp-content\/uploads\/2025\/02\/Torcedor-e-estuprado-na-rua-durante-briga-entre-torcida-organizadas-Foto-Cortada-Reproducao-Redes-Sociais.jpeg\" \/>\n\t<meta property=\"og:image:width\" content=\"1200\" \/>\n\t<meta property=\"og:image:height\" content=\"675\" \/>\n\t<meta property=\"og:image:type\" content=\"image\/jpeg\" \/>\n<meta name=\"author\" content=\"Folha do Leste\" \/>\n<meta name=\"twitter:card\" content=\"summary_large_image\" \/>\n<meta name=\"twitter:creator\" content=\"@FolhadoLesteRJ\" \/>\n<meta name=\"twitter:site\" content=\"@FolhadoLesteRJ\" \/>\n<meta name=\"twitter:label1\" content=\"Written by\" \/>\n\t<meta name=\"twitter:data1\" content=\"Folha do Leste\" \/>\n\t<meta name=\"twitter:label2\" content=\"Est. reading time\" \/>\n\t<meta name=\"twitter:data2\" content=\"3 minutes\" \/>\n<script type=\"application\/ld+json\" class=\"yoast-schema-graph\">{\"@context\":\"https:\\\/\\\/schema.org\",\"@graph\":[{\"@type\":\"NewsArticle\",\"@id\":\"https:\\\/\\\/folhadoleste.com.br\\\/torcedor-e-estuprado-na-rua-durante-briga-entre-torcida-organizadas\\\/#article\",\"isPartOf\":{\"@id\":\"https:\\\/\\\/folhadoleste.com.br\\\/torcedor-e-estuprado-na-rua-durante-briga-entre-torcida-organizadas\\\/\"},\"author\":{\"name\":\"Folha do Leste\",\"@id\":\"https:\\\/\\\/folhadoleste.com.br\\\/#\\\/schema\\\/person\\\/3e97145b2e1861276e84471aa85a3899\"},\"headline\":\"Torcedor \u00e9 estuprado na rua durante briga entre torcida organizadas\",\"datePublished\":\"2025-02-02T15:03:48+00:00\",\"dateModified\":\"2025-02-03T13:34:57+00:00\",\"mainEntityOfPage\":{\"@id\":\"https:\\\/\\\/folhadoleste.com.br\\\/torcedor-e-estuprado-na-rua-durante-briga-entre-torcida-organizadas\\\/\"},\"wordCount\":337,\"commentCount\":0,\"publisher\":{\"@id\":\"https:\\\/\\\/folhadoleste.com.br\\\/#organization\"},\"image\":{\"@id\":\"https:\\\/\\\/folhadoleste.com.br\\\/torcedor-e-estuprado-na-rua-durante-briga-entre-torcida-organizadas\\\/#primaryimage\"},\"thumbnailUrl\":\"https:\\\/\\\/folhadoleste.com.br\\\/wp-content\\\/uploads\\\/2025\\\/02\\\/Torcedor-e-estuprado-na-rua-durante-briga-entre-torcida-organizadas-Foto-Cortada-Reproducao-Redes-Sociais.jpeg\",\"keywords\":[\"abuso sexual\",\"Agress\u00e3o\",\"Arruda\",\"Briga de Torcidas\",\"brutalidade\",\"Campeonato Pernambucano\",\"cl\u00e1ssico\",\"crime\",\"Den\u00fancia\",\"desacordado\",\"Esportes\",\"estupro\",\"ferido\",\"futebol\",\"imagens\",\"Investiga\u00e7\u00e3o\",\"Madalena\",\"organizada\",\"Pernambuco\",\"pol\u00edcia\",\"Recife\",\"Redes sociais\",\"rua\",\"Santa Cruz\",\"Seguran\u00e7a publica\",\"Sport\",\"testemunhas\",\"torcedor\",\"torcida organizada\",\"v\u00eddeo\",\"viol\u00eancia\",\"v\u00edtima\",\"Zona Norte\"],\"articleSection\":[\"Brasil\",\"Esportes\",\"Futebol\"],\"inLanguage\":\"en-US\",\"potentialAction\":[{\"@type\":\"CommentAction\",\"name\":\"Comment\",\"target\":[\"https:\\\/\\\/folhadoleste.com.br\\\/torcedor-e-estuprado-na-rua-durante-briga-entre-torcida-organizadas\\\/#respond\"]}]},{\"@type\":\"WebPage\",\"@id\":\"https:\\\/\\\/folhadoleste.com.br\\\/torcedor-e-estuprado-na-rua-durante-briga-entre-torcida-organizadas\\\/\",\"url\":\"https:\\\/\\\/folhadoleste.com.br\\\/torcedor-e-estuprado-na-rua-durante-briga-entre-torcida-organizadas\\\/\",\"name\":\"Torcedor \u00e9 estuprado na rua durante briga entre torcida organizadas &#8226; Folha do Leste\",\"isPartOf\":{\"@id\":\"https:\\\/\\\/folhadoleste.com.br\\\/#website\"},\"primaryImageOfPage\":{\"@id\":\"https:\\\/\\\/folhadoleste.com.br\\\/torcedor-e-estuprado-na-rua-durante-briga-entre-torcida-organizadas\\\/#primaryimage\"},\"image\":{\"@id\":\"https:\\\/\\\/folhadoleste.com.br\\\/torcedor-e-estuprado-na-rua-durante-briga-entre-torcida-organizadas\\\/#primaryimage\"},\"thumbnailUrl\":\"https:\\\/\\\/folhadoleste.com.br\\\/wp-content\\\/uploads\\\/2025\\\/02\\\/Torcedor-e-estuprado-na-rua-durante-briga-entre-torcida-organizadas-Foto-Cortada-Reproducao-Redes-Sociais.jpeg\",\"datePublished\":\"2025-02-02T15:03:48+00:00\",\"dateModified\":\"2025-02-03T13:34:57+00:00\",\"description\":\"Torcedor \u00e9 estuprado na rua durante briga entre torcida organizadas. Internautas reagem com revolta a epis\u00f3dios de viol\u00eancia em Recife...\",\"breadcrumb\":{\"@id\":\"https:\\\/\\\/folhadoleste.com.br\\\/torcedor-e-estuprado-na-rua-durante-briga-entre-torcida-organizadas\\\/#breadcrumb\"},\"inLanguage\":\"en-US\",\"potentialAction\":[{\"@type\":\"ReadAction\",\"target\":[\"https:\\\/\\\/folhadoleste.com.br\\\/torcedor-e-estuprado-na-rua-durante-briga-entre-torcida-organizadas\\\/\"]}]},{\"@type\":\"ImageObject\",\"inLanguage\":\"en-US\",\"@id\":\"https:\\\/\\\/folhadoleste.com.br\\\/torcedor-e-estuprado-na-rua-durante-briga-entre-torcida-organizadas\\\/#primaryimage\",\"url\":\"https:\\\/\\\/folhadoleste.com.br\\\/wp-content\\\/uploads\\\/2025\\\/02\\\/Torcedor-e-estuprado-na-rua-durante-briga-entre-torcida-organizadas-Foto-Cortada-Reproducao-Redes-Sociais.jpeg\",\"contentUrl\":\"https:\\\/\\\/folhadoleste.com.br\\\/wp-content\\\/uploads\\\/2025\\\/02\\\/Torcedor-e-estuprado-na-rua-durante-briga-entre-torcida-organizadas-Foto-Cortada-Reproducao-Redes-Sociais.jpeg\",\"width\":1200,\"height\":675,\"caption\":\"Torcedor \u00e9 estuprado na rua durante briga entre torcida organizadas | Reprodu\u00e7\u00e3o\\\/Redes Sociais\"},{\"@type\":\"BreadcrumbList\",\"@id\":\"https:\\\/\\\/folhadoleste.com.br\\\/torcedor-e-estuprado-na-rua-durante-briga-entre-torcida-organizadas\\\/#breadcrumb\",\"itemListElement\":[{\"@type\":\"ListItem\",\"position\":1,\"name\":\"In\u00edcio\",\"item\":\"https:\\\/\\\/folhadoleste.com.br\\\/\"},{\"@type\":\"ListItem\",\"position\":2,\"name\":\"Esportes\",\"item\":\"https:\\\/\\\/folhadoleste.com.br\\\/category\\\/esportes\\\/\"},{\"@type\":\"ListItem\",\"position\":3,\"name\":\"Futebol\",\"item\":\"https:\\\/\\\/folhadoleste.com.br\\\/category\\\/esportes\\\/futebol-esportes\\\/\"},{\"@type\":\"ListItem\",\"position\":4,\"name\":\"Torcedor \u00e9 estuprado na rua durante briga entre torcida organizadas\"}]},{\"@type\":\"WebSite\",\"@id\":\"https:\\\/\\\/folhadoleste.com.br\\\/#website\",\"url\":\"https:\\\/\\\/folhadoleste.com.br\\\/\",\"name\":\"Folha do Leste\",\"description\":\"Portal de Not\u00edcias com \u00eanfase em Niter\u00f3i, criando conte\u00fados desde a capital Rio de Janeiro, com olhar para o Leste Fluminense e suas cidades como S\u00e3o Gon\u00e7alo, Itabora\u00ed, Rio Bonito, Maric\u00e1, Saquarema e Araruama\",\"publisher\":{\"@id\":\"https:\\\/\\\/folhadoleste.com.br\\\/#organization\"},\"alternateName\":\"FL\",\"potentialAction\":[{\"@type\":\"SearchAction\",\"target\":{\"@type\":\"EntryPoint\",\"urlTemplate\":\"https:\\\/\\\/folhadoleste.com.br\\\/?s={search_term_string}\"},\"query-input\":{\"@type\":\"PropertyValueSpecification\",\"valueRequired\":true,\"valueName\":\"search_term_string\"}}],\"inLanguage\":\"en-US\"},{\"@type\":\"Organization\",\"@id\":\"https:\\\/\\\/folhadoleste.com.br\\\/#organization\",\"name\":\"Brasil 21 Comunica\u00e7\u00e3o\",\"alternateName\":\"BR21\",\"url\":\"https:\\\/\\\/folhadoleste.com.br\\\/\",\"logo\":{\"@type\":\"ImageObject\",\"inLanguage\":\"en-US\",\"@id\":\"https:\\\/\\\/folhadoleste.com.br\\\/#\\\/schema\\\/logo\\\/image\\\/\",\"url\":\"https:\\\/\\\/folhadoleste.com.br\\\/wp-content\\\/uploads\\\/2025\\\/12\\\/brasil-21-logomarca.avif\",\"contentUrl\":\"https:\\\/\\\/folhadoleste.com.br\\\/wp-content\\\/uploads\\\/2025\\\/12\\\/brasil-21-logomarca.avif\",\"width\":1044,\"height\":1044,\"caption\":\"Brasil 21 Comunica\u00e7\u00e3o\"},\"image\":{\"@id\":\"https:\\\/\\\/folhadoleste.com.br\\\/#\\\/schema\\\/logo\\\/image\\\/\"},\"sameAs\":[\"https:\\\/\\\/www.facebook.com\\\/folhadoleste\",\"https:\\\/\\\/x.com\\\/FolhadoLesteRJ\",\"https:\\\/\\\/www.instagram.com\\\/folhadoleste\\\/\"]},{\"@type\":\"Person\",\"@id\":\"https:\\\/\\\/folhadoleste.com.br\\\/#\\\/schema\\\/person\\\/3e97145b2e1861276e84471aa85a3899\",\"name\":\"Folha do Leste\",\"image\":{\"@type\":\"ImageObject\",\"inLanguage\":\"en-US\",\"@id\":\"https:\\\/\\\/folhadoleste.com.br\\\/wp-content\\\/litespeed\\\/avatar\\\/1ca8c218432e7045e748610eb3db0259.jpg?ver=1777161142\",\"url\":\"https:\\\/\\\/folhadoleste.com.br\\\/wp-content\\\/litespeed\\\/avatar\\\/1ca8c218432e7045e748610eb3db0259.jpg?ver=1777161142\",\"contentUrl\":\"https:\\\/\\\/folhadoleste.com.br\\\/wp-content\\\/litespeed\\\/avatar\\\/1ca8c218432e7045e748610eb3db0259.jpg?ver=1777161142\",\"caption\":\"Folha do Leste\"},\"url\":\"https:\\\/\\\/folhadoleste.com.br\\\/en\\\/author\\\/reportagem-01\\\/\"}]}<\/script>\n<!-- \/ Yoast SEO plugin. -->","yoast_head_json":{"title":"Torcedor \u00e9 estuprado na rua durante briga entre torcida organizadas &#8226; Folha do Leste","description":"Torcedor \u00e9 estuprado na rua durante briga entre torcida organizadas. Internautas reagem com revolta a epis\u00f3dios de viol\u00eancia em Recife...","robots":{"index":"index","follow":"follow","max-snippet":"max-snippet:-1","max-image-preview":"max-image-preview:large","max-video-preview":"max-video-preview:-1"},"canonical":"https:\/\/folhadoleste.com.br\/en\/torcedor-e-estuprado-na-rua-durante-briga-entre-torcida-organizadas\/","og_locale":"en_US","og_type":"article","og_title":"Torcedor \u00e9 estuprado na rua durante briga entre torcida organizadas &#8226; Folha do Leste","og_description":"Torcedor \u00e9 estuprado na rua durante briga entre torcida organizadas. Internautas reagem com revolta a epis\u00f3dios de viol\u00eancia em Recife...","og_url":"https:\/\/folhadoleste.com.br\/en\/torcedor-e-estuprado-na-rua-durante-briga-entre-torcida-organizadas\/","og_site_name":"Folha do Leste","article_publisher":"https:\/\/www.facebook.com\/folhadoleste","article_published_time":"2025-02-02T15:03:48+00:00","article_modified_time":"2025-02-03T13:34:57+00:00","og_image":[{"width":1200,"height":675,"url":"https:\/\/folhadoleste.com.br\/wp-content\/uploads\/2025\/02\/Torcedor-e-estuprado-na-rua-durante-briga-entre-torcida-organizadas-Foto-Cortada-Reproducao-Redes-Sociais.jpeg","type":"image\/jpeg"}],"author":"Folha do Leste","twitter_card":"summary_large_image","twitter_creator":"@FolhadoLesteRJ","twitter_site":"@FolhadoLesteRJ","twitter_misc":{"Written by":"Folha do Leste","Est. reading time":"3 minutes"},"schema":{"@context":"https:\/\/schema.org","@graph":[{"@type":"NewsArticle","@id":"https:\/\/folhadoleste.com.br\/torcedor-e-estuprado-na-rua-durante-briga-entre-torcida-organizadas\/#article","isPartOf":{"@id":"https:\/\/folhadoleste.com.br\/torcedor-e-estuprado-na-rua-durante-briga-entre-torcida-organizadas\/"},"author":{"name":"Folha do Leste","@id":"https:\/\/folhadoleste.com.br\/#\/schema\/person\/3e97145b2e1861276e84471aa85a3899"},"headline":"Torcedor \u00e9 estuprado na rua durante briga entre torcida organizadas","datePublished":"2025-02-02T15:03:48+00:00","dateModified":"2025-02-03T13:34:57+00:00","mainEntityOfPage":{"@id":"https:\/\/folhadoleste.com.br\/torcedor-e-estuprado-na-rua-durante-briga-entre-torcida-organizadas\/"},"wordCount":337,"commentCount":0,"publisher":{"@id":"https:\/\/folhadoleste.com.br\/#organization"},"image":{"@id":"https:\/\/folhadoleste.com.br\/torcedor-e-estuprado-na-rua-durante-briga-entre-torcida-organizadas\/#primaryimage"},"thumbnailUrl":"https:\/\/folhadoleste.com.br\/wp-content\/uploads\/2025\/02\/Torcedor-e-estuprado-na-rua-durante-briga-entre-torcida-organizadas-Foto-Cortada-Reproducao-Redes-Sociais.jpeg","keywords":["abuso sexual","Agress\u00e3o","Arruda","Briga de Torcidas","brutalidade","Campeonato Pernambucano","cl\u00e1ssico","crime","Den\u00fancia","desacordado","Esportes","estupro","ferido","futebol","imagens","Investiga\u00e7\u00e3o","Madalena","organizada","Pernambuco","pol\u00edcia","Recife","Redes sociais","rua","Santa Cruz","Seguran\u00e7a publica","Sport","testemunhas","torcedor","torcida organizada","v\u00eddeo","viol\u00eancia","v\u00edtima","Zona Norte"],"articleSection":["Brasil","Esportes","Futebol"],"inLanguage":"en-US","potentialAction":[{"@type":"CommentAction","name":"Comment","target":["https:\/\/folhadoleste.com.br\/torcedor-e-estuprado-na-rua-durante-briga-entre-torcida-organizadas\/#respond"]}]},{"@type":"WebPage","@id":"https:\/\/folhadoleste.com.br\/torcedor-e-estuprado-na-rua-durante-briga-entre-torcida-organizadas\/","url":"https:\/\/folhadoleste.com.br\/torcedor-e-estuprado-na-rua-durante-briga-entre-torcida-organizadas\/","name":"Torcedor \u00e9 estuprado na rua durante briga entre torcida organizadas &#8226; Folha do Leste","isPartOf":{"@id":"https:\/\/folhadoleste.com.br\/#website"},"primaryImageOfPage":{"@id":"https:\/\/folhadoleste.com.br\/torcedor-e-estuprado-na-rua-durante-briga-entre-torcida-organizadas\/#primaryimage"},"image":{"@id":"https:\/\/folhadoleste.com.br\/torcedor-e-estuprado-na-rua-durante-briga-entre-torcida-organizadas\/#primaryimage"},"thumbnailUrl":"https:\/\/folhadoleste.com.br\/wp-content\/uploads\/2025\/02\/Torcedor-e-estuprado-na-rua-durante-briga-entre-torcida-organizadas-Foto-Cortada-Reproducao-Redes-Sociais.jpeg","datePublished":"2025-02-02T15:03:48+00:00","dateModified":"2025-02-03T13:34:57+00:00","description":"Torcedor \u00e9 estuprado na rua durante briga entre torcida organizadas. Internautas reagem com revolta a epis\u00f3dios de viol\u00eancia em Recife...","breadcrumb":{"@id":"https:\/\/folhadoleste.com.br\/torcedor-e-estuprado-na-rua-durante-briga-entre-torcida-organizadas\/#breadcrumb"},"inLanguage":"en-US","potentialAction":[{"@type":"ReadAction","target":["https:\/\/folhadoleste.com.br\/torcedor-e-estuprado-na-rua-durante-briga-entre-torcida-organizadas\/"]}]},{"@type":"ImageObject","inLanguage":"en-US","@id":"https:\/\/folhadoleste.com.br\/torcedor-e-estuprado-na-rua-durante-briga-entre-torcida-organizadas\/#primaryimage","url":"https:\/\/folhadoleste.com.br\/wp-content\/uploads\/2025\/02\/Torcedor-e-estuprado-na-rua-durante-briga-entre-torcida-organizadas-Foto-Cortada-Reproducao-Redes-Sociais.jpeg","contentUrl":"https:\/\/folhadoleste.com.br\/wp-content\/uploads\/2025\/02\/Torcedor-e-estuprado-na-rua-durante-briga-entre-torcida-organizadas-Foto-Cortada-Reproducao-Redes-Sociais.jpeg","width":1200,"height":675,"caption":"Torcedor \u00e9 estuprado na rua durante briga entre torcida organizadas | Reprodu\u00e7\u00e3o\/Redes Sociais"},{"@type":"BreadcrumbList","@id":"https:\/\/folhadoleste.com.br\/torcedor-e-estuprado-na-rua-durante-briga-entre-torcida-organizadas\/#breadcrumb","itemListElement":[{"@type":"ListItem","position":1,"name":"In\u00edcio","item":"https:\/\/folhadoleste.com.br\/"},{"@type":"ListItem","position":2,"name":"Esportes","item":"https:\/\/folhadoleste.com.br\/category\/esportes\/"},{"@type":"ListItem","position":3,"name":"Futebol","item":"https:\/\/folhadoleste.com.br\/category\/esportes\/futebol-esportes\/"},{"@type":"ListItem","position":4,"name":"Torcedor \u00e9 estuprado na rua durante briga entre torcida organizadas"}]},{"@type":"WebSite","@id":"https:\/\/folhadoleste.com.br\/#website","url":"https:\/\/folhadoleste.com.br\/","name":"Folha do Leste","description":"Portal de Not\u00edcias com \u00eanfase em Niter\u00f3i, criando conte\u00fados desde a capital Rio de Janeiro, com olhar para o Leste Fluminense e suas cidades como S\u00e3o Gon\u00e7alo, Itabora\u00ed, Rio Bonito, Maric\u00e1, Saquarema e Araruama","publisher":{"@id":"https:\/\/folhadoleste.com.br\/#organization"},"alternateName":"FL","potentialAction":[{"@type":"SearchAction","target":{"@type":"EntryPoint","urlTemplate":"https:\/\/folhadoleste.com.br\/?s={search_term_string}"},"query-input":{"@type":"PropertyValueSpecification","valueRequired":true,"valueName":"search_term_string"}}],"inLanguage":"en-US"},{"@type":"Organization","@id":"https:\/\/folhadoleste.com.br\/#organization","name":"Brasil 21 Comunica\u00e7\u00e3o","alternateName":"BR21","url":"https:\/\/folhadoleste.com.br\/","logo":{"@type":"ImageObject","inLanguage":"en-US","@id":"https:\/\/folhadoleste.com.br\/#\/schema\/logo\/image\/","url":"https:\/\/folhadoleste.com.br\/wp-content\/uploads\/2025\/12\/brasil-21-logomarca.avif","contentUrl":"https:\/\/folhadoleste.com.br\/wp-content\/uploads\/2025\/12\/brasil-21-logomarca.avif","width":1044,"height":1044,"caption":"Brasil 21 Comunica\u00e7\u00e3o"},"image":{"@id":"https:\/\/folhadoleste.com.br\/#\/schema\/logo\/image\/"},"sameAs":["https:\/\/www.facebook.com\/folhadoleste","https:\/\/x.com\/FolhadoLesteRJ","https:\/\/www.instagram.com\/folhadoleste\/"]},{"@type":"Person","@id":"https:\/\/folhadoleste.com.br\/#\/schema\/person\/3e97145b2e1861276e84471aa85a3899","name":"Folha do Leste","image":{"@type":"ImageObject","inLanguage":"en-US","@id":"https:\/\/folhadoleste.com.br\/wp-content\/litespeed\/avatar\/1ca8c218432e7045e748610eb3db0259.jpg?ver=1777161142","url":"https:\/\/folhadoleste.com.br\/wp-content\/litespeed\/avatar\/1ca8c218432e7045e748610eb3db0259.jpg?ver=1777161142","contentUrl":"https:\/\/folhadoleste.com.br\/wp-content\/litespeed\/avatar\/1ca8c218432e7045e748610eb3db0259.jpg?ver=1777161142","caption":"Folha do Leste"},"url":"https:\/\/folhadoleste.com.br\/en\/author\/reportagem-01\/"}]}},"_links":{"self":[{"href":"https:\/\/folhadoleste.com.br\/en\/wp-json\/wp\/v2\/posts\/108135","targetHints":{"allow":["GET"]}}],"collection":[{"href":"https:\/\/folhadoleste.com.br\/en\/wp-json\/wp\/v2\/posts"}],"about":[{"href":"https:\/\/folhadoleste.com.br\/en\/wp-json\/wp\/v2\/types\/post"}],"author":[{"embeddable":true,"href":"https:\/\/folhadoleste.com.br\/en\/wp-json\/wp\/v2\/users\/4"}],"replies":[{"embeddable":true,"href":"https:\/\/folhadoleste.com.br\/en\/wp-json\/wp\/v2\/comments?post=108135"}],"version-history":[{"count":3,"href":"https:\/\/folhadoleste.com.br\/en\/wp-json\/wp\/v2\/posts\/108135\/revisions"}],"predecessor-version":[{"id":108212,"href":"https:\/\/folhadoleste.com.br\/en\/wp-json\/wp\/v2\/posts\/108135\/revisions\/108212"}],"wp:featuredmedia":[{"embeddable":true,"href":"https:\/\/folhadoleste.com.br\/en\/wp-json\/wp\/v2\/media\/108138"}],"wp:attachment":[{"href":"https:\/\/folhadoleste.com.br\/en\/wp-json\/wp\/v2\/media?parent=108135"}],"wp:term":[{"taxonomy":"category","embeddable":true,"href":"https:\/\/folhadoleste.com.br\/en\/wp-json\/wp\/v2\/categories?post=108135"},{"taxonomy":"post_tag","embeddable":true,"href":"https:\/\/folhadoleste.com.br\/en\/wp-json\/wp\/v2\/tags?post=108135"}],"curies":[{"name":"wp","href":"https:\/\/api.w.org\/{rel}","templated":true}]}}