{"id":107178,"date":"2025-01-27T19:40:04","date_gmt":"2025-01-27T22:40:04","guid":{"rendered":"https:\/\/folhadoleste.com.br\/?p=107178"},"modified":"2025-01-27T19:40:05","modified_gmt":"2025-01-27T22:40:05","slug":"em-sao-paulo-ministro-da-justica-defende-pec-do-governo-federal-para-a-seguranca-publica","status":"publish","type":"post","link":"https:\/\/folhadoleste.com.br\/en\/em-sao-paulo-ministro-da-justica-defende-pec-do-governo-federal-para-a-seguranca-publica\/","title":{"rendered":"Em S\u00e3o Paulo, Ministro da Justi\u00e7a defende PEC do governo federal para a seguran\u00e7a p\u00fablica"},"content":{"rendered":"<div id=\"attachment_107182\" style=\"width: 1180px\" class=\"wp-caption alignnone\"><a href=\"https:\/\/folhadoleste.com.br\/en\/em-sao-paulo-ministro-da-justica-defende-pec-do-governo-federal-para-a-seguranca-publica\/ricardo-lewandowski-rovena-rosa-agencia-brasil\/\" rel=\"attachment wp-att-107182\"><img decoding=\"async\" aria-describedby=\"caption-attachment-107182\" class=\"size-full wp-image-107182\" src=\"https:\/\/folhadoleste.com.br\/wp-content\/uploads\/2025\/01\/Ricardo-Lewandowski-Rovena-Rosa-Agencia-Brasil.webp\" alt=\"Ministro Lewandowski apresenta PEC da Seguran\u00e7a P\u00fablica com foco em integra\u00e7\u00e3o nacional | Rovena Rosa\/Ag\u00eancia Brasil\" width=\"1170\" height=\"700\" \/><\/a><p id=\"caption-attachment-107182\" class=\"wp-caption-text\">Ministro Lewandowski apresenta PEC da Seguran\u00e7a P\u00fablica com foco em integra\u00e7\u00e3o nacional | Rovena Rosa\/Ag\u00eancia Brasil<\/p><\/div>\n<p style=\"text-align: justify;\">O ministro da Justi\u00e7a e Seguran\u00e7a P\u00fablica, Ricardo Lewandowski, defendeu nesta segunda-feira (27), em S\u00e3o Paulo, a proposta de uma nova Proposta de Emenda Constitucional (PEC) voltada \u00e0 seguran\u00e7a p\u00fablica. O pronunciamento aconteceu na ocasi\u00e3o de um almo\u00e7o-palestra organizado pelo Grupo de L\u00edderes Empresariais (Lide). O texto, desenvolvido pelo Minist\u00e9rio da Justi\u00e7a, ainda precisa ser submetido ao Congresso Nacional para discuss\u00e3o e vota\u00e7\u00e3o.<\/p>\n<blockquote>\n<p style=\"text-align: justify;\">\u201cPropus ao senhor Presidente da Rep\u00fablica\u00a0 que n\u00f3s oferec\u00eassemos ao Congresso Nacional uma PEC que chamasse para o colo do governo federal uma responsabilidade que constitucionalmente ele n\u00e3o tinha originalmente&#8221;, .<\/p>\n<\/blockquote>\n<p style=\"text-align: justify;\">Segundo Lewandowski, o principal objetivo da PEC consiste em propor diretrizes nacionais de seguran\u00e7a p\u00fablica. Entretanto, sem interferir na autonomia de estados e munic\u00edpios. Nesse sentido, a proposta busca promover a uni\u00e3o entre as esferas de governo para enfrentar a viol\u00eancia e a criminalidade que desafiam o pa\u00eds.<\/p>\n<blockquote>\n<p style=\"text-align: justify;\">&#8220;O modelo que n\u00f3s temos hoje, de fazer com que a responsabilidade recaia totalmente sobre os ombros dos governadores &#8211; que comandam as suas pol\u00edcias civis e militares &#8211; e tamb\u00e9m aos prefeitos &#8211; que t\u00eam as suas guardas municipais &#8211; \u00e9 insuficiente\u201d, esclareceu o ministro.<\/p>\n<\/blockquote>\n<h5 style=\"text-align: center;\"><span style=\"color: #000000;\"><span style=\"color: #ff0000;\"><strong>+ <\/strong><\/span><\/span><span style=\"color: #000000;\"><strong><span style=\"color: #ff9900;\">MAIS NOT\u00cdCIAS DO BRASIL?<\/span> <span style=\"color: #008080;\"><a style=\"color: #008080;\" href=\"https:\/\/folhadoleste.com.br\/en\/category\/brasil\/\">CLIQUE AQUI<\/a><\/span><\/strong><\/span><\/h5>\n<p style=\"text-align: justify;\">Para o ministro, o modelo atual, que delega integralmente a responsabilidade sobre seguran\u00e7a p\u00fablica aos estados e munic\u00edpios, tem mostrado falhas evidentes.<\/p>\n<blockquote>\n<p style=\"text-align: justify;\">\u201cInsisto em dizer: tal como est\u00e1, n\u00e3o pode ficar\u201d, ressaltou. \u201cQuem quiser deixar as coisas como est\u00e3o realmente ter\u00e1 que arcar com \u00f4nus da continuidade desse cen\u00e1rio absolutamente aterrorizador\u201d, completou.<\/p>\n<\/blockquote>\n<p style=\"text-align: justify;\">A proposta tamb\u00e9m prev\u00ea que a Uni\u00e3o estabele\u00e7a diretrizes gerais de seguran\u00e7a p\u00fablica e defesa social, preservando a autonomia de estados, munic\u00edpios e Distrito Federal no controle de suas pol\u00edcias. A ideia, segundo Lewandowski, visa fortalecer o combate \u00e0 criminalidade organizada e \u00e0 viol\u00eancia urbana por meio de uma estrat\u00e9gia nacional coordenada.<\/p>\n<p style=\"text-align: justify;\">Al\u00e9m disso, o ministro criticou o atual modelo de financiamento federal. Ele destacou que a simples distribui\u00e7\u00e3o de recursos para compra de equipamentos policiais n\u00e3o resolve os problemas estruturais de seguran\u00e7a p\u00fablica.<\/p>\n<blockquote>\n<p style=\"text-align: justify;\">\u201cN\u00e3o posso ficar distribuindo dinheiro federal para ver se os estados e munic\u00edpios cumprem uma determinada pol\u00edtica federal\u201d, argumentou.<\/p>\n<\/blockquote>\n<p style=\"text-align: justify;\">Lewandowski tamb\u00e9m chamou a aten\u00e7\u00e3o para o aumento da criminalidade em \u00e1reas legais, como licita\u00e7\u00f5es p\u00fablicas, elei\u00e7\u00f5es e distribui\u00e7\u00e3o de combust\u00edveis.<\/p>\n<p style=\"text-align: justify;\">Em contrapartida, para enfrentar esse tipo de crime, ele defendeu o fortalecimento do relacionamento da Uni\u00e3o com os estados e munic\u00edpios. Primordialmente, com o governo federal arcando com a responsabilidade que lhe compete.<\/p>\n<blockquote>\n<p style=\"text-align: justify;\">&#8220;Vamos trabalhar juntos no combate \u00e0 criminalidade, sobretudo \u00e0 criminalidade organizada\u201d, concluiu.<\/p>\n<\/blockquote>\n<h5 style=\"text-align: center;\"><span style=\"color: #000000;\"><span style=\"color: #ff0000;\"><strong>+ <\/strong><\/span><\/span><span style=\"color: #000000;\"><strong><span style=\"color: #ff9900;\">\u00a0NOT\u00cdCIAS DO LESTE FLUMINENSE?<\/span> <span style=\"color: #008080;\"><a style=\"color: #008080;\" href=\"https:\/\/folhadoleste.com.br\/en\/category\/jornal-folha-do-leste-rj\/\">CLIQUE AQUI<\/a><\/span><\/strong><\/span><\/h5>\n<div id=\"attachment_77492\" style=\"width: 410px\" class=\"wp-caption aligncenter\"><a href=\"http:\/\/instagram.com\/folhadoleste\"><img decoding=\"async\" aria-describedby=\"caption-attachment-77492\" class=\"wp-image-77492 size-full\" src=\"https:\/\/folhadoleste.com.br\/wp-content\/uploads\/2024\/07\/Instagram-Folha-do-Leste.png\" alt=\"http:\/\/instagram.com\/folhadoleste\" width=\"400\" height=\"200\" \/><\/a><p id=\"caption-attachment-77492\" class=\"wp-caption-text\">Siga o Folha do Leste no Instagram!<\/p><\/div>\n<div id=\"attachment_77490\" style=\"width: 310px\" class=\"wp-caption aligncenter\"><a href=\"http:\/\/facebook.com\/folhadoleste\"><img decoding=\"async\" aria-describedby=\"caption-attachment-77490\" class=\"size-medium wp-image-77490\" src=\"https:\/\/folhadoleste.com.br\/wp-content\/uploads\/2024\/07\/Facebook-Folha-do-Leste-10k-300x300.jpg\" alt=\"Curta e siga o Folha do Leste no Facebook!\" width=\"300\" height=\"300\" \/><\/a><p id=\"caption-attachment-77490\" class=\"wp-caption-text\">Curta e siga o Folha do Leste no Facebook!<\/p><\/div>","protected":false},"excerpt":{"rendered":"<p>O ministro da Justi\u00e7a e Seguran\u00e7a P\u00fablica, Ricardo Lewandowski, defendeu nesta segunda-feira (27), em S\u00e3o Paulo, a proposta de uma nova Proposta de Emenda Constitucional (PEC) voltada \u00e0 seguran\u00e7a p\u00fablica. O pronunciamento aconteceu na ocasi\u00e3o de um almo\u00e7o-palestra organizado pelo Grupo de L\u00edderes Empresariais (Lide). O texto, desenvolvido pelo Minist\u00e9rio da Justi\u00e7a, ainda precisa ser submetido ao Congresso Nacional para discuss\u00e3o e vota\u00e7\u00e3o. \u201cPropus ao senhor Presidente da Rep\u00fablica\u00a0 que n\u00f3s oferec\u00eassemos ao Congresso Nacional uma PEC que chamasse para o colo do governo federal uma responsabilidade que constitucionalmente ele n\u00e3o tinha originalmente&#8221;, . Segundo Lewandowski, o principal objetivo da [&hellip;]<\/p>\n","protected":false},"author":2,"featured_media":107182,"comment_status":"open","ping_status":"open","sticky":false,"template":"","format":"standard","meta":{"footnotes":""},"categories":[64,288],"tags":[62528,21028,27214,62538,2501,62539,39378,39367,62532,50259,62530,62531,62533,679,62535,62529,48133,47590,35199,62537,62534,852,62540,47591,62541,62536,62526,50068,62527,19608],"class_list":["post-107178","post","type-post","status-publish","format-standard","has-post-thumbnail","hentry","category-brasil","category-justica","tag-autonomia-dos-estados","tag-combate-a-criminalidade","tag-combate-a-violencia","tag-crime-em-areas-legais","tag-crime-organizado","tag-criminalidade-nas-licitacoes","tag-criminalidade-organizada","tag-crise-de-seguranca","tag-diretrizes-federais","tag-distribuicao-de-recursos","tag-faroeste-no-brasil","tag-guerra-civil-brasileira","tag-integracao-entre-governos","tag-ministerio-da-justica","tag-mudancas-na-seguranca-publica","tag-municipios-e-seguranca","tag-pec-da-seguranca-publica","tag-politicas-de-seguranca","tag-politicas-publicas-de-seguranca","tag-projeto-de-emenda-constitucional","tag-propostas-do-governo-federal","tag-ricardo-lewandowski","tag-seguranca-e-defesa-social","tag-seguranca-integrada","tag-seguranca-integrada-no-brasil","tag-seguranca-no-congresso","tag-seguranca-publica-nacional","tag-sistema-penitenciario","tag-uniao-e-estados","tag-violencia-no-brasil","post--single"],"yoast_head":"<!-- This site is optimized with the Yoast SEO plugin v27.4 - https:\/\/yoast.com\/product\/yoast-seo-wordpress\/ -->\n<title>Em S\u00e3o Paulo, Ministro da Justi\u00e7a defende PEC do governo federal para a seguran\u00e7a p\u00fablica &#8226; Folha do Leste<\/title>\n<meta name=\"description\" content=\"Em S\u00e3o Paulo, Ministro da Justi\u00e7a Ricardo Lewandowski, defende PEC do governo federal para a seguran\u00e7a p\u00fablica\" \/>\n<meta name=\"robots\" content=\"index, follow, max-snippet:-1, max-image-preview:large, max-video-preview:-1\" \/>\n<link rel=\"canonical\" href=\"https:\/\/folhadoleste.com.br\/en\/em-sao-paulo-ministro-da-justica-defende-pec-do-governo-federal-para-a-seguranca-publica\/\" \/>\n<meta property=\"og:locale\" content=\"en_US\" \/>\n<meta property=\"og:type\" content=\"article\" \/>\n<meta property=\"og:title\" content=\"Em S\u00e3o Paulo, Ministro da Justi\u00e7a defende PEC do governo federal para a seguran\u00e7a p\u00fablica &#8226; Folha do Leste\" \/>\n<meta property=\"og:description\" content=\"Em S\u00e3o Paulo, Ministro da Justi\u00e7a Ricardo Lewandowski, defende PEC do governo federal para a seguran\u00e7a p\u00fablica\" \/>\n<meta property=\"og:url\" content=\"https:\/\/folhadoleste.com.br\/en\/em-sao-paulo-ministro-da-justica-defende-pec-do-governo-federal-para-a-seguranca-publica\/\" \/>\n<meta property=\"og:site_name\" content=\"Folha do Leste\" \/>\n<meta property=\"article:publisher\" content=\"https:\/\/www.facebook.com\/folhadoleste\" \/>\n<meta property=\"article:author\" content=\"https:\/\/www.facebook.com\/reporter.andrefreitas\/\" \/>\n<meta property=\"article:published_time\" content=\"2025-01-27T22:40:04+00:00\" \/>\n<meta property=\"article:modified_time\" content=\"2025-01-27T22:40:05+00:00\" \/>\n<meta property=\"og:image\" content=\"https:\/\/folhadoleste.com.br\/wp-content\/uploads\/2025\/01\/Ricardo-Lewandowski-Rovena-Rosa-Agencia-Brasil.webp\" \/>\n\t<meta property=\"og:image:width\" content=\"1170\" \/>\n\t<meta property=\"og:image:height\" content=\"700\" \/>\n\t<meta property=\"og:image:type\" content=\"image\/webp\" \/>\n<meta name=\"author\" content=\"Andr\u00e9 Freitas\" \/>\n<meta name=\"twitter:card\" content=\"summary_large_image\" \/>\n<meta name=\"twitter:creator\" content=\"@andrefreitas_fl\" \/>\n<meta name=\"twitter:site\" content=\"@FolhadoLesteRJ\" \/>\n<meta name=\"twitter:label1\" content=\"Written by\" \/>\n\t<meta name=\"twitter:data1\" content=\"Andr\u00e9 Freitas\" \/>\n\t<meta name=\"twitter:label2\" content=\"Est. reading time\" \/>\n\t<meta name=\"twitter:data2\" content=\"3 minutes\" \/>\n<script type=\"application\/ld+json\" class=\"yoast-schema-graph\">{\"@context\":\"https:\\\/\\\/schema.org\",\"@graph\":[{\"@type\":\"NewsArticle\",\"@id\":\"https:\\\/\\\/folhadoleste.com.br\\\/em-sao-paulo-ministro-da-justica-defende-pec-do-governo-federal-para-a-seguranca-publica\\\/#article\",\"isPartOf\":{\"@id\":\"https:\\\/\\\/folhadoleste.com.br\\\/em-sao-paulo-ministro-da-justica-defende-pec-do-governo-federal-para-a-seguranca-publica\\\/\"},\"author\":{\"name\":\"Andr\u00e9 Freitas\",\"@id\":\"https:\\\/\\\/folhadoleste.com.br\\\/#\\\/schema\\\/person\\\/7df02ce7ce01cc6d79b740381f6f5446\"},\"headline\":\"Em S\u00e3o Paulo, Ministro da Justi\u00e7a defende PEC do governo federal para a seguran\u00e7a p\u00fablica\",\"datePublished\":\"2025-01-27T22:40:04+00:00\",\"dateModified\":\"2025-01-27T22:40:05+00:00\",\"mainEntityOfPage\":{\"@id\":\"https:\\\/\\\/folhadoleste.com.br\\\/em-sao-paulo-ministro-da-justica-defende-pec-do-governo-federal-para-a-seguranca-publica\\\/\"},\"wordCount\":550,\"commentCount\":0,\"publisher\":{\"@id\":\"https:\\\/\\\/folhadoleste.com.br\\\/#organization\"},\"image\":{\"@id\":\"https:\\\/\\\/folhadoleste.com.br\\\/em-sao-paulo-ministro-da-justica-defende-pec-do-governo-federal-para-a-seguranca-publica\\\/#primaryimage\"},\"thumbnailUrl\":\"https:\\\/\\\/folhadoleste.com.br\\\/wp-content\\\/uploads\\\/2025\\\/01\\\/Ricardo-Lewandowski-Rovena-Rosa-Agencia-Brasil.webp\",\"keywords\":[\"autonomia dos estados\",\"Combate \u00e0 Criminalidade\",\"Combate \u00e0 Viol\u00eancia\",\"crime em \u00e1reas legais\",\"crime organizado\",\"criminalidade nas licita\u00e7\u00f5es\",\"criminalidade organizada\",\"crise de seguran\u00e7a\",\"diretrizes federais\",\"distribui\u00e7\u00e3o de recursos\",\"faroeste no Brasil\",\"guerra civil brasileira\",\"integra\u00e7\u00e3o entre governos\",\"Ministerio da justi\u00e7a\",\"mudan\u00e7as na seguran\u00e7a p\u00fablica\",\"munic\u00edpios e seguran\u00e7a\",\"PEC da Seguran\u00e7a P\u00fablica\",\"pol\u00edticas de seguran\u00e7a\",\"Pol\u00edticas p\u00fablicas de seguran\u00e7a\",\"projeto de emenda constitucional\",\"propostas do governo federal\",\"Ricardo Lewandowski\",\"seguran\u00e7a e defesa social\",\"seguran\u00e7a integrada\",\"seguran\u00e7a integrada no Brasil\",\"seguran\u00e7a no Congresso\",\"seguran\u00e7a p\u00fablica nacional\",\"sistema penitenci\u00e1rio\",\"Uni\u00e3o e estados\",\"Viol\u00eancia no Brasil\"],\"articleSection\":[\"Brasil\",\"Justi\u00e7a\"],\"inLanguage\":\"en-US\",\"potentialAction\":[{\"@type\":\"CommentAction\",\"name\":\"Comment\",\"target\":[\"https:\\\/\\\/folhadoleste.com.br\\\/em-sao-paulo-ministro-da-justica-defende-pec-do-governo-federal-para-a-seguranca-publica\\\/#respond\"]}]},{\"@type\":\"WebPage\",\"@id\":\"https:\\\/\\\/folhadoleste.com.br\\\/em-sao-paulo-ministro-da-justica-defende-pec-do-governo-federal-para-a-seguranca-publica\\\/\",\"url\":\"https:\\\/\\\/folhadoleste.com.br\\\/em-sao-paulo-ministro-da-justica-defende-pec-do-governo-federal-para-a-seguranca-publica\\\/\",\"name\":\"Em S\u00e3o Paulo, Ministro da Justi\u00e7a defende PEC do governo federal para a seguran\u00e7a p\u00fablica &#8226; Folha do Leste\",\"isPartOf\":{\"@id\":\"https:\\\/\\\/folhadoleste.com.br\\\/#website\"},\"primaryImageOfPage\":{\"@id\":\"https:\\\/\\\/folhadoleste.com.br\\\/em-sao-paulo-ministro-da-justica-defende-pec-do-governo-federal-para-a-seguranca-publica\\\/#primaryimage\"},\"image\":{\"@id\":\"https:\\\/\\\/folhadoleste.com.br\\\/em-sao-paulo-ministro-da-justica-defende-pec-do-governo-federal-para-a-seguranca-publica\\\/#primaryimage\"},\"thumbnailUrl\":\"https:\\\/\\\/folhadoleste.com.br\\\/wp-content\\\/uploads\\\/2025\\\/01\\\/Ricardo-Lewandowski-Rovena-Rosa-Agencia-Brasil.webp\",\"datePublished\":\"2025-01-27T22:40:04+00:00\",\"dateModified\":\"2025-01-27T22:40:05+00:00\",\"description\":\"Em S\u00e3o Paulo, Ministro da Justi\u00e7a Ricardo Lewandowski, defende PEC do governo federal para a seguran\u00e7a p\u00fablica\",\"breadcrumb\":{\"@id\":\"https:\\\/\\\/folhadoleste.com.br\\\/em-sao-paulo-ministro-da-justica-defende-pec-do-governo-federal-para-a-seguranca-publica\\\/#breadcrumb\"},\"inLanguage\":\"en-US\",\"potentialAction\":[{\"@type\":\"ReadAction\",\"target\":[\"https:\\\/\\\/folhadoleste.com.br\\\/em-sao-paulo-ministro-da-justica-defende-pec-do-governo-federal-para-a-seguranca-publica\\\/\"]}]},{\"@type\":\"ImageObject\",\"inLanguage\":\"en-US\",\"@id\":\"https:\\\/\\\/folhadoleste.com.br\\\/em-sao-paulo-ministro-da-justica-defende-pec-do-governo-federal-para-a-seguranca-publica\\\/#primaryimage\",\"url\":\"https:\\\/\\\/folhadoleste.com.br\\\/wp-content\\\/uploads\\\/2025\\\/01\\\/Ricardo-Lewandowski-Rovena-Rosa-Agencia-Brasil.webp\",\"contentUrl\":\"https:\\\/\\\/folhadoleste.com.br\\\/wp-content\\\/uploads\\\/2025\\\/01\\\/Ricardo-Lewandowski-Rovena-Rosa-Agencia-Brasil.webp\",\"width\":1170,\"height\":700,\"caption\":\"Ministro Lewandowski apresenta PEC da Seguran\u00e7a P\u00fablica com foco em integra\u00e7\u00e3o nacional | Rovena Rosa\\\/Ag\u00eancia Brasil\"},{\"@type\":\"BreadcrumbList\",\"@id\":\"https:\\\/\\\/folhadoleste.com.br\\\/em-sao-paulo-ministro-da-justica-defende-pec-do-governo-federal-para-a-seguranca-publica\\\/#breadcrumb\",\"itemListElement\":[{\"@type\":\"ListItem\",\"position\":1,\"name\":\"In\u00edcio\",\"item\":\"https:\\\/\\\/folhadoleste.com.br\\\/\"},{\"@type\":\"ListItem\",\"position\":2,\"name\":\"Brasil\",\"item\":\"https:\\\/\\\/folhadoleste.com.br\\\/category\\\/brasil\\\/\"},{\"@type\":\"ListItem\",\"position\":3,\"name\":\"Em S\u00e3o Paulo, Ministro da Justi\u00e7a defende PEC do governo federal para a seguran\u00e7a p\u00fablica\"}]},{\"@type\":\"WebSite\",\"@id\":\"https:\\\/\\\/folhadoleste.com.br\\\/#website\",\"url\":\"https:\\\/\\\/folhadoleste.com.br\\\/\",\"name\":\"Folha do Leste\",\"description\":\"Portal de Not\u00edcias com \u00eanfase em Niter\u00f3i, criando conte\u00fados desde a capital Rio de Janeiro, com olhar para o Leste Fluminense e suas cidades como S\u00e3o Gon\u00e7alo, Itabora\u00ed, Rio Bonito, Maric\u00e1, Saquarema e Araruama\",\"publisher\":{\"@id\":\"https:\\\/\\\/folhadoleste.com.br\\\/#organization\"},\"alternateName\":\"FL\",\"potentialAction\":[{\"@type\":\"SearchAction\",\"target\":{\"@type\":\"EntryPoint\",\"urlTemplate\":\"https:\\\/\\\/folhadoleste.com.br\\\/?s={search_term_string}\"},\"query-input\":{\"@type\":\"PropertyValueSpecification\",\"valueRequired\":true,\"valueName\":\"search_term_string\"}}],\"inLanguage\":\"en-US\"},{\"@type\":\"Organization\",\"@id\":\"https:\\\/\\\/folhadoleste.com.br\\\/#organization\",\"name\":\"Brasil 21 Comunica\u00e7\u00e3o\",\"alternateName\":\"BR21\",\"url\":\"https:\\\/\\\/folhadoleste.com.br\\\/\",\"logo\":{\"@type\":\"ImageObject\",\"inLanguage\":\"en-US\",\"@id\":\"https:\\\/\\\/folhadoleste.com.br\\\/#\\\/schema\\\/logo\\\/image\\\/\",\"url\":\"https:\\\/\\\/folhadoleste.com.br\\\/wp-content\\\/uploads\\\/2025\\\/12\\\/brasil-21-logomarca.avif\",\"contentUrl\":\"https:\\\/\\\/folhadoleste.com.br\\\/wp-content\\\/uploads\\\/2025\\\/12\\\/brasil-21-logomarca.avif\",\"width\":1044,\"height\":1044,\"caption\":\"Brasil 21 Comunica\u00e7\u00e3o\"},\"image\":{\"@id\":\"https:\\\/\\\/folhadoleste.com.br\\\/#\\\/schema\\\/logo\\\/image\\\/\"},\"sameAs\":[\"https:\\\/\\\/www.facebook.com\\\/folhadoleste\",\"https:\\\/\\\/x.com\\\/FolhadoLesteRJ\",\"https:\\\/\\\/www.instagram.com\\\/folhadoleste\\\/\"]},{\"@type\":\"Person\",\"@id\":\"https:\\\/\\\/folhadoleste.com.br\\\/#\\\/schema\\\/person\\\/7df02ce7ce01cc6d79b740381f6f5446\",\"name\":\"Andr\u00e9 Freitas\",\"pronouns\":\"Ele\\\/dele\",\"image\":{\"@type\":\"ImageObject\",\"inLanguage\":\"en-US\",\"@id\":\"https:\\\/\\\/folhadoleste.com.br\\\/wp-content\\\/litespeed\\\/avatar\\\/0357fd225fa38935ec9aabab3531fa5e.jpg?ver=1776694174\",\"url\":\"https:\\\/\\\/folhadoleste.com.br\\\/wp-content\\\/litespeed\\\/avatar\\\/0357fd225fa38935ec9aabab3531fa5e.jpg?ver=1776694174\",\"contentUrl\":\"https:\\\/\\\/folhadoleste.com.br\\\/wp-content\\\/litespeed\\\/avatar\\\/0357fd225fa38935ec9aabab3531fa5e.jpg?ver=1776694174\",\"caption\":\"Andr\u00e9 Freitas\"},\"description\":\"Andr\u00e9 Freitas \u00e9 diretor-executivo e rep\u00f3rter do Folha do Leste e da Brasil 21 Comunica\u00e7\u00e3o. Jornalista e radialista desde a d\u00e9cada de 1990, \u00e9 narrador esportivo e cronista especializado em Carnaval, com 26 coberturas presenciais na Marqu\u00eas de Sapuca\u00ed. Possui ampla experi\u00eancia na cobertura da editoria de pol\u00edtica, em raz\u00e3o de fun\u00e7\u00f5es exercidas nos poderes Legislativo e Executivo, com atua\u00e7\u00e3o nas C\u00e2maras Municipais de Niter\u00f3i, S\u00e3o Gon\u00e7alo e Campos dos Goytacazes, al\u00e9m da Assembleia Legislativa do Estado do Rio de Janeiro (Alerj) e da Prefeitura de Niter\u00f3i. Dirigiu por 15 anos a R\u00e1dio Absoluta, onde apresentou programas noticiosos di\u00e1rios e conduziu coberturas esportivas, incluindo mais de uma d\u00e9cada acompanhando a sele\u00e7\u00e3o brasileira de futebol. Nesse per\u00edodo, esteve presente em duas Copas do Mundo e em uma edi\u00e7\u00e3o dos Jogos Ol\u00edmpicos. Trabalhou tamb\u00e9m nas r\u00e1dios Campos Difusora (Campos\\\/RJ) e Litor\u00e2nea (ES). Exerceu o cargo de editor-chefe nos jornais Olho Vivo (Niter\u00f3i\\\/RJ) e A Tribuna (Niter\u00f3i\\\/RJ), al\u00e9m de atuar como colunista do jornal O Di\u00e1rio (Campos dos Goytacazes\\\/RJ).\",\"sameAs\":[\"https:\\\/\\\/folhadoleste.com.br\",\"https:\\\/\\\/www.facebook.com\\\/reporter.andrefreitas\\\/\",\"https:\\\/\\\/www.instagram.com\\\/andrefreitas.jornalista\\\/\",\"www.linkedin.com\\\/in\\\/andr\u00e9-freitas-jornalista\",\"https:\\\/\\\/x.com\\\/andrefreitas_fl\"],\"url\":\"https:\\\/\\\/folhadoleste.com.br\\\/en\\\/author\\\/andrefreitas\\\/\"}]}<\/script>\n<!-- \/ Yoast SEO plugin. -->","yoast_head_json":{"title":"Em S\u00e3o Paulo, Ministro da Justi\u00e7a defende PEC do governo federal para a seguran\u00e7a p\u00fablica &#8226; Folha do Leste","description":"Em S\u00e3o Paulo, Ministro da Justi\u00e7a Ricardo Lewandowski, defende PEC do governo federal para a seguran\u00e7a p\u00fablica","robots":{"index":"index","follow":"follow","max-snippet":"max-snippet:-1","max-image-preview":"max-image-preview:large","max-video-preview":"max-video-preview:-1"},"canonical":"https:\/\/folhadoleste.com.br\/en\/em-sao-paulo-ministro-da-justica-defende-pec-do-governo-federal-para-a-seguranca-publica\/","og_locale":"en_US","og_type":"article","og_title":"Em S\u00e3o Paulo, Ministro da Justi\u00e7a defende PEC do governo federal para a seguran\u00e7a p\u00fablica &#8226; Folha do Leste","og_description":"Em S\u00e3o Paulo, Ministro da Justi\u00e7a Ricardo Lewandowski, defende PEC do governo federal para a seguran\u00e7a p\u00fablica","og_url":"https:\/\/folhadoleste.com.br\/en\/em-sao-paulo-ministro-da-justica-defende-pec-do-governo-federal-para-a-seguranca-publica\/","og_site_name":"Folha do Leste","article_publisher":"https:\/\/www.facebook.com\/folhadoleste","article_author":"https:\/\/www.facebook.com\/reporter.andrefreitas\/","article_published_time":"2025-01-27T22:40:04+00:00","article_modified_time":"2025-01-27T22:40:05+00:00","og_image":[{"width":1170,"height":700,"url":"https:\/\/folhadoleste.com.br\/wp-content\/uploads\/2025\/01\/Ricardo-Lewandowski-Rovena-Rosa-Agencia-Brasil.webp","type":"image\/webp"}],"author":"Andr\u00e9 Freitas","twitter_card":"summary_large_image","twitter_creator":"@andrefreitas_fl","twitter_site":"@FolhadoLesteRJ","twitter_misc":{"Written by":"Andr\u00e9 Freitas","Est. reading time":"3 minutes"},"schema":{"@context":"https:\/\/schema.org","@graph":[{"@type":"NewsArticle","@id":"https:\/\/folhadoleste.com.br\/em-sao-paulo-ministro-da-justica-defende-pec-do-governo-federal-para-a-seguranca-publica\/#article","isPartOf":{"@id":"https:\/\/folhadoleste.com.br\/em-sao-paulo-ministro-da-justica-defende-pec-do-governo-federal-para-a-seguranca-publica\/"},"author":{"name":"Andr\u00e9 Freitas","@id":"https:\/\/folhadoleste.com.br\/#\/schema\/person\/7df02ce7ce01cc6d79b740381f6f5446"},"headline":"Em S\u00e3o Paulo, Ministro da Justi\u00e7a defende PEC do governo federal para a seguran\u00e7a p\u00fablica","datePublished":"2025-01-27T22:40:04+00:00","dateModified":"2025-01-27T22:40:05+00:00","mainEntityOfPage":{"@id":"https:\/\/folhadoleste.com.br\/em-sao-paulo-ministro-da-justica-defende-pec-do-governo-federal-para-a-seguranca-publica\/"},"wordCount":550,"commentCount":0,"publisher":{"@id":"https:\/\/folhadoleste.com.br\/#organization"},"image":{"@id":"https:\/\/folhadoleste.com.br\/em-sao-paulo-ministro-da-justica-defende-pec-do-governo-federal-para-a-seguranca-publica\/#primaryimage"},"thumbnailUrl":"https:\/\/folhadoleste.com.br\/wp-content\/uploads\/2025\/01\/Ricardo-Lewandowski-Rovena-Rosa-Agencia-Brasil.webp","keywords":["autonomia dos estados","Combate \u00e0 Criminalidade","Combate \u00e0 Viol\u00eancia","crime em \u00e1reas legais","crime organizado","criminalidade nas licita\u00e7\u00f5es","criminalidade organizada","crise de seguran\u00e7a","diretrizes federais","distribui\u00e7\u00e3o de recursos","faroeste no Brasil","guerra civil brasileira","integra\u00e7\u00e3o entre governos","Ministerio da justi\u00e7a","mudan\u00e7as na seguran\u00e7a p\u00fablica","munic\u00edpios e seguran\u00e7a","PEC da Seguran\u00e7a P\u00fablica","pol\u00edticas de seguran\u00e7a","Pol\u00edticas p\u00fablicas de seguran\u00e7a","projeto de emenda constitucional","propostas do governo federal","Ricardo Lewandowski","seguran\u00e7a e defesa social","seguran\u00e7a integrada","seguran\u00e7a integrada no Brasil","seguran\u00e7a no Congresso","seguran\u00e7a p\u00fablica nacional","sistema penitenci\u00e1rio","Uni\u00e3o e estados","Viol\u00eancia no Brasil"],"articleSection":["Brasil","Justi\u00e7a"],"inLanguage":"en-US","potentialAction":[{"@type":"CommentAction","name":"Comment","target":["https:\/\/folhadoleste.com.br\/em-sao-paulo-ministro-da-justica-defende-pec-do-governo-federal-para-a-seguranca-publica\/#respond"]}]},{"@type":"WebPage","@id":"https:\/\/folhadoleste.com.br\/em-sao-paulo-ministro-da-justica-defende-pec-do-governo-federal-para-a-seguranca-publica\/","url":"https:\/\/folhadoleste.com.br\/em-sao-paulo-ministro-da-justica-defende-pec-do-governo-federal-para-a-seguranca-publica\/","name":"Em S\u00e3o Paulo, Ministro da Justi\u00e7a defende PEC do governo federal para a seguran\u00e7a p\u00fablica &#8226; Folha do Leste","isPartOf":{"@id":"https:\/\/folhadoleste.com.br\/#website"},"primaryImageOfPage":{"@id":"https:\/\/folhadoleste.com.br\/em-sao-paulo-ministro-da-justica-defende-pec-do-governo-federal-para-a-seguranca-publica\/#primaryimage"},"image":{"@id":"https:\/\/folhadoleste.com.br\/em-sao-paulo-ministro-da-justica-defende-pec-do-governo-federal-para-a-seguranca-publica\/#primaryimage"},"thumbnailUrl":"https:\/\/folhadoleste.com.br\/wp-content\/uploads\/2025\/01\/Ricardo-Lewandowski-Rovena-Rosa-Agencia-Brasil.webp","datePublished":"2025-01-27T22:40:04+00:00","dateModified":"2025-01-27T22:40:05+00:00","description":"Em S\u00e3o Paulo, Ministro da Justi\u00e7a Ricardo Lewandowski, defende PEC do governo federal para a seguran\u00e7a p\u00fablica","breadcrumb":{"@id":"https:\/\/folhadoleste.com.br\/em-sao-paulo-ministro-da-justica-defende-pec-do-governo-federal-para-a-seguranca-publica\/#breadcrumb"},"inLanguage":"en-US","potentialAction":[{"@type":"ReadAction","target":["https:\/\/folhadoleste.com.br\/em-sao-paulo-ministro-da-justica-defende-pec-do-governo-federal-para-a-seguranca-publica\/"]}]},{"@type":"ImageObject","inLanguage":"en-US","@id":"https:\/\/folhadoleste.com.br\/em-sao-paulo-ministro-da-justica-defende-pec-do-governo-federal-para-a-seguranca-publica\/#primaryimage","url":"https:\/\/folhadoleste.com.br\/wp-content\/uploads\/2025\/01\/Ricardo-Lewandowski-Rovena-Rosa-Agencia-Brasil.webp","contentUrl":"https:\/\/folhadoleste.com.br\/wp-content\/uploads\/2025\/01\/Ricardo-Lewandowski-Rovena-Rosa-Agencia-Brasil.webp","width":1170,"height":700,"caption":"Ministro Lewandowski apresenta PEC da Seguran\u00e7a P\u00fablica com foco em integra\u00e7\u00e3o nacional | Rovena Rosa\/Ag\u00eancia Brasil"},{"@type":"BreadcrumbList","@id":"https:\/\/folhadoleste.com.br\/em-sao-paulo-ministro-da-justica-defende-pec-do-governo-federal-para-a-seguranca-publica\/#breadcrumb","itemListElement":[{"@type":"ListItem","position":1,"name":"In\u00edcio","item":"https:\/\/folhadoleste.com.br\/"},{"@type":"ListItem","position":2,"name":"Brasil","item":"https:\/\/folhadoleste.com.br\/category\/brasil\/"},{"@type":"ListItem","position":3,"name":"Em S\u00e3o Paulo, Ministro da Justi\u00e7a defende PEC do governo federal para a seguran\u00e7a p\u00fablica"}]},{"@type":"WebSite","@id":"https:\/\/folhadoleste.com.br\/#website","url":"https:\/\/folhadoleste.com.br\/","name":"Folha do Leste","description":"Portal de Not\u00edcias com \u00eanfase em Niter\u00f3i, criando conte\u00fados desde a capital Rio de Janeiro, com olhar para o Leste Fluminense e suas cidades como S\u00e3o Gon\u00e7alo, Itabora\u00ed, Rio Bonito, Maric\u00e1, Saquarema e Araruama","publisher":{"@id":"https:\/\/folhadoleste.com.br\/#organization"},"alternateName":"FL","potentialAction":[{"@type":"SearchAction","target":{"@type":"EntryPoint","urlTemplate":"https:\/\/folhadoleste.com.br\/?s={search_term_string}"},"query-input":{"@type":"PropertyValueSpecification","valueRequired":true,"valueName":"search_term_string"}}],"inLanguage":"en-US"},{"@type":"Organization","@id":"https:\/\/folhadoleste.com.br\/#organization","name":"Brasil 21 Comunica\u00e7\u00e3o","alternateName":"BR21","url":"https:\/\/folhadoleste.com.br\/","logo":{"@type":"ImageObject","inLanguage":"en-US","@id":"https:\/\/folhadoleste.com.br\/#\/schema\/logo\/image\/","url":"https:\/\/folhadoleste.com.br\/wp-content\/uploads\/2025\/12\/brasil-21-logomarca.avif","contentUrl":"https:\/\/folhadoleste.com.br\/wp-content\/uploads\/2025\/12\/brasil-21-logomarca.avif","width":1044,"height":1044,"caption":"Brasil 21 Comunica\u00e7\u00e3o"},"image":{"@id":"https:\/\/folhadoleste.com.br\/#\/schema\/logo\/image\/"},"sameAs":["https:\/\/www.facebook.com\/folhadoleste","https:\/\/x.com\/FolhadoLesteRJ","https:\/\/www.instagram.com\/folhadoleste\/"]},{"@type":"Person","@id":"https:\/\/folhadoleste.com.br\/#\/schema\/person\/7df02ce7ce01cc6d79b740381f6f5446","name":"Andr\u00e9 Freitas","pronouns":"Ele\/dele","image":{"@type":"ImageObject","inLanguage":"en-US","@id":"https:\/\/folhadoleste.com.br\/wp-content\/litespeed\/avatar\/0357fd225fa38935ec9aabab3531fa5e.jpg?ver=1776694174","url":"https:\/\/folhadoleste.com.br\/wp-content\/litespeed\/avatar\/0357fd225fa38935ec9aabab3531fa5e.jpg?ver=1776694174","contentUrl":"https:\/\/folhadoleste.com.br\/wp-content\/litespeed\/avatar\/0357fd225fa38935ec9aabab3531fa5e.jpg?ver=1776694174","caption":"Andr\u00e9 Freitas"},"description":"Andr\u00e9 Freitas \u00e9 diretor-executivo e rep\u00f3rter do Folha do Leste e da Brasil 21 Comunica\u00e7\u00e3o. Jornalista e radialista desde a d\u00e9cada de 1990, \u00e9 narrador esportivo e cronista especializado em Carnaval, com 26 coberturas presenciais na Marqu\u00eas de Sapuca\u00ed. Possui ampla experi\u00eancia na cobertura da editoria de pol\u00edtica, em raz\u00e3o de fun\u00e7\u00f5es exercidas nos poderes Legislativo e Executivo, com atua\u00e7\u00e3o nas C\u00e2maras Municipais de Niter\u00f3i, S\u00e3o Gon\u00e7alo e Campos dos Goytacazes, al\u00e9m da Assembleia Legislativa do Estado do Rio de Janeiro (Alerj) e da Prefeitura de Niter\u00f3i. Dirigiu por 15 anos a R\u00e1dio Absoluta, onde apresentou programas noticiosos di\u00e1rios e conduziu coberturas esportivas, incluindo mais de uma d\u00e9cada acompanhando a sele\u00e7\u00e3o brasileira de futebol. Nesse per\u00edodo, esteve presente em duas Copas do Mundo e em uma edi\u00e7\u00e3o dos Jogos Ol\u00edmpicos. Trabalhou tamb\u00e9m nas r\u00e1dios Campos Difusora (Campos\/RJ) e Litor\u00e2nea (ES). Exerceu o cargo de editor-chefe nos jornais Olho Vivo (Niter\u00f3i\/RJ) e A Tribuna (Niter\u00f3i\/RJ), al\u00e9m de atuar como colunista do jornal O Di\u00e1rio (Campos dos Goytacazes\/RJ).","sameAs":["https:\/\/folhadoleste.com.br","https:\/\/www.facebook.com\/reporter.andrefreitas\/","https:\/\/www.instagram.com\/andrefreitas.jornalista\/","www.linkedin.com\/in\/andr\u00e9-freitas-jornalista","https:\/\/x.com\/andrefreitas_fl"],"url":"https:\/\/folhadoleste.com.br\/en\/author\/andrefreitas\/"}]}},"_links":{"self":[{"href":"https:\/\/folhadoleste.com.br\/en\/wp-json\/wp\/v2\/posts\/107178","targetHints":{"allow":["GET"]}}],"collection":[{"href":"https:\/\/folhadoleste.com.br\/en\/wp-json\/wp\/v2\/posts"}],"about":[{"href":"https:\/\/folhadoleste.com.br\/en\/wp-json\/wp\/v2\/types\/post"}],"author":[{"embeddable":true,"href":"https:\/\/folhadoleste.com.br\/en\/wp-json\/wp\/v2\/users\/2"}],"replies":[{"embeddable":true,"href":"https:\/\/folhadoleste.com.br\/en\/wp-json\/wp\/v2\/comments?post=107178"}],"version-history":[{"count":2,"href":"https:\/\/folhadoleste.com.br\/en\/wp-json\/wp\/v2\/posts\/107178\/revisions"}],"predecessor-version":[{"id":107184,"href":"https:\/\/folhadoleste.com.br\/en\/wp-json\/wp\/v2\/posts\/107178\/revisions\/107184"}],"wp:featuredmedia":[{"embeddable":true,"href":"https:\/\/folhadoleste.com.br\/en\/wp-json\/wp\/v2\/media\/107182"}],"wp:attachment":[{"href":"https:\/\/folhadoleste.com.br\/en\/wp-json\/wp\/v2\/media?parent=107178"}],"wp:term":[{"taxonomy":"category","embeddable":true,"href":"https:\/\/folhadoleste.com.br\/en\/wp-json\/wp\/v2\/categories?post=107178"},{"taxonomy":"post_tag","embeddable":true,"href":"https:\/\/folhadoleste.com.br\/en\/wp-json\/wp\/v2\/tags?post=107178"}],"curies":[{"name":"wp","href":"https:\/\/api.w.org\/{rel}","templated":true}]}}