{"id":105775,"date":"2025-01-14T19:39:14","date_gmt":"2025-01-14T22:39:14","guid":{"rendered":"https:\/\/folhadoleste.com.br\/?p=105775"},"modified":"2025-01-14T19:39:14","modified_gmt":"2025-01-14T22:39:14","slug":"campeao-da-libertadores-pelo-botafogo-entra-na-mira-de-clube-da-serie-a","status":"publish","type":"post","link":"https:\/\/folhadoleste.com.br\/en\/campeao-da-libertadores-pelo-botafogo-entra-na-mira-de-clube-da-serie-a\/","title":{"rendered":"Campe\u00e3o da Libertadores pelo Botafogo entra na mira de clube da S\u00e9rie A"},"content":{"rendered":"<div id=\"attachment_105777\" style=\"width: 1210px\" class=\"wp-caption aligncenter\"><img decoding=\"async\" aria-describedby=\"caption-attachment-105777\" class=\"size-full wp-image-105777\" src=\"https:\/\/folhadoleste.com.br\/wp-content\/uploads\/2025\/01\/Campeao-da-Libertadores-pelo-Botafogo-entra-na-mira-de-clube-da-Serie-A-Foto-Vitor-Silva-Botafogo.jpg\" alt=\"Campe\u00e3o da Libertadores pelo Botafogo entra na mira de clube da S\u00e9rie A\" width=\"1200\" height=\"1920\" \/><p id=\"caption-attachment-105777\" class=\"wp-caption-text\">Campe\u00e3o da Libertadores pelo Botafogo entra na mira de clube da S\u00e9rie A | Vitor Silva\/Botafogo<\/p><\/div>\n<p style=\"text-align: justify;\"><span>\u00d3scar Romero, de 32 anos, pode ser o novo refor\u00e7o do Sport para a temporada de 2025. O clube pernambucano fez uma sondagem pelo atleta, que est\u00e1 sem contrato desde sua sa\u00edda do Botafogo em dezembro do ano passado. As negocia\u00e7\u00f5es est\u00e3o em andamento, mas ainda n\u00e3o h\u00e1 confirma\u00e7\u00e3o sobre o acerto entre as partes.<\/span><\/p>\n<h6><span style=\"color: #ff0000;\"><strong>+<\/strong><\/span> <span style=\"color: #000000;\">LEIA TAMB\u00c9M: <\/span><strong>\u25ba<a href=\"https:\/\/folhadoleste.com.br\/en\/botafogo-jogadores-retornam-aos-treinos-apos-tensao-por-premiacoes-video\/\">Botafogo: Jogadores retornam aos treinos ap\u00f3s tens\u00e3o por premia\u00e7\u00f5es \u2013 V\u00eddeo<\/a><\/strong><\/h6>\n<p style=\"text-align: justify;\"><span>Romero, que teve uma passagem destacada pelo Botafogo, ainda n\u00e3o define seu futuro. Al\u00e9m do Sport, o jogador paraguaio est\u00e1 sendo monitorado por outros clubes. O Junior Barranquilla, da Col\u00f4mbia, e o Johor Darul, da Mal\u00e1sia, tamb\u00e9m demonstraram interesse em contar com seus servi\u00e7os para 2025.<\/span><\/p>\n<h4 style=\"text-align: justify;\"><strong><span>Carreira e conquistas no Brasil<\/span><\/strong><\/h4>\n<p style=\"text-align: justify;\"><span>No \u00faltimo ano, \u00d3scar Romero conquistou t\u00edtulos importantes pelo Botafogo, incluindo a Libertadores e o Campeonato Brasileiro. Em 2024, o meia atuosa em 27 partidas, registrando um gol e cinco assist\u00eancias. <\/span><\/p>\n<h5 style=\"text-align: center;\"><span style=\"color: #000000;\"><span style=\"color: #ff0000;\"><strong>+ <\/strong><\/span><\/span><span style=\"color: #000000;\"><strong><span style=\"color: #ff9900;\">MAIS NOT\u00cdCIAS DE ESPORTES?<\/span> <span style=\"color: #008080;\"><a style=\"color: #008080;\" href=\"https:\/\/folhadoleste.com.br\/en\/category\/esportes\/\">CLIQUE AQUI<\/a><\/span><\/strong><\/span><\/h5>\n<p style=\"text-align: justify;\"><span>Seu desempenho ajudou a consolidar a posi\u00e7\u00e3o do clube carioca entre os principais do futebol brasileiro.<\/span><\/p>\n<h4 style=\"text-align: justify;\"><strong><span>Experi\u00eancia internacional e v\u00ednculo com o futebol brasileiro<\/span><\/strong><\/h4>\n<p style=\"text-align: justify;\"><span>Irm\u00e3o do atacante \u00c1ngel Romero, do Corinthians, \u00d3scar fez sua primeira experi\u00eancia no futebol brasileiro com a camisa do Botafogo. <\/span><\/p>\n<p style=\"text-align: justify;\"><span>Sua carreira inclui passagens por grandes clubes da Am\u00e9rica do Sul e da Europa, como Cerro Porte\u00f1o, Racing, Alav\u00e9s e San Lorenzo. <\/span><\/p>\n<h6><span style=\"color: #ff0000;\"><strong>+<\/strong><\/span> <span style=\"color: #000000;\">LEIA TAMB\u00c9M: <\/span><strong>\u25ba<a href=\"https:\/\/folhadoleste.com.br\/en\/encceja-2024-certificados-ja-estao-disponiveis-para-solicitacao-online\/\">Encceja 2024: Certificados j\u00e1 est\u00e3o dispon\u00edveis para solicita\u00e7\u00e3o online<\/a><\/strong><\/h6>\n<p style=\"text-align: justify;\"><span>Al\u00e9m disso, o jogador tamb\u00e9m teve uma passagem pelo futebol chin\u00eas, o que enriqueceu sua trajet\u00f3ria no exterior.<\/span><\/p>\n<h4 style=\"text-align: justify;\"><strong><span>Poss\u00edvel transfer\u00eancia para o Sport<\/span><\/strong><\/h4>\n<p style=\"text-align: justify;\"><span>A negocia\u00e7\u00e3o com o Sport ainda est\u00e1 em est\u00e1gios iniciais, e o futuro de Romero continua indefinido. O atleta, que possui uma vasta experi\u00eancia no futebol internacional, tem v\u00e1rias op\u00e7\u00f5es de clubes espec\u00edficos. <\/span><\/p>\n<p style=\"text-align: justify;\"><span>No entanto, o Sport surge como uma das possibilidades mais concretas para 2025, embora o desfecho da negocia\u00e7\u00e3o dependa de v\u00e1rios fatores.<\/span><\/p>\n<div id=\"attachment_77492\" class=\"wp-caption aligncenter\"><a href=\"http:\/\/instagram.com\/folhadoleste\"><img decoding=\"async\" class=\"wp-image-77492 size-full\" src=\"https:\/\/folhadoleste.com.br\/wp-content\/uploads\/2024\/07\/Instagram-Folha-do-Leste.png\" alt=\"http:\/\/instagram.com\/folhadoleste\" width=\"400\" height=\"200\" aria-describedby=\"caption-attachment-77492\" \/><\/a><\/div>\n<div id=\"attachment_77490\" class=\"wp-caption aligncenter\"><a href=\"http:\/\/facebook.com\/folhadoleste\"><img decoding=\"async\" class=\"size-medium wp-image-77490\" src=\"https:\/\/folhadoleste.com.br\/wp-content\/uploads\/2024\/07\/Facebook-Folha-do-Leste-10k-300x300.jpg\" alt=\"Curta e siga o Folha do Leste no Facebook!\" width=\"300\" height=\"300\" aria-describedby=\"caption-attachment-77490\" \/><\/a><\/div>","protected":false},"excerpt":{"rendered":"<p>\u00d3scar Romero, de 32 anos, pode ser o novo refor\u00e7o do Sport para a temporada de 2025. O clube pernambucano fez uma sondagem pelo atleta, que est\u00e1 sem contrato desde sua sa\u00edda do Botafogo em dezembro do ano passado. As negocia\u00e7\u00f5es est\u00e3o em andamento, mas ainda n\u00e3o h\u00e1 confirma\u00e7\u00e3o sobre o acerto entre as partes. + LEIA TAMB\u00c9M: \u25baBotafogo: Jogadores retornam aos treinos ap\u00f3s tens\u00e3o por premia\u00e7\u00f5es \u2013 V\u00eddeo Romero, que teve uma passagem destacada pelo Botafogo, ainda n\u00e3o define seu futuro. Al\u00e9m do Sport, o jogador paraguaio est\u00e1 sendo monitorado por outros clubes. O Junior Barranquilla, da Col\u00f4mbia, e [&hellip;]<\/p>\n","protected":false},"author":4,"featured_media":105778,"comment_status":"open","ping_status":"open","sticky":false,"template":"","format":"standard","meta":{"footnotes":""},"categories":[48,65],"tags":[6111,544,99,988,28415,59895,2916,59904,6967,59903,14787,59900,814,8257,59897,105,38692,101,19049,59899,59905,2913,59898,4065,439,16570,5794,15969,59901,694,48464,38022,35336,59896,59902,24394,19902,1532,20188],"class_list":["post-105775","post","type-post","status-publish","format-standard","has-post-thumbnail","hentry","category-esportes","category-futebol-esportes","tag-alex-telles","tag-atletico-mg","tag-botafogo","tag-brasileirao","tag-campeao-da-libertadores","tag-campeao-da-libertadores-2024","tag-campeoes","tag-clubes-da-serie-a","tag-contrato","tag-copa-intercontinental-2024","tag-danilo-barbosa","tag-deixar-o-clube","tag-eduardo","tag-especulacoes","tag-especulacoes-de-transferencia","tag-esportes","tag-fogao","tag-futebol","tag-futebol-brasileiro","tag-futuro-dos-jogadores","tag-futuro-no-futebol","tag-glorioso","tag-interesse-de-outros-clubes","tag-janela-de-transferencias","tag-libertadores","tag-lucas-halter","tag-marcal","tag-mercado-da-bola","tag-nao-sei-se-continuo","tag-negociacoes","tag-noticias-de-futebol","tag-noticias-do-botafogo","tag-pachuca","tag-possivel-saida-de-jogadores","tag-super-mundial-de-clubes-da-fifa-2025","tag-tche-tche","tag-thiago-almada","tag-tiquinho-soares","tag-transferencias","post--single"],"yoast_head":"<!-- This site is optimized with the Yoast SEO plugin v27.4 - https:\/\/yoast.com\/product\/yoast-seo-wordpress\/ -->\n<title>Campe\u00e3o da Libertadores pelo Botafogo entra na mira de clube da S\u00e9rie A &#8226; Folha do Leste<\/title>\n<meta name=\"description\" content=\"Campe\u00e3o da Libertadores pelo Botafogo entra na mira de clube da S\u00e9rie A. Jogador tem experi\u00eancia internacional e passagem pelo futebol...\" \/>\n<meta name=\"robots\" content=\"index, follow, max-snippet:-1, max-image-preview:large, max-video-preview:-1\" \/>\n<link rel=\"canonical\" href=\"https:\/\/folhadoleste.com.br\/en\/campeao-da-libertadores-pelo-botafogo-entra-na-mira-de-clube-da-serie-a\/\" \/>\n<meta property=\"og:locale\" content=\"en_US\" \/>\n<meta property=\"og:type\" content=\"article\" \/>\n<meta property=\"og:title\" content=\"Campe\u00e3o da Libertadores pelo Botafogo entra na mira de clube da S\u00e9rie A &#8226; Folha do Leste\" \/>\n<meta property=\"og:description\" content=\"Campe\u00e3o da Libertadores pelo Botafogo entra na mira de clube da S\u00e9rie A. Jogador tem experi\u00eancia internacional e passagem pelo futebol...\" \/>\n<meta property=\"og:url\" content=\"https:\/\/folhadoleste.com.br\/en\/campeao-da-libertadores-pelo-botafogo-entra-na-mira-de-clube-da-serie-a\/\" \/>\n<meta property=\"og:site_name\" content=\"Folha do Leste\" \/>\n<meta property=\"article:publisher\" content=\"https:\/\/www.facebook.com\/folhadoleste\" \/>\n<meta property=\"article:published_time\" content=\"2025-01-14T22:39:14+00:00\" \/>\n<meta property=\"og:image\" content=\"https:\/\/folhadoleste.com.br\/wp-content\/uploads\/2025\/01\/Campeao-da-Libertadores-pelo-Botafogo-entra-na-mira-de-clube-da-Serie-A-Foto-Cortada-Vitor-Silva-Botafogo.jpg\" \/>\n\t<meta property=\"og:image:width\" content=\"1200\" \/>\n\t<meta property=\"og:image:height\" content=\"675\" \/>\n\t<meta property=\"og:image:type\" content=\"image\/jpeg\" \/>\n<meta name=\"author\" content=\"Folha do Leste\" \/>\n<meta name=\"twitter:card\" content=\"summary_large_image\" \/>\n<meta name=\"twitter:creator\" content=\"@FolhadoLesteRJ\" \/>\n<meta name=\"twitter:site\" content=\"@FolhadoLesteRJ\" \/>\n<meta name=\"twitter:label1\" content=\"Written by\" \/>\n\t<meta name=\"twitter:data1\" content=\"Folha do Leste\" \/>\n\t<meta name=\"twitter:label2\" content=\"Est. reading time\" \/>\n\t<meta name=\"twitter:data2\" content=\"3 minutes\" \/>\n<script type=\"application\/ld+json\" class=\"yoast-schema-graph\">{\"@context\":\"https:\\\/\\\/schema.org\",\"@graph\":[{\"@type\":\"NewsArticle\",\"@id\":\"https:\\\/\\\/folhadoleste.com.br\\\/campeao-da-libertadores-pelo-botafogo-entra-na-mira-de-clube-da-serie-a\\\/#article\",\"isPartOf\":{\"@id\":\"https:\\\/\\\/folhadoleste.com.br\\\/campeao-da-libertadores-pelo-botafogo-entra-na-mira-de-clube-da-serie-a\\\/\"},\"author\":{\"name\":\"Folha do Leste\",\"@id\":\"https:\\\/\\\/folhadoleste.com.br\\\/#\\\/schema\\\/person\\\/3e97145b2e1861276e84471aa85a3899\"},\"headline\":\"Campe\u00e3o da Libertadores pelo Botafogo entra na mira de clube da S\u00e9rie A\",\"datePublished\":\"2025-01-14T22:39:14+00:00\",\"mainEntityOfPage\":{\"@id\":\"https:\\\/\\\/folhadoleste.com.br\\\/campeao-da-libertadores-pelo-botafogo-entra-na-mira-de-clube-da-serie-a\\\/\"},\"wordCount\":389,\"commentCount\":1,\"publisher\":{\"@id\":\"https:\\\/\\\/folhadoleste.com.br\\\/#organization\"},\"image\":{\"@id\":\"https:\\\/\\\/folhadoleste.com.br\\\/campeao-da-libertadores-pelo-botafogo-entra-na-mira-de-clube-da-serie-a\\\/#primaryimage\"},\"thumbnailUrl\":\"https:\\\/\\\/folhadoleste.com.br\\\/wp-content\\\/uploads\\\/2025\\\/01\\\/Campeao-da-Libertadores-pelo-Botafogo-entra-na-mira-de-clube-da-Serie-A-Foto-Cortada-Vitor-Silva-Botafogo.jpg\",\"keywords\":[\"Alex Telles\",\"Atl\u00e9tico (MG)\",\"botafogo\",\"Brasileir\u00e3o\",\"Campe\u00e3o da Libertadores\",\"campe\u00e3o da Libertadores 2024\",\"campe\u00f5es\",\"clubes da S\u00e9rie A\",\"contrato\",\"Copa Intercontinental 2024\",\"Danilo Barbosa\",\"deixar o clube\",\"Eduardo\",\"especula\u00e7\u00f5es\",\"especula\u00e7\u00f5es de transfer\u00eancia\",\"Esportes\",\"fog\u00e3o\",\"futebol\",\"Futebol Brasileiro\",\"futuro dos jogadores\",\"futuro no futebol\",\"glorioso\",\"interesse de outros clubes\",\"Janela de transfer\u00eancias\",\"Libertadores\",\"Lucas Halter\",\"Mar\u00e7al\",\"Mercado da bola\",\"n\u00e3o sei se continuo\",\"Negocia\u00e7\u00f5es\",\"not\u00edcias de futebol\",\"not\u00edcias do Botafogo\",\"Pachuca\",\"poss\u00edvel sa\u00edda de jogadores\",\"Super Mundial de Clubes da FIFA 2025\",\"Tch\u00ea Tch\u00ea\",\"Thiago Almada\",\"Tiquinho Soares\",\"Transfer\u00eancias\"],\"articleSection\":[\"Esportes\",\"Futebol\"],\"inLanguage\":\"en-US\",\"potentialAction\":[{\"@type\":\"CommentAction\",\"name\":\"Comment\",\"target\":[\"https:\\\/\\\/folhadoleste.com.br\\\/campeao-da-libertadores-pelo-botafogo-entra-na-mira-de-clube-da-serie-a\\\/#respond\"]}]},{\"@type\":\"WebPage\",\"@id\":\"https:\\\/\\\/folhadoleste.com.br\\\/campeao-da-libertadores-pelo-botafogo-entra-na-mira-de-clube-da-serie-a\\\/\",\"url\":\"https:\\\/\\\/folhadoleste.com.br\\\/campeao-da-libertadores-pelo-botafogo-entra-na-mira-de-clube-da-serie-a\\\/\",\"name\":\"Campe\u00e3o da Libertadores pelo Botafogo entra na mira de clube da S\u00e9rie A &#8226; Folha do Leste\",\"isPartOf\":{\"@id\":\"https:\\\/\\\/folhadoleste.com.br\\\/#website\"},\"primaryImageOfPage\":{\"@id\":\"https:\\\/\\\/folhadoleste.com.br\\\/campeao-da-libertadores-pelo-botafogo-entra-na-mira-de-clube-da-serie-a\\\/#primaryimage\"},\"image\":{\"@id\":\"https:\\\/\\\/folhadoleste.com.br\\\/campeao-da-libertadores-pelo-botafogo-entra-na-mira-de-clube-da-serie-a\\\/#primaryimage\"},\"thumbnailUrl\":\"https:\\\/\\\/folhadoleste.com.br\\\/wp-content\\\/uploads\\\/2025\\\/01\\\/Campeao-da-Libertadores-pelo-Botafogo-entra-na-mira-de-clube-da-Serie-A-Foto-Cortada-Vitor-Silva-Botafogo.jpg\",\"datePublished\":\"2025-01-14T22:39:14+00:00\",\"description\":\"Campe\u00e3o da Libertadores pelo Botafogo entra na mira de clube da S\u00e9rie A. Jogador tem experi\u00eancia internacional e passagem pelo futebol...\",\"breadcrumb\":{\"@id\":\"https:\\\/\\\/folhadoleste.com.br\\\/campeao-da-libertadores-pelo-botafogo-entra-na-mira-de-clube-da-serie-a\\\/#breadcrumb\"},\"inLanguage\":\"en-US\",\"potentialAction\":[{\"@type\":\"ReadAction\",\"target\":[\"https:\\\/\\\/folhadoleste.com.br\\\/campeao-da-libertadores-pelo-botafogo-entra-na-mira-de-clube-da-serie-a\\\/\"]}]},{\"@type\":\"ImageObject\",\"inLanguage\":\"en-US\",\"@id\":\"https:\\\/\\\/folhadoleste.com.br\\\/campeao-da-libertadores-pelo-botafogo-entra-na-mira-de-clube-da-serie-a\\\/#primaryimage\",\"url\":\"https:\\\/\\\/folhadoleste.com.br\\\/wp-content\\\/uploads\\\/2025\\\/01\\\/Campeao-da-Libertadores-pelo-Botafogo-entra-na-mira-de-clube-da-Serie-A-Foto-Cortada-Vitor-Silva-Botafogo.jpg\",\"contentUrl\":\"https:\\\/\\\/folhadoleste.com.br\\\/wp-content\\\/uploads\\\/2025\\\/01\\\/Campeao-da-Libertadores-pelo-Botafogo-entra-na-mira-de-clube-da-Serie-A-Foto-Cortada-Vitor-Silva-Botafogo.jpg\",\"width\":1200,\"height\":675,\"caption\":\"Campe\u00e3o da Libertadores pelo Botafogo entra na mira de clube da S\u00e9rie A | Vitor Silva\\\/Botafogo\"},{\"@type\":\"BreadcrumbList\",\"@id\":\"https:\\\/\\\/folhadoleste.com.br\\\/campeao-da-libertadores-pelo-botafogo-entra-na-mira-de-clube-da-serie-a\\\/#breadcrumb\",\"itemListElement\":[{\"@type\":\"ListItem\",\"position\":1,\"name\":\"In\u00edcio\",\"item\":\"https:\\\/\\\/folhadoleste.com.br\\\/\"},{\"@type\":\"ListItem\",\"position\":2,\"name\":\"Esportes\",\"item\":\"https:\\\/\\\/folhadoleste.com.br\\\/category\\\/esportes\\\/\"},{\"@type\":\"ListItem\",\"position\":3,\"name\":\"Futebol\",\"item\":\"https:\\\/\\\/folhadoleste.com.br\\\/category\\\/esportes\\\/futebol-esportes\\\/\"},{\"@type\":\"ListItem\",\"position\":4,\"name\":\"Campe\u00e3o da Libertadores pelo Botafogo entra na mira de clube da S\u00e9rie A\"}]},{\"@type\":\"WebSite\",\"@id\":\"https:\\\/\\\/folhadoleste.com.br\\\/#website\",\"url\":\"https:\\\/\\\/folhadoleste.com.br\\\/\",\"name\":\"Folha do Leste\",\"description\":\"Portal de Not\u00edcias com \u00eanfase em Niter\u00f3i, criando conte\u00fados desde a capital Rio de Janeiro, com olhar para o Leste Fluminense e suas cidades como S\u00e3o Gon\u00e7alo, Itabora\u00ed, Rio Bonito, Maric\u00e1, Saquarema e Araruama\",\"publisher\":{\"@id\":\"https:\\\/\\\/folhadoleste.com.br\\\/#organization\"},\"alternateName\":\"FL\",\"potentialAction\":[{\"@type\":\"SearchAction\",\"target\":{\"@type\":\"EntryPoint\",\"urlTemplate\":\"https:\\\/\\\/folhadoleste.com.br\\\/?s={search_term_string}\"},\"query-input\":{\"@type\":\"PropertyValueSpecification\",\"valueRequired\":true,\"valueName\":\"search_term_string\"}}],\"inLanguage\":\"en-US\"},{\"@type\":\"Organization\",\"@id\":\"https:\\\/\\\/folhadoleste.com.br\\\/#organization\",\"name\":\"Brasil 21 Comunica\u00e7\u00e3o\",\"alternateName\":\"BR21\",\"url\":\"https:\\\/\\\/folhadoleste.com.br\\\/\",\"logo\":{\"@type\":\"ImageObject\",\"inLanguage\":\"en-US\",\"@id\":\"https:\\\/\\\/folhadoleste.com.br\\\/#\\\/schema\\\/logo\\\/image\\\/\",\"url\":\"https:\\\/\\\/folhadoleste.com.br\\\/wp-content\\\/uploads\\\/2025\\\/12\\\/brasil-21-logomarca.avif\",\"contentUrl\":\"https:\\\/\\\/folhadoleste.com.br\\\/wp-content\\\/uploads\\\/2025\\\/12\\\/brasil-21-logomarca.avif\",\"width\":1044,\"height\":1044,\"caption\":\"Brasil 21 Comunica\u00e7\u00e3o\"},\"image\":{\"@id\":\"https:\\\/\\\/folhadoleste.com.br\\\/#\\\/schema\\\/logo\\\/image\\\/\"},\"sameAs\":[\"https:\\\/\\\/www.facebook.com\\\/folhadoleste\",\"https:\\\/\\\/x.com\\\/FolhadoLesteRJ\",\"https:\\\/\\\/www.instagram.com\\\/folhadoleste\\\/\"]},{\"@type\":\"Person\",\"@id\":\"https:\\\/\\\/folhadoleste.com.br\\\/#\\\/schema\\\/person\\\/3e97145b2e1861276e84471aa85a3899\",\"name\":\"Folha do Leste\",\"image\":{\"@type\":\"ImageObject\",\"inLanguage\":\"en-US\",\"@id\":\"https:\\\/\\\/folhadoleste.com.br\\\/wp-content\\\/litespeed\\\/avatar\\\/1ca8c218432e7045e748610eb3db0259.jpg?ver=1777161142\",\"url\":\"https:\\\/\\\/folhadoleste.com.br\\\/wp-content\\\/litespeed\\\/avatar\\\/1ca8c218432e7045e748610eb3db0259.jpg?ver=1777161142\",\"contentUrl\":\"https:\\\/\\\/folhadoleste.com.br\\\/wp-content\\\/litespeed\\\/avatar\\\/1ca8c218432e7045e748610eb3db0259.jpg?ver=1777161142\",\"caption\":\"Folha do Leste\"},\"url\":\"https:\\\/\\\/folhadoleste.com.br\\\/en\\\/author\\\/reportagem-01\\\/\"}]}<\/script>\n<!-- \/ Yoast SEO plugin. -->","yoast_head_json":{"title":"Campe\u00e3o da Libertadores pelo Botafogo entra na mira de clube da S\u00e9rie A &#8226; Folha do Leste","description":"Campe\u00e3o da Libertadores pelo Botafogo entra na mira de clube da S\u00e9rie A. Jogador tem experi\u00eancia internacional e passagem pelo futebol...","robots":{"index":"index","follow":"follow","max-snippet":"max-snippet:-1","max-image-preview":"max-image-preview:large","max-video-preview":"max-video-preview:-1"},"canonical":"https:\/\/folhadoleste.com.br\/en\/campeao-da-libertadores-pelo-botafogo-entra-na-mira-de-clube-da-serie-a\/","og_locale":"en_US","og_type":"article","og_title":"Campe\u00e3o da Libertadores pelo Botafogo entra na mira de clube da S\u00e9rie A &#8226; Folha do Leste","og_description":"Campe\u00e3o da Libertadores pelo Botafogo entra na mira de clube da S\u00e9rie A. Jogador tem experi\u00eancia internacional e passagem pelo futebol...","og_url":"https:\/\/folhadoleste.com.br\/en\/campeao-da-libertadores-pelo-botafogo-entra-na-mira-de-clube-da-serie-a\/","og_site_name":"Folha do Leste","article_publisher":"https:\/\/www.facebook.com\/folhadoleste","article_published_time":"2025-01-14T22:39:14+00:00","og_image":[{"width":1200,"height":675,"url":"https:\/\/folhadoleste.com.br\/wp-content\/uploads\/2025\/01\/Campeao-da-Libertadores-pelo-Botafogo-entra-na-mira-de-clube-da-Serie-A-Foto-Cortada-Vitor-Silva-Botafogo.jpg","type":"image\/jpeg"}],"author":"Folha do Leste","twitter_card":"summary_large_image","twitter_creator":"@FolhadoLesteRJ","twitter_site":"@FolhadoLesteRJ","twitter_misc":{"Written by":"Folha do Leste","Est. reading time":"3 minutes"},"schema":{"@context":"https:\/\/schema.org","@graph":[{"@type":"NewsArticle","@id":"https:\/\/folhadoleste.com.br\/campeao-da-libertadores-pelo-botafogo-entra-na-mira-de-clube-da-serie-a\/#article","isPartOf":{"@id":"https:\/\/folhadoleste.com.br\/campeao-da-libertadores-pelo-botafogo-entra-na-mira-de-clube-da-serie-a\/"},"author":{"name":"Folha do Leste","@id":"https:\/\/folhadoleste.com.br\/#\/schema\/person\/3e97145b2e1861276e84471aa85a3899"},"headline":"Campe\u00e3o da Libertadores pelo Botafogo entra na mira de clube da S\u00e9rie A","datePublished":"2025-01-14T22:39:14+00:00","mainEntityOfPage":{"@id":"https:\/\/folhadoleste.com.br\/campeao-da-libertadores-pelo-botafogo-entra-na-mira-de-clube-da-serie-a\/"},"wordCount":389,"commentCount":1,"publisher":{"@id":"https:\/\/folhadoleste.com.br\/#organization"},"image":{"@id":"https:\/\/folhadoleste.com.br\/campeao-da-libertadores-pelo-botafogo-entra-na-mira-de-clube-da-serie-a\/#primaryimage"},"thumbnailUrl":"https:\/\/folhadoleste.com.br\/wp-content\/uploads\/2025\/01\/Campeao-da-Libertadores-pelo-Botafogo-entra-na-mira-de-clube-da-Serie-A-Foto-Cortada-Vitor-Silva-Botafogo.jpg","keywords":["Alex Telles","Atl\u00e9tico (MG)","botafogo","Brasileir\u00e3o","Campe\u00e3o da Libertadores","campe\u00e3o da Libertadores 2024","campe\u00f5es","clubes da S\u00e9rie A","contrato","Copa Intercontinental 2024","Danilo Barbosa","deixar o clube","Eduardo","especula\u00e7\u00f5es","especula\u00e7\u00f5es de transfer\u00eancia","Esportes","fog\u00e3o","futebol","Futebol Brasileiro","futuro dos jogadores","futuro no futebol","glorioso","interesse de outros clubes","Janela de transfer\u00eancias","Libertadores","Lucas Halter","Mar\u00e7al","Mercado da bola","n\u00e3o sei se continuo","Negocia\u00e7\u00f5es","not\u00edcias de futebol","not\u00edcias do Botafogo","Pachuca","poss\u00edvel sa\u00edda de jogadores","Super Mundial de Clubes da FIFA 2025","Tch\u00ea Tch\u00ea","Thiago Almada","Tiquinho Soares","Transfer\u00eancias"],"articleSection":["Esportes","Futebol"],"inLanguage":"en-US","potentialAction":[{"@type":"CommentAction","name":"Comment","target":["https:\/\/folhadoleste.com.br\/campeao-da-libertadores-pelo-botafogo-entra-na-mira-de-clube-da-serie-a\/#respond"]}]},{"@type":"WebPage","@id":"https:\/\/folhadoleste.com.br\/campeao-da-libertadores-pelo-botafogo-entra-na-mira-de-clube-da-serie-a\/","url":"https:\/\/folhadoleste.com.br\/campeao-da-libertadores-pelo-botafogo-entra-na-mira-de-clube-da-serie-a\/","name":"Campe\u00e3o da Libertadores pelo Botafogo entra na mira de clube da S\u00e9rie A &#8226; Folha do Leste","isPartOf":{"@id":"https:\/\/folhadoleste.com.br\/#website"},"primaryImageOfPage":{"@id":"https:\/\/folhadoleste.com.br\/campeao-da-libertadores-pelo-botafogo-entra-na-mira-de-clube-da-serie-a\/#primaryimage"},"image":{"@id":"https:\/\/folhadoleste.com.br\/campeao-da-libertadores-pelo-botafogo-entra-na-mira-de-clube-da-serie-a\/#primaryimage"},"thumbnailUrl":"https:\/\/folhadoleste.com.br\/wp-content\/uploads\/2025\/01\/Campeao-da-Libertadores-pelo-Botafogo-entra-na-mira-de-clube-da-Serie-A-Foto-Cortada-Vitor-Silva-Botafogo.jpg","datePublished":"2025-01-14T22:39:14+00:00","description":"Campe\u00e3o da Libertadores pelo Botafogo entra na mira de clube da S\u00e9rie A. Jogador tem experi\u00eancia internacional e passagem pelo futebol...","breadcrumb":{"@id":"https:\/\/folhadoleste.com.br\/campeao-da-libertadores-pelo-botafogo-entra-na-mira-de-clube-da-serie-a\/#breadcrumb"},"inLanguage":"en-US","potentialAction":[{"@type":"ReadAction","target":["https:\/\/folhadoleste.com.br\/campeao-da-libertadores-pelo-botafogo-entra-na-mira-de-clube-da-serie-a\/"]}]},{"@type":"ImageObject","inLanguage":"en-US","@id":"https:\/\/folhadoleste.com.br\/campeao-da-libertadores-pelo-botafogo-entra-na-mira-de-clube-da-serie-a\/#primaryimage","url":"https:\/\/folhadoleste.com.br\/wp-content\/uploads\/2025\/01\/Campeao-da-Libertadores-pelo-Botafogo-entra-na-mira-de-clube-da-Serie-A-Foto-Cortada-Vitor-Silva-Botafogo.jpg","contentUrl":"https:\/\/folhadoleste.com.br\/wp-content\/uploads\/2025\/01\/Campeao-da-Libertadores-pelo-Botafogo-entra-na-mira-de-clube-da-Serie-A-Foto-Cortada-Vitor-Silva-Botafogo.jpg","width":1200,"height":675,"caption":"Campe\u00e3o da Libertadores pelo Botafogo entra na mira de clube da S\u00e9rie A | Vitor Silva\/Botafogo"},{"@type":"BreadcrumbList","@id":"https:\/\/folhadoleste.com.br\/campeao-da-libertadores-pelo-botafogo-entra-na-mira-de-clube-da-serie-a\/#breadcrumb","itemListElement":[{"@type":"ListItem","position":1,"name":"In\u00edcio","item":"https:\/\/folhadoleste.com.br\/"},{"@type":"ListItem","position":2,"name":"Esportes","item":"https:\/\/folhadoleste.com.br\/category\/esportes\/"},{"@type":"ListItem","position":3,"name":"Futebol","item":"https:\/\/folhadoleste.com.br\/category\/esportes\/futebol-esportes\/"},{"@type":"ListItem","position":4,"name":"Campe\u00e3o da Libertadores pelo Botafogo entra na mira de clube da S\u00e9rie A"}]},{"@type":"WebSite","@id":"https:\/\/folhadoleste.com.br\/#website","url":"https:\/\/folhadoleste.com.br\/","name":"Folha do Leste","description":"Portal de Not\u00edcias com \u00eanfase em Niter\u00f3i, criando conte\u00fados desde a capital Rio de Janeiro, com olhar para o Leste Fluminense e suas cidades como S\u00e3o Gon\u00e7alo, Itabora\u00ed, Rio Bonito, Maric\u00e1, Saquarema e Araruama","publisher":{"@id":"https:\/\/folhadoleste.com.br\/#organization"},"alternateName":"FL","potentialAction":[{"@type":"SearchAction","target":{"@type":"EntryPoint","urlTemplate":"https:\/\/folhadoleste.com.br\/?s={search_term_string}"},"query-input":{"@type":"PropertyValueSpecification","valueRequired":true,"valueName":"search_term_string"}}],"inLanguage":"en-US"},{"@type":"Organization","@id":"https:\/\/folhadoleste.com.br\/#organization","name":"Brasil 21 Comunica\u00e7\u00e3o","alternateName":"BR21","url":"https:\/\/folhadoleste.com.br\/","logo":{"@type":"ImageObject","inLanguage":"en-US","@id":"https:\/\/folhadoleste.com.br\/#\/schema\/logo\/image\/","url":"https:\/\/folhadoleste.com.br\/wp-content\/uploads\/2025\/12\/brasil-21-logomarca.avif","contentUrl":"https:\/\/folhadoleste.com.br\/wp-content\/uploads\/2025\/12\/brasil-21-logomarca.avif","width":1044,"height":1044,"caption":"Brasil 21 Comunica\u00e7\u00e3o"},"image":{"@id":"https:\/\/folhadoleste.com.br\/#\/schema\/logo\/image\/"},"sameAs":["https:\/\/www.facebook.com\/folhadoleste","https:\/\/x.com\/FolhadoLesteRJ","https:\/\/www.instagram.com\/folhadoleste\/"]},{"@type":"Person","@id":"https:\/\/folhadoleste.com.br\/#\/schema\/person\/3e97145b2e1861276e84471aa85a3899","name":"Folha do Leste","image":{"@type":"ImageObject","inLanguage":"en-US","@id":"https:\/\/folhadoleste.com.br\/wp-content\/litespeed\/avatar\/1ca8c218432e7045e748610eb3db0259.jpg?ver=1777161142","url":"https:\/\/folhadoleste.com.br\/wp-content\/litespeed\/avatar\/1ca8c218432e7045e748610eb3db0259.jpg?ver=1777161142","contentUrl":"https:\/\/folhadoleste.com.br\/wp-content\/litespeed\/avatar\/1ca8c218432e7045e748610eb3db0259.jpg?ver=1777161142","caption":"Folha do Leste"},"url":"https:\/\/folhadoleste.com.br\/en\/author\/reportagem-01\/"}]}},"_links":{"self":[{"href":"https:\/\/folhadoleste.com.br\/en\/wp-json\/wp\/v2\/posts\/105775","targetHints":{"allow":["GET"]}}],"collection":[{"href":"https:\/\/folhadoleste.com.br\/en\/wp-json\/wp\/v2\/posts"}],"about":[{"href":"https:\/\/folhadoleste.com.br\/en\/wp-json\/wp\/v2\/types\/post"}],"author":[{"embeddable":true,"href":"https:\/\/folhadoleste.com.br\/en\/wp-json\/wp\/v2\/users\/4"}],"replies":[{"embeddable":true,"href":"https:\/\/folhadoleste.com.br\/en\/wp-json\/wp\/v2\/comments?post=105775"}],"version-history":[{"count":1,"href":"https:\/\/folhadoleste.com.br\/en\/wp-json\/wp\/v2\/posts\/105775\/revisions"}],"predecessor-version":[{"id":105779,"href":"https:\/\/folhadoleste.com.br\/en\/wp-json\/wp\/v2\/posts\/105775\/revisions\/105779"}],"wp:featuredmedia":[{"embeddable":true,"href":"https:\/\/folhadoleste.com.br\/en\/wp-json\/wp\/v2\/media\/105778"}],"wp:attachment":[{"href":"https:\/\/folhadoleste.com.br\/en\/wp-json\/wp\/v2\/media?parent=105775"}],"wp:term":[{"taxonomy":"category","embeddable":true,"href":"https:\/\/folhadoleste.com.br\/en\/wp-json\/wp\/v2\/categories?post=105775"},{"taxonomy":"post_tag","embeddable":true,"href":"https:\/\/folhadoleste.com.br\/en\/wp-json\/wp\/v2\/tags?post=105775"}],"curies":[{"name":"wp","href":"https:\/\/api.w.org\/{rel}","templated":true}]}}