{"id":104671,"date":"2025-01-06T13:30:11","date_gmt":"2025-01-06T16:30:11","guid":{"rendered":"https:\/\/folhadoleste.com.br\/?p=104671"},"modified":"2025-01-06T13:30:11","modified_gmt":"2025-01-06T16:30:11","slug":"flamengo-monitora-mercado-enquanto-planeja-temporada-2025","status":"publish","type":"post","link":"https:\/\/folhadoleste.com.br\/en\/flamengo-monitora-mercado-enquanto-planeja-temporada-2025\/","title":{"rendered":"Flamengo monitora mercado enquanto planeja temporada 2025"},"content":{"rendered":"<div id=\"attachment_104673\" style=\"width: 1210px\" class=\"wp-caption aligncenter\"><img decoding=\"async\" aria-describedby=\"caption-attachment-104673\" class=\"size-full wp-image-104673\" src=\"https:\/\/folhadoleste.com.br\/wp-content\/uploads\/2025\/01\/Flamengo-monitora-mercado-enquanto-planeja-temporada-2025-Foto-Marcelo-Cortes-Flamengo.jpg\" alt=\"Flamengo monitora mercado enquanto planeja temporada 2025\" width=\"1200\" height=\"750\" \/><p id=\"caption-attachment-104673\" class=\"wp-caption-text\">Flamengo monitora mercado enquanto planeja temporada 2025 | Marcelo Cortes\/CRF<\/p><\/div>\n<p style=\"text-align: justify;\">O Flamengo come\u00e7a a semana com importantes decis\u00f5es em rela\u00e7\u00e3o ao seu elenco. O clube segue em busca de refor\u00e7os para a pr\u00f3xima temporada, mas a prioridade \u00e9 definir o futuro de jogadores como o lateral-direito Wesley e o zagueiro Fabr\u00edcio Bruno.<\/p>\n<h4 style=\"text-align: justify;\">Fabr\u00edcio Bruno: negocia\u00e7\u00e3o com Cruzeiro pode selar sa\u00edda<\/h4>\n<p style=\"text-align: justify;\">O <a href=\"https:\/\/folhadoleste.com.br\/en\/cruzeiro-avanca-na-negociacao-por-fabricio-bruno-do-flamengo\/\">zagueiro Fabr\u00edcio Bruno<\/a>, que tem seu nome ligado a uma poss\u00edvel transfer\u00eancia, deve deixar o Flamengo em 2025.<\/p>\n<h6><span style=\"color: #ff0000;\"><strong>+<\/strong><\/span> <span style=\"color: #000000;\">LEIA TAMB\u00c9M: <\/span><strong>\u25ba<a href=\"https:\/\/folhadoleste.com.br\/en\/thiago-maia-proximo-de-voltar-ao-santos-apos-passagem-pelo-flamengo-e-internacional\/\">Thiago Maia pr\u00f3ximo de voltar ao Santos ap\u00f3s passagem pelo Flamengo e Internacional<\/a><\/strong><\/h6>\n<p style=\"text-align: justify;\">De acordo com informa\u00e7\u00f5es, o clube aguarda uma nova proposta do Cruzeiro e est\u00e1 disposto a negoci\u00e1-lo por cerca de 8 milh\u00f5es de euros (aproximadamente R$ 50,6 milh\u00f5es) por 70% dos direitos econ\u00f4micos.<\/p>\n<p style=\"text-align: justify;\">A sa\u00edda do defensor ocorre ap\u00f3s a negocia\u00e7\u00e3o com o Cruzeiro, que pode ser conclu\u00edda nas pr\u00f3ximas semanas.<\/p>\n<h4 style=\"text-align: justify;\">Defesa em foco: Flamengo busca reposi\u00e7\u00e3o para 2025<\/h4>\n<p style=\"text-align: justify;\">Com a iminente sa\u00edda de Fabr\u00edcio Bruno e a recente sa\u00edda de David Luiz, o Flamengo prioriza a contrata\u00e7\u00e3o de refor\u00e7os para a defesa.<\/p>\n<h5 style=\"text-align: center;\"><span style=\"color: #000000;\"><span style=\"color: #ff0000;\"><strong>+ <\/strong><\/span><\/span><span style=\"color: #000000;\"><strong><span style=\"color: #ff9900;\">MAIS NOT\u00cdCIAS DE ESPORTES?<\/span> <span style=\"color: #008080;\"><a style=\"color: #008080;\" href=\"https:\/\/folhadoleste.com.br\/en\/category\/esportes\/\">CLIQUE AQUI<\/a><\/span><\/strong><\/span><\/h5>\n<p style=\"text-align: justify;\">A diretoria rubro-negra, agora sob a lideran\u00e7a do novo diretor Jos\u00e9 Boto, busca um substituto para Gabigol.<\/p>\n<p style=\"text-align: justify;\">O atacante, que n\u00e3o renovou seu contrato com o clube, j\u00e1 acertou com o Cruzeiro, o que exige mais movimenta\u00e7\u00f5es no mercado.<\/p>\n<h4 style=\"text-align: justify;\">Wesley: situa\u00e7\u00e3o mais complexa no Flamengo<\/h4>\n<p style=\"text-align: justify;\">A situa\u00e7\u00e3o de Wesley, lateral-direito do Flamengo, \u00e9 mais delicada. Embora esteja nos planos do t\u00e9cnico Filipe Lu\u00eds para 2025, o jogador \u00e9 considerado o principal ativo do clube.<\/p>\n<h6><span style=\"color: #ff0000;\"><strong>+<\/strong><\/span> <span style=\"color: #000000;\">LEIA TAMB\u00c9M: <\/span><strong>\u25ba<a href=\"https:\/\/folhadoleste.com.br\/en\/ex-flamengo-david-luiz-entra-na-mira-do-gremio\/\">Ex-Flamengo, David Luiz entra na mira do Gr\u00eamio<\/a><\/strong><\/h6>\n<p style=\"text-align: justify;\">O Flamengo recusou propostas de times europeus, como Aston Villa e Everton, al\u00e9m do Milan. A negocia\u00e7\u00e3o envolve o desejo de manter o jogador at\u00e9 o Mundial de Clubes, previsto para junho.<\/p>\n<h4 style=\"text-align: justify;\">Flamengo monitora o mercado com cautela<\/h4>\n<p style=\"text-align: justify;\">Apesar de estar atento ao mercado de transfer\u00eancias, o Flamengo n\u00e3o deve realizar grandes investimentos para 2025. O clube, ciente das limita\u00e7\u00f5es financeiras, n\u00e3o tem pressa para contratar novos atletas.<\/p>\n<p style=\"text-align: justify;\">A aposta do time rubro-negro est\u00e1 no retorno dos jogadores lesionados, o que permitir\u00e1 ao Flamengo iniciar a temporada com for\u00e7a m\u00e1xima.<\/p>\n<div id=\"attachment_77492\" class=\"wp-caption aligncenter\"><a href=\"http:\/\/instagram.com\/folhadoleste\"><img decoding=\"async\" class=\"wp-image-77492 size-full\" src=\"https:\/\/folhadoleste.com.br\/wp-content\/uploads\/2024\/07\/Instagram-Folha-do-Leste.png\" alt=\"http:\/\/instagram.com\/folhadoleste\" width=\"400\" height=\"200\" aria-describedby=\"caption-attachment-77492\" \/><\/a><\/div>\n<div id=\"attachment_77490\" class=\"wp-caption aligncenter\"><a href=\"http:\/\/facebook.com\/folhadoleste\"><img decoding=\"async\" class=\"size-medium wp-image-77490\" src=\"https:\/\/folhadoleste.com.br\/wp-content\/uploads\/2024\/07\/Facebook-Folha-do-Leste-10k-300x300.jpg\" alt=\"Curta e siga o Folha do Leste no Facebook!\" width=\"300\" height=\"300\" aria-describedby=\"caption-attachment-77490\" \/><\/a><\/div>","protected":false},"excerpt":{"rendered":"<p>O Flamengo come\u00e7a a semana com importantes decis\u00f5es em rela\u00e7\u00e3o ao seu elenco. O clube segue em busca de refor\u00e7os para a pr\u00f3xima temporada, mas a prioridade \u00e9 definir o futuro de jogadores como o lateral-direito Wesley e o zagueiro Fabr\u00edcio Bruno. Fabr\u00edcio Bruno: negocia\u00e7\u00e3o com Cruzeiro pode selar sa\u00edda O zagueiro Fabr\u00edcio Bruno, que tem seu nome ligado a uma poss\u00edvel transfer\u00eancia, deve deixar o Flamengo em 2025. + LEIA TAMB\u00c9M: \u25baThiago Maia pr\u00f3ximo de voltar ao Santos ap\u00f3s passagem pelo Flamengo e Internacional De acordo com informa\u00e7\u00f5es, o clube aguarda uma nova proposta do Cruzeiro e est\u00e1 disposto [&hellip;]<\/p>\n","protected":false},"author":4,"featured_media":104673,"comment_status":"open","ping_status":"open","sticky":false,"template":"","format":"standard","meta":{"footnotes":""},"categories":[48,65],"tags":[17979,292,886,2099,9867,12725,105,17373,285,124,101,3145,15347,15969,3158,9728,16125,2054,7144,33716,8393,20188,2991],"class_list":["post-104671","post","type-post","status-publish","format-standard","has-post-thumbnail","hentry","category-esportes","category-futebol-esportes","tag-17979","tag-carioca","tag-contratacoes","tag-cruzeiro","tag-diretoria","tag-elenco","tag-esportes","tag-fabricio-bruno","tag-flamengo","tag-fluminense","tag-futebol","tag-jogadores","tag-leo-ortiz","tag-mercado-da-bola","tag-ninho-do-urubu","tag-planejamento","tag-pre-temporada","tag-reapresentacao","tag-reforcos","tag-saidas","tag-tite","tag-transferencias","tag-wesley","post--single"],"yoast_head":"<!-- This site is optimized with the Yoast SEO plugin v27.4 - https:\/\/yoast.com\/product\/yoast-seo-wordpress\/ -->\n<title>Flamengo monitora mercado enquanto planeja temporada 2025 &#8226; Folha do Leste<\/title>\n<meta name=\"description\" content=\"Flamengo monitora mercado enquanto planeja temporada 2025. Rubro-Negro busca zagueiro para substituir Fabr\u00edcio Bruno...\" \/>\n<meta name=\"robots\" content=\"index, follow, max-snippet:-1, max-image-preview:large, max-video-preview:-1\" \/>\n<link rel=\"canonical\" href=\"https:\/\/folhadoleste.com.br\/en\/flamengo-monitora-mercado-enquanto-planeja-temporada-2025\/\" \/>\n<meta property=\"og:locale\" content=\"en_US\" \/>\n<meta property=\"og:type\" content=\"article\" \/>\n<meta property=\"og:title\" content=\"Flamengo monitora mercado enquanto planeja temporada 2025 &#8226; Folha do Leste\" \/>\n<meta property=\"og:description\" content=\"Flamengo monitora mercado enquanto planeja temporada 2025. Rubro-Negro busca zagueiro para substituir Fabr\u00edcio Bruno...\" \/>\n<meta property=\"og:url\" content=\"https:\/\/folhadoleste.com.br\/en\/flamengo-monitora-mercado-enquanto-planeja-temporada-2025\/\" \/>\n<meta property=\"og:site_name\" content=\"Folha do Leste\" \/>\n<meta property=\"article:publisher\" content=\"https:\/\/www.facebook.com\/folhadoleste\" \/>\n<meta property=\"article:published_time\" content=\"2025-01-06T16:30:11+00:00\" \/>\n<meta property=\"og:image\" content=\"https:\/\/folhadoleste.com.br\/wp-content\/uploads\/2025\/01\/Flamengo-monitora-mercado-enquanto-planeja-temporada-2025-Foto-Marcelo-Cortes-Flamengo.jpg\" \/>\n\t<meta property=\"og:image:width\" content=\"1200\" \/>\n\t<meta property=\"og:image:height\" content=\"750\" \/>\n\t<meta property=\"og:image:type\" content=\"image\/jpeg\" \/>\n<meta name=\"author\" content=\"Folha do Leste\" \/>\n<meta name=\"twitter:card\" content=\"summary_large_image\" \/>\n<meta name=\"twitter:creator\" content=\"@FolhadoLesteRJ\" \/>\n<meta name=\"twitter:site\" content=\"@FolhadoLesteRJ\" \/>\n<meta name=\"twitter:label1\" content=\"Written by\" \/>\n\t<meta name=\"twitter:data1\" content=\"Folha do Leste\" \/>\n\t<meta name=\"twitter:label2\" content=\"Est. reading time\" \/>\n\t<meta name=\"twitter:data2\" content=\"3 minutes\" \/>\n<script type=\"application\/ld+json\" class=\"yoast-schema-graph\">{\"@context\":\"https:\\\/\\\/schema.org\",\"@graph\":[{\"@type\":\"NewsArticle\",\"@id\":\"https:\\\/\\\/folhadoleste.com.br\\\/flamengo-monitora-mercado-enquanto-planeja-temporada-2025\\\/#article\",\"isPartOf\":{\"@id\":\"https:\\\/\\\/folhadoleste.com.br\\\/flamengo-monitora-mercado-enquanto-planeja-temporada-2025\\\/\"},\"author\":{\"name\":\"Folha do Leste\",\"@id\":\"https:\\\/\\\/folhadoleste.com.br\\\/#\\\/schema\\\/person\\\/3e97145b2e1861276e84471aa85a3899\"},\"headline\":\"Flamengo monitora mercado enquanto planeja temporada 2025\",\"datePublished\":\"2025-01-06T16:30:11+00:00\",\"mainEntityOfPage\":{\"@id\":\"https:\\\/\\\/folhadoleste.com.br\\\/flamengo-monitora-mercado-enquanto-planeja-temporada-2025\\\/\"},\"wordCount\":408,\"commentCount\":0,\"publisher\":{\"@id\":\"https:\\\/\\\/folhadoleste.com.br\\\/#organization\"},\"image\":{\"@id\":\"https:\\\/\\\/folhadoleste.com.br\\\/flamengo-monitora-mercado-enquanto-planeja-temporada-2025\\\/#primaryimage\"},\"thumbnailUrl\":\"https:\\\/\\\/folhadoleste.com.br\\\/wp-content\\\/uploads\\\/2025\\\/01\\\/Flamengo-monitora-mercado-enquanto-planeja-temporada-2025-Foto-Marcelo-Cortes-Flamengo.jpg\",\"keywords\":[\"2025\",\"carioca\",\"Contrata\u00e7\u00f5es\",\"Cruzeiro\",\"diretoria\",\"elenco\",\"Esportes\",\"Fabr\u00edcio Bruno\",\"Flamengo\",\"fluminense\",\"futebol\",\"jogadores\",\"L\u00e9o Ortiz\",\"Mercado da bola\",\"Ninho do Urubu\",\"planejamento\",\"pr\u00e9-temporada\",\"reapresenta\u00e7\u00e3o\",\"Refor\u00e7os\",\"Sa\u00eddas\",\"Tite\",\"Transfer\u00eancias\",\"Wesley\"],\"articleSection\":[\"Esportes\",\"Futebol\"],\"inLanguage\":\"en-US\",\"potentialAction\":[{\"@type\":\"CommentAction\",\"name\":\"Comment\",\"target\":[\"https:\\\/\\\/folhadoleste.com.br\\\/flamengo-monitora-mercado-enquanto-planeja-temporada-2025\\\/#respond\"]}]},{\"@type\":\"WebPage\",\"@id\":\"https:\\\/\\\/folhadoleste.com.br\\\/flamengo-monitora-mercado-enquanto-planeja-temporada-2025\\\/\",\"url\":\"https:\\\/\\\/folhadoleste.com.br\\\/flamengo-monitora-mercado-enquanto-planeja-temporada-2025\\\/\",\"name\":\"Flamengo monitora mercado enquanto planeja temporada 2025 &#8226; Folha do Leste\",\"isPartOf\":{\"@id\":\"https:\\\/\\\/folhadoleste.com.br\\\/#website\"},\"primaryImageOfPage\":{\"@id\":\"https:\\\/\\\/folhadoleste.com.br\\\/flamengo-monitora-mercado-enquanto-planeja-temporada-2025\\\/#primaryimage\"},\"image\":{\"@id\":\"https:\\\/\\\/folhadoleste.com.br\\\/flamengo-monitora-mercado-enquanto-planeja-temporada-2025\\\/#primaryimage\"},\"thumbnailUrl\":\"https:\\\/\\\/folhadoleste.com.br\\\/wp-content\\\/uploads\\\/2025\\\/01\\\/Flamengo-monitora-mercado-enquanto-planeja-temporada-2025-Foto-Marcelo-Cortes-Flamengo.jpg\",\"datePublished\":\"2025-01-06T16:30:11+00:00\",\"description\":\"Flamengo monitora mercado enquanto planeja temporada 2025. Rubro-Negro busca zagueiro para substituir Fabr\u00edcio Bruno...\",\"breadcrumb\":{\"@id\":\"https:\\\/\\\/folhadoleste.com.br\\\/flamengo-monitora-mercado-enquanto-planeja-temporada-2025\\\/#breadcrumb\"},\"inLanguage\":\"en-US\",\"potentialAction\":[{\"@type\":\"ReadAction\",\"target\":[\"https:\\\/\\\/folhadoleste.com.br\\\/flamengo-monitora-mercado-enquanto-planeja-temporada-2025\\\/\"]}]},{\"@type\":\"ImageObject\",\"inLanguage\":\"en-US\",\"@id\":\"https:\\\/\\\/folhadoleste.com.br\\\/flamengo-monitora-mercado-enquanto-planeja-temporada-2025\\\/#primaryimage\",\"url\":\"https:\\\/\\\/folhadoleste.com.br\\\/wp-content\\\/uploads\\\/2025\\\/01\\\/Flamengo-monitora-mercado-enquanto-planeja-temporada-2025-Foto-Marcelo-Cortes-Flamengo.jpg\",\"contentUrl\":\"https:\\\/\\\/folhadoleste.com.br\\\/wp-content\\\/uploads\\\/2025\\\/01\\\/Flamengo-monitora-mercado-enquanto-planeja-temporada-2025-Foto-Marcelo-Cortes-Flamengo.jpg\",\"width\":1200,\"height\":750,\"caption\":\"Flamengo monitora mercado enquanto planeja temporada 2025 | Marcelo Cortes\\\/CRF\"},{\"@type\":\"BreadcrumbList\",\"@id\":\"https:\\\/\\\/folhadoleste.com.br\\\/flamengo-monitora-mercado-enquanto-planeja-temporada-2025\\\/#breadcrumb\",\"itemListElement\":[{\"@type\":\"ListItem\",\"position\":1,\"name\":\"In\u00edcio\",\"item\":\"https:\\\/\\\/folhadoleste.com.br\\\/\"},{\"@type\":\"ListItem\",\"position\":2,\"name\":\"Esportes\",\"item\":\"https:\\\/\\\/folhadoleste.com.br\\\/category\\\/esportes\\\/\"},{\"@type\":\"ListItem\",\"position\":3,\"name\":\"Futebol\",\"item\":\"https:\\\/\\\/folhadoleste.com.br\\\/category\\\/esportes\\\/futebol-esportes\\\/\"},{\"@type\":\"ListItem\",\"position\":4,\"name\":\"Flamengo monitora mercado enquanto planeja temporada 2025\"}]},{\"@type\":\"WebSite\",\"@id\":\"https:\\\/\\\/folhadoleste.com.br\\\/#website\",\"url\":\"https:\\\/\\\/folhadoleste.com.br\\\/\",\"name\":\"Folha do Leste\",\"description\":\"Portal de Not\u00edcias com \u00eanfase em Niter\u00f3i, criando conte\u00fados desde a capital Rio de Janeiro, com olhar para o Leste Fluminense e suas cidades como S\u00e3o Gon\u00e7alo, Itabora\u00ed, Rio Bonito, Maric\u00e1, Saquarema e Araruama\",\"publisher\":{\"@id\":\"https:\\\/\\\/folhadoleste.com.br\\\/#organization\"},\"alternateName\":\"FL\",\"potentialAction\":[{\"@type\":\"SearchAction\",\"target\":{\"@type\":\"EntryPoint\",\"urlTemplate\":\"https:\\\/\\\/folhadoleste.com.br\\\/?s={search_term_string}\"},\"query-input\":{\"@type\":\"PropertyValueSpecification\",\"valueRequired\":true,\"valueName\":\"search_term_string\"}}],\"inLanguage\":\"en-US\"},{\"@type\":\"Organization\",\"@id\":\"https:\\\/\\\/folhadoleste.com.br\\\/#organization\",\"name\":\"Brasil 21 Comunica\u00e7\u00e3o\",\"alternateName\":\"BR21\",\"url\":\"https:\\\/\\\/folhadoleste.com.br\\\/\",\"logo\":{\"@type\":\"ImageObject\",\"inLanguage\":\"en-US\",\"@id\":\"https:\\\/\\\/folhadoleste.com.br\\\/#\\\/schema\\\/logo\\\/image\\\/\",\"url\":\"https:\\\/\\\/folhadoleste.com.br\\\/wp-content\\\/uploads\\\/2025\\\/12\\\/brasil-21-logomarca.avif\",\"contentUrl\":\"https:\\\/\\\/folhadoleste.com.br\\\/wp-content\\\/uploads\\\/2025\\\/12\\\/brasil-21-logomarca.avif\",\"width\":1044,\"height\":1044,\"caption\":\"Brasil 21 Comunica\u00e7\u00e3o\"},\"image\":{\"@id\":\"https:\\\/\\\/folhadoleste.com.br\\\/#\\\/schema\\\/logo\\\/image\\\/\"},\"sameAs\":[\"https:\\\/\\\/www.facebook.com\\\/folhadoleste\",\"https:\\\/\\\/x.com\\\/FolhadoLesteRJ\",\"https:\\\/\\\/www.instagram.com\\\/folhadoleste\\\/\"]},{\"@type\":\"Person\",\"@id\":\"https:\\\/\\\/folhadoleste.com.br\\\/#\\\/schema\\\/person\\\/3e97145b2e1861276e84471aa85a3899\",\"name\":\"Folha do Leste\",\"image\":{\"@type\":\"ImageObject\",\"inLanguage\":\"en-US\",\"@id\":\"https:\\\/\\\/folhadoleste.com.br\\\/wp-content\\\/litespeed\\\/avatar\\\/1ca8c218432e7045e748610eb3db0259.jpg?ver=1777161142\",\"url\":\"https:\\\/\\\/folhadoleste.com.br\\\/wp-content\\\/litespeed\\\/avatar\\\/1ca8c218432e7045e748610eb3db0259.jpg?ver=1777161142\",\"contentUrl\":\"https:\\\/\\\/folhadoleste.com.br\\\/wp-content\\\/litespeed\\\/avatar\\\/1ca8c218432e7045e748610eb3db0259.jpg?ver=1777161142\",\"caption\":\"Folha do Leste\"},\"url\":\"https:\\\/\\\/folhadoleste.com.br\\\/en\\\/author\\\/reportagem-01\\\/\"}]}<\/script>\n<!-- \/ Yoast SEO plugin. -->","yoast_head_json":{"title":"Flamengo monitora mercado enquanto planeja temporada 2025 &#8226; Folha do Leste","description":"Flamengo monitora mercado enquanto planeja temporada 2025. Rubro-Negro busca zagueiro para substituir Fabr\u00edcio Bruno...","robots":{"index":"index","follow":"follow","max-snippet":"max-snippet:-1","max-image-preview":"max-image-preview:large","max-video-preview":"max-video-preview:-1"},"canonical":"https:\/\/folhadoleste.com.br\/en\/flamengo-monitora-mercado-enquanto-planeja-temporada-2025\/","og_locale":"en_US","og_type":"article","og_title":"Flamengo monitora mercado enquanto planeja temporada 2025 &#8226; Folha do Leste","og_description":"Flamengo monitora mercado enquanto planeja temporada 2025. Rubro-Negro busca zagueiro para substituir Fabr\u00edcio Bruno...","og_url":"https:\/\/folhadoleste.com.br\/en\/flamengo-monitora-mercado-enquanto-planeja-temporada-2025\/","og_site_name":"Folha do Leste","article_publisher":"https:\/\/www.facebook.com\/folhadoleste","article_published_time":"2025-01-06T16:30:11+00:00","og_image":[{"width":1200,"height":750,"url":"https:\/\/folhadoleste.com.br\/wp-content\/uploads\/2025\/01\/Flamengo-monitora-mercado-enquanto-planeja-temporada-2025-Foto-Marcelo-Cortes-Flamengo.jpg","type":"image\/jpeg"}],"author":"Folha do Leste","twitter_card":"summary_large_image","twitter_creator":"@FolhadoLesteRJ","twitter_site":"@FolhadoLesteRJ","twitter_misc":{"Written by":"Folha do Leste","Est. reading time":"3 minutes"},"schema":{"@context":"https:\/\/schema.org","@graph":[{"@type":"NewsArticle","@id":"https:\/\/folhadoleste.com.br\/flamengo-monitora-mercado-enquanto-planeja-temporada-2025\/#article","isPartOf":{"@id":"https:\/\/folhadoleste.com.br\/flamengo-monitora-mercado-enquanto-planeja-temporada-2025\/"},"author":{"name":"Folha do Leste","@id":"https:\/\/folhadoleste.com.br\/#\/schema\/person\/3e97145b2e1861276e84471aa85a3899"},"headline":"Flamengo monitora mercado enquanto planeja temporada 2025","datePublished":"2025-01-06T16:30:11+00:00","mainEntityOfPage":{"@id":"https:\/\/folhadoleste.com.br\/flamengo-monitora-mercado-enquanto-planeja-temporada-2025\/"},"wordCount":408,"commentCount":0,"publisher":{"@id":"https:\/\/folhadoleste.com.br\/#organization"},"image":{"@id":"https:\/\/folhadoleste.com.br\/flamengo-monitora-mercado-enquanto-planeja-temporada-2025\/#primaryimage"},"thumbnailUrl":"https:\/\/folhadoleste.com.br\/wp-content\/uploads\/2025\/01\/Flamengo-monitora-mercado-enquanto-planeja-temporada-2025-Foto-Marcelo-Cortes-Flamengo.jpg","keywords":["2025","carioca","Contrata\u00e7\u00f5es","Cruzeiro","diretoria","elenco","Esportes","Fabr\u00edcio Bruno","Flamengo","fluminense","futebol","jogadores","L\u00e9o Ortiz","Mercado da bola","Ninho do Urubu","planejamento","pr\u00e9-temporada","reapresenta\u00e7\u00e3o","Refor\u00e7os","Sa\u00eddas","Tite","Transfer\u00eancias","Wesley"],"articleSection":["Esportes","Futebol"],"inLanguage":"en-US","potentialAction":[{"@type":"CommentAction","name":"Comment","target":["https:\/\/folhadoleste.com.br\/flamengo-monitora-mercado-enquanto-planeja-temporada-2025\/#respond"]}]},{"@type":"WebPage","@id":"https:\/\/folhadoleste.com.br\/flamengo-monitora-mercado-enquanto-planeja-temporada-2025\/","url":"https:\/\/folhadoleste.com.br\/flamengo-monitora-mercado-enquanto-planeja-temporada-2025\/","name":"Flamengo monitora mercado enquanto planeja temporada 2025 &#8226; Folha do Leste","isPartOf":{"@id":"https:\/\/folhadoleste.com.br\/#website"},"primaryImageOfPage":{"@id":"https:\/\/folhadoleste.com.br\/flamengo-monitora-mercado-enquanto-planeja-temporada-2025\/#primaryimage"},"image":{"@id":"https:\/\/folhadoleste.com.br\/flamengo-monitora-mercado-enquanto-planeja-temporada-2025\/#primaryimage"},"thumbnailUrl":"https:\/\/folhadoleste.com.br\/wp-content\/uploads\/2025\/01\/Flamengo-monitora-mercado-enquanto-planeja-temporada-2025-Foto-Marcelo-Cortes-Flamengo.jpg","datePublished":"2025-01-06T16:30:11+00:00","description":"Flamengo monitora mercado enquanto planeja temporada 2025. Rubro-Negro busca zagueiro para substituir Fabr\u00edcio Bruno...","breadcrumb":{"@id":"https:\/\/folhadoleste.com.br\/flamengo-monitora-mercado-enquanto-planeja-temporada-2025\/#breadcrumb"},"inLanguage":"en-US","potentialAction":[{"@type":"ReadAction","target":["https:\/\/folhadoleste.com.br\/flamengo-monitora-mercado-enquanto-planeja-temporada-2025\/"]}]},{"@type":"ImageObject","inLanguage":"en-US","@id":"https:\/\/folhadoleste.com.br\/flamengo-monitora-mercado-enquanto-planeja-temporada-2025\/#primaryimage","url":"https:\/\/folhadoleste.com.br\/wp-content\/uploads\/2025\/01\/Flamengo-monitora-mercado-enquanto-planeja-temporada-2025-Foto-Marcelo-Cortes-Flamengo.jpg","contentUrl":"https:\/\/folhadoleste.com.br\/wp-content\/uploads\/2025\/01\/Flamengo-monitora-mercado-enquanto-planeja-temporada-2025-Foto-Marcelo-Cortes-Flamengo.jpg","width":1200,"height":750,"caption":"Flamengo monitora mercado enquanto planeja temporada 2025 | Marcelo Cortes\/CRF"},{"@type":"BreadcrumbList","@id":"https:\/\/folhadoleste.com.br\/flamengo-monitora-mercado-enquanto-planeja-temporada-2025\/#breadcrumb","itemListElement":[{"@type":"ListItem","position":1,"name":"In\u00edcio","item":"https:\/\/folhadoleste.com.br\/"},{"@type":"ListItem","position":2,"name":"Esportes","item":"https:\/\/folhadoleste.com.br\/category\/esportes\/"},{"@type":"ListItem","position":3,"name":"Futebol","item":"https:\/\/folhadoleste.com.br\/category\/esportes\/futebol-esportes\/"},{"@type":"ListItem","position":4,"name":"Flamengo monitora mercado enquanto planeja temporada 2025"}]},{"@type":"WebSite","@id":"https:\/\/folhadoleste.com.br\/#website","url":"https:\/\/folhadoleste.com.br\/","name":"Folha do Leste","description":"Portal de Not\u00edcias com \u00eanfase em Niter\u00f3i, criando conte\u00fados desde a capital Rio de Janeiro, com olhar para o Leste Fluminense e suas cidades como S\u00e3o Gon\u00e7alo, Itabora\u00ed, Rio Bonito, Maric\u00e1, Saquarema e Araruama","publisher":{"@id":"https:\/\/folhadoleste.com.br\/#organization"},"alternateName":"FL","potentialAction":[{"@type":"SearchAction","target":{"@type":"EntryPoint","urlTemplate":"https:\/\/folhadoleste.com.br\/?s={search_term_string}"},"query-input":{"@type":"PropertyValueSpecification","valueRequired":true,"valueName":"search_term_string"}}],"inLanguage":"en-US"},{"@type":"Organization","@id":"https:\/\/folhadoleste.com.br\/#organization","name":"Brasil 21 Comunica\u00e7\u00e3o","alternateName":"BR21","url":"https:\/\/folhadoleste.com.br\/","logo":{"@type":"ImageObject","inLanguage":"en-US","@id":"https:\/\/folhadoleste.com.br\/#\/schema\/logo\/image\/","url":"https:\/\/folhadoleste.com.br\/wp-content\/uploads\/2025\/12\/brasil-21-logomarca.avif","contentUrl":"https:\/\/folhadoleste.com.br\/wp-content\/uploads\/2025\/12\/brasil-21-logomarca.avif","width":1044,"height":1044,"caption":"Brasil 21 Comunica\u00e7\u00e3o"},"image":{"@id":"https:\/\/folhadoleste.com.br\/#\/schema\/logo\/image\/"},"sameAs":["https:\/\/www.facebook.com\/folhadoleste","https:\/\/x.com\/FolhadoLesteRJ","https:\/\/www.instagram.com\/folhadoleste\/"]},{"@type":"Person","@id":"https:\/\/folhadoleste.com.br\/#\/schema\/person\/3e97145b2e1861276e84471aa85a3899","name":"Folha do Leste","image":{"@type":"ImageObject","inLanguage":"en-US","@id":"https:\/\/folhadoleste.com.br\/wp-content\/litespeed\/avatar\/1ca8c218432e7045e748610eb3db0259.jpg?ver=1777161142","url":"https:\/\/folhadoleste.com.br\/wp-content\/litespeed\/avatar\/1ca8c218432e7045e748610eb3db0259.jpg?ver=1777161142","contentUrl":"https:\/\/folhadoleste.com.br\/wp-content\/litespeed\/avatar\/1ca8c218432e7045e748610eb3db0259.jpg?ver=1777161142","caption":"Folha do Leste"},"url":"https:\/\/folhadoleste.com.br\/en\/author\/reportagem-01\/"}]}},"_links":{"self":[{"href":"https:\/\/folhadoleste.com.br\/en\/wp-json\/wp\/v2\/posts\/104671","targetHints":{"allow":["GET"]}}],"collection":[{"href":"https:\/\/folhadoleste.com.br\/en\/wp-json\/wp\/v2\/posts"}],"about":[{"href":"https:\/\/folhadoleste.com.br\/en\/wp-json\/wp\/v2\/types\/post"}],"author":[{"embeddable":true,"href":"https:\/\/folhadoleste.com.br\/en\/wp-json\/wp\/v2\/users\/4"}],"replies":[{"embeddable":true,"href":"https:\/\/folhadoleste.com.br\/en\/wp-json\/wp\/v2\/comments?post=104671"}],"version-history":[{"count":1,"href":"https:\/\/folhadoleste.com.br\/en\/wp-json\/wp\/v2\/posts\/104671\/revisions"}],"predecessor-version":[{"id":104674,"href":"https:\/\/folhadoleste.com.br\/en\/wp-json\/wp\/v2\/posts\/104671\/revisions\/104674"}],"wp:featuredmedia":[{"embeddable":true,"href":"https:\/\/folhadoleste.com.br\/en\/wp-json\/wp\/v2\/media\/104673"}],"wp:attachment":[{"href":"https:\/\/folhadoleste.com.br\/en\/wp-json\/wp\/v2\/media?parent=104671"}],"wp:term":[{"taxonomy":"category","embeddable":true,"href":"https:\/\/folhadoleste.com.br\/en\/wp-json\/wp\/v2\/categories?post=104671"},{"taxonomy":"post_tag","embeddable":true,"href":"https:\/\/folhadoleste.com.br\/en\/wp-json\/wp\/v2\/tags?post=104671"}],"curies":[{"name":"wp","href":"https:\/\/api.w.org\/{rel}","templated":true}]}}