{"id":103648,"date":"2024-12-29T13:03:21","date_gmt":"2024-12-29T16:03:21","guid":{"rendered":"https:\/\/folhadoleste.com.br\/?p=103648"},"modified":"2024-12-29T13:03:21","modified_gmt":"2024-12-29T16:03:21","slug":"confira-a-previsao-dos-ultimos-dias-do-ano-no-rio-de-janeiro","status":"publish","type":"post","link":"https:\/\/folhadoleste.com.br\/en\/confira-a-previsao-dos-ultimos-dias-do-ano-no-rio-de-janeiro\/","title":{"rendered":"Confira a previs\u00e3o dos \u00faltimos dias do ano no Rio de Janeiro"},"content":{"rendered":"<div id=\"attachment_67867\" style=\"width: 698px\" class=\"wp-caption aligncenter\"><img decoding=\"async\" aria-describedby=\"caption-attachment-67867\" class=\"size-full wp-image-67867\" src=\"https:\/\/folhadoleste.com.br\/wp-content\/uploads\/2024\/05\/Previsao-do-Tempo-Rio-de-Janeiro-Segunda-feira-27-de-maio.jpg\" alt=\"Confira a previs\u00e3o dos \u00faltimos dias do ano no Rio de Janeiro\" width=\"688\" height=\"417\" \/><p id=\"caption-attachment-67867\" class=\"wp-caption-text\">Confira a previs\u00e3o dos \u00faltimos dias do ano no Rio de Janeiro<\/p><\/div>\n<p style=\"text-align: justify;\" data-pm-slice=\"1 1 []\">Chuva no Rio de Janeiro \u00e9 esperada at\u00e9 a pr\u00f3xima quinta-feira (2), conforme informa\u00e7\u00f5es do Alerta Rio. Apesar das precipita\u00e7\u00f5es previstas, as temperaturas devem permanecer elevadas durante os \u00faltimos dias do ano.<\/p>\n<h6><span style=\"color: #ff0000;\"><strong>+<\/strong><\/span> <span style=\"color: #000000;\">LEIA TAMB\u00c9M: <\/span><strong>\u25ba<a href=\"https:\/\/folhadoleste.com.br\/en\/confronto-na-avenida-brasil-deixa-policial-baleado-e-veiculo-incendiado-video\/\">Confronto na Avenida Brasil deixa policial baleado e ve\u00edculo incendiado \u2013 V\u00eddeo<\/a><\/strong><\/h6>\n<p style=\"text-align: justify;\">Neste domingo (29), um canal de umidade que atua na Regi\u00e3o Sudeste influencia o tempo no Rio. O c\u00e9u deve ficar nublado, e h\u00e1 previs\u00e3o de pancadas de chuva nos per\u00edodos da tarde e noite. Os ventos ser\u00e3o de intensidade fraca a moderada, enquanto os term\u00f4metros variam entre 19\u00b0C e 30\u00b0C.<\/p>\n<p style=\"text-align: justify;\">Na segunda-feira (30), o cen\u00e1rio meteorol\u00f3gico segue semelhante. O c\u00e9u continuar\u00e1 predominantemente nublado, com pancadas de chuva esperadas para a tarde e noite. As temperaturas tamb\u00e9m devem permanecer est\u00e1veis, com m\u00ednima de 18\u00b0C e m\u00e1xima de 29\u00b0C.<\/p>\n<h5 style=\"text-align: center;\"><span style=\"color: #000000;\"><span style=\"color: #ff0000;\"><strong>+ <\/strong><\/span><\/span><span style=\"color: #000000;\"><span style=\"color: #ff9900;\"><strong>MAIS NOT\u00cdCIAS DO RIO DE JANEIRO?<\/strong><\/span> <span style=\"color: #008080;\"><strong><a style=\"color: #008080;\" href=\"https:\/\/folhadoleste.com.br\/en\/category\/rio-de-janeiro-capital\/\">CLIQUE AQUI<\/a><\/strong><\/span><\/span><\/h5>\n<p style=\"text-align: justify;\">Na ter\u00e7a-feira (31), \u00faltimo dia do ano, a previs\u00e3o \u00e9 de nebulosidade variada e chuvas fracas em qualquer momento do dia. As temperaturas devem oscilar entre 18\u00b0C e 30\u00b0C. Entre a noite de 31 e a madrugada de 1\u00ba de janeiro, h\u00e1 possibilidade de chuviscos isolados, mas com baixa chance de chuva no momento da virada.<\/p>\n<h6><span style=\"color: #ff0000;\"><strong>+<\/strong><\/span> <span style=\"color: #000000;\">LEIA TAMB\u00c9M: <\/span><strong>\u25ba<a href=\"https:\/\/folhadoleste.com.br\/en\/queda-de-aviao-deixa-179-mortos-na-coreia-do-sul-video\/\">Queda de avi\u00e3o deixa 179 mortos na Coreia do Sul \u2013 V\u00eddeo<\/a><\/strong><\/h6>\n<p style=\"text-align: justify;\">No primeiro dia do ano, quarta-feira (1), o c\u00e9u variar\u00e1 entre claro e nublado. H\u00e1 previs\u00e3o de chuva fraca a moderada durante a tarde. As temperaturas devem ficar entre 18\u00b0C e 31\u00b0C. Na quinta-feira (2), o calor aumenta, com m\u00e1xima de 35\u00b0C e m\u00ednima de 20\u00b0C. Embora a nebulosidade reduza, chuvas fracas ainda s\u00e3o esperadas nos per\u00edodos da tarde e noite.<\/p>\n<div id=\"attachment_77492\" class=\"wp-caption aligncenter\"><a href=\"http:\/\/instagram.com\/folhadoleste\"><img decoding=\"async\" class=\"wp-image-77492 size-full\" src=\"https:\/\/folhadoleste.com.br\/wp-content\/uploads\/2024\/07\/Instagram-Folha-do-Leste.png\" alt=\"http:\/\/instagram.com\/folhadoleste\" width=\"400\" height=\"200\" aria-describedby=\"caption-attachment-77492\" \/><\/a><\/div>\n<div id=\"attachment_77490\" class=\"wp-caption aligncenter\"><a href=\"http:\/\/facebook.com\/folhadoleste\"><img decoding=\"async\" class=\"size-medium wp-image-77490\" src=\"https:\/\/folhadoleste.com.br\/wp-content\/uploads\/2024\/07\/Facebook-Folha-do-Leste-10k-300x300.jpg\" alt=\"Curta e siga o Folha do Leste no Facebook!\" width=\"300\" height=\"300\" aria-describedby=\"caption-attachment-77490\" \/><\/a><\/div>","protected":false},"excerpt":{"rendered":"<p>Chuva no Rio de Janeiro \u00e9 esperada at\u00e9 a pr\u00f3xima quinta-feira (2), conforme informa\u00e7\u00f5es do Alerta Rio. Apesar das precipita\u00e7\u00f5es previstas, as temperaturas devem permanecer elevadas durante os \u00faltimos dias do ano. + LEIA TAMB\u00c9M: \u25baConfronto na Avenida Brasil deixa policial baleado e ve\u00edculo incendiado \u2013 V\u00eddeo Neste domingo (29), um canal de umidade que atua na Regi\u00e3o Sudeste influencia o tempo no Rio. O c\u00e9u deve ficar nublado, e h\u00e1 previs\u00e3o de pancadas de chuva nos per\u00edodos da tarde e noite. Os ventos ser\u00e3o de intensidade fraca a moderada, enquanto os term\u00f4metros variam entre 19\u00b0C e 30\u00b0C. Na segunda-feira [&hellip;]<\/p>\n","protected":false},"author":4,"featured_media":67867,"comment_status":"open","ping_status":"open","sticky":false,"template":"","format":"standard","meta":{"footnotes":""},"categories":[67],"tags":[15488,57566,12945,2614,37977,57568,11866,14813,3211,15816,594,16775,15487,93,3214,34163,57567,23342,10457,15489],"class_list":["post-103648","post","type-post","status-publish","format-standard","has-post-thumbnail","hentry","category-rio-de-janeiro-capital","tag-ano-novo","tag-canal-de-umidade","tag-ceu-nublado","tag-chuva","tag-clima-no-rio","tag-clima-no-rj","tag-dezembro","tag-fim-de-ano","tag-frente-fria","tag-pancadas-de-chuva","tag-previsao-do-tempo","tag-previsao-meteorologica","tag-reveillon","tag-rio-de-janeiro","tag-temperaturas","tag-tempo-no-rio","tag-ultimos-dias-do-ano","tag-umidade","tag-verao","tag-virada-do-ano","post--single"],"yoast_head":"<!-- This site is optimized with the Yoast SEO plugin v27.4 - https:\/\/yoast.com\/product\/yoast-seo-wordpress\/ -->\n<title>Confira a previs\u00e3o dos \u00faltimos dias do ano no Rio de Janeiro &#8226; Folha do Leste<\/title>\n<meta name=\"description\" content=\"Confira a previs\u00e3o dos \u00faltimos dias do ano no Rio de Janeiro. Virada do ano no Rio pode ter chuva isolada e ventos moderados...\" \/>\n<meta name=\"robots\" content=\"index, follow, max-snippet:-1, max-image-preview:large, max-video-preview:-1\" \/>\n<link rel=\"canonical\" href=\"https:\/\/folhadoleste.com.br\/en\/confira-a-previsao-dos-ultimos-dias-do-ano-no-rio-de-janeiro\/\" \/>\n<meta property=\"og:locale\" content=\"en_US\" \/>\n<meta property=\"og:type\" content=\"article\" \/>\n<meta property=\"og:title\" content=\"Confira a previs\u00e3o dos \u00faltimos dias do ano no Rio de Janeiro &#8226; Folha do Leste\" \/>\n<meta property=\"og:description\" content=\"Confira a previs\u00e3o dos \u00faltimos dias do ano no Rio de Janeiro. Virada do ano no Rio pode ter chuva isolada e ventos moderados...\" \/>\n<meta property=\"og:url\" content=\"https:\/\/folhadoleste.com.br\/en\/confira-a-previsao-dos-ultimos-dias-do-ano-no-rio-de-janeiro\/\" \/>\n<meta property=\"og:site_name\" content=\"Folha do Leste\" \/>\n<meta property=\"article:publisher\" content=\"https:\/\/www.facebook.com\/folhadoleste\" \/>\n<meta property=\"article:published_time\" content=\"2024-12-29T16:03:21+00:00\" \/>\n<meta property=\"og:image\" content=\"https:\/\/folhadoleste.com.br\/wp-content\/uploads\/2024\/05\/Previsao-do-Tempo-Rio-de-Janeiro-Segunda-feira-27-de-maio.jpg\" \/>\n\t<meta property=\"og:image:width\" content=\"688\" \/>\n\t<meta property=\"og:image:height\" content=\"417\" \/>\n\t<meta property=\"og:image:type\" content=\"image\/jpeg\" \/>\n<meta name=\"author\" content=\"Folha do Leste\" \/>\n<meta name=\"twitter:card\" content=\"summary_large_image\" \/>\n<meta name=\"twitter:creator\" content=\"@FolhadoLesteRJ\" \/>\n<meta name=\"twitter:site\" content=\"@FolhadoLesteRJ\" \/>\n<meta name=\"twitter:label1\" content=\"Written by\" \/>\n\t<meta name=\"twitter:data1\" content=\"Folha do Leste\" \/>\n\t<meta name=\"twitter:label2\" content=\"Est. reading time\" \/>\n\t<meta name=\"twitter:data2\" content=\"3 minutes\" \/>\n<script type=\"application\/ld+json\" class=\"yoast-schema-graph\">{\"@context\":\"https:\\\/\\\/schema.org\",\"@graph\":[{\"@type\":\"NewsArticle\",\"@id\":\"https:\\\/\\\/folhadoleste.com.br\\\/confira-a-previsao-dos-ultimos-dias-do-ano-no-rio-de-janeiro\\\/#article\",\"isPartOf\":{\"@id\":\"https:\\\/\\\/folhadoleste.com.br\\\/confira-a-previsao-dos-ultimos-dias-do-ano-no-rio-de-janeiro\\\/\"},\"author\":{\"name\":\"Folha do Leste\",\"@id\":\"https:\\\/\\\/folhadoleste.com.br\\\/#\\\/schema\\\/person\\\/3e97145b2e1861276e84471aa85a3899\"},\"headline\":\"Confira a previs\u00e3o dos \u00faltimos dias do ano no Rio de Janeiro\",\"datePublished\":\"2024-12-29T16:03:21+00:00\",\"mainEntityOfPage\":{\"@id\":\"https:\\\/\\\/folhadoleste.com.br\\\/confira-a-previsao-dos-ultimos-dias-do-ano-no-rio-de-janeiro\\\/\"},\"wordCount\":324,\"commentCount\":0,\"publisher\":{\"@id\":\"https:\\\/\\\/folhadoleste.com.br\\\/#organization\"},\"image\":{\"@id\":\"https:\\\/\\\/folhadoleste.com.br\\\/confira-a-previsao-dos-ultimos-dias-do-ano-no-rio-de-janeiro\\\/#primaryimage\"},\"thumbnailUrl\":\"https:\\\/\\\/folhadoleste.com.br\\\/wp-content\\\/uploads\\\/2024\\\/05\\\/Previsao-do-Tempo-Rio-de-Janeiro-Segunda-feira-27-de-maio.jpg\",\"keywords\":[\"Ano Novo\",\"Canal de umidade\",\"C\u00e9u nublado\",\"chuva\",\"clima no Rio\",\"Clima no RJ\",\"dezembro\",\"Fim de ano\",\"frente fria\",\"pancadas de chuva\",\"previs\u00e3o do tempo\",\"previs\u00e3o meteorol\u00f3gica\",\"r\u00e9veillon\",\"Rio de Janeiro\",\"temperaturas\",\"Tempo no Rio\",\"\u00daltimos dias do ano\",\"Umidade\",\"ver\u00e3o\",\"Virada do Ano\"],\"articleSection\":[\"Rio de Janeiro - Capital\"],\"inLanguage\":\"en-US\",\"potentialAction\":[{\"@type\":\"CommentAction\",\"name\":\"Comment\",\"target\":[\"https:\\\/\\\/folhadoleste.com.br\\\/confira-a-previsao-dos-ultimos-dias-do-ano-no-rio-de-janeiro\\\/#respond\"]}]},{\"@type\":\"WebPage\",\"@id\":\"https:\\\/\\\/folhadoleste.com.br\\\/confira-a-previsao-dos-ultimos-dias-do-ano-no-rio-de-janeiro\\\/\",\"url\":\"https:\\\/\\\/folhadoleste.com.br\\\/confira-a-previsao-dos-ultimos-dias-do-ano-no-rio-de-janeiro\\\/\",\"name\":\"Confira a previs\u00e3o dos \u00faltimos dias do ano no Rio de Janeiro &#8226; Folha do Leste\",\"isPartOf\":{\"@id\":\"https:\\\/\\\/folhadoleste.com.br\\\/#website\"},\"primaryImageOfPage\":{\"@id\":\"https:\\\/\\\/folhadoleste.com.br\\\/confira-a-previsao-dos-ultimos-dias-do-ano-no-rio-de-janeiro\\\/#primaryimage\"},\"image\":{\"@id\":\"https:\\\/\\\/folhadoleste.com.br\\\/confira-a-previsao-dos-ultimos-dias-do-ano-no-rio-de-janeiro\\\/#primaryimage\"},\"thumbnailUrl\":\"https:\\\/\\\/folhadoleste.com.br\\\/wp-content\\\/uploads\\\/2024\\\/05\\\/Previsao-do-Tempo-Rio-de-Janeiro-Segunda-feira-27-de-maio.jpg\",\"datePublished\":\"2024-12-29T16:03:21+00:00\",\"description\":\"Confira a previs\u00e3o dos \u00faltimos dias do ano no Rio de Janeiro. Virada do ano no Rio pode ter chuva isolada e ventos moderados...\",\"breadcrumb\":{\"@id\":\"https:\\\/\\\/folhadoleste.com.br\\\/confira-a-previsao-dos-ultimos-dias-do-ano-no-rio-de-janeiro\\\/#breadcrumb\"},\"inLanguage\":\"en-US\",\"potentialAction\":[{\"@type\":\"ReadAction\",\"target\":[\"https:\\\/\\\/folhadoleste.com.br\\\/confira-a-previsao-dos-ultimos-dias-do-ano-no-rio-de-janeiro\\\/\"]}]},{\"@type\":\"ImageObject\",\"inLanguage\":\"en-US\",\"@id\":\"https:\\\/\\\/folhadoleste.com.br\\\/confira-a-previsao-dos-ultimos-dias-do-ano-no-rio-de-janeiro\\\/#primaryimage\",\"url\":\"https:\\\/\\\/folhadoleste.com.br\\\/wp-content\\\/uploads\\\/2024\\\/05\\\/Previsao-do-Tempo-Rio-de-Janeiro-Segunda-feira-27-de-maio.jpg\",\"contentUrl\":\"https:\\\/\\\/folhadoleste.com.br\\\/wp-content\\\/uploads\\\/2024\\\/05\\\/Previsao-do-Tempo-Rio-de-Janeiro-Segunda-feira-27-de-maio.jpg\",\"width\":688,\"height\":417,\"caption\":\"Frente fria muda o tempo e derruba temperaturas no Rio | Reprodu\u00e7\u00e3o\"},{\"@type\":\"BreadcrumbList\",\"@id\":\"https:\\\/\\\/folhadoleste.com.br\\\/confira-a-previsao-dos-ultimos-dias-do-ano-no-rio-de-janeiro\\\/#breadcrumb\",\"itemListElement\":[{\"@type\":\"ListItem\",\"position\":1,\"name\":\"In\u00edcio\",\"item\":\"https:\\\/\\\/folhadoleste.com.br\\\/\"},{\"@type\":\"ListItem\",\"position\":2,\"name\":\"Rio de Janeiro - Capital\",\"item\":\"https:\\\/\\\/folhadoleste.com.br\\\/category\\\/rio-de-janeiro-capital\\\/\"},{\"@type\":\"ListItem\",\"position\":3,\"name\":\"Confira a previs\u00e3o dos \u00faltimos dias do ano no Rio de Janeiro\"}]},{\"@type\":\"WebSite\",\"@id\":\"https:\\\/\\\/folhadoleste.com.br\\\/#website\",\"url\":\"https:\\\/\\\/folhadoleste.com.br\\\/\",\"name\":\"Folha do Leste\",\"description\":\"Portal de Not\u00edcias com \u00eanfase em Niter\u00f3i, criando conte\u00fados desde a capital Rio de Janeiro, com olhar para o Leste Fluminense e suas cidades como S\u00e3o Gon\u00e7alo, Itabora\u00ed, Rio Bonito, Maric\u00e1, Saquarema e Araruama\",\"publisher\":{\"@id\":\"https:\\\/\\\/folhadoleste.com.br\\\/#organization\"},\"alternateName\":\"FL\",\"potentialAction\":[{\"@type\":\"SearchAction\",\"target\":{\"@type\":\"EntryPoint\",\"urlTemplate\":\"https:\\\/\\\/folhadoleste.com.br\\\/?s={search_term_string}\"},\"query-input\":{\"@type\":\"PropertyValueSpecification\",\"valueRequired\":true,\"valueName\":\"search_term_string\"}}],\"inLanguage\":\"en-US\"},{\"@type\":\"Organization\",\"@id\":\"https:\\\/\\\/folhadoleste.com.br\\\/#organization\",\"name\":\"Brasil 21 Comunica\u00e7\u00e3o\",\"alternateName\":\"BR21\",\"url\":\"https:\\\/\\\/folhadoleste.com.br\\\/\",\"logo\":{\"@type\":\"ImageObject\",\"inLanguage\":\"en-US\",\"@id\":\"https:\\\/\\\/folhadoleste.com.br\\\/#\\\/schema\\\/logo\\\/image\\\/\",\"url\":\"https:\\\/\\\/folhadoleste.com.br\\\/wp-content\\\/uploads\\\/2025\\\/12\\\/brasil-21-logomarca.avif\",\"contentUrl\":\"https:\\\/\\\/folhadoleste.com.br\\\/wp-content\\\/uploads\\\/2025\\\/12\\\/brasil-21-logomarca.avif\",\"width\":1044,\"height\":1044,\"caption\":\"Brasil 21 Comunica\u00e7\u00e3o\"},\"image\":{\"@id\":\"https:\\\/\\\/folhadoleste.com.br\\\/#\\\/schema\\\/logo\\\/image\\\/\"},\"sameAs\":[\"https:\\\/\\\/www.facebook.com\\\/folhadoleste\",\"https:\\\/\\\/x.com\\\/FolhadoLesteRJ\",\"https:\\\/\\\/www.instagram.com\\\/folhadoleste\\\/\"]},{\"@type\":\"Person\",\"@id\":\"https:\\\/\\\/folhadoleste.com.br\\\/#\\\/schema\\\/person\\\/3e97145b2e1861276e84471aa85a3899\",\"name\":\"Folha do Leste\",\"image\":{\"@type\":\"ImageObject\",\"inLanguage\":\"en-US\",\"@id\":\"https:\\\/\\\/folhadoleste.com.br\\\/wp-content\\\/litespeed\\\/avatar\\\/1ca8c218432e7045e748610eb3db0259.jpg?ver=1777161142\",\"url\":\"https:\\\/\\\/folhadoleste.com.br\\\/wp-content\\\/litespeed\\\/avatar\\\/1ca8c218432e7045e748610eb3db0259.jpg?ver=1777161142\",\"contentUrl\":\"https:\\\/\\\/folhadoleste.com.br\\\/wp-content\\\/litespeed\\\/avatar\\\/1ca8c218432e7045e748610eb3db0259.jpg?ver=1777161142\",\"caption\":\"Folha do Leste\"},\"url\":\"https:\\\/\\\/folhadoleste.com.br\\\/en\\\/author\\\/reportagem-01\\\/\"}]}<\/script>\n<!-- \/ Yoast SEO plugin. -->","yoast_head_json":{"title":"Confira a previs\u00e3o dos \u00faltimos dias do ano no Rio de Janeiro &#8226; Folha do Leste","description":"Confira a previs\u00e3o dos \u00faltimos dias do ano no Rio de Janeiro. Virada do ano no Rio pode ter chuva isolada e ventos moderados...","robots":{"index":"index","follow":"follow","max-snippet":"max-snippet:-1","max-image-preview":"max-image-preview:large","max-video-preview":"max-video-preview:-1"},"canonical":"https:\/\/folhadoleste.com.br\/en\/confira-a-previsao-dos-ultimos-dias-do-ano-no-rio-de-janeiro\/","og_locale":"en_US","og_type":"article","og_title":"Confira a previs\u00e3o dos \u00faltimos dias do ano no Rio de Janeiro &#8226; Folha do Leste","og_description":"Confira a previs\u00e3o dos \u00faltimos dias do ano no Rio de Janeiro. Virada do ano no Rio pode ter chuva isolada e ventos moderados...","og_url":"https:\/\/folhadoleste.com.br\/en\/confira-a-previsao-dos-ultimos-dias-do-ano-no-rio-de-janeiro\/","og_site_name":"Folha do Leste","article_publisher":"https:\/\/www.facebook.com\/folhadoleste","article_published_time":"2024-12-29T16:03:21+00:00","og_image":[{"width":688,"height":417,"url":"https:\/\/folhadoleste.com.br\/wp-content\/uploads\/2024\/05\/Previsao-do-Tempo-Rio-de-Janeiro-Segunda-feira-27-de-maio.jpg","type":"image\/jpeg"}],"author":"Folha do Leste","twitter_card":"summary_large_image","twitter_creator":"@FolhadoLesteRJ","twitter_site":"@FolhadoLesteRJ","twitter_misc":{"Written by":"Folha do Leste","Est. reading time":"3 minutes"},"schema":{"@context":"https:\/\/schema.org","@graph":[{"@type":"NewsArticle","@id":"https:\/\/folhadoleste.com.br\/confira-a-previsao-dos-ultimos-dias-do-ano-no-rio-de-janeiro\/#article","isPartOf":{"@id":"https:\/\/folhadoleste.com.br\/confira-a-previsao-dos-ultimos-dias-do-ano-no-rio-de-janeiro\/"},"author":{"name":"Folha do Leste","@id":"https:\/\/folhadoleste.com.br\/#\/schema\/person\/3e97145b2e1861276e84471aa85a3899"},"headline":"Confira a previs\u00e3o dos \u00faltimos dias do ano no Rio de Janeiro","datePublished":"2024-12-29T16:03:21+00:00","mainEntityOfPage":{"@id":"https:\/\/folhadoleste.com.br\/confira-a-previsao-dos-ultimos-dias-do-ano-no-rio-de-janeiro\/"},"wordCount":324,"commentCount":0,"publisher":{"@id":"https:\/\/folhadoleste.com.br\/#organization"},"image":{"@id":"https:\/\/folhadoleste.com.br\/confira-a-previsao-dos-ultimos-dias-do-ano-no-rio-de-janeiro\/#primaryimage"},"thumbnailUrl":"https:\/\/folhadoleste.com.br\/wp-content\/uploads\/2024\/05\/Previsao-do-Tempo-Rio-de-Janeiro-Segunda-feira-27-de-maio.jpg","keywords":["Ano Novo","Canal de umidade","C\u00e9u nublado","chuva","clima no Rio","Clima no RJ","dezembro","Fim de ano","frente fria","pancadas de chuva","previs\u00e3o do tempo","previs\u00e3o meteorol\u00f3gica","r\u00e9veillon","Rio de Janeiro","temperaturas","Tempo no Rio","\u00daltimos dias do ano","Umidade","ver\u00e3o","Virada do Ano"],"articleSection":["Rio de Janeiro - Capital"],"inLanguage":"en-US","potentialAction":[{"@type":"CommentAction","name":"Comment","target":["https:\/\/folhadoleste.com.br\/confira-a-previsao-dos-ultimos-dias-do-ano-no-rio-de-janeiro\/#respond"]}]},{"@type":"WebPage","@id":"https:\/\/folhadoleste.com.br\/confira-a-previsao-dos-ultimos-dias-do-ano-no-rio-de-janeiro\/","url":"https:\/\/folhadoleste.com.br\/confira-a-previsao-dos-ultimos-dias-do-ano-no-rio-de-janeiro\/","name":"Confira a previs\u00e3o dos \u00faltimos dias do ano no Rio de Janeiro &#8226; Folha do Leste","isPartOf":{"@id":"https:\/\/folhadoleste.com.br\/#website"},"primaryImageOfPage":{"@id":"https:\/\/folhadoleste.com.br\/confira-a-previsao-dos-ultimos-dias-do-ano-no-rio-de-janeiro\/#primaryimage"},"image":{"@id":"https:\/\/folhadoleste.com.br\/confira-a-previsao-dos-ultimos-dias-do-ano-no-rio-de-janeiro\/#primaryimage"},"thumbnailUrl":"https:\/\/folhadoleste.com.br\/wp-content\/uploads\/2024\/05\/Previsao-do-Tempo-Rio-de-Janeiro-Segunda-feira-27-de-maio.jpg","datePublished":"2024-12-29T16:03:21+00:00","description":"Confira a previs\u00e3o dos \u00faltimos dias do ano no Rio de Janeiro. Virada do ano no Rio pode ter chuva isolada e ventos moderados...","breadcrumb":{"@id":"https:\/\/folhadoleste.com.br\/confira-a-previsao-dos-ultimos-dias-do-ano-no-rio-de-janeiro\/#breadcrumb"},"inLanguage":"en-US","potentialAction":[{"@type":"ReadAction","target":["https:\/\/folhadoleste.com.br\/confira-a-previsao-dos-ultimos-dias-do-ano-no-rio-de-janeiro\/"]}]},{"@type":"ImageObject","inLanguage":"en-US","@id":"https:\/\/folhadoleste.com.br\/confira-a-previsao-dos-ultimos-dias-do-ano-no-rio-de-janeiro\/#primaryimage","url":"https:\/\/folhadoleste.com.br\/wp-content\/uploads\/2024\/05\/Previsao-do-Tempo-Rio-de-Janeiro-Segunda-feira-27-de-maio.jpg","contentUrl":"https:\/\/folhadoleste.com.br\/wp-content\/uploads\/2024\/05\/Previsao-do-Tempo-Rio-de-Janeiro-Segunda-feira-27-de-maio.jpg","width":688,"height":417,"caption":"Frente fria muda o tempo e derruba temperaturas no Rio | Reprodu\u00e7\u00e3o"},{"@type":"BreadcrumbList","@id":"https:\/\/folhadoleste.com.br\/confira-a-previsao-dos-ultimos-dias-do-ano-no-rio-de-janeiro\/#breadcrumb","itemListElement":[{"@type":"ListItem","position":1,"name":"In\u00edcio","item":"https:\/\/folhadoleste.com.br\/"},{"@type":"ListItem","position":2,"name":"Rio de Janeiro - Capital","item":"https:\/\/folhadoleste.com.br\/category\/rio-de-janeiro-capital\/"},{"@type":"ListItem","position":3,"name":"Confira a previs\u00e3o dos \u00faltimos dias do ano no Rio de Janeiro"}]},{"@type":"WebSite","@id":"https:\/\/folhadoleste.com.br\/#website","url":"https:\/\/folhadoleste.com.br\/","name":"Folha do Leste","description":"Portal de Not\u00edcias com \u00eanfase em Niter\u00f3i, criando conte\u00fados desde a capital Rio de Janeiro, com olhar para o Leste Fluminense e suas cidades como S\u00e3o Gon\u00e7alo, Itabora\u00ed, Rio Bonito, Maric\u00e1, Saquarema e Araruama","publisher":{"@id":"https:\/\/folhadoleste.com.br\/#organization"},"alternateName":"FL","potentialAction":[{"@type":"SearchAction","target":{"@type":"EntryPoint","urlTemplate":"https:\/\/folhadoleste.com.br\/?s={search_term_string}"},"query-input":{"@type":"PropertyValueSpecification","valueRequired":true,"valueName":"search_term_string"}}],"inLanguage":"en-US"},{"@type":"Organization","@id":"https:\/\/folhadoleste.com.br\/#organization","name":"Brasil 21 Comunica\u00e7\u00e3o","alternateName":"BR21","url":"https:\/\/folhadoleste.com.br\/","logo":{"@type":"ImageObject","inLanguage":"en-US","@id":"https:\/\/folhadoleste.com.br\/#\/schema\/logo\/image\/","url":"https:\/\/folhadoleste.com.br\/wp-content\/uploads\/2025\/12\/brasil-21-logomarca.avif","contentUrl":"https:\/\/folhadoleste.com.br\/wp-content\/uploads\/2025\/12\/brasil-21-logomarca.avif","width":1044,"height":1044,"caption":"Brasil 21 Comunica\u00e7\u00e3o"},"image":{"@id":"https:\/\/folhadoleste.com.br\/#\/schema\/logo\/image\/"},"sameAs":["https:\/\/www.facebook.com\/folhadoleste","https:\/\/x.com\/FolhadoLesteRJ","https:\/\/www.instagram.com\/folhadoleste\/"]},{"@type":"Person","@id":"https:\/\/folhadoleste.com.br\/#\/schema\/person\/3e97145b2e1861276e84471aa85a3899","name":"Folha do Leste","image":{"@type":"ImageObject","inLanguage":"en-US","@id":"https:\/\/folhadoleste.com.br\/wp-content\/litespeed\/avatar\/1ca8c218432e7045e748610eb3db0259.jpg?ver=1777161142","url":"https:\/\/folhadoleste.com.br\/wp-content\/litespeed\/avatar\/1ca8c218432e7045e748610eb3db0259.jpg?ver=1777161142","contentUrl":"https:\/\/folhadoleste.com.br\/wp-content\/litespeed\/avatar\/1ca8c218432e7045e748610eb3db0259.jpg?ver=1777161142","caption":"Folha do Leste"},"url":"https:\/\/folhadoleste.com.br\/en\/author\/reportagem-01\/"}]}},"_links":{"self":[{"href":"https:\/\/folhadoleste.com.br\/en\/wp-json\/wp\/v2\/posts\/103648","targetHints":{"allow":["GET"]}}],"collection":[{"href":"https:\/\/folhadoleste.com.br\/en\/wp-json\/wp\/v2\/posts"}],"about":[{"href":"https:\/\/folhadoleste.com.br\/en\/wp-json\/wp\/v2\/types\/post"}],"author":[{"embeddable":true,"href":"https:\/\/folhadoleste.com.br\/en\/wp-json\/wp\/v2\/users\/4"}],"replies":[{"embeddable":true,"href":"https:\/\/folhadoleste.com.br\/en\/wp-json\/wp\/v2\/comments?post=103648"}],"version-history":[{"count":1,"href":"https:\/\/folhadoleste.com.br\/en\/wp-json\/wp\/v2\/posts\/103648\/revisions"}],"predecessor-version":[{"id":103650,"href":"https:\/\/folhadoleste.com.br\/en\/wp-json\/wp\/v2\/posts\/103648\/revisions\/103650"}],"wp:featuredmedia":[{"embeddable":true,"href":"https:\/\/folhadoleste.com.br\/en\/wp-json\/wp\/v2\/media\/67867"}],"wp:attachment":[{"href":"https:\/\/folhadoleste.com.br\/en\/wp-json\/wp\/v2\/media?parent=103648"}],"wp:term":[{"taxonomy":"category","embeddable":true,"href":"https:\/\/folhadoleste.com.br\/en\/wp-json\/wp\/v2\/categories?post=103648"},{"taxonomy":"post_tag","embeddable":true,"href":"https:\/\/folhadoleste.com.br\/en\/wp-json\/wp\/v2\/tags?post=103648"}],"curies":[{"name":"wp","href":"https:\/\/api.w.org\/{rel}","templated":true}]}}