{"id":103629,"date":"2024-12-29T11:14:26","date_gmt":"2024-12-29T14:14:26","guid":{"rendered":"https:\/\/folhadoleste.com.br\/?p=103629"},"modified":"2024-12-29T11:14:26","modified_gmt":"2024-12-29T14:14:26","slug":"niteroi-acidente-entre-carro-e-moto-deixa-feridos-em-piratininga","status":"publish","type":"post","link":"https:\/\/folhadoleste.com.br\/en\/niteroi-acidente-entre-carro-e-moto-deixa-feridos-em-piratininga\/","title":{"rendered":"Niter\u00f3i: Acidente entre carro e moto deixa feridos em Piratininga"},"content":{"rendered":"<div id=\"attachment_103631\" style=\"width: 970px\" class=\"wp-caption aligncenter\"><img decoding=\"async\" aria-describedby=\"caption-attachment-103631\" class=\"size-full wp-image-103631\" src=\"https:\/\/folhadoleste.com.br\/wp-content\/uploads\/2024\/12\/Niteroi-Acidente-entre-carro-e-moto-deixa-feridos-em-Piratininga-Foto-Reproducao-Redes-Sociais.jpg\" alt=\"Niter\u00f3i: Acidente entre carro e moto deixa feridos em Piratininga\" width=\"960\" height=\"1200\" \/><p id=\"caption-attachment-103631\" class=\"wp-caption-text\">Niter\u00f3i: Acidente entre carro e moto deixa feridos em Piratininga | Reprodu\u00e7\u00e3o\/Redes Sociais<\/p><\/div>\n<p style=\"text-align: justify;\">Um acidente envolvendo um carro e uma moto deixou duas pessoas feridas na Rua Doutor Salom\u00e3o Vergueiro da Cruz, em Piratininga, na Regi\u00e3o Oce\u00e2nica de Niter\u00f3i, na manh\u00e3 deste domingo (29). O Corpo de Bombeiros foi acionado para socorrer as v\u00edtimas.<\/p>\n<h6><span style=\"color: #ff0000;\"><strong>+<\/strong><\/span> <span style=\"color: #000000;\">LEIA TAMB\u00c9M: <\/span><strong>\u25ba<a href=\"https:\/\/folhadoleste.com.br\/en\/construcao-de-escola-embargada-no-humaita-gera-polemica\/\">Constru\u00e7\u00e3o de escola embargada no Humait\u00e1 gera pol\u00eamica<\/a><\/strong><\/h6>\n<p style=\"text-align: justify;\">As v\u00edtimas apresentaram ferimentos moderados e foram levadas para o Hospital Estadual Azevedo Lima (Heal), no bairro Fonseca. Apesar do atendimento r\u00e1pido, o estado de sa\u00fade delas n\u00e3o foi divulgado at\u00e9 o momento.<\/p>\n<p style=\"text-align: justify;\">Agentes do programa Seguran\u00e7a Presente tamb\u00e9m compareceram ao local do acidente. A equipe auxiliou na organiza\u00e7\u00e3o do tr\u00e2nsito enquanto o resgate era realizado.<\/p>\n<h5 style=\"text-align: center;\"><span style=\"color: #000000;\"><span style=\"color: #ff0000;\"><strong>+ <\/strong><\/span><\/span><span style=\"color: #000000;\"><strong><span style=\"color: #ff9900;\">MAIS NOT\u00cdCIAS DE NITER\u00d3I?<\/span>\u00a0<\/strong><\/span><span style=\"color: #008080;\"><a style=\"color: #008080;\" href=\"https:\/\/folhadoleste.com.br\/en\/category\/jornal-folha-do-leste-rj\/niteroi\/\"><strong>CLIQUE AQUI<\/strong><\/a><\/span><\/h5>\n<p style=\"text-align: justify;\">O acionamento dos Bombeiros foi r\u00e1pido, e o atendimento inicial foi fundamental para estabilizar os feridos. A per\u00edcia ainda n\u00e3o divulgou as poss\u00edveis causas do acidente, mas a investiga\u00e7\u00e3o deve esclarecer o ocorrido nos pr\u00f3ximos dias.<\/p>\n<h6><span style=\"color: #ff0000;\"><strong>+<\/strong><\/span> <span style=\"color: #000000;\">LEIA TAMB\u00c9M: <\/span><strong>\u25ba<a href=\"https:\/\/folhadoleste.com.br\/en\/queda-de-aviao-deixa-179-mortos-na-coreia-do-sul-video\/\">Queda de avi\u00e3o deixa 179 mortos na Coreia do Sul \u2013 V\u00eddeo<\/a><\/strong><\/h6>\n<p style=\"text-align: justify;\">A via ficou parcialmente interditada durante o atendimento, mas foi liberada logo ap\u00f3s a remo\u00e7\u00e3o dos ve\u00edculos envolvidos. Motoristas que trafegavam pela \u00e1rea enfrentaram lentid\u00e3o tempor\u00e1ria.<\/p>\n<div id=\"attachment_77492\" class=\"wp-caption aligncenter\"><a href=\"http:\/\/instagram.com\/folhadoleste\"><img decoding=\"async\" class=\"wp-image-77492 size-full\" src=\"https:\/\/folhadoleste.com.br\/wp-content\/uploads\/2024\/07\/Instagram-Folha-do-Leste.png\" alt=\"http:\/\/instagram.com\/folhadoleste\" width=\"400\" height=\"200\" aria-describedby=\"caption-attachment-77492\" \/><\/a><\/div>\n<div id=\"attachment_77490\" class=\"wp-caption aligncenter\"><a href=\"http:\/\/facebook.com\/folhadoleste\"><img decoding=\"async\" class=\"size-medium wp-image-77490\" src=\"https:\/\/folhadoleste.com.br\/wp-content\/uploads\/2024\/07\/Facebook-Folha-do-Leste-10k-300x300.jpg\" alt=\"Curta e siga o Folha do Leste no Facebook!\" width=\"300\" height=\"300\" aria-describedby=\"caption-attachment-77490\" \/><\/a><\/div>","protected":false},"excerpt":{"rendered":"<p>Um acidente envolvendo um carro e uma moto deixou duas pessoas feridas na Rua Doutor Salom\u00e3o Vergueiro da Cruz, em Piratininga, na Regi\u00e3o Oce\u00e2nica de Niter\u00f3i, na manh\u00e3 deste domingo (29). O Corpo de Bombeiros foi acionado para socorrer as v\u00edtimas. + LEIA TAMB\u00c9M: \u25baConstru\u00e7\u00e3o de escola embargada no Humait\u00e1 gera pol\u00eamica As v\u00edtimas apresentaram ferimentos moderados e foram levadas para o Hospital Estadual Azevedo Lima (Heal), no bairro Fonseca. Apesar do atendimento r\u00e1pido, o estado de sa\u00fade delas n\u00e3o foi divulgado at\u00e9 o momento. Agentes do programa Seguran\u00e7a Presente tamb\u00e9m compareceram ao local do acidente. A equipe auxiliou na [&hellip;]<\/p>\n","protected":false},"author":4,"featured_media":103632,"comment_status":"open","ping_status":"open","sticky":false,"template":"","format":"standard","meta":{"footnotes":""},"categories":[47,5],"tags":[722,11586,12492,3606,1779,329,6672,7517,3729,2468,54,57564,2093,50,958,1334,2587,5728,3250,11253,730],"class_list":["post-103629","post","type-post","status-publish","format-standard","has-post-thumbnail","hentry","category-leste-fluminense","category-noticias-de-niteroi","tag-acidente","tag-acidente-de-carro","tag-acidente-de-moto","tag-baldeador","tag-bombeiros","tag-carro","tag-centro-de-niteroi","tag-colisao","tag-estrada-francisco-da-cruz-nunes","tag-feridos","tag-leste-fluminense","tag-mario-viana","tag-moto","tag-niteroi","tag-nittrans","tag-piratininga","tag-policia-militar","tag-rj-100","tag-santa-rosa","tag-seguranca-no-transito","tag-transito","post--single"],"yoast_head":"<!-- This site is optimized with the Yoast SEO plugin v27.4 - https:\/\/yoast.com\/product\/yoast-seo-wordpress\/ -->\n<title>Niter\u00f3i: Acidente entre carro e moto deixa feridos em Piratininga &#8226; Folha do Leste<\/title>\n<meta name=\"description\" content=\"Niter\u00f3i: Acidente entre carro e moto deixa feridos em Piratininga. Tr\u00e2nsito na via foi parcialmente bloqueado...\" \/>\n<meta name=\"robots\" content=\"index, follow, max-snippet:-1, max-image-preview:large, max-video-preview:-1\" \/>\n<link rel=\"canonical\" href=\"https:\/\/folhadoleste.com.br\/en\/niteroi-acidente-entre-carro-e-moto-deixa-feridos-em-piratininga\/\" \/>\n<meta property=\"og:locale\" content=\"en_US\" \/>\n<meta property=\"og:type\" content=\"article\" \/>\n<meta property=\"og:title\" content=\"Niter\u00f3i: Acidente entre carro e moto deixa feridos em Piratininga &#8226; Folha do Leste\" \/>\n<meta property=\"og:description\" content=\"Niter\u00f3i: Acidente entre carro e moto deixa feridos em Piratininga. Tr\u00e2nsito na via foi parcialmente bloqueado...\" \/>\n<meta property=\"og:url\" content=\"https:\/\/folhadoleste.com.br\/en\/niteroi-acidente-entre-carro-e-moto-deixa-feridos-em-piratininga\/\" \/>\n<meta property=\"og:site_name\" content=\"Folha do Leste\" \/>\n<meta property=\"article:publisher\" content=\"https:\/\/www.facebook.com\/folhadoleste\" \/>\n<meta property=\"article:published_time\" content=\"2024-12-29T14:14:26+00:00\" \/>\n<meta property=\"og:image\" content=\"https:\/\/folhadoleste.com.br\/wp-content\/uploads\/2024\/12\/Niteroi-Acidente-entre-carro-e-moto-deixa-feridos-em-Piratininga-2-Foto-Reproducao-Redes-Sociais.jpg\" \/>\n\t<meta property=\"og:image:width\" content=\"960\" \/>\n\t<meta property=\"og:image:height\" content=\"540\" \/>\n\t<meta property=\"og:image:type\" content=\"image\/jpeg\" \/>\n<meta name=\"author\" content=\"Folha do Leste\" \/>\n<meta name=\"twitter:card\" content=\"summary_large_image\" \/>\n<meta name=\"twitter:creator\" content=\"@FolhadoLesteRJ\" \/>\n<meta name=\"twitter:site\" content=\"@FolhadoLesteRJ\" \/>\n<meta name=\"twitter:label1\" content=\"Written by\" \/>\n\t<meta name=\"twitter:data1\" content=\"Folha do Leste\" \/>\n\t<meta name=\"twitter:label2\" content=\"Est. reading time\" \/>\n\t<meta name=\"twitter:data2\" content=\"2 minutes\" \/>\n<script type=\"application\/ld+json\" class=\"yoast-schema-graph\">{\"@context\":\"https:\\\/\\\/schema.org\",\"@graph\":[{\"@type\":\"NewsArticle\",\"@id\":\"https:\\\/\\\/folhadoleste.com.br\\\/niteroi-acidente-entre-carro-e-moto-deixa-feridos-em-piratininga\\\/#article\",\"isPartOf\":{\"@id\":\"https:\\\/\\\/folhadoleste.com.br\\\/niteroi-acidente-entre-carro-e-moto-deixa-feridos-em-piratininga\\\/\"},\"author\":{\"name\":\"Folha do Leste\",\"@id\":\"https:\\\/\\\/folhadoleste.com.br\\\/#\\\/schema\\\/person\\\/3e97145b2e1861276e84471aa85a3899\"},\"headline\":\"Niter\u00f3i: Acidente entre carro e moto deixa feridos em Piratininga\",\"datePublished\":\"2024-12-29T14:14:26+00:00\",\"mainEntityOfPage\":{\"@id\":\"https:\\\/\\\/folhadoleste.com.br\\\/niteroi-acidente-entre-carro-e-moto-deixa-feridos-em-piratininga\\\/\"},\"wordCount\":251,\"commentCount\":1,\"publisher\":{\"@id\":\"https:\\\/\\\/folhadoleste.com.br\\\/#organization\"},\"image\":{\"@id\":\"https:\\\/\\\/folhadoleste.com.br\\\/niteroi-acidente-entre-carro-e-moto-deixa-feridos-em-piratininga\\\/#primaryimage\"},\"thumbnailUrl\":\"https:\\\/\\\/folhadoleste.com.br\\\/wp-content\\\/uploads\\\/2024\\\/12\\\/Niteroi-Acidente-entre-carro-e-moto-deixa-feridos-em-Piratininga-2-Foto-Reproducao-Redes-Sociais.jpg\",\"keywords\":[\"acidente\",\"acidente de carro\",\"acidente de moto\",\"Baldeador\",\"Bombeiros\",\"carro\",\"Centro de Niter\u00f3i\",\"colis\u00e3o\",\"Estrada Francisco da Cruz Nunes\",\"feridos\",\"Leste Fluminense\",\"M\u00e1rio Viana\",\"moto\",\"Niter\u00f3i\",\"NitTrans\",\"Piratininga\",\"Pol\u00edcia Militar\",\"RJ-100\",\"Santa Rosa\",\"Seguran\u00e7a no tr\u00e2nsito\",\"Tr\u00e2nsito\"],\"articleSection\":[\"Leste Fluminense\",\"Niter\u00f3i\"],\"inLanguage\":\"en-US\",\"potentialAction\":[{\"@type\":\"CommentAction\",\"name\":\"Comment\",\"target\":[\"https:\\\/\\\/folhadoleste.com.br\\\/niteroi-acidente-entre-carro-e-moto-deixa-feridos-em-piratininga\\\/#respond\"]}]},{\"@type\":\"WebPage\",\"@id\":\"https:\\\/\\\/folhadoleste.com.br\\\/niteroi-acidente-entre-carro-e-moto-deixa-feridos-em-piratininga\\\/\",\"url\":\"https:\\\/\\\/folhadoleste.com.br\\\/niteroi-acidente-entre-carro-e-moto-deixa-feridos-em-piratininga\\\/\",\"name\":\"Niter\u00f3i: Acidente entre carro e moto deixa feridos em Piratininga &#8226; Folha do Leste\",\"isPartOf\":{\"@id\":\"https:\\\/\\\/folhadoleste.com.br\\\/#website\"},\"primaryImageOfPage\":{\"@id\":\"https:\\\/\\\/folhadoleste.com.br\\\/niteroi-acidente-entre-carro-e-moto-deixa-feridos-em-piratininga\\\/#primaryimage\"},\"image\":{\"@id\":\"https:\\\/\\\/folhadoleste.com.br\\\/niteroi-acidente-entre-carro-e-moto-deixa-feridos-em-piratininga\\\/#primaryimage\"},\"thumbnailUrl\":\"https:\\\/\\\/folhadoleste.com.br\\\/wp-content\\\/uploads\\\/2024\\\/12\\\/Niteroi-Acidente-entre-carro-e-moto-deixa-feridos-em-Piratininga-2-Foto-Reproducao-Redes-Sociais.jpg\",\"datePublished\":\"2024-12-29T14:14:26+00:00\",\"description\":\"Niter\u00f3i: Acidente entre carro e moto deixa feridos em Piratininga. Tr\u00e2nsito na via foi parcialmente bloqueado...\",\"breadcrumb\":{\"@id\":\"https:\\\/\\\/folhadoleste.com.br\\\/niteroi-acidente-entre-carro-e-moto-deixa-feridos-em-piratininga\\\/#breadcrumb\"},\"inLanguage\":\"en-US\",\"potentialAction\":[{\"@type\":\"ReadAction\",\"target\":[\"https:\\\/\\\/folhadoleste.com.br\\\/niteroi-acidente-entre-carro-e-moto-deixa-feridos-em-piratininga\\\/\"]}]},{\"@type\":\"ImageObject\",\"inLanguage\":\"en-US\",\"@id\":\"https:\\\/\\\/folhadoleste.com.br\\\/niteroi-acidente-entre-carro-e-moto-deixa-feridos-em-piratininga\\\/#primaryimage\",\"url\":\"https:\\\/\\\/folhadoleste.com.br\\\/wp-content\\\/uploads\\\/2024\\\/12\\\/Niteroi-Acidente-entre-carro-e-moto-deixa-feridos-em-Piratininga-2-Foto-Reproducao-Redes-Sociais.jpg\",\"contentUrl\":\"https:\\\/\\\/folhadoleste.com.br\\\/wp-content\\\/uploads\\\/2024\\\/12\\\/Niteroi-Acidente-entre-carro-e-moto-deixa-feridos-em-Piratininga-2-Foto-Reproducao-Redes-Sociais.jpg\",\"width\":960,\"height\":540,\"caption\":\"Niter\u00f3i: Acidente entre carro e moto deixa feridos em Piratininga | Reprodu\u00e7\u00e3o\\\/Redes Sociais\"},{\"@type\":\"BreadcrumbList\",\"@id\":\"https:\\\/\\\/folhadoleste.com.br\\\/niteroi-acidente-entre-carro-e-moto-deixa-feridos-em-piratininga\\\/#breadcrumb\",\"itemListElement\":[{\"@type\":\"ListItem\",\"position\":1,\"name\":\"In\u00edcio\",\"item\":\"https:\\\/\\\/folhadoleste.com.br\\\/\"},{\"@type\":\"ListItem\",\"position\":2,\"name\":\"Estado do Rio de Janeiro\",\"item\":\"https:\\\/\\\/folhadoleste.com.br\\\/category\\\/estado-do-rio-de-janeiro\\\/\"},{\"@type\":\"ListItem\",\"position\":3,\"name\":\"Leste Fluminense\",\"item\":\"https:\\\/\\\/folhadoleste.com.br\\\/category\\\/estado-do-rio-de-janeiro\\\/leste-fluminense\\\/\"},{\"@type\":\"ListItem\",\"position\":4,\"name\":\"Niter\u00f3i\",\"item\":\"https:\\\/\\\/folhadoleste.com.br\\\/category\\\/estado-do-rio-de-janeiro\\\/leste-fluminense\\\/noticias-de-niteroi\\\/\"},{\"@type\":\"ListItem\",\"position\":5,\"name\":\"Niter\u00f3i: Acidente entre carro e moto deixa feridos em Piratininga\"}]},{\"@type\":\"WebSite\",\"@id\":\"https:\\\/\\\/folhadoleste.com.br\\\/#website\",\"url\":\"https:\\\/\\\/folhadoleste.com.br\\\/\",\"name\":\"Folha do Leste\",\"description\":\"Portal de Not\u00edcias com \u00eanfase em Niter\u00f3i, criando conte\u00fados desde a capital Rio de Janeiro, com olhar para o Leste Fluminense e suas cidades como S\u00e3o Gon\u00e7alo, Itabora\u00ed, Rio Bonito, Maric\u00e1, Saquarema e Araruama\",\"publisher\":{\"@id\":\"https:\\\/\\\/folhadoleste.com.br\\\/#organization\"},\"alternateName\":\"FL\",\"potentialAction\":[{\"@type\":\"SearchAction\",\"target\":{\"@type\":\"EntryPoint\",\"urlTemplate\":\"https:\\\/\\\/folhadoleste.com.br\\\/?s={search_term_string}\"},\"query-input\":{\"@type\":\"PropertyValueSpecification\",\"valueRequired\":true,\"valueName\":\"search_term_string\"}}],\"inLanguage\":\"en-US\"},{\"@type\":\"Organization\",\"@id\":\"https:\\\/\\\/folhadoleste.com.br\\\/#organization\",\"name\":\"Brasil 21 Comunica\u00e7\u00e3o\",\"alternateName\":\"BR21\",\"url\":\"https:\\\/\\\/folhadoleste.com.br\\\/\",\"logo\":{\"@type\":\"ImageObject\",\"inLanguage\":\"en-US\",\"@id\":\"https:\\\/\\\/folhadoleste.com.br\\\/#\\\/schema\\\/logo\\\/image\\\/\",\"url\":\"https:\\\/\\\/folhadoleste.com.br\\\/wp-content\\\/uploads\\\/2025\\\/12\\\/brasil-21-logomarca.avif\",\"contentUrl\":\"https:\\\/\\\/folhadoleste.com.br\\\/wp-content\\\/uploads\\\/2025\\\/12\\\/brasil-21-logomarca.avif\",\"width\":1044,\"height\":1044,\"caption\":\"Brasil 21 Comunica\u00e7\u00e3o\"},\"image\":{\"@id\":\"https:\\\/\\\/folhadoleste.com.br\\\/#\\\/schema\\\/logo\\\/image\\\/\"},\"sameAs\":[\"https:\\\/\\\/www.facebook.com\\\/folhadoleste\",\"https:\\\/\\\/x.com\\\/FolhadoLesteRJ\",\"https:\\\/\\\/www.instagram.com\\\/folhadoleste\\\/\"]},{\"@type\":\"Person\",\"@id\":\"https:\\\/\\\/folhadoleste.com.br\\\/#\\\/schema\\\/person\\\/3e97145b2e1861276e84471aa85a3899\",\"name\":\"Folha do Leste\",\"image\":{\"@type\":\"ImageObject\",\"inLanguage\":\"en-US\",\"@id\":\"https:\\\/\\\/folhadoleste.com.br\\\/wp-content\\\/litespeed\\\/avatar\\\/1ca8c218432e7045e748610eb3db0259.jpg?ver=1777161142\",\"url\":\"https:\\\/\\\/folhadoleste.com.br\\\/wp-content\\\/litespeed\\\/avatar\\\/1ca8c218432e7045e748610eb3db0259.jpg?ver=1777161142\",\"contentUrl\":\"https:\\\/\\\/folhadoleste.com.br\\\/wp-content\\\/litespeed\\\/avatar\\\/1ca8c218432e7045e748610eb3db0259.jpg?ver=1777161142\",\"caption\":\"Folha do Leste\"},\"url\":\"https:\\\/\\\/folhadoleste.com.br\\\/en\\\/author\\\/reportagem-01\\\/\"}]}<\/script>\n<!-- \/ Yoast SEO plugin. -->","yoast_head_json":{"title":"Niter\u00f3i: Acidente entre carro e moto deixa feridos em Piratininga &#8226; Folha do Leste","description":"Niter\u00f3i: Acidente entre carro e moto deixa feridos em Piratininga. Tr\u00e2nsito na via foi parcialmente bloqueado...","robots":{"index":"index","follow":"follow","max-snippet":"max-snippet:-1","max-image-preview":"max-image-preview:large","max-video-preview":"max-video-preview:-1"},"canonical":"https:\/\/folhadoleste.com.br\/en\/niteroi-acidente-entre-carro-e-moto-deixa-feridos-em-piratininga\/","og_locale":"en_US","og_type":"article","og_title":"Niter\u00f3i: Acidente entre carro e moto deixa feridos em Piratininga &#8226; Folha do Leste","og_description":"Niter\u00f3i: Acidente entre carro e moto deixa feridos em Piratininga. Tr\u00e2nsito na via foi parcialmente bloqueado...","og_url":"https:\/\/folhadoleste.com.br\/en\/niteroi-acidente-entre-carro-e-moto-deixa-feridos-em-piratininga\/","og_site_name":"Folha do Leste","article_publisher":"https:\/\/www.facebook.com\/folhadoleste","article_published_time":"2024-12-29T14:14:26+00:00","og_image":[{"width":960,"height":540,"url":"https:\/\/folhadoleste.com.br\/wp-content\/uploads\/2024\/12\/Niteroi-Acidente-entre-carro-e-moto-deixa-feridos-em-Piratininga-2-Foto-Reproducao-Redes-Sociais.jpg","type":"image\/jpeg"}],"author":"Folha do Leste","twitter_card":"summary_large_image","twitter_creator":"@FolhadoLesteRJ","twitter_site":"@FolhadoLesteRJ","twitter_misc":{"Written by":"Folha do Leste","Est. reading time":"2 minutes"},"schema":{"@context":"https:\/\/schema.org","@graph":[{"@type":"NewsArticle","@id":"https:\/\/folhadoleste.com.br\/niteroi-acidente-entre-carro-e-moto-deixa-feridos-em-piratininga\/#article","isPartOf":{"@id":"https:\/\/folhadoleste.com.br\/niteroi-acidente-entre-carro-e-moto-deixa-feridos-em-piratininga\/"},"author":{"name":"Folha do Leste","@id":"https:\/\/folhadoleste.com.br\/#\/schema\/person\/3e97145b2e1861276e84471aa85a3899"},"headline":"Niter\u00f3i: Acidente entre carro e moto deixa feridos em Piratininga","datePublished":"2024-12-29T14:14:26+00:00","mainEntityOfPage":{"@id":"https:\/\/folhadoleste.com.br\/niteroi-acidente-entre-carro-e-moto-deixa-feridos-em-piratininga\/"},"wordCount":251,"commentCount":1,"publisher":{"@id":"https:\/\/folhadoleste.com.br\/#organization"},"image":{"@id":"https:\/\/folhadoleste.com.br\/niteroi-acidente-entre-carro-e-moto-deixa-feridos-em-piratininga\/#primaryimage"},"thumbnailUrl":"https:\/\/folhadoleste.com.br\/wp-content\/uploads\/2024\/12\/Niteroi-Acidente-entre-carro-e-moto-deixa-feridos-em-Piratininga-2-Foto-Reproducao-Redes-Sociais.jpg","keywords":["acidente","acidente de carro","acidente de moto","Baldeador","Bombeiros","carro","Centro de Niter\u00f3i","colis\u00e3o","Estrada Francisco da Cruz Nunes","feridos","Leste Fluminense","M\u00e1rio Viana","moto","Niter\u00f3i","NitTrans","Piratininga","Pol\u00edcia Militar","RJ-100","Santa Rosa","Seguran\u00e7a no tr\u00e2nsito","Tr\u00e2nsito"],"articleSection":["Leste Fluminense","Niter\u00f3i"],"inLanguage":"en-US","potentialAction":[{"@type":"CommentAction","name":"Comment","target":["https:\/\/folhadoleste.com.br\/niteroi-acidente-entre-carro-e-moto-deixa-feridos-em-piratininga\/#respond"]}]},{"@type":"WebPage","@id":"https:\/\/folhadoleste.com.br\/niteroi-acidente-entre-carro-e-moto-deixa-feridos-em-piratininga\/","url":"https:\/\/folhadoleste.com.br\/niteroi-acidente-entre-carro-e-moto-deixa-feridos-em-piratininga\/","name":"Niter\u00f3i: Acidente entre carro e moto deixa feridos em Piratininga &#8226; Folha do Leste","isPartOf":{"@id":"https:\/\/folhadoleste.com.br\/#website"},"primaryImageOfPage":{"@id":"https:\/\/folhadoleste.com.br\/niteroi-acidente-entre-carro-e-moto-deixa-feridos-em-piratininga\/#primaryimage"},"image":{"@id":"https:\/\/folhadoleste.com.br\/niteroi-acidente-entre-carro-e-moto-deixa-feridos-em-piratininga\/#primaryimage"},"thumbnailUrl":"https:\/\/folhadoleste.com.br\/wp-content\/uploads\/2024\/12\/Niteroi-Acidente-entre-carro-e-moto-deixa-feridos-em-Piratininga-2-Foto-Reproducao-Redes-Sociais.jpg","datePublished":"2024-12-29T14:14:26+00:00","description":"Niter\u00f3i: Acidente entre carro e moto deixa feridos em Piratininga. Tr\u00e2nsito na via foi parcialmente bloqueado...","breadcrumb":{"@id":"https:\/\/folhadoleste.com.br\/niteroi-acidente-entre-carro-e-moto-deixa-feridos-em-piratininga\/#breadcrumb"},"inLanguage":"en-US","potentialAction":[{"@type":"ReadAction","target":["https:\/\/folhadoleste.com.br\/niteroi-acidente-entre-carro-e-moto-deixa-feridos-em-piratininga\/"]}]},{"@type":"ImageObject","inLanguage":"en-US","@id":"https:\/\/folhadoleste.com.br\/niteroi-acidente-entre-carro-e-moto-deixa-feridos-em-piratininga\/#primaryimage","url":"https:\/\/folhadoleste.com.br\/wp-content\/uploads\/2024\/12\/Niteroi-Acidente-entre-carro-e-moto-deixa-feridos-em-Piratininga-2-Foto-Reproducao-Redes-Sociais.jpg","contentUrl":"https:\/\/folhadoleste.com.br\/wp-content\/uploads\/2024\/12\/Niteroi-Acidente-entre-carro-e-moto-deixa-feridos-em-Piratininga-2-Foto-Reproducao-Redes-Sociais.jpg","width":960,"height":540,"caption":"Niter\u00f3i: Acidente entre carro e moto deixa feridos em Piratininga | Reprodu\u00e7\u00e3o\/Redes Sociais"},{"@type":"BreadcrumbList","@id":"https:\/\/folhadoleste.com.br\/niteroi-acidente-entre-carro-e-moto-deixa-feridos-em-piratininga\/#breadcrumb","itemListElement":[{"@type":"ListItem","position":1,"name":"In\u00edcio","item":"https:\/\/folhadoleste.com.br\/"},{"@type":"ListItem","position":2,"name":"Estado do Rio de Janeiro","item":"https:\/\/folhadoleste.com.br\/category\/estado-do-rio-de-janeiro\/"},{"@type":"ListItem","position":3,"name":"Leste Fluminense","item":"https:\/\/folhadoleste.com.br\/category\/estado-do-rio-de-janeiro\/leste-fluminense\/"},{"@type":"ListItem","position":4,"name":"Niter\u00f3i","item":"https:\/\/folhadoleste.com.br\/category\/estado-do-rio-de-janeiro\/leste-fluminense\/noticias-de-niteroi\/"},{"@type":"ListItem","position":5,"name":"Niter\u00f3i: Acidente entre carro e moto deixa feridos em Piratininga"}]},{"@type":"WebSite","@id":"https:\/\/folhadoleste.com.br\/#website","url":"https:\/\/folhadoleste.com.br\/","name":"Folha do Leste","description":"Portal de Not\u00edcias com \u00eanfase em Niter\u00f3i, criando conte\u00fados desde a capital Rio de Janeiro, com olhar para o Leste Fluminense e suas cidades como S\u00e3o Gon\u00e7alo, Itabora\u00ed, Rio Bonito, Maric\u00e1, Saquarema e Araruama","publisher":{"@id":"https:\/\/folhadoleste.com.br\/#organization"},"alternateName":"FL","potentialAction":[{"@type":"SearchAction","target":{"@type":"EntryPoint","urlTemplate":"https:\/\/folhadoleste.com.br\/?s={search_term_string}"},"query-input":{"@type":"PropertyValueSpecification","valueRequired":true,"valueName":"search_term_string"}}],"inLanguage":"en-US"},{"@type":"Organization","@id":"https:\/\/folhadoleste.com.br\/#organization","name":"Brasil 21 Comunica\u00e7\u00e3o","alternateName":"BR21","url":"https:\/\/folhadoleste.com.br\/","logo":{"@type":"ImageObject","inLanguage":"en-US","@id":"https:\/\/folhadoleste.com.br\/#\/schema\/logo\/image\/","url":"https:\/\/folhadoleste.com.br\/wp-content\/uploads\/2025\/12\/brasil-21-logomarca.avif","contentUrl":"https:\/\/folhadoleste.com.br\/wp-content\/uploads\/2025\/12\/brasil-21-logomarca.avif","width":1044,"height":1044,"caption":"Brasil 21 Comunica\u00e7\u00e3o"},"image":{"@id":"https:\/\/folhadoleste.com.br\/#\/schema\/logo\/image\/"},"sameAs":["https:\/\/www.facebook.com\/folhadoleste","https:\/\/x.com\/FolhadoLesteRJ","https:\/\/www.instagram.com\/folhadoleste\/"]},{"@type":"Person","@id":"https:\/\/folhadoleste.com.br\/#\/schema\/person\/3e97145b2e1861276e84471aa85a3899","name":"Folha do Leste","image":{"@type":"ImageObject","inLanguage":"en-US","@id":"https:\/\/folhadoleste.com.br\/wp-content\/litespeed\/avatar\/1ca8c218432e7045e748610eb3db0259.jpg?ver=1777161142","url":"https:\/\/folhadoleste.com.br\/wp-content\/litespeed\/avatar\/1ca8c218432e7045e748610eb3db0259.jpg?ver=1777161142","contentUrl":"https:\/\/folhadoleste.com.br\/wp-content\/litespeed\/avatar\/1ca8c218432e7045e748610eb3db0259.jpg?ver=1777161142","caption":"Folha do Leste"},"url":"https:\/\/folhadoleste.com.br\/en\/author\/reportagem-01\/"}]}},"_links":{"self":[{"href":"https:\/\/folhadoleste.com.br\/en\/wp-json\/wp\/v2\/posts\/103629","targetHints":{"allow":["GET"]}}],"collection":[{"href":"https:\/\/folhadoleste.com.br\/en\/wp-json\/wp\/v2\/posts"}],"about":[{"href":"https:\/\/folhadoleste.com.br\/en\/wp-json\/wp\/v2\/types\/post"}],"author":[{"embeddable":true,"href":"https:\/\/folhadoleste.com.br\/en\/wp-json\/wp\/v2\/users\/4"}],"replies":[{"embeddable":true,"href":"https:\/\/folhadoleste.com.br\/en\/wp-json\/wp\/v2\/comments?post=103629"}],"version-history":[{"count":1,"href":"https:\/\/folhadoleste.com.br\/en\/wp-json\/wp\/v2\/posts\/103629\/revisions"}],"predecessor-version":[{"id":103633,"href":"https:\/\/folhadoleste.com.br\/en\/wp-json\/wp\/v2\/posts\/103629\/revisions\/103633"}],"wp:featuredmedia":[{"embeddable":true,"href":"https:\/\/folhadoleste.com.br\/en\/wp-json\/wp\/v2\/media\/103632"}],"wp:attachment":[{"href":"https:\/\/folhadoleste.com.br\/en\/wp-json\/wp\/v2\/media?parent=103629"}],"wp:term":[{"taxonomy":"category","embeddable":true,"href":"https:\/\/folhadoleste.com.br\/en\/wp-json\/wp\/v2\/categories?post=103629"},{"taxonomy":"post_tag","embeddable":true,"href":"https:\/\/folhadoleste.com.br\/en\/wp-json\/wp\/v2\/tags?post=103629"}],"curies":[{"name":"wp","href":"https:\/\/api.w.org\/{rel}","templated":true}]}}