{"id":103230,"date":"2024-12-25T15:11:39","date_gmt":"2024-12-25T18:11:39","guid":{"rendered":"https:\/\/folhadoleste.com.br\/?p=103230"},"modified":"2024-12-25T23:15:14","modified_gmt":"2024-12-26T02:15:14","slug":"motociclista-sofre-queda-no-tunel-de-niteroi","status":"publish","type":"post","link":"https:\/\/folhadoleste.com.br\/en\/motociclista-sofre-queda-no-tunel-de-niteroi\/","title":{"rendered":"Motociclista sofre queda em t\u00fanel de Niter\u00f3i"},"content":{"rendered":"<div id=\"attachment_103232\" style=\"width: 1210px\" class=\"wp-caption aligncenter\"><img decoding=\"async\" aria-describedby=\"caption-attachment-103232\" class=\"size-full wp-image-103232\" src=\"https:\/\/folhadoleste.com.br\/wp-content\/uploads\/2024\/12\/Motociclista-sofre-queda-no-tunel-de-Niteroi-Foto-Reproducao-Redes-Sociais.webp\" alt=\"Motociclista sofre queda no t\u00fanel de Niter\u00f3i\" width=\"1200\" height=\"720\" \/><p id=\"caption-attachment-103232\" class=\"wp-caption-text\">Motociclista sofre queda no t\u00fanel de Niter\u00f3i | Reprodu\u00e7\u00e3o\/Redes Sociais<\/p><\/div>\n<p style=\"text-align: justify;\" data-pm-slice=\"1 1 []\">Um motociclista sofreu uma queda na sa\u00edda do t\u00fanel Raul Veiga, que liga os bairros S\u00e3o Francisco e Icara\u00ed, em Niter\u00f3i, na manh\u00e3 desta quarta-feira (25).<\/p>\n<h6><span style=\"color: #ff0000;\"><strong>+<\/strong><\/span> <span style=\"color: #000000;\">LEIA TAMB\u00c9M: <\/span><strong>\u25ba<a href=\"https:\/\/folhadoleste.com.br\/en\/carro-pega-fogo-na-avenida-das-americas-e-causa-transtorno-video\/\">Carro pega fogo na Avenida das Am\u00e9ricas e causa transtorno \u2013 V\u00eddeo<\/a><\/strong><\/h6>\n<p style=\"text-align: justify;\" data-pm-slice=\"1 1 []\">O acidente deixou o condutor ferido, sendo necess\u00e1rio seu encaminhamento para um hospital da regi\u00e3o.<\/p>\n<h4 style=\"text-align: justify;\"><strong>Acidente mobiliza Corpo de Bombeiros<\/strong><\/h4>\n<p style=\"text-align: justify;\">De acordo com o Corpo de Bombeiros, agentes do Quartel de Niter\u00f3i (3\u00ba GBM) foram acionados por volta das 10h. A equipe chegou ao local para prestar socorro ao motociclista, encontrado ca\u00eddo na via. Imediatamente, os socorristas removeram a v\u00edtima para atendimento hospitalar. As causas do acidente ainda est\u00e3o sob investiga\u00e7\u00e3o.<\/p>\n<h5 style=\"text-align: center;\"><span style=\"color: #000000;\"><span style=\"color: #ff0000;\"><strong>+ <\/strong><\/span><\/span><span style=\"color: #000000;\"><strong><span style=\"color: #ff9900;\">MAIS NOT\u00cdCIAS DE NITER\u00d3I?<\/span>\u00a0<\/strong><\/span><span style=\"color: #008080;\"><a style=\"color: #008080;\" href=\"https:\/\/folhadoleste.com.br\/en\/category\/jornal-folha-do-leste-rj\/niteroi\/\"><strong>CLIQUE AQUI<\/strong><\/a><\/span><\/h5>\n<h6><span style=\"color: #ff0000;\"><strong>+<\/strong><\/span> <span style=\"color: #000000;\">LEIA TAMB\u00c9M: <\/span><strong>\u25ba<a href=\"https:\/\/folhadoleste.com.br\/en\/oficinas-e-shows-gratuitos-no-ii-festival-de-choro-de-niteroi\/\">Oficinas e shows gratuitos no II Festival de Choro de Niter\u00f3i<\/a><\/strong><\/h6>\n<h4 style=\"text-align: justify;\"><strong>Tr\u00e2nsito e impacto local<\/strong><\/h4>\n<p style=\"text-align: justify;\">O acidente n\u00e3o provocou interdi\u00e7\u00f5es significativas na regi\u00e3o, mas motoristas relataram lentid\u00e3o pr\u00f3xima \u00e0 sa\u00edda do t\u00fanel.<\/p>\n<div id=\"attachment_77492\" class=\"wp-caption aligncenter\"><a href=\"http:\/\/instagram.com\/folhadoleste\"><img decoding=\"async\" class=\"wp-image-77492 size-full\" src=\"https:\/\/folhadoleste.com.br\/wp-content\/uploads\/2024\/07\/Instagram-Folha-do-Leste.png\" alt=\"http:\/\/instagram.com\/folhadoleste\" width=\"400\" height=\"200\" aria-describedby=\"caption-attachment-77492\" \/><\/a><\/div>\n<div id=\"attachment_77490\" class=\"wp-caption aligncenter\"><a href=\"http:\/\/facebook.com\/folhadoleste\"><img decoding=\"async\" class=\"size-medium wp-image-77490\" src=\"https:\/\/folhadoleste.com.br\/wp-content\/uploads\/2024\/07\/Facebook-Folha-do-Leste-10k-300x300.jpg\" alt=\"Curta e siga o Folha do Leste no Facebook!\" width=\"300\" height=\"300\" aria-describedby=\"caption-attachment-77490\" \/><\/a><\/div>","protected":false},"excerpt":{"rendered":"<p>Um motociclista sofreu uma queda na sa\u00edda do t\u00fanel Raul Veiga, que liga os bairros S\u00e3o Francisco e Icara\u00ed, em Niter\u00f3i, na manh\u00e3 desta quarta-feira (25). + LEIA TAMB\u00c9M: \u25baCarro pega fogo na Avenida das Am\u00e9ricas e causa transtorno \u2013 V\u00eddeo O acidente deixou o condutor ferido, sendo necess\u00e1rio seu encaminhamento para um hospital da regi\u00e3o. Acidente mobiliza Corpo de Bombeiros De acordo com o Corpo de Bombeiros, agentes do Quartel de Niter\u00f3i (3\u00ba GBM) foram acionados por volta das 10h. A equipe chegou ao local para prestar socorro ao motociclista, encontrado ca\u00eddo na via. Imediatamente, os socorristas removeram a [&hellip;]<\/p>\n","protected":false},"author":4,"featured_media":103232,"comment_status":"open","ping_status":"open","sticky":false,"template":"","format":"standard","meta":{"footnotes":""},"categories":[47,5],"tags":[12492,57322,1779,3924,1442,3446,1777,54,4473,57323,50,23698,570,206,1283,73,20437,12269,7012,57321,8683],"class_list":["post-103230","post","type-post","status-publish","format-standard","has-post-thumbnail","hentry","category-leste-fluminense","category-noticias-de-niteroi","tag-acidente-de-moto","tag-acidente-em-tunel","tag-bombeiros","tag-corpo-de-bombeiros","tag-emergencia","tag-hospital-azevedo-lima","tag-icarai","tag-leste-fluminense","tag-motociclista","tag-motociclistas-em-niteroi","tag-niteroi","tag-queda-de-moto","tag-resgate","tag-rj","tag-sao-francisco","tag-saude","tag-transito-em-niteroi","tag-tunel","tag-tunel-raul-veiga","tag-tunel-roberto-silveira","tag-zona-sul-de-niteroi","post--single"],"yoast_head":"<!-- This site is optimized with the Yoast SEO plugin v27.4 - https:\/\/yoast.com\/product\/yoast-seo-wordpress\/ -->\n<title>Motociclista sofre queda em t\u00fanel de Niter\u00f3i &#8226; Folha do Leste<\/title>\n<meta name=\"description\" content=\"Motociclista sofre queda no t\u00fanel de Niter\u00f3i. Bombeiros foram acionados rapidamente ao local; Confira.....\" \/>\n<meta name=\"robots\" content=\"index, follow, max-snippet:-1, max-image-preview:large, max-video-preview:-1\" \/>\n<link rel=\"canonical\" href=\"https:\/\/folhadoleste.com.br\/en\/motociclista-sofre-queda-no-tunel-de-niteroi\/\" \/>\n<meta property=\"og:locale\" content=\"en_US\" \/>\n<meta property=\"og:type\" content=\"article\" \/>\n<meta property=\"og:title\" content=\"Motociclista sofre queda em t\u00fanel de Niter\u00f3i &#8226; Folha do Leste\" \/>\n<meta property=\"og:description\" content=\"Motociclista sofre queda no t\u00fanel de Niter\u00f3i. Bombeiros foram acionados rapidamente ao local; Confira.....\" \/>\n<meta property=\"og:url\" content=\"https:\/\/folhadoleste.com.br\/en\/motociclista-sofre-queda-no-tunel-de-niteroi\/\" \/>\n<meta property=\"og:site_name\" content=\"Folha do Leste\" \/>\n<meta property=\"article:publisher\" content=\"https:\/\/www.facebook.com\/folhadoleste\" \/>\n<meta property=\"article:published_time\" content=\"2024-12-25T18:11:39+00:00\" \/>\n<meta property=\"article:modified_time\" content=\"2024-12-26T02:15:14+00:00\" \/>\n<meta property=\"og:image\" content=\"https:\/\/folhadoleste.com.br\/wp-content\/uploads\/2024\/12\/Motociclista-sofre-queda-no-tunel-de-Niteroi-Foto-Reproducao-Redes-Sociais.webp\" \/>\n\t<meta property=\"og:image:width\" content=\"1200\" \/>\n\t<meta property=\"og:image:height\" content=\"720\" \/>\n\t<meta property=\"og:image:type\" content=\"image\/webp\" \/>\n<meta name=\"author\" content=\"Folha do Leste\" \/>\n<meta name=\"twitter:card\" content=\"summary_large_image\" \/>\n<meta name=\"twitter:creator\" content=\"@FolhadoLesteRJ\" \/>\n<meta name=\"twitter:site\" content=\"@FolhadoLesteRJ\" \/>\n<meta name=\"twitter:label1\" content=\"Written by\" \/>\n\t<meta name=\"twitter:data1\" content=\"Folha do Leste\" \/>\n\t<meta name=\"twitter:label2\" content=\"Est. reading time\" \/>\n\t<meta name=\"twitter:data2\" content=\"2 minutes\" \/>\n<script type=\"application\/ld+json\" class=\"yoast-schema-graph\">{\"@context\":\"https:\\\/\\\/schema.org\",\"@graph\":[{\"@type\":\"NewsArticle\",\"@id\":\"https:\\\/\\\/folhadoleste.com.br\\\/motociclista-sofre-queda-no-tunel-de-niteroi\\\/#article\",\"isPartOf\":{\"@id\":\"https:\\\/\\\/folhadoleste.com.br\\\/motociclista-sofre-queda-no-tunel-de-niteroi\\\/\"},\"author\":{\"name\":\"Folha do Leste\",\"@id\":\"https:\\\/\\\/folhadoleste.com.br\\\/#\\\/schema\\\/person\\\/3e97145b2e1861276e84471aa85a3899\"},\"headline\":\"Motociclista sofre queda em t\u00fanel de Niter\u00f3i\",\"datePublished\":\"2024-12-25T18:11:39+00:00\",\"dateModified\":\"2024-12-26T02:15:14+00:00\",\"mainEntityOfPage\":{\"@id\":\"https:\\\/\\\/folhadoleste.com.br\\\/motociclista-sofre-queda-no-tunel-de-niteroi\\\/\"},\"wordCount\":202,\"commentCount\":0,\"publisher\":{\"@id\":\"https:\\\/\\\/folhadoleste.com.br\\\/#organization\"},\"image\":{\"@id\":\"https:\\\/\\\/folhadoleste.com.br\\\/motociclista-sofre-queda-no-tunel-de-niteroi\\\/#primaryimage\"},\"thumbnailUrl\":\"https:\\\/\\\/folhadoleste.com.br\\\/wp-content\\\/uploads\\\/2024\\\/12\\\/Motociclista-sofre-queda-no-tunel-de-Niteroi-Foto-Reproducao-Redes-Sociais.webp\",\"keywords\":[\"acidente de moto\",\"Acidente em t\u00fanel\",\"Bombeiros\",\"Corpo de Bombeiros\",\"emerg\u00eancia\",\"Hospital Azevedo lima\",\"Icara\u00ed\",\"Leste Fluminense\",\"motociclista\",\"Motociclistas em Niter\u00f3i\",\"Niter\u00f3i\",\"queda de moto\",\"resgate\",\"RJ\",\"S\u00e3o Francisco\",\"sa\u00fade\",\"tr\u00e2nsito em niter\u00f3i\",\"t\u00fanel\",\"T\u00fanel Raul Veiga\",\"T\u00fanel Roberto Silveira\",\"Zona Sul de Niter\u00f3i\"],\"articleSection\":[\"Leste Fluminense\",\"Niter\u00f3i\"],\"inLanguage\":\"en-US\",\"potentialAction\":[{\"@type\":\"CommentAction\",\"name\":\"Comment\",\"target\":[\"https:\\\/\\\/folhadoleste.com.br\\\/motociclista-sofre-queda-no-tunel-de-niteroi\\\/#respond\"]}]},{\"@type\":\"WebPage\",\"@id\":\"https:\\\/\\\/folhadoleste.com.br\\\/motociclista-sofre-queda-no-tunel-de-niteroi\\\/\",\"url\":\"https:\\\/\\\/folhadoleste.com.br\\\/motociclista-sofre-queda-no-tunel-de-niteroi\\\/\",\"name\":\"Motociclista sofre queda em t\u00fanel de Niter\u00f3i &#8226; Folha do Leste\",\"isPartOf\":{\"@id\":\"https:\\\/\\\/folhadoleste.com.br\\\/#website\"},\"primaryImageOfPage\":{\"@id\":\"https:\\\/\\\/folhadoleste.com.br\\\/motociclista-sofre-queda-no-tunel-de-niteroi\\\/#primaryimage\"},\"image\":{\"@id\":\"https:\\\/\\\/folhadoleste.com.br\\\/motociclista-sofre-queda-no-tunel-de-niteroi\\\/#primaryimage\"},\"thumbnailUrl\":\"https:\\\/\\\/folhadoleste.com.br\\\/wp-content\\\/uploads\\\/2024\\\/12\\\/Motociclista-sofre-queda-no-tunel-de-Niteroi-Foto-Reproducao-Redes-Sociais.webp\",\"datePublished\":\"2024-12-25T18:11:39+00:00\",\"dateModified\":\"2024-12-26T02:15:14+00:00\",\"description\":\"Motociclista sofre queda no t\u00fanel de Niter\u00f3i. Bombeiros foram acionados rapidamente ao local; Confira.....\",\"breadcrumb\":{\"@id\":\"https:\\\/\\\/folhadoleste.com.br\\\/motociclista-sofre-queda-no-tunel-de-niteroi\\\/#breadcrumb\"},\"inLanguage\":\"en-US\",\"potentialAction\":[{\"@type\":\"ReadAction\",\"target\":[\"https:\\\/\\\/folhadoleste.com.br\\\/motociclista-sofre-queda-no-tunel-de-niteroi\\\/\"]}]},{\"@type\":\"ImageObject\",\"inLanguage\":\"en-US\",\"@id\":\"https:\\\/\\\/folhadoleste.com.br\\\/motociclista-sofre-queda-no-tunel-de-niteroi\\\/#primaryimage\",\"url\":\"https:\\\/\\\/folhadoleste.com.br\\\/wp-content\\\/uploads\\\/2024\\\/12\\\/Motociclista-sofre-queda-no-tunel-de-Niteroi-Foto-Reproducao-Redes-Sociais.webp\",\"contentUrl\":\"https:\\\/\\\/folhadoleste.com.br\\\/wp-content\\\/uploads\\\/2024\\\/12\\\/Motociclista-sofre-queda-no-tunel-de-Niteroi-Foto-Reproducao-Redes-Sociais.webp\",\"width\":1200,\"height\":720,\"caption\":\"Motociclista sofre queda no t\u00fanel de Niter\u00f3i | Reprodu\u00e7\u00e3o\\\/Redes Sociais\"},{\"@type\":\"BreadcrumbList\",\"@id\":\"https:\\\/\\\/folhadoleste.com.br\\\/motociclista-sofre-queda-no-tunel-de-niteroi\\\/#breadcrumb\",\"itemListElement\":[{\"@type\":\"ListItem\",\"position\":1,\"name\":\"In\u00edcio\",\"item\":\"https:\\\/\\\/folhadoleste.com.br\\\/\"},{\"@type\":\"ListItem\",\"position\":2,\"name\":\"Estado do Rio de Janeiro\",\"item\":\"https:\\\/\\\/folhadoleste.com.br\\\/category\\\/estado-do-rio-de-janeiro\\\/\"},{\"@type\":\"ListItem\",\"position\":3,\"name\":\"Leste Fluminense\",\"item\":\"https:\\\/\\\/folhadoleste.com.br\\\/category\\\/estado-do-rio-de-janeiro\\\/leste-fluminense\\\/\"},{\"@type\":\"ListItem\",\"position\":4,\"name\":\"Niter\u00f3i\",\"item\":\"https:\\\/\\\/folhadoleste.com.br\\\/category\\\/estado-do-rio-de-janeiro\\\/leste-fluminense\\\/noticias-de-niteroi\\\/\"},{\"@type\":\"ListItem\",\"position\":5,\"name\":\"Motociclista sofre queda em t\u00fanel de Niter\u00f3i\"}]},{\"@type\":\"WebSite\",\"@id\":\"https:\\\/\\\/folhadoleste.com.br\\\/#website\",\"url\":\"https:\\\/\\\/folhadoleste.com.br\\\/\",\"name\":\"Folha do Leste\",\"description\":\"Portal de Not\u00edcias com \u00eanfase em Niter\u00f3i, criando conte\u00fados desde a capital Rio de Janeiro, com olhar para o Leste Fluminense e suas cidades como S\u00e3o Gon\u00e7alo, Itabora\u00ed, Rio Bonito, Maric\u00e1, Saquarema e Araruama\",\"publisher\":{\"@id\":\"https:\\\/\\\/folhadoleste.com.br\\\/#organization\"},\"alternateName\":\"FL\",\"potentialAction\":[{\"@type\":\"SearchAction\",\"target\":{\"@type\":\"EntryPoint\",\"urlTemplate\":\"https:\\\/\\\/folhadoleste.com.br\\\/?s={search_term_string}\"},\"query-input\":{\"@type\":\"PropertyValueSpecification\",\"valueRequired\":true,\"valueName\":\"search_term_string\"}}],\"inLanguage\":\"en-US\"},{\"@type\":\"Organization\",\"@id\":\"https:\\\/\\\/folhadoleste.com.br\\\/#organization\",\"name\":\"Brasil 21 Comunica\u00e7\u00e3o\",\"alternateName\":\"BR21\",\"url\":\"https:\\\/\\\/folhadoleste.com.br\\\/\",\"logo\":{\"@type\":\"ImageObject\",\"inLanguage\":\"en-US\",\"@id\":\"https:\\\/\\\/folhadoleste.com.br\\\/#\\\/schema\\\/logo\\\/image\\\/\",\"url\":\"https:\\\/\\\/folhadoleste.com.br\\\/wp-content\\\/uploads\\\/2025\\\/12\\\/brasil-21-logomarca.avif\",\"contentUrl\":\"https:\\\/\\\/folhadoleste.com.br\\\/wp-content\\\/uploads\\\/2025\\\/12\\\/brasil-21-logomarca.avif\",\"width\":1044,\"height\":1044,\"caption\":\"Brasil 21 Comunica\u00e7\u00e3o\"},\"image\":{\"@id\":\"https:\\\/\\\/folhadoleste.com.br\\\/#\\\/schema\\\/logo\\\/image\\\/\"},\"sameAs\":[\"https:\\\/\\\/www.facebook.com\\\/folhadoleste\",\"https:\\\/\\\/x.com\\\/FolhadoLesteRJ\",\"https:\\\/\\\/www.instagram.com\\\/folhadoleste\\\/\"]},{\"@type\":\"Person\",\"@id\":\"https:\\\/\\\/folhadoleste.com.br\\\/#\\\/schema\\\/person\\\/3e97145b2e1861276e84471aa85a3899\",\"name\":\"Folha do Leste\",\"image\":{\"@type\":\"ImageObject\",\"inLanguage\":\"en-US\",\"@id\":\"https:\\\/\\\/folhadoleste.com.br\\\/wp-content\\\/litespeed\\\/avatar\\\/1ca8c218432e7045e748610eb3db0259.jpg?ver=1777161142\",\"url\":\"https:\\\/\\\/folhadoleste.com.br\\\/wp-content\\\/litespeed\\\/avatar\\\/1ca8c218432e7045e748610eb3db0259.jpg?ver=1777161142\",\"contentUrl\":\"https:\\\/\\\/folhadoleste.com.br\\\/wp-content\\\/litespeed\\\/avatar\\\/1ca8c218432e7045e748610eb3db0259.jpg?ver=1777161142\",\"caption\":\"Folha do Leste\"},\"url\":\"https:\\\/\\\/folhadoleste.com.br\\\/en\\\/author\\\/reportagem-01\\\/\"}]}<\/script>\n<!-- \/ Yoast SEO plugin. -->","yoast_head_json":{"title":"Motociclista sofre queda em t\u00fanel de Niter\u00f3i &#8226; Folha do Leste","description":"Motociclista sofre queda no t\u00fanel de Niter\u00f3i. Bombeiros foram acionados rapidamente ao local; Confira.....","robots":{"index":"index","follow":"follow","max-snippet":"max-snippet:-1","max-image-preview":"max-image-preview:large","max-video-preview":"max-video-preview:-1"},"canonical":"https:\/\/folhadoleste.com.br\/en\/motociclista-sofre-queda-no-tunel-de-niteroi\/","og_locale":"en_US","og_type":"article","og_title":"Motociclista sofre queda em t\u00fanel de Niter\u00f3i &#8226; Folha do Leste","og_description":"Motociclista sofre queda no t\u00fanel de Niter\u00f3i. Bombeiros foram acionados rapidamente ao local; Confira.....","og_url":"https:\/\/folhadoleste.com.br\/en\/motociclista-sofre-queda-no-tunel-de-niteroi\/","og_site_name":"Folha do Leste","article_publisher":"https:\/\/www.facebook.com\/folhadoleste","article_published_time":"2024-12-25T18:11:39+00:00","article_modified_time":"2024-12-26T02:15:14+00:00","og_image":[{"width":1200,"height":720,"url":"https:\/\/folhadoleste.com.br\/wp-content\/uploads\/2024\/12\/Motociclista-sofre-queda-no-tunel-de-Niteroi-Foto-Reproducao-Redes-Sociais.webp","type":"image\/webp"}],"author":"Folha do Leste","twitter_card":"summary_large_image","twitter_creator":"@FolhadoLesteRJ","twitter_site":"@FolhadoLesteRJ","twitter_misc":{"Written by":"Folha do Leste","Est. reading time":"2 minutes"},"schema":{"@context":"https:\/\/schema.org","@graph":[{"@type":"NewsArticle","@id":"https:\/\/folhadoleste.com.br\/motociclista-sofre-queda-no-tunel-de-niteroi\/#article","isPartOf":{"@id":"https:\/\/folhadoleste.com.br\/motociclista-sofre-queda-no-tunel-de-niteroi\/"},"author":{"name":"Folha do Leste","@id":"https:\/\/folhadoleste.com.br\/#\/schema\/person\/3e97145b2e1861276e84471aa85a3899"},"headline":"Motociclista sofre queda em t\u00fanel de Niter\u00f3i","datePublished":"2024-12-25T18:11:39+00:00","dateModified":"2024-12-26T02:15:14+00:00","mainEntityOfPage":{"@id":"https:\/\/folhadoleste.com.br\/motociclista-sofre-queda-no-tunel-de-niteroi\/"},"wordCount":202,"commentCount":0,"publisher":{"@id":"https:\/\/folhadoleste.com.br\/#organization"},"image":{"@id":"https:\/\/folhadoleste.com.br\/motociclista-sofre-queda-no-tunel-de-niteroi\/#primaryimage"},"thumbnailUrl":"https:\/\/folhadoleste.com.br\/wp-content\/uploads\/2024\/12\/Motociclista-sofre-queda-no-tunel-de-Niteroi-Foto-Reproducao-Redes-Sociais.webp","keywords":["acidente de moto","Acidente em t\u00fanel","Bombeiros","Corpo de Bombeiros","emerg\u00eancia","Hospital Azevedo lima","Icara\u00ed","Leste Fluminense","motociclista","Motociclistas em Niter\u00f3i","Niter\u00f3i","queda de moto","resgate","RJ","S\u00e3o Francisco","sa\u00fade","tr\u00e2nsito em niter\u00f3i","t\u00fanel","T\u00fanel Raul Veiga","T\u00fanel Roberto Silveira","Zona Sul de Niter\u00f3i"],"articleSection":["Leste Fluminense","Niter\u00f3i"],"inLanguage":"en-US","potentialAction":[{"@type":"CommentAction","name":"Comment","target":["https:\/\/folhadoleste.com.br\/motociclista-sofre-queda-no-tunel-de-niteroi\/#respond"]}]},{"@type":"WebPage","@id":"https:\/\/folhadoleste.com.br\/motociclista-sofre-queda-no-tunel-de-niteroi\/","url":"https:\/\/folhadoleste.com.br\/motociclista-sofre-queda-no-tunel-de-niteroi\/","name":"Motociclista sofre queda em t\u00fanel de Niter\u00f3i &#8226; Folha do Leste","isPartOf":{"@id":"https:\/\/folhadoleste.com.br\/#website"},"primaryImageOfPage":{"@id":"https:\/\/folhadoleste.com.br\/motociclista-sofre-queda-no-tunel-de-niteroi\/#primaryimage"},"image":{"@id":"https:\/\/folhadoleste.com.br\/motociclista-sofre-queda-no-tunel-de-niteroi\/#primaryimage"},"thumbnailUrl":"https:\/\/folhadoleste.com.br\/wp-content\/uploads\/2024\/12\/Motociclista-sofre-queda-no-tunel-de-Niteroi-Foto-Reproducao-Redes-Sociais.webp","datePublished":"2024-12-25T18:11:39+00:00","dateModified":"2024-12-26T02:15:14+00:00","description":"Motociclista sofre queda no t\u00fanel de Niter\u00f3i. Bombeiros foram acionados rapidamente ao local; Confira.....","breadcrumb":{"@id":"https:\/\/folhadoleste.com.br\/motociclista-sofre-queda-no-tunel-de-niteroi\/#breadcrumb"},"inLanguage":"en-US","potentialAction":[{"@type":"ReadAction","target":["https:\/\/folhadoleste.com.br\/motociclista-sofre-queda-no-tunel-de-niteroi\/"]}]},{"@type":"ImageObject","inLanguage":"en-US","@id":"https:\/\/folhadoleste.com.br\/motociclista-sofre-queda-no-tunel-de-niteroi\/#primaryimage","url":"https:\/\/folhadoleste.com.br\/wp-content\/uploads\/2024\/12\/Motociclista-sofre-queda-no-tunel-de-Niteroi-Foto-Reproducao-Redes-Sociais.webp","contentUrl":"https:\/\/folhadoleste.com.br\/wp-content\/uploads\/2024\/12\/Motociclista-sofre-queda-no-tunel-de-Niteroi-Foto-Reproducao-Redes-Sociais.webp","width":1200,"height":720,"caption":"Motociclista sofre queda no t\u00fanel de Niter\u00f3i | Reprodu\u00e7\u00e3o\/Redes Sociais"},{"@type":"BreadcrumbList","@id":"https:\/\/folhadoleste.com.br\/motociclista-sofre-queda-no-tunel-de-niteroi\/#breadcrumb","itemListElement":[{"@type":"ListItem","position":1,"name":"In\u00edcio","item":"https:\/\/folhadoleste.com.br\/"},{"@type":"ListItem","position":2,"name":"Estado do Rio de Janeiro","item":"https:\/\/folhadoleste.com.br\/category\/estado-do-rio-de-janeiro\/"},{"@type":"ListItem","position":3,"name":"Leste Fluminense","item":"https:\/\/folhadoleste.com.br\/category\/estado-do-rio-de-janeiro\/leste-fluminense\/"},{"@type":"ListItem","position":4,"name":"Niter\u00f3i","item":"https:\/\/folhadoleste.com.br\/category\/estado-do-rio-de-janeiro\/leste-fluminense\/noticias-de-niteroi\/"},{"@type":"ListItem","position":5,"name":"Motociclista sofre queda em t\u00fanel de Niter\u00f3i"}]},{"@type":"WebSite","@id":"https:\/\/folhadoleste.com.br\/#website","url":"https:\/\/folhadoleste.com.br\/","name":"Folha do Leste","description":"Portal de Not\u00edcias com \u00eanfase em Niter\u00f3i, criando conte\u00fados desde a capital Rio de Janeiro, com olhar para o Leste Fluminense e suas cidades como S\u00e3o Gon\u00e7alo, Itabora\u00ed, Rio Bonito, Maric\u00e1, Saquarema e Araruama","publisher":{"@id":"https:\/\/folhadoleste.com.br\/#organization"},"alternateName":"FL","potentialAction":[{"@type":"SearchAction","target":{"@type":"EntryPoint","urlTemplate":"https:\/\/folhadoleste.com.br\/?s={search_term_string}"},"query-input":{"@type":"PropertyValueSpecification","valueRequired":true,"valueName":"search_term_string"}}],"inLanguage":"en-US"},{"@type":"Organization","@id":"https:\/\/folhadoleste.com.br\/#organization","name":"Brasil 21 Comunica\u00e7\u00e3o","alternateName":"BR21","url":"https:\/\/folhadoleste.com.br\/","logo":{"@type":"ImageObject","inLanguage":"en-US","@id":"https:\/\/folhadoleste.com.br\/#\/schema\/logo\/image\/","url":"https:\/\/folhadoleste.com.br\/wp-content\/uploads\/2025\/12\/brasil-21-logomarca.avif","contentUrl":"https:\/\/folhadoleste.com.br\/wp-content\/uploads\/2025\/12\/brasil-21-logomarca.avif","width":1044,"height":1044,"caption":"Brasil 21 Comunica\u00e7\u00e3o"},"image":{"@id":"https:\/\/folhadoleste.com.br\/#\/schema\/logo\/image\/"},"sameAs":["https:\/\/www.facebook.com\/folhadoleste","https:\/\/x.com\/FolhadoLesteRJ","https:\/\/www.instagram.com\/folhadoleste\/"]},{"@type":"Person","@id":"https:\/\/folhadoleste.com.br\/#\/schema\/person\/3e97145b2e1861276e84471aa85a3899","name":"Folha do Leste","image":{"@type":"ImageObject","inLanguage":"en-US","@id":"https:\/\/folhadoleste.com.br\/wp-content\/litespeed\/avatar\/1ca8c218432e7045e748610eb3db0259.jpg?ver=1777161142","url":"https:\/\/folhadoleste.com.br\/wp-content\/litespeed\/avatar\/1ca8c218432e7045e748610eb3db0259.jpg?ver=1777161142","contentUrl":"https:\/\/folhadoleste.com.br\/wp-content\/litespeed\/avatar\/1ca8c218432e7045e748610eb3db0259.jpg?ver=1777161142","caption":"Folha do Leste"},"url":"https:\/\/folhadoleste.com.br\/en\/author\/reportagem-01\/"}]}},"_links":{"self":[{"href":"https:\/\/folhadoleste.com.br\/en\/wp-json\/wp\/v2\/posts\/103230","targetHints":{"allow":["GET"]}}],"collection":[{"href":"https:\/\/folhadoleste.com.br\/en\/wp-json\/wp\/v2\/posts"}],"about":[{"href":"https:\/\/folhadoleste.com.br\/en\/wp-json\/wp\/v2\/types\/post"}],"author":[{"embeddable":true,"href":"https:\/\/folhadoleste.com.br\/en\/wp-json\/wp\/v2\/users\/4"}],"replies":[{"embeddable":true,"href":"https:\/\/folhadoleste.com.br\/en\/wp-json\/wp\/v2\/comments?post=103230"}],"version-history":[{"count":3,"href":"https:\/\/folhadoleste.com.br\/en\/wp-json\/wp\/v2\/posts\/103230\/revisions"}],"predecessor-version":[{"id":103267,"href":"https:\/\/folhadoleste.com.br\/en\/wp-json\/wp\/v2\/posts\/103230\/revisions\/103267"}],"wp:featuredmedia":[{"embeddable":true,"href":"https:\/\/folhadoleste.com.br\/en\/wp-json\/wp\/v2\/media\/103232"}],"wp:attachment":[{"href":"https:\/\/folhadoleste.com.br\/en\/wp-json\/wp\/v2\/media?parent=103230"}],"wp:term":[{"taxonomy":"category","embeddable":true,"href":"https:\/\/folhadoleste.com.br\/en\/wp-json\/wp\/v2\/categories?post=103230"},{"taxonomy":"post_tag","embeddable":true,"href":"https:\/\/folhadoleste.com.br\/en\/wp-json\/wp\/v2\/tags?post=103230"}],"curies":[{"name":"wp","href":"https:\/\/api.w.org\/{rel}","templated":true}]}}