{"id":102327,"date":"2024-12-16T18:15:57","date_gmt":"2024-12-16T21:15:57","guid":{"rendered":"https:\/\/folhadoleste.com.br\/?p=102327"},"modified":"2024-12-16T21:53:52","modified_gmt":"2024-12-17T00:53:52","slug":"obra-de-dragagem-no-canal-de-sao-lourenco-avanca-em-niteroi","status":"publish","type":"post","link":"https:\/\/folhadoleste.com.br\/en\/obra-de-dragagem-no-canal-de-sao-lourenco-avanca-em-niteroi\/","title":{"rendered":"Obra de dragagem no Canal de S\u00e3o Louren\u00e7o avan\u00e7a em Niter\u00f3i"},"content":{"rendered":"<div id=\"attachment_102329\" style=\"width: 2570px\" class=\"wp-caption aligncenter\"><img decoding=\"async\" aria-describedby=\"caption-attachment-102329\" class=\"size-full wp-image-102329\" src=\"https:\/\/folhadoleste.com.br\/wp-content\/uploads\/2024\/12\/Obra-de-dragagem-no-Canal-de-Sao-Lourenco-avanca-em-Niteroi3-Foto-Divulgacao-Prefeitura-de-Niteroi-scaled.jpg\" alt=\"Obra de dragagem no Canal de S\u00e3o Louren\u00e7o avan\u00e7a em Niter\u00f3i\" width=\"2560\" height=\"1707\" \/><p id=\"caption-attachment-102329\" class=\"wp-caption-text\">Obra de dragagem no Canal de S\u00e3o Louren\u00e7o avan\u00e7a em Niter\u00f3i | Divulga\u00e7\u00e3o\/Prefeitura de Niter\u00f3i<\/p><\/div>\n<p style=\"text-align: justify;\">O prefeito de Niter\u00f3i, Axel Grael, visitou nesta segunda-feira (16) a obra de dragagem do Canal de S\u00e3o Louren\u00e7o. Os trabalhos est\u00e3o concentrados em tr\u00eas pontos diferentes entre a Ponte Rio-Niter\u00f3i e o Porto, onde s\u00e3o retirados sedimentos para o aumento do calado. A prefeitura est\u00e1 investindo R$ 137 milh\u00f5es para viabilizar a navega\u00e7\u00e3o de grandes embarca\u00e7\u00f5es no canal, com a amplia\u00e7\u00e3o de sua profundidade de 7 metros para 11 metros.<\/p>\n<h6><span style=\"color: #ff0000;\"><strong>+<\/strong><\/span> <span style=\"color: #000000;\">LEIA TAMB\u00c9M: <\/span><strong>\u25ba<a href=\"https:\/\/folhadoleste.com.br\/en\/obras-de-drenagem-e-pavimentacao-em-maravista-avancam-em-niteroi\/\">Obras de drenagem e pavimenta\u00e7\u00e3o em Maravista avan\u00e7am em Niter\u00f3i<\/a><\/strong><\/h6>\n<p style=\"text-align: justify;\">As dragas em opera\u00e7\u00e3o t\u00eam fun\u00e7\u00f5es diferentes. Enquanto uma delas recolhe sedimentos e os encaminha para serem depositados numa regi\u00e3o mais distante em alto mar \u2013 local conhecido como &#8220;Ponto F&#8221; \u2013 outras duas fazem a coleta de material classificado como &#8220;Acima do n\u00edvel dois&#8221;, de acordo com o Conselho Nacional do Meio Ambiente (Conama), inicialmente armazenado em geobags especialmente preparadas para esse tipo de trabalho.<\/p>\n<div id=\"attachment_102330\" style=\"width: 2570px\" class=\"wp-caption aligncenter\"><img decoding=\"async\" aria-describedby=\"caption-attachment-102330\" class=\"size-full wp-image-102330\" src=\"https:\/\/folhadoleste.com.br\/wp-content\/uploads\/2024\/12\/Obra-de-dragagem-no-Canal-de-Sao-Lourenco-avanca-em-Niteroi2-Foto-Divulgacao-Prefeitura-de-Niteroi-scaled.jpg\" alt=\"Obra de dragagem no Canal de S\u00e3o Louren\u00e7o avan\u00e7a em Niter\u00f3i\" width=\"2560\" height=\"1707\" \/><p id=\"caption-attachment-102330\" class=\"wp-caption-text\">Obra de dragagem no Canal de S\u00e3o Louren\u00e7o avan\u00e7a em Niter\u00f3i | Divulga\u00e7\u00e3o\/Prefeitura de Niter\u00f3i<\/p><\/div>\n<p style=\"text-align: justify;\">As Geobags tem capacidade para receber entre 900 a 1.500 metros c\u00fabicos de res\u00edduos cada. Elas est\u00e3o localizadas em dois pontos \u00e0s margens do Canal, e recebem o material dragado. Ap\u00f3s as geobags chegarem \u00e0 capacidade ideal e com o grau de umidade adequado, o material \u00e9 coletado e recebe a devida destina\u00e7\u00e3o de acordo com sua classifica\u00e7\u00e3o.<\/p>\n<h5 style=\"text-align: center;\"><span style=\"color: #000000;\"><span style=\"color: #ff0000;\"><strong>+ <\/strong><\/span><\/span><span style=\"color: #000000;\"><strong><span style=\"color: #ff9900;\">MAIS NOT\u00cdCIAS DE NITER\u00d3I?<\/span>\u00a0<\/strong><\/span><span style=\"color: #008080;\"><a style=\"color: #008080;\" href=\"https:\/\/folhadoleste.com.br\/en\/category\/jornal-folha-do-leste-rj\/niteroi\/\"><strong>CLIQUE AQUI<\/strong><\/a><\/span><\/h5>\n<p style=\"text-align: justify;\">A previs\u00e3o \u00e9 a de que sejam dragados, ao todo, cerca de 1,6 milh\u00e3o de metros c\u00fabicos de sedimentos. Desse total, a expectativa \u00e9 a de que 15% sejam compostos por material que n\u00e3o \u00e9 adequado ao despejo em bota-fora oce\u00e2nico.<\/p>\n<blockquote>\n<p style=\"text-align: justify;\">&#8220;Nosso objetivo com essa obra \u00e9 de que todas as atividades aqui no Porto de Niter\u00f3i possam ter uma capacidade operacional maior. E n\u00f3s tamb\u00e9m, com essa dragagem, vamos dar acesso ao terminal pesqueiro de Niter\u00f3i, que a prefeitura desapropriou e est\u00e1 preparando agora para entrar em funcionamento. N\u00f3s j\u00e1 conclu\u00edmos o primeiro trecho de acesso. J\u00e1 foi dragado um volume de 240 mil metros c\u00fabicos. Em um outro trecho, mais perto do Porto de Niter\u00f3i, est\u00e1 bastante avan\u00e7ado, com cerca de 70% do servi\u00e7o j\u00e1 conclu\u00eddo&#8221;, ressalta o prefeito Axel Grael.<\/p>\n<\/blockquote>\n<p style=\"text-align: justify;\">A Empresa Municipal de Moradia, Urbaniza\u00e7\u00e3o e Saneamento (Emusa) avan\u00e7a com a dragagem do Canal de S\u00e3o Louren\u00e7o. Ap\u00f3s conclu\u00edda, a obra ir\u00e1 garantir a chegada de embarca\u00e7\u00f5es de maior porte a Niter\u00f3i, aumentando a fun\u00e7\u00e3o operacional dos estaleiros, estimulando novas constru\u00e7\u00f5es de embarca\u00e7\u00f5es e movimentando o setor de reparos e offshore. A previs\u00e3o \u00e9 a de que a obra continue por mais aproximadamente oito meses.<\/p>\n<div id=\"attachment_77492\" class=\"wp-caption aligncenter\"><a href=\"http:\/\/instagram.com\/folhadoleste\"><img decoding=\"async\" class=\"wp-image-77492 size-full\" src=\"https:\/\/folhadoleste.com.br\/wp-content\/uploads\/2024\/07\/Instagram-Folha-do-Leste.png\" alt=\"http:\/\/instagram.com\/folhadoleste\" width=\"400\" height=\"200\" aria-describedby=\"caption-attachment-77492\" \/><\/a><\/div>\n<div id=\"attachment_77490\" class=\"wp-caption aligncenter\"><a href=\"http:\/\/facebook.com\/folhadoleste\"><img decoding=\"async\" class=\"size-medium wp-image-77490\" src=\"https:\/\/folhadoleste.com.br\/wp-content\/uploads\/2024\/07\/Facebook-Folha-do-Leste-10k-300x300.jpg\" alt=\"Curta e siga o Folha do Leste no Facebook!\" width=\"300\" height=\"300\" aria-describedby=\"caption-attachment-77490\" \/><\/a><\/div>","protected":false},"excerpt":{"rendered":"<p>O prefeito de Niter\u00f3i, Axel Grael, visitou nesta segunda-feira (16) a obra de dragagem do Canal de S\u00e3o Louren\u00e7o. Os trabalhos est\u00e3o concentrados em tr\u00eas pontos diferentes entre a Ponte Rio-Niter\u00f3i e o Porto, onde s\u00e3o retirados sedimentos para o aumento do calado. A prefeitura est\u00e1 investindo R$ 137 milh\u00f5es para viabilizar a navega\u00e7\u00e3o de grandes embarca\u00e7\u00f5es no canal, com a amplia\u00e7\u00e3o de sua profundidade de 7 metros para 11 metros. + LEIA TAMB\u00c9M: \u25baObras de drenagem e pavimenta\u00e7\u00e3o em Maravista avan\u00e7am em Niter\u00f3i As dragas em opera\u00e7\u00e3o t\u00eam fun\u00e7\u00f5es diferentes. Enquanto uma delas recolhe sedimentos e os encaminha para [&hellip;]<\/p>\n","protected":false},"author":4,"featured_media":102331,"comment_status":"open","ping_status":"open","sticky":false,"template":"","format":"standard","meta":{"footnotes":""},"categories":[47,5],"tags":[3860,68,195,5180,6565,7719,56773,22454,222,22640,6198,299,54,1832,695,4923,48398,50,716,5800,93,56774],"class_list":["post-102327","post","type-post","status-publish","format-standard","has-post-thumbnail","hentry","category-leste-fluminense","category-noticias-de-niteroi","tag-baia-de-guanabara","tag-brasil","tag-canal-de-sao-lourenco","tag-crescimento-economico","tag-desenvolvimento-economico","tag-dragagem","tag-dragas","tag-embarcacoes","tag-fiscalizacao","tag-impacto-ambiental","tag-infraestrutura","tag-investimentos","tag-leste-fluminense","tag-logistica","tag-meio-ambiente","tag-monitoramento","tag-navegacao","tag-niteroi","tag-obras","tag-porto","tag-rio-de-janeiro","tag-sedimentos","post--single"],"yoast_head":"<!-- This site is optimized with the Yoast SEO plugin v27.5 - https:\/\/yoast.com\/product\/yoast-seo-wordpress\/ -->\n<title>Obra de dragagem no Canal de S\u00e3o Louren\u00e7o avan\u00e7a em Niter\u00f3i &#8226; Folha do Leste<\/title>\n<meta name=\"description\" content=\"Obra de dragagem no Canal de S\u00e3o Louren\u00e7o avan\u00e7a em Niter\u00f3i. Aumento da profundidade do Canal de S\u00e3o Louren\u00e7o...\" \/>\n<meta name=\"robots\" content=\"index, follow, max-snippet:-1, max-image-preview:large, max-video-preview:-1\" \/>\n<link rel=\"canonical\" href=\"https:\/\/folhadoleste.com.br\/en\/obra-de-dragagem-no-canal-de-sao-lourenco-avanca-em-niteroi\/\" \/>\n<meta property=\"og:locale\" content=\"en_US\" \/>\n<meta property=\"og:type\" content=\"article\" \/>\n<meta property=\"og:title\" content=\"Obra de dragagem no Canal de S\u00e3o Louren\u00e7o avan\u00e7a em Niter\u00f3i &#8226; Folha do Leste\" \/>\n<meta property=\"og:description\" content=\"Obra de dragagem no Canal de S\u00e3o Louren\u00e7o avan\u00e7a em Niter\u00f3i. Aumento da profundidade do Canal de S\u00e3o Louren\u00e7o...\" \/>\n<meta property=\"og:url\" content=\"https:\/\/folhadoleste.com.br\/en\/obra-de-dragagem-no-canal-de-sao-lourenco-avanca-em-niteroi\/\" \/>\n<meta property=\"og:site_name\" content=\"Folha do Leste\" \/>\n<meta property=\"article:publisher\" content=\"https:\/\/www.facebook.com\/folhadoleste\" \/>\n<meta property=\"article:published_time\" content=\"2024-12-16T21:15:57+00:00\" \/>\n<meta property=\"article:modified_time\" content=\"2024-12-17T00:53:52+00:00\" \/>\n<meta property=\"og:image\" content=\"https:\/\/folhadoleste.com.br\/wp-content\/uploads\/2024\/12\/Obra-de-dragagem-no-Canal-de-Sao-Lourenco-avanca-em-Niteroi-Foto-Divulgacao-Prefeitura-de-Niteroi-scaled.jpg\" \/>\n\t<meta property=\"og:image:width\" content=\"2560\" \/>\n\t<meta property=\"og:image:height\" content=\"1707\" \/>\n\t<meta property=\"og:image:type\" content=\"image\/jpeg\" \/>\n<meta name=\"author\" content=\"Folha do Leste\" \/>\n<meta name=\"twitter:card\" content=\"summary_large_image\" \/>\n<meta name=\"twitter:creator\" content=\"@FolhadoLesteRJ\" \/>\n<meta name=\"twitter:site\" content=\"@FolhadoLesteRJ\" \/>\n<meta name=\"twitter:label1\" content=\"Written by\" \/>\n\t<meta name=\"twitter:data1\" content=\"Folha do Leste\" \/>\n\t<meta name=\"twitter:label2\" content=\"Est. reading time\" \/>\n\t<meta name=\"twitter:data2\" content=\"3 minutes\" \/>\n<script type=\"application\/ld+json\" class=\"yoast-schema-graph\">{\"@context\":\"https:\\\/\\\/schema.org\",\"@graph\":[{\"@type\":\"NewsArticle\",\"@id\":\"https:\\\/\\\/folhadoleste.com.br\\\/obra-de-dragagem-no-canal-de-sao-lourenco-avanca-em-niteroi\\\/#article\",\"isPartOf\":{\"@id\":\"https:\\\/\\\/folhadoleste.com.br\\\/obra-de-dragagem-no-canal-de-sao-lourenco-avanca-em-niteroi\\\/\"},\"author\":{\"name\":\"Folha do Leste\",\"@id\":\"https:\\\/\\\/folhadoleste.com.br\\\/#\\\/schema\\\/person\\\/3e97145b2e1861276e84471aa85a3899\"},\"headline\":\"Obra de dragagem no Canal de S\u00e3o Louren\u00e7o avan\u00e7a em Niter\u00f3i\",\"datePublished\":\"2024-12-16T21:15:57+00:00\",\"dateModified\":\"2024-12-17T00:53:52+00:00\",\"mainEntityOfPage\":{\"@id\":\"https:\\\/\\\/folhadoleste.com.br\\\/obra-de-dragagem-no-canal-de-sao-lourenco-avanca-em-niteroi\\\/\"},\"wordCount\":520,\"commentCount\":0,\"publisher\":{\"@id\":\"https:\\\/\\\/folhadoleste.com.br\\\/#organization\"},\"image\":{\"@id\":\"https:\\\/\\\/folhadoleste.com.br\\\/obra-de-dragagem-no-canal-de-sao-lourenco-avanca-em-niteroi\\\/#primaryimage\"},\"thumbnailUrl\":\"https:\\\/\\\/folhadoleste.com.br\\\/wp-content\\\/uploads\\\/2024\\\/12\\\/Obra-de-dragagem-no-Canal-de-Sao-Lourenco-avanca-em-Niteroi-Foto-Divulgacao-Prefeitura-de-Niteroi-scaled.jpg\",\"keywords\":[\"Baia de Guanabara\",\"Brasil\",\"Canal de S\u00e3o Louren\u00e7o\",\"crescimento econ\u00f4mico\",\"Desenvolvimento Econ\u00f4mico\",\"dragagem\",\"dragas\",\"Embarca\u00e7\u00f5es\",\"fiscaliza\u00e7\u00e3o\",\"Impacto Ambiental\",\"infraestrutura\",\"investimentos\",\"Leste Fluminense\",\"Log\u00edstica\",\"Meio ambiente\",\"monitoramento\",\"navega\u00e7\u00e3o\",\"Niter\u00f3i\",\"obras\",\"Porto\",\"Rio de Janeiro\",\"sedimentos\"],\"articleSection\":[\"Leste Fluminense\",\"Niter\u00f3i\"],\"inLanguage\":\"en-US\",\"potentialAction\":[{\"@type\":\"CommentAction\",\"name\":\"Comment\",\"target\":[\"https:\\\/\\\/folhadoleste.com.br\\\/obra-de-dragagem-no-canal-de-sao-lourenco-avanca-em-niteroi\\\/#respond\"]}]},{\"@type\":\"WebPage\",\"@id\":\"https:\\\/\\\/folhadoleste.com.br\\\/obra-de-dragagem-no-canal-de-sao-lourenco-avanca-em-niteroi\\\/\",\"url\":\"https:\\\/\\\/folhadoleste.com.br\\\/obra-de-dragagem-no-canal-de-sao-lourenco-avanca-em-niteroi\\\/\",\"name\":\"Obra de dragagem no Canal de S\u00e3o Louren\u00e7o avan\u00e7a em Niter\u00f3i &#8226; Folha do Leste\",\"isPartOf\":{\"@id\":\"https:\\\/\\\/folhadoleste.com.br\\\/#website\"},\"primaryImageOfPage\":{\"@id\":\"https:\\\/\\\/folhadoleste.com.br\\\/obra-de-dragagem-no-canal-de-sao-lourenco-avanca-em-niteroi\\\/#primaryimage\"},\"image\":{\"@id\":\"https:\\\/\\\/folhadoleste.com.br\\\/obra-de-dragagem-no-canal-de-sao-lourenco-avanca-em-niteroi\\\/#primaryimage\"},\"thumbnailUrl\":\"https:\\\/\\\/folhadoleste.com.br\\\/wp-content\\\/uploads\\\/2024\\\/12\\\/Obra-de-dragagem-no-Canal-de-Sao-Lourenco-avanca-em-Niteroi-Foto-Divulgacao-Prefeitura-de-Niteroi-scaled.jpg\",\"datePublished\":\"2024-12-16T21:15:57+00:00\",\"dateModified\":\"2024-12-17T00:53:52+00:00\",\"description\":\"Obra de dragagem no Canal de S\u00e3o Louren\u00e7o avan\u00e7a em Niter\u00f3i. Aumento da profundidade do Canal de S\u00e3o Louren\u00e7o...\",\"breadcrumb\":{\"@id\":\"https:\\\/\\\/folhadoleste.com.br\\\/obra-de-dragagem-no-canal-de-sao-lourenco-avanca-em-niteroi\\\/#breadcrumb\"},\"inLanguage\":\"en-US\",\"potentialAction\":[{\"@type\":\"ReadAction\",\"target\":[\"https:\\\/\\\/folhadoleste.com.br\\\/obra-de-dragagem-no-canal-de-sao-lourenco-avanca-em-niteroi\\\/\"]}]},{\"@type\":\"ImageObject\",\"inLanguage\":\"en-US\",\"@id\":\"https:\\\/\\\/folhadoleste.com.br\\\/obra-de-dragagem-no-canal-de-sao-lourenco-avanca-em-niteroi\\\/#primaryimage\",\"url\":\"https:\\\/\\\/folhadoleste.com.br\\\/wp-content\\\/uploads\\\/2024\\\/12\\\/Obra-de-dragagem-no-Canal-de-Sao-Lourenco-avanca-em-Niteroi-Foto-Divulgacao-Prefeitura-de-Niteroi-scaled.jpg\",\"contentUrl\":\"https:\\\/\\\/folhadoleste.com.br\\\/wp-content\\\/uploads\\\/2024\\\/12\\\/Obra-de-dragagem-no-Canal-de-Sao-Lourenco-avanca-em-Niteroi-Foto-Divulgacao-Prefeitura-de-Niteroi-scaled.jpg\",\"width\":2560,\"height\":1707,\"caption\":\"Obra de dragagem no Canal de S\u00e3o Louren\u00e7o avan\u00e7a em Niter\u00f3i | Divulga\u00e7\u00e3o\\\/Prefeitura de Niter\u00f3i\"},{\"@type\":\"BreadcrumbList\",\"@id\":\"https:\\\/\\\/folhadoleste.com.br\\\/obra-de-dragagem-no-canal-de-sao-lourenco-avanca-em-niteroi\\\/#breadcrumb\",\"itemListElement\":[{\"@type\":\"ListItem\",\"position\":1,\"name\":\"In\u00edcio\",\"item\":\"https:\\\/\\\/folhadoleste.com.br\\\/\"},{\"@type\":\"ListItem\",\"position\":2,\"name\":\"Estado do Rio de Janeiro\",\"item\":\"https:\\\/\\\/folhadoleste.com.br\\\/category\\\/estado-do-rio-de-janeiro\\\/\"},{\"@type\":\"ListItem\",\"position\":3,\"name\":\"Leste Fluminense\",\"item\":\"https:\\\/\\\/folhadoleste.com.br\\\/category\\\/estado-do-rio-de-janeiro\\\/leste-fluminense\\\/\"},{\"@type\":\"ListItem\",\"position\":4,\"name\":\"Niter\u00f3i\",\"item\":\"https:\\\/\\\/folhadoleste.com.br\\\/category\\\/estado-do-rio-de-janeiro\\\/leste-fluminense\\\/noticias-de-niteroi\\\/\"},{\"@type\":\"ListItem\",\"position\":5,\"name\":\"Obra de dragagem no Canal de S\u00e3o Louren\u00e7o avan\u00e7a em Niter\u00f3i\"}]},{\"@type\":\"WebSite\",\"@id\":\"https:\\\/\\\/folhadoleste.com.br\\\/#website\",\"url\":\"https:\\\/\\\/folhadoleste.com.br\\\/\",\"name\":\"Folha do Leste\",\"description\":\"Portal de Not\u00edcias com \u00eanfase em Niter\u00f3i, criando conte\u00fados desde a capital Rio de Janeiro, com olhar para o Leste Fluminense e suas cidades como S\u00e3o Gon\u00e7alo, Itabora\u00ed, Rio Bonito, Maric\u00e1, Saquarema e Araruama\",\"publisher\":{\"@id\":\"https:\\\/\\\/folhadoleste.com.br\\\/#organization\"},\"alternateName\":\"FL\",\"potentialAction\":[{\"@type\":\"SearchAction\",\"target\":{\"@type\":\"EntryPoint\",\"urlTemplate\":\"https:\\\/\\\/folhadoleste.com.br\\\/?s={search_term_string}\"},\"query-input\":{\"@type\":\"PropertyValueSpecification\",\"valueRequired\":true,\"valueName\":\"search_term_string\"}}],\"inLanguage\":\"en-US\"},{\"@type\":\"Organization\",\"@id\":\"https:\\\/\\\/folhadoleste.com.br\\\/#organization\",\"name\":\"Brasil 21 Comunica\u00e7\u00e3o\",\"alternateName\":\"BR21\",\"url\":\"https:\\\/\\\/folhadoleste.com.br\\\/\",\"logo\":{\"@type\":\"ImageObject\",\"inLanguage\":\"en-US\",\"@id\":\"https:\\\/\\\/folhadoleste.com.br\\\/#\\\/schema\\\/logo\\\/image\\\/\",\"url\":\"https:\\\/\\\/folhadoleste.com.br\\\/wp-content\\\/uploads\\\/2025\\\/12\\\/brasil-21-logomarca.avif\",\"contentUrl\":\"https:\\\/\\\/folhadoleste.com.br\\\/wp-content\\\/uploads\\\/2025\\\/12\\\/brasil-21-logomarca.avif\",\"width\":1044,\"height\":1044,\"caption\":\"Brasil 21 Comunica\u00e7\u00e3o\"},\"image\":{\"@id\":\"https:\\\/\\\/folhadoleste.com.br\\\/#\\\/schema\\\/logo\\\/image\\\/\"},\"sameAs\":[\"https:\\\/\\\/www.facebook.com\\\/folhadoleste\",\"https:\\\/\\\/x.com\\\/FolhadoLesteRJ\",\"https:\\\/\\\/www.instagram.com\\\/folhadoleste\\\/\"]},{\"@type\":\"Person\",\"@id\":\"https:\\\/\\\/folhadoleste.com.br\\\/#\\\/schema\\\/person\\\/3e97145b2e1861276e84471aa85a3899\",\"name\":\"Folha do Leste\",\"image\":{\"@type\":\"ImageObject\",\"inLanguage\":\"en-US\",\"@id\":\"https:\\\/\\\/folhadoleste.com.br\\\/wp-content\\\/litespeed\\\/avatar\\\/1ca8c218432e7045e748610eb3db0259.jpg?ver=1777161142\",\"url\":\"https:\\\/\\\/folhadoleste.com.br\\\/wp-content\\\/litespeed\\\/avatar\\\/1ca8c218432e7045e748610eb3db0259.jpg?ver=1777161142\",\"contentUrl\":\"https:\\\/\\\/folhadoleste.com.br\\\/wp-content\\\/litespeed\\\/avatar\\\/1ca8c218432e7045e748610eb3db0259.jpg?ver=1777161142\",\"caption\":\"Folha do Leste\"},\"url\":\"https:\\\/\\\/folhadoleste.com.br\\\/en\\\/author\\\/reportagem-01\\\/\"}]}<\/script>\n<!-- \/ Yoast SEO plugin. -->","yoast_head_json":{"title":"Obra de dragagem no Canal de S\u00e3o Louren\u00e7o avan\u00e7a em Niter\u00f3i &#8226; Folha do Leste","description":"Obra de dragagem no Canal de S\u00e3o Louren\u00e7o avan\u00e7a em Niter\u00f3i. Aumento da profundidade do Canal de S\u00e3o Louren\u00e7o...","robots":{"index":"index","follow":"follow","max-snippet":"max-snippet:-1","max-image-preview":"max-image-preview:large","max-video-preview":"max-video-preview:-1"},"canonical":"https:\/\/folhadoleste.com.br\/en\/obra-de-dragagem-no-canal-de-sao-lourenco-avanca-em-niteroi\/","og_locale":"en_US","og_type":"article","og_title":"Obra de dragagem no Canal de S\u00e3o Louren\u00e7o avan\u00e7a em Niter\u00f3i &#8226; Folha do Leste","og_description":"Obra de dragagem no Canal de S\u00e3o Louren\u00e7o avan\u00e7a em Niter\u00f3i. Aumento da profundidade do Canal de S\u00e3o Louren\u00e7o...","og_url":"https:\/\/folhadoleste.com.br\/en\/obra-de-dragagem-no-canal-de-sao-lourenco-avanca-em-niteroi\/","og_site_name":"Folha do Leste","article_publisher":"https:\/\/www.facebook.com\/folhadoleste","article_published_time":"2024-12-16T21:15:57+00:00","article_modified_time":"2024-12-17T00:53:52+00:00","og_image":[{"width":2560,"height":1707,"url":"https:\/\/folhadoleste.com.br\/wp-content\/uploads\/2024\/12\/Obra-de-dragagem-no-Canal-de-Sao-Lourenco-avanca-em-Niteroi-Foto-Divulgacao-Prefeitura-de-Niteroi-scaled.jpg","type":"image\/jpeg"}],"author":"Folha do Leste","twitter_card":"summary_large_image","twitter_creator":"@FolhadoLesteRJ","twitter_site":"@FolhadoLesteRJ","twitter_misc":{"Written by":"Folha do Leste","Est. reading time":"3 minutes"},"schema":{"@context":"https:\/\/schema.org","@graph":[{"@type":"NewsArticle","@id":"https:\/\/folhadoleste.com.br\/obra-de-dragagem-no-canal-de-sao-lourenco-avanca-em-niteroi\/#article","isPartOf":{"@id":"https:\/\/folhadoleste.com.br\/obra-de-dragagem-no-canal-de-sao-lourenco-avanca-em-niteroi\/"},"author":{"name":"Folha do Leste","@id":"https:\/\/folhadoleste.com.br\/#\/schema\/person\/3e97145b2e1861276e84471aa85a3899"},"headline":"Obra de dragagem no Canal de S\u00e3o Louren\u00e7o avan\u00e7a em Niter\u00f3i","datePublished":"2024-12-16T21:15:57+00:00","dateModified":"2024-12-17T00:53:52+00:00","mainEntityOfPage":{"@id":"https:\/\/folhadoleste.com.br\/obra-de-dragagem-no-canal-de-sao-lourenco-avanca-em-niteroi\/"},"wordCount":520,"commentCount":0,"publisher":{"@id":"https:\/\/folhadoleste.com.br\/#organization"},"image":{"@id":"https:\/\/folhadoleste.com.br\/obra-de-dragagem-no-canal-de-sao-lourenco-avanca-em-niteroi\/#primaryimage"},"thumbnailUrl":"https:\/\/folhadoleste.com.br\/wp-content\/uploads\/2024\/12\/Obra-de-dragagem-no-Canal-de-Sao-Lourenco-avanca-em-Niteroi-Foto-Divulgacao-Prefeitura-de-Niteroi-scaled.jpg","keywords":["Baia de Guanabara","Brasil","Canal de S\u00e3o Louren\u00e7o","crescimento econ\u00f4mico","Desenvolvimento Econ\u00f4mico","dragagem","dragas","Embarca\u00e7\u00f5es","fiscaliza\u00e7\u00e3o","Impacto Ambiental","infraestrutura","investimentos","Leste Fluminense","Log\u00edstica","Meio ambiente","monitoramento","navega\u00e7\u00e3o","Niter\u00f3i","obras","Porto","Rio de Janeiro","sedimentos"],"articleSection":["Leste Fluminense","Niter\u00f3i"],"inLanguage":"en-US","potentialAction":[{"@type":"CommentAction","name":"Comment","target":["https:\/\/folhadoleste.com.br\/obra-de-dragagem-no-canal-de-sao-lourenco-avanca-em-niteroi\/#respond"]}]},{"@type":"WebPage","@id":"https:\/\/folhadoleste.com.br\/obra-de-dragagem-no-canal-de-sao-lourenco-avanca-em-niteroi\/","url":"https:\/\/folhadoleste.com.br\/obra-de-dragagem-no-canal-de-sao-lourenco-avanca-em-niteroi\/","name":"Obra de dragagem no Canal de S\u00e3o Louren\u00e7o avan\u00e7a em Niter\u00f3i &#8226; Folha do Leste","isPartOf":{"@id":"https:\/\/folhadoleste.com.br\/#website"},"primaryImageOfPage":{"@id":"https:\/\/folhadoleste.com.br\/obra-de-dragagem-no-canal-de-sao-lourenco-avanca-em-niteroi\/#primaryimage"},"image":{"@id":"https:\/\/folhadoleste.com.br\/obra-de-dragagem-no-canal-de-sao-lourenco-avanca-em-niteroi\/#primaryimage"},"thumbnailUrl":"https:\/\/folhadoleste.com.br\/wp-content\/uploads\/2024\/12\/Obra-de-dragagem-no-Canal-de-Sao-Lourenco-avanca-em-Niteroi-Foto-Divulgacao-Prefeitura-de-Niteroi-scaled.jpg","datePublished":"2024-12-16T21:15:57+00:00","dateModified":"2024-12-17T00:53:52+00:00","description":"Obra de dragagem no Canal de S\u00e3o Louren\u00e7o avan\u00e7a em Niter\u00f3i. Aumento da profundidade do Canal de S\u00e3o Louren\u00e7o...","breadcrumb":{"@id":"https:\/\/folhadoleste.com.br\/obra-de-dragagem-no-canal-de-sao-lourenco-avanca-em-niteroi\/#breadcrumb"},"inLanguage":"en-US","potentialAction":[{"@type":"ReadAction","target":["https:\/\/folhadoleste.com.br\/obra-de-dragagem-no-canal-de-sao-lourenco-avanca-em-niteroi\/"]}]},{"@type":"ImageObject","inLanguage":"en-US","@id":"https:\/\/folhadoleste.com.br\/obra-de-dragagem-no-canal-de-sao-lourenco-avanca-em-niteroi\/#primaryimage","url":"https:\/\/folhadoleste.com.br\/wp-content\/uploads\/2024\/12\/Obra-de-dragagem-no-Canal-de-Sao-Lourenco-avanca-em-Niteroi-Foto-Divulgacao-Prefeitura-de-Niteroi-scaled.jpg","contentUrl":"https:\/\/folhadoleste.com.br\/wp-content\/uploads\/2024\/12\/Obra-de-dragagem-no-Canal-de-Sao-Lourenco-avanca-em-Niteroi-Foto-Divulgacao-Prefeitura-de-Niteroi-scaled.jpg","width":2560,"height":1707,"caption":"Obra de dragagem no Canal de S\u00e3o Louren\u00e7o avan\u00e7a em Niter\u00f3i | Divulga\u00e7\u00e3o\/Prefeitura de Niter\u00f3i"},{"@type":"BreadcrumbList","@id":"https:\/\/folhadoleste.com.br\/obra-de-dragagem-no-canal-de-sao-lourenco-avanca-em-niteroi\/#breadcrumb","itemListElement":[{"@type":"ListItem","position":1,"name":"In\u00edcio","item":"https:\/\/folhadoleste.com.br\/"},{"@type":"ListItem","position":2,"name":"Estado do Rio de Janeiro","item":"https:\/\/folhadoleste.com.br\/category\/estado-do-rio-de-janeiro\/"},{"@type":"ListItem","position":3,"name":"Leste Fluminense","item":"https:\/\/folhadoleste.com.br\/category\/estado-do-rio-de-janeiro\/leste-fluminense\/"},{"@type":"ListItem","position":4,"name":"Niter\u00f3i","item":"https:\/\/folhadoleste.com.br\/category\/estado-do-rio-de-janeiro\/leste-fluminense\/noticias-de-niteroi\/"},{"@type":"ListItem","position":5,"name":"Obra de dragagem no Canal de S\u00e3o Louren\u00e7o avan\u00e7a em Niter\u00f3i"}]},{"@type":"WebSite","@id":"https:\/\/folhadoleste.com.br\/#website","url":"https:\/\/folhadoleste.com.br\/","name":"Folha do Leste","description":"Portal de Not\u00edcias com \u00eanfase em Niter\u00f3i, criando conte\u00fados desde a capital Rio de Janeiro, com olhar para o Leste Fluminense e suas cidades como S\u00e3o Gon\u00e7alo, Itabora\u00ed, Rio Bonito, Maric\u00e1, Saquarema e Araruama","publisher":{"@id":"https:\/\/folhadoleste.com.br\/#organization"},"alternateName":"FL","potentialAction":[{"@type":"SearchAction","target":{"@type":"EntryPoint","urlTemplate":"https:\/\/folhadoleste.com.br\/?s={search_term_string}"},"query-input":{"@type":"PropertyValueSpecification","valueRequired":true,"valueName":"search_term_string"}}],"inLanguage":"en-US"},{"@type":"Organization","@id":"https:\/\/folhadoleste.com.br\/#organization","name":"Brasil 21 Comunica\u00e7\u00e3o","alternateName":"BR21","url":"https:\/\/folhadoleste.com.br\/","logo":{"@type":"ImageObject","inLanguage":"en-US","@id":"https:\/\/folhadoleste.com.br\/#\/schema\/logo\/image\/","url":"https:\/\/folhadoleste.com.br\/wp-content\/uploads\/2025\/12\/brasil-21-logomarca.avif","contentUrl":"https:\/\/folhadoleste.com.br\/wp-content\/uploads\/2025\/12\/brasil-21-logomarca.avif","width":1044,"height":1044,"caption":"Brasil 21 Comunica\u00e7\u00e3o"},"image":{"@id":"https:\/\/folhadoleste.com.br\/#\/schema\/logo\/image\/"},"sameAs":["https:\/\/www.facebook.com\/folhadoleste","https:\/\/x.com\/FolhadoLesteRJ","https:\/\/www.instagram.com\/folhadoleste\/"]},{"@type":"Person","@id":"https:\/\/folhadoleste.com.br\/#\/schema\/person\/3e97145b2e1861276e84471aa85a3899","name":"Folha do Leste","image":{"@type":"ImageObject","inLanguage":"en-US","@id":"https:\/\/folhadoleste.com.br\/wp-content\/litespeed\/avatar\/1ca8c218432e7045e748610eb3db0259.jpg?ver=1777161142","url":"https:\/\/folhadoleste.com.br\/wp-content\/litespeed\/avatar\/1ca8c218432e7045e748610eb3db0259.jpg?ver=1777161142","contentUrl":"https:\/\/folhadoleste.com.br\/wp-content\/litespeed\/avatar\/1ca8c218432e7045e748610eb3db0259.jpg?ver=1777161142","caption":"Folha do Leste"},"url":"https:\/\/folhadoleste.com.br\/en\/author\/reportagem-01\/"}]}},"_links":{"self":[{"href":"https:\/\/folhadoleste.com.br\/en\/wp-json\/wp\/v2\/posts\/102327","targetHints":{"allow":["GET"]}}],"collection":[{"href":"https:\/\/folhadoleste.com.br\/en\/wp-json\/wp\/v2\/posts"}],"about":[{"href":"https:\/\/folhadoleste.com.br\/en\/wp-json\/wp\/v2\/types\/post"}],"author":[{"embeddable":true,"href":"https:\/\/folhadoleste.com.br\/en\/wp-json\/wp\/v2\/users\/4"}],"replies":[{"embeddable":true,"href":"https:\/\/folhadoleste.com.br\/en\/wp-json\/wp\/v2\/comments?post=102327"}],"version-history":[{"count":1,"href":"https:\/\/folhadoleste.com.br\/en\/wp-json\/wp\/v2\/posts\/102327\/revisions"}],"predecessor-version":[{"id":102332,"href":"https:\/\/folhadoleste.com.br\/en\/wp-json\/wp\/v2\/posts\/102327\/revisions\/102332"}],"wp:featuredmedia":[{"embeddable":true,"href":"https:\/\/folhadoleste.com.br\/en\/wp-json\/wp\/v2\/media\/102331"}],"wp:attachment":[{"href":"https:\/\/folhadoleste.com.br\/en\/wp-json\/wp\/v2\/media?parent=102327"}],"wp:term":[{"taxonomy":"category","embeddable":true,"href":"https:\/\/folhadoleste.com.br\/en\/wp-json\/wp\/v2\/categories?post=102327"},{"taxonomy":"post_tag","embeddable":true,"href":"https:\/\/folhadoleste.com.br\/en\/wp-json\/wp\/v2\/tags?post=102327"}],"curies":[{"name":"wp","href":"https:\/\/api.w.org\/{rel}","templated":true}]}}