{"id":102277,"date":"2024-12-16T18:17:43","date_gmt":"2024-12-16T21:17:43","guid":{"rendered":"https:\/\/folhadoleste.com.br\/?p=102277"},"modified":"2024-12-16T18:17:43","modified_gmt":"2024-12-16T21:17:43","slug":"colisao-entre-moto-e-carro-deixa-motociclista-ferido","status":"publish","type":"post","link":"https:\/\/folhadoleste.com.br\/en\/colisao-entre-moto-e-carro-deixa-motociclista-ferido\/","title":{"rendered":"Colis\u00e3o entre moto e carro deixa motociclista ferido"},"content":{"rendered":"<div id=\"attachment_102281\" style=\"width: 1210px\" class=\"wp-caption aligncenter\"><img decoding=\"async\" aria-describedby=\"caption-attachment-102281\" class=\"size-full wp-image-102281\" src=\"https:\/\/folhadoleste.com.br\/wp-content\/uploads\/2024\/12\/Foto-DIvulgacao-Arteris.webp\" alt=\"Colis\u00e3o entre moto e carro deixa motociclista ferido\" width=\"1200\" height=\"720\" \/><p id=\"caption-attachment-102281\" class=\"wp-caption-text\">Colis\u00e3o entre moto e carro deixa motociclista ferido | Divulga\u00e7\u00e3o\/Arteris<\/p><\/div>\n<p style=\"text-align: justify;\">Um motociclista ficou ferido ap\u00f3s colidir com um carro na Avenida do Contorno (BR-101), em Niter\u00f3i, na manh\u00e3 desta segunda-feira (16). O acidente aconteceu no km 321, no sentido Centro, e causou interdi\u00e7\u00f5es na via. At\u00e9 o momento, n\u00e3o h\u00e1 informa\u00e7\u00f5es detalhadas sobre a gravidade do estado da v\u00edtima.<\/p>\n<h6><span style=\"color: #ff0000;\"><strong>+<\/strong><\/span> <span style=\"color: #000000;\">LEIA TAMB\u00c9M: <\/span><strong>\u25ba<a href=\"https:\/\/folhadoleste.com.br\/en\/atriz-larissa-manoela-curte-praia-em-niteroi-video\/\">Atriz Larissa Manoela curte praia em Niter\u00f3i \u2013 V\u00eddeo<\/a><\/strong><\/h6>\n<p style=\"text-align: justify;\">De acordo com o Corpo de Bombeiros, a ocorr\u00eancia foi registrada \u00e0s 10h49, e uma equipe do quartel de Niter\u00f3i foi acionada para o local. A v\u00edtima recebeu os primeiros socorros no local e foi encaminhada para um hospital da regi\u00e3o.<\/p>\n<h4 style=\"text-align: justify;\"><strong>Interdi\u00e7\u00e3o causa reten\u00e7\u00f5es no tr\u00e2nsito<\/strong><\/h4>\n<p style=\"text-align: justify;\">A concession\u00e1ria Arteris Fluminense, respons\u00e1vel pela administra\u00e7\u00e3o da BR-101, informou que a faixa da esquerda precisou ser interditada para o atendimento da ocorr\u00eancia. A interdi\u00e7\u00e3o gerou reten\u00e7\u00f5es no tr\u00e1fego na manh\u00e3 desta segunda-feira, com motoristas enfrentando congestionamento na regi\u00e3o.<\/p>\n<h5 style=\"text-align: center;\"><span style=\"color: #000000;\"><span style=\"color: #ff0000;\"><strong>+ <\/strong><\/span><\/span><span style=\"color: #000000;\"><strong><span style=\"color: #ff9900;\">MAIS NOT\u00cdCIAS DE NITER\u00d3I?<\/span>\u00a0<\/strong><\/span><span style=\"color: #008080;\"><a style=\"color: #008080;\" href=\"https:\/\/folhadoleste.com.br\/en\/category\/jornal-folha-do-leste-rj\/niteroi\/\"><strong>CLIQUE AQUI<\/strong><\/a><\/span><\/h5>\n<p style=\"text-align: justify;\">Equipes da Arteris Fluminense est\u00e3o no local para auxiliar no atendimento \u00e0 v\u00edtima e normalizar o tr\u00e2nsito. Motoristas que trafegam pela via devem redobrar a aten\u00e7\u00e3o e considerar rotas alternativas enquanto a situa\u00e7\u00e3o n\u00e3o \u00e9 completamente resolvida.<\/p>\n<div id=\"attachment_77492\" class=\"wp-caption aligncenter\"><a href=\"http:\/\/instagram.com\/folhadoleste\"><img decoding=\"async\" class=\"wp-image-77492 size-full\" src=\"https:\/\/folhadoleste.com.br\/wp-content\/uploads\/2024\/07\/Instagram-Folha-do-Leste.png\" alt=\"http:\/\/instagram.com\/folhadoleste\" width=\"400\" height=\"200\" aria-describedby=\"caption-attachment-77492\" \/><\/a><\/div>\n<div id=\"attachment_77490\" class=\"wp-caption aligncenter\"><a href=\"http:\/\/facebook.com\/folhadoleste\"><img decoding=\"async\" class=\"size-medium wp-image-77490\" src=\"https:\/\/folhadoleste.com.br\/wp-content\/uploads\/2024\/07\/Facebook-Folha-do-Leste-10k-300x300.jpg\" alt=\"Curta e siga o Folha do Leste no Facebook!\" width=\"300\" height=\"300\" aria-describedby=\"caption-attachment-77490\" \/><\/a><\/div>","protected":false},"excerpt":{"rendered":"<p>Um motociclista ficou ferido ap\u00f3s colidir com um carro na Avenida do Contorno (BR-101), em Niter\u00f3i, na manh\u00e3 desta segunda-feira (16). O acidente aconteceu no km 321, no sentido Centro, e causou interdi\u00e7\u00f5es na via. At\u00e9 o momento, n\u00e3o h\u00e1 informa\u00e7\u00f5es detalhadas sobre a gravidade do estado da v\u00edtima. + LEIA TAMB\u00c9M: \u25baAtriz Larissa Manoela curte praia em Niter\u00f3i \u2013 V\u00eddeo De acordo com o Corpo de Bombeiros, a ocorr\u00eancia foi registrada \u00e0s 10h49, e uma equipe do quartel de Niter\u00f3i foi acionada para o local. A v\u00edtima recebeu os primeiros socorros no local e foi encaminhada para um hospital [&hellip;]<\/p>\n","protected":false},"author":4,"featured_media":102281,"comment_status":"open","ping_status":"open","sticky":false,"template":"","format":"standard","meta":{"footnotes":""},"categories":[47,5],"tags":[12492,56767,3297,25623,1616,22112,3924,875,1619,54,55214,50,10102,375,11253,1443,10996,730,11709,29656,38494],"class_list":["post-102277","post","type-post","status-publish","format-standard","has-post-thumbnail","hentry","category-leste-fluminense","category-noticias-de-niteroi","tag-acidente-de-moto","tag-alerta-aos-motoristas","tag-ambulancia","tag-avenida-do-contorno","tag-br-101","tag-causas-do-acidente","tag-corpo-de-bombeiros","tag-hospital","tag-interdicao","tag-leste-fluminense","tag-motociclista-ferido","tag-niteroi","tag-pericia","tag-policia-rodoviaria-federal","tag-seguranca-no-transito","tag-socorro","tag-testemunhas","tag-transito","tag-transito-congestionado","tag-transito-lento","tag-vias-urbanas","post--single"],"yoast_head":"<!-- This site is optimized with the Yoast SEO plugin v27.5 - https:\/\/yoast.com\/product\/yoast-seo-wordpress\/ -->\n<title>Colis\u00e3o entre moto e carro deixa motociclista ferido &#8226; Folha do Leste<\/title>\n<meta name=\"description\" content=\"Colis\u00e3o entre moto e carro deixa motociclista ferido. Faixa interditada causa reten\u00e7\u00f5es na Avenida do Contorno...\" \/>\n<meta name=\"robots\" content=\"index, follow, max-snippet:-1, max-image-preview:large, max-video-preview:-1\" \/>\n<link rel=\"canonical\" href=\"https:\/\/folhadoleste.com.br\/en\/colisao-entre-moto-e-carro-deixa-motociclista-ferido\/\" \/>\n<meta property=\"og:locale\" content=\"en_US\" \/>\n<meta property=\"og:type\" content=\"article\" \/>\n<meta property=\"og:title\" content=\"Colis\u00e3o entre moto e carro deixa motociclista ferido &#8226; Folha do Leste\" \/>\n<meta property=\"og:description\" content=\"Colis\u00e3o entre moto e carro deixa motociclista ferido. Faixa interditada causa reten\u00e7\u00f5es na Avenida do Contorno...\" \/>\n<meta property=\"og:url\" content=\"https:\/\/folhadoleste.com.br\/en\/colisao-entre-moto-e-carro-deixa-motociclista-ferido\/\" \/>\n<meta property=\"og:site_name\" content=\"Folha do Leste\" \/>\n<meta property=\"article:publisher\" content=\"https:\/\/www.facebook.com\/folhadoleste\" \/>\n<meta property=\"article:published_time\" content=\"2024-12-16T21:17:43+00:00\" \/>\n<meta property=\"og:image\" content=\"https:\/\/folhadoleste.com.br\/wp-content\/uploads\/2024\/12\/Foto-DIvulgacao-Arteris.webp\" \/>\n\t<meta property=\"og:image:width\" content=\"1200\" \/>\n\t<meta property=\"og:image:height\" content=\"720\" \/>\n\t<meta property=\"og:image:type\" content=\"image\/webp\" \/>\n<meta name=\"author\" content=\"Folha do Leste\" \/>\n<meta name=\"twitter:card\" content=\"summary_large_image\" \/>\n<meta name=\"twitter:creator\" content=\"@FolhadoLesteRJ\" \/>\n<meta name=\"twitter:site\" content=\"@FolhadoLesteRJ\" \/>\n<meta name=\"twitter:label1\" content=\"Written by\" \/>\n\t<meta name=\"twitter:data1\" content=\"Folha do Leste\" \/>\n\t<meta name=\"twitter:label2\" content=\"Est. reading time\" \/>\n\t<meta name=\"twitter:data2\" content=\"2 minutes\" \/>\n<script type=\"application\/ld+json\" class=\"yoast-schema-graph\">{\"@context\":\"https:\\\/\\\/schema.org\",\"@graph\":[{\"@type\":\"NewsArticle\",\"@id\":\"https:\\\/\\\/folhadoleste.com.br\\\/colisao-entre-moto-e-carro-deixa-motociclista-ferido\\\/#article\",\"isPartOf\":{\"@id\":\"https:\\\/\\\/folhadoleste.com.br\\\/colisao-entre-moto-e-carro-deixa-motociclista-ferido\\\/\"},\"author\":{\"name\":\"Folha do Leste\",\"@id\":\"https:\\\/\\\/folhadoleste.com.br\\\/#\\\/schema\\\/person\\\/3e97145b2e1861276e84471aa85a3899\"},\"headline\":\"Colis\u00e3o entre moto e carro deixa motociclista ferido\",\"datePublished\":\"2024-12-16T21:17:43+00:00\",\"mainEntityOfPage\":{\"@id\":\"https:\\\/\\\/folhadoleste.com.br\\\/colisao-entre-moto-e-carro-deixa-motociclista-ferido\\\/\"},\"wordCount\":243,\"commentCount\":0,\"publisher\":{\"@id\":\"https:\\\/\\\/folhadoleste.com.br\\\/#organization\"},\"image\":{\"@id\":\"https:\\\/\\\/folhadoleste.com.br\\\/colisao-entre-moto-e-carro-deixa-motociclista-ferido\\\/#primaryimage\"},\"thumbnailUrl\":\"https:\\\/\\\/folhadoleste.com.br\\\/wp-content\\\/uploads\\\/2024\\\/12\\\/Foto-DIvulgacao-Arteris.webp\",\"keywords\":[\"acidente de moto\",\"alerta aos motoristas\",\"ambul\u00e2ncia\",\"Avenida do Contorno\",\"BR-101\",\"Causas do acidente\",\"Corpo de Bombeiros\",\"Hospital\",\"interdi\u00e7\u00e3o\",\"Leste Fluminense\",\"motociclista ferido\",\"Niter\u00f3i\",\"per\u00edcia\",\"Pol\u00edcia Rodovi\u00e1ria Federal\",\"Seguran\u00e7a no tr\u00e2nsito\",\"socorro\",\"testemunhas\",\"Tr\u00e2nsito\",\"tr\u00e2nsito congestionado\",\"Tr\u00e2nsito lento\",\"vias urbanas\"],\"articleSection\":[\"Leste Fluminense\",\"Niter\u00f3i\"],\"inLanguage\":\"en-US\",\"potentialAction\":[{\"@type\":\"CommentAction\",\"name\":\"Comment\",\"target\":[\"https:\\\/\\\/folhadoleste.com.br\\\/colisao-entre-moto-e-carro-deixa-motociclista-ferido\\\/#respond\"]}]},{\"@type\":\"WebPage\",\"@id\":\"https:\\\/\\\/folhadoleste.com.br\\\/colisao-entre-moto-e-carro-deixa-motociclista-ferido\\\/\",\"url\":\"https:\\\/\\\/folhadoleste.com.br\\\/colisao-entre-moto-e-carro-deixa-motociclista-ferido\\\/\",\"name\":\"Colis\u00e3o entre moto e carro deixa motociclista ferido &#8226; Folha do Leste\",\"isPartOf\":{\"@id\":\"https:\\\/\\\/folhadoleste.com.br\\\/#website\"},\"primaryImageOfPage\":{\"@id\":\"https:\\\/\\\/folhadoleste.com.br\\\/colisao-entre-moto-e-carro-deixa-motociclista-ferido\\\/#primaryimage\"},\"image\":{\"@id\":\"https:\\\/\\\/folhadoleste.com.br\\\/colisao-entre-moto-e-carro-deixa-motociclista-ferido\\\/#primaryimage\"},\"thumbnailUrl\":\"https:\\\/\\\/folhadoleste.com.br\\\/wp-content\\\/uploads\\\/2024\\\/12\\\/Foto-DIvulgacao-Arteris.webp\",\"datePublished\":\"2024-12-16T21:17:43+00:00\",\"description\":\"Colis\u00e3o entre moto e carro deixa motociclista ferido. Faixa interditada causa reten\u00e7\u00f5es na Avenida do Contorno...\",\"breadcrumb\":{\"@id\":\"https:\\\/\\\/folhadoleste.com.br\\\/colisao-entre-moto-e-carro-deixa-motociclista-ferido\\\/#breadcrumb\"},\"inLanguage\":\"en-US\",\"potentialAction\":[{\"@type\":\"ReadAction\",\"target\":[\"https:\\\/\\\/folhadoleste.com.br\\\/colisao-entre-moto-e-carro-deixa-motociclista-ferido\\\/\"]}]},{\"@type\":\"ImageObject\",\"inLanguage\":\"en-US\",\"@id\":\"https:\\\/\\\/folhadoleste.com.br\\\/colisao-entre-moto-e-carro-deixa-motociclista-ferido\\\/#primaryimage\",\"url\":\"https:\\\/\\\/folhadoleste.com.br\\\/wp-content\\\/uploads\\\/2024\\\/12\\\/Foto-DIvulgacao-Arteris.webp\",\"contentUrl\":\"https:\\\/\\\/folhadoleste.com.br\\\/wp-content\\\/uploads\\\/2024\\\/12\\\/Foto-DIvulgacao-Arteris.webp\",\"width\":1200,\"height\":720,\"caption\":\"Colis\u00e3o entre moto e carro deixa motociclista ferido | Divulga\u00e7\u00e3o\\\/Arteris\"},{\"@type\":\"BreadcrumbList\",\"@id\":\"https:\\\/\\\/folhadoleste.com.br\\\/colisao-entre-moto-e-carro-deixa-motociclista-ferido\\\/#breadcrumb\",\"itemListElement\":[{\"@type\":\"ListItem\",\"position\":1,\"name\":\"In\u00edcio\",\"item\":\"https:\\\/\\\/folhadoleste.com.br\\\/\"},{\"@type\":\"ListItem\",\"position\":2,\"name\":\"Estado do Rio de Janeiro\",\"item\":\"https:\\\/\\\/folhadoleste.com.br\\\/category\\\/estado-do-rio-de-janeiro\\\/\"},{\"@type\":\"ListItem\",\"position\":3,\"name\":\"Leste Fluminense\",\"item\":\"https:\\\/\\\/folhadoleste.com.br\\\/category\\\/estado-do-rio-de-janeiro\\\/leste-fluminense\\\/\"},{\"@type\":\"ListItem\",\"position\":4,\"name\":\"Niter\u00f3i\",\"item\":\"https:\\\/\\\/folhadoleste.com.br\\\/category\\\/estado-do-rio-de-janeiro\\\/leste-fluminense\\\/noticias-de-niteroi\\\/\"},{\"@type\":\"ListItem\",\"position\":5,\"name\":\"Colis\u00e3o entre moto e carro deixa motociclista ferido\"}]},{\"@type\":\"WebSite\",\"@id\":\"https:\\\/\\\/folhadoleste.com.br\\\/#website\",\"url\":\"https:\\\/\\\/folhadoleste.com.br\\\/\",\"name\":\"Folha do Leste\",\"description\":\"Portal de Not\u00edcias com \u00eanfase em Niter\u00f3i, criando conte\u00fados desde a capital Rio de Janeiro, com olhar para o Leste Fluminense e suas cidades como S\u00e3o Gon\u00e7alo, Itabora\u00ed, Rio Bonito, Maric\u00e1, Saquarema e Araruama\",\"publisher\":{\"@id\":\"https:\\\/\\\/folhadoleste.com.br\\\/#organization\"},\"alternateName\":\"FL\",\"potentialAction\":[{\"@type\":\"SearchAction\",\"target\":{\"@type\":\"EntryPoint\",\"urlTemplate\":\"https:\\\/\\\/folhadoleste.com.br\\\/?s={search_term_string}\"},\"query-input\":{\"@type\":\"PropertyValueSpecification\",\"valueRequired\":true,\"valueName\":\"search_term_string\"}}],\"inLanguage\":\"en-US\"},{\"@type\":\"Organization\",\"@id\":\"https:\\\/\\\/folhadoleste.com.br\\\/#organization\",\"name\":\"Brasil 21 Comunica\u00e7\u00e3o\",\"alternateName\":\"BR21\",\"url\":\"https:\\\/\\\/folhadoleste.com.br\\\/\",\"logo\":{\"@type\":\"ImageObject\",\"inLanguage\":\"en-US\",\"@id\":\"https:\\\/\\\/folhadoleste.com.br\\\/#\\\/schema\\\/logo\\\/image\\\/\",\"url\":\"https:\\\/\\\/folhadoleste.com.br\\\/wp-content\\\/uploads\\\/2025\\\/12\\\/brasil-21-logomarca.avif\",\"contentUrl\":\"https:\\\/\\\/folhadoleste.com.br\\\/wp-content\\\/uploads\\\/2025\\\/12\\\/brasil-21-logomarca.avif\",\"width\":1044,\"height\":1044,\"caption\":\"Brasil 21 Comunica\u00e7\u00e3o\"},\"image\":{\"@id\":\"https:\\\/\\\/folhadoleste.com.br\\\/#\\\/schema\\\/logo\\\/image\\\/\"},\"sameAs\":[\"https:\\\/\\\/www.facebook.com\\\/folhadoleste\",\"https:\\\/\\\/x.com\\\/FolhadoLesteRJ\",\"https:\\\/\\\/www.instagram.com\\\/folhadoleste\\\/\"]},{\"@type\":\"Person\",\"@id\":\"https:\\\/\\\/folhadoleste.com.br\\\/#\\\/schema\\\/person\\\/3e97145b2e1861276e84471aa85a3899\",\"name\":\"Folha do Leste\",\"image\":{\"@type\":\"ImageObject\",\"inLanguage\":\"en-US\",\"@id\":\"https:\\\/\\\/folhadoleste.com.br\\\/wp-content\\\/litespeed\\\/avatar\\\/1ca8c218432e7045e748610eb3db0259.jpg?ver=1777161142\",\"url\":\"https:\\\/\\\/folhadoleste.com.br\\\/wp-content\\\/litespeed\\\/avatar\\\/1ca8c218432e7045e748610eb3db0259.jpg?ver=1777161142\",\"contentUrl\":\"https:\\\/\\\/folhadoleste.com.br\\\/wp-content\\\/litespeed\\\/avatar\\\/1ca8c218432e7045e748610eb3db0259.jpg?ver=1777161142\",\"caption\":\"Folha do Leste\"},\"url\":\"https:\\\/\\\/folhadoleste.com.br\\\/en\\\/author\\\/reportagem-01\\\/\"}]}<\/script>\n<!-- \/ Yoast SEO plugin. -->","yoast_head_json":{"title":"Colis\u00e3o entre moto e carro deixa motociclista ferido &#8226; Folha do Leste","description":"Colis\u00e3o entre moto e carro deixa motociclista ferido. Faixa interditada causa reten\u00e7\u00f5es na Avenida do Contorno...","robots":{"index":"index","follow":"follow","max-snippet":"max-snippet:-1","max-image-preview":"max-image-preview:large","max-video-preview":"max-video-preview:-1"},"canonical":"https:\/\/folhadoleste.com.br\/en\/colisao-entre-moto-e-carro-deixa-motociclista-ferido\/","og_locale":"en_US","og_type":"article","og_title":"Colis\u00e3o entre moto e carro deixa motociclista ferido &#8226; Folha do Leste","og_description":"Colis\u00e3o entre moto e carro deixa motociclista ferido. Faixa interditada causa reten\u00e7\u00f5es na Avenida do Contorno...","og_url":"https:\/\/folhadoleste.com.br\/en\/colisao-entre-moto-e-carro-deixa-motociclista-ferido\/","og_site_name":"Folha do Leste","article_publisher":"https:\/\/www.facebook.com\/folhadoleste","article_published_time":"2024-12-16T21:17:43+00:00","og_image":[{"width":1200,"height":720,"url":"https:\/\/folhadoleste.com.br\/wp-content\/uploads\/2024\/12\/Foto-DIvulgacao-Arteris.webp","type":"image\/webp"}],"author":"Folha do Leste","twitter_card":"summary_large_image","twitter_creator":"@FolhadoLesteRJ","twitter_site":"@FolhadoLesteRJ","twitter_misc":{"Written by":"Folha do Leste","Est. reading time":"2 minutes"},"schema":{"@context":"https:\/\/schema.org","@graph":[{"@type":"NewsArticle","@id":"https:\/\/folhadoleste.com.br\/colisao-entre-moto-e-carro-deixa-motociclista-ferido\/#article","isPartOf":{"@id":"https:\/\/folhadoleste.com.br\/colisao-entre-moto-e-carro-deixa-motociclista-ferido\/"},"author":{"name":"Folha do Leste","@id":"https:\/\/folhadoleste.com.br\/#\/schema\/person\/3e97145b2e1861276e84471aa85a3899"},"headline":"Colis\u00e3o entre moto e carro deixa motociclista ferido","datePublished":"2024-12-16T21:17:43+00:00","mainEntityOfPage":{"@id":"https:\/\/folhadoleste.com.br\/colisao-entre-moto-e-carro-deixa-motociclista-ferido\/"},"wordCount":243,"commentCount":0,"publisher":{"@id":"https:\/\/folhadoleste.com.br\/#organization"},"image":{"@id":"https:\/\/folhadoleste.com.br\/colisao-entre-moto-e-carro-deixa-motociclista-ferido\/#primaryimage"},"thumbnailUrl":"https:\/\/folhadoleste.com.br\/wp-content\/uploads\/2024\/12\/Foto-DIvulgacao-Arteris.webp","keywords":["acidente de moto","alerta aos motoristas","ambul\u00e2ncia","Avenida do Contorno","BR-101","Causas do acidente","Corpo de Bombeiros","Hospital","interdi\u00e7\u00e3o","Leste Fluminense","motociclista ferido","Niter\u00f3i","per\u00edcia","Pol\u00edcia Rodovi\u00e1ria Federal","Seguran\u00e7a no tr\u00e2nsito","socorro","testemunhas","Tr\u00e2nsito","tr\u00e2nsito congestionado","Tr\u00e2nsito lento","vias urbanas"],"articleSection":["Leste Fluminense","Niter\u00f3i"],"inLanguage":"en-US","potentialAction":[{"@type":"CommentAction","name":"Comment","target":["https:\/\/folhadoleste.com.br\/colisao-entre-moto-e-carro-deixa-motociclista-ferido\/#respond"]}]},{"@type":"WebPage","@id":"https:\/\/folhadoleste.com.br\/colisao-entre-moto-e-carro-deixa-motociclista-ferido\/","url":"https:\/\/folhadoleste.com.br\/colisao-entre-moto-e-carro-deixa-motociclista-ferido\/","name":"Colis\u00e3o entre moto e carro deixa motociclista ferido &#8226; Folha do Leste","isPartOf":{"@id":"https:\/\/folhadoleste.com.br\/#website"},"primaryImageOfPage":{"@id":"https:\/\/folhadoleste.com.br\/colisao-entre-moto-e-carro-deixa-motociclista-ferido\/#primaryimage"},"image":{"@id":"https:\/\/folhadoleste.com.br\/colisao-entre-moto-e-carro-deixa-motociclista-ferido\/#primaryimage"},"thumbnailUrl":"https:\/\/folhadoleste.com.br\/wp-content\/uploads\/2024\/12\/Foto-DIvulgacao-Arteris.webp","datePublished":"2024-12-16T21:17:43+00:00","description":"Colis\u00e3o entre moto e carro deixa motociclista ferido. Faixa interditada causa reten\u00e7\u00f5es na Avenida do Contorno...","breadcrumb":{"@id":"https:\/\/folhadoleste.com.br\/colisao-entre-moto-e-carro-deixa-motociclista-ferido\/#breadcrumb"},"inLanguage":"en-US","potentialAction":[{"@type":"ReadAction","target":["https:\/\/folhadoleste.com.br\/colisao-entre-moto-e-carro-deixa-motociclista-ferido\/"]}]},{"@type":"ImageObject","inLanguage":"en-US","@id":"https:\/\/folhadoleste.com.br\/colisao-entre-moto-e-carro-deixa-motociclista-ferido\/#primaryimage","url":"https:\/\/folhadoleste.com.br\/wp-content\/uploads\/2024\/12\/Foto-DIvulgacao-Arteris.webp","contentUrl":"https:\/\/folhadoleste.com.br\/wp-content\/uploads\/2024\/12\/Foto-DIvulgacao-Arteris.webp","width":1200,"height":720,"caption":"Colis\u00e3o entre moto e carro deixa motociclista ferido | Divulga\u00e7\u00e3o\/Arteris"},{"@type":"BreadcrumbList","@id":"https:\/\/folhadoleste.com.br\/colisao-entre-moto-e-carro-deixa-motociclista-ferido\/#breadcrumb","itemListElement":[{"@type":"ListItem","position":1,"name":"In\u00edcio","item":"https:\/\/folhadoleste.com.br\/"},{"@type":"ListItem","position":2,"name":"Estado do Rio de Janeiro","item":"https:\/\/folhadoleste.com.br\/category\/estado-do-rio-de-janeiro\/"},{"@type":"ListItem","position":3,"name":"Leste Fluminense","item":"https:\/\/folhadoleste.com.br\/category\/estado-do-rio-de-janeiro\/leste-fluminense\/"},{"@type":"ListItem","position":4,"name":"Niter\u00f3i","item":"https:\/\/folhadoleste.com.br\/category\/estado-do-rio-de-janeiro\/leste-fluminense\/noticias-de-niteroi\/"},{"@type":"ListItem","position":5,"name":"Colis\u00e3o entre moto e carro deixa motociclista ferido"}]},{"@type":"WebSite","@id":"https:\/\/folhadoleste.com.br\/#website","url":"https:\/\/folhadoleste.com.br\/","name":"Folha do Leste","description":"Portal de Not\u00edcias com \u00eanfase em Niter\u00f3i, criando conte\u00fados desde a capital Rio de Janeiro, com olhar para o Leste Fluminense e suas cidades como S\u00e3o Gon\u00e7alo, Itabora\u00ed, Rio Bonito, Maric\u00e1, Saquarema e Araruama","publisher":{"@id":"https:\/\/folhadoleste.com.br\/#organization"},"alternateName":"FL","potentialAction":[{"@type":"SearchAction","target":{"@type":"EntryPoint","urlTemplate":"https:\/\/folhadoleste.com.br\/?s={search_term_string}"},"query-input":{"@type":"PropertyValueSpecification","valueRequired":true,"valueName":"search_term_string"}}],"inLanguage":"en-US"},{"@type":"Organization","@id":"https:\/\/folhadoleste.com.br\/#organization","name":"Brasil 21 Comunica\u00e7\u00e3o","alternateName":"BR21","url":"https:\/\/folhadoleste.com.br\/","logo":{"@type":"ImageObject","inLanguage":"en-US","@id":"https:\/\/folhadoleste.com.br\/#\/schema\/logo\/image\/","url":"https:\/\/folhadoleste.com.br\/wp-content\/uploads\/2025\/12\/brasil-21-logomarca.avif","contentUrl":"https:\/\/folhadoleste.com.br\/wp-content\/uploads\/2025\/12\/brasil-21-logomarca.avif","width":1044,"height":1044,"caption":"Brasil 21 Comunica\u00e7\u00e3o"},"image":{"@id":"https:\/\/folhadoleste.com.br\/#\/schema\/logo\/image\/"},"sameAs":["https:\/\/www.facebook.com\/folhadoleste","https:\/\/x.com\/FolhadoLesteRJ","https:\/\/www.instagram.com\/folhadoleste\/"]},{"@type":"Person","@id":"https:\/\/folhadoleste.com.br\/#\/schema\/person\/3e97145b2e1861276e84471aa85a3899","name":"Folha do Leste","image":{"@type":"ImageObject","inLanguage":"en-US","@id":"https:\/\/folhadoleste.com.br\/wp-content\/litespeed\/avatar\/1ca8c218432e7045e748610eb3db0259.jpg?ver=1777161142","url":"https:\/\/folhadoleste.com.br\/wp-content\/litespeed\/avatar\/1ca8c218432e7045e748610eb3db0259.jpg?ver=1777161142","contentUrl":"https:\/\/folhadoleste.com.br\/wp-content\/litespeed\/avatar\/1ca8c218432e7045e748610eb3db0259.jpg?ver=1777161142","caption":"Folha do Leste"},"url":"https:\/\/folhadoleste.com.br\/en\/author\/reportagem-01\/"}]}},"_links":{"self":[{"href":"https:\/\/folhadoleste.com.br\/en\/wp-json\/wp\/v2\/posts\/102277","targetHints":{"allow":["GET"]}}],"collection":[{"href":"https:\/\/folhadoleste.com.br\/en\/wp-json\/wp\/v2\/posts"}],"about":[{"href":"https:\/\/folhadoleste.com.br\/en\/wp-json\/wp\/v2\/types\/post"}],"author":[{"embeddable":true,"href":"https:\/\/folhadoleste.com.br\/en\/wp-json\/wp\/v2\/users\/4"}],"replies":[{"embeddable":true,"href":"https:\/\/folhadoleste.com.br\/en\/wp-json\/wp\/v2\/comments?post=102277"}],"version-history":[{"count":1,"href":"https:\/\/folhadoleste.com.br\/en\/wp-json\/wp\/v2\/posts\/102277\/revisions"}],"predecessor-version":[{"id":102282,"href":"https:\/\/folhadoleste.com.br\/en\/wp-json\/wp\/v2\/posts\/102277\/revisions\/102282"}],"wp:featuredmedia":[{"embeddable":true,"href":"https:\/\/folhadoleste.com.br\/en\/wp-json\/wp\/v2\/media\/102281"}],"wp:attachment":[{"href":"https:\/\/folhadoleste.com.br\/en\/wp-json\/wp\/v2\/media?parent=102277"}],"wp:term":[{"taxonomy":"category","embeddable":true,"href":"https:\/\/folhadoleste.com.br\/en\/wp-json\/wp\/v2\/categories?post=102277"},{"taxonomy":"post_tag","embeddable":true,"href":"https:\/\/folhadoleste.com.br\/en\/wp-json\/wp\/v2\/tags?post=102277"}],"curies":[{"name":"wp","href":"https:\/\/api.w.org\/{rel}","templated":true}]}}