{"id":102241,"date":"2024-12-16T09:37:38","date_gmt":"2024-12-16T12:37:38","guid":{"rendered":"https:\/\/folhadoleste.com.br\/?p=102241"},"modified":"2024-12-16T09:37:38","modified_gmt":"2024-12-16T12:37:38","slug":"casa-rede-incluir-vai-inaugurar-espaco-de-inclusao-social-no-rio","status":"publish","type":"post","link":"https:\/\/folhadoleste.com.br\/en\/casa-rede-incluir-vai-inaugurar-espaco-de-inclusao-social-no-rio\/","title":{"rendered":"Casa Rede Incluir vai inaugurar espa\u00e7o de inclus\u00e3o social no Rio"},"content":{"rendered":"<div id=\"attachment_102243\" style=\"width: 1210px\" class=\"wp-caption aligncenter\"><img decoding=\"async\" aria-describedby=\"caption-attachment-102243\" class=\"size-full wp-image-102243\" src=\"https:\/\/folhadoleste.com.br\/wp-content\/uploads\/2024\/12\/Casa-Rede-Incluir-vai-inaugurar-espaco-de-inclusao-social-no-Rio-Foto-Divulgacao.jpeg\" alt=\"Casa Rede Incluir vai inaugurar espa\u00e7o de inclus\u00e3o social no Rio\" width=\"1200\" height=\"750\" \/><p id=\"caption-attachment-102243\" class=\"wp-caption-text\">Casa Rede Incluir vai inaugurar espa\u00e7o de inclus\u00e3o social no Rio | Divulga\u00e7\u00e3o<\/p><\/div>\n<p style=\"text-align: justify;\" data-pm-slice=\"1 1 []\">O Instituto Rede Incluir, organiza\u00e7\u00e3o sem fins lucrativos reconhecida como entidade de utilidade p\u00fablica pela Lei Municipal n\u00ba 8.625, inaugura a Casa Rede Incluir em Campo Grande, Zona Oeste do Rio de Janeiro. O evento ocorrer\u00e1 nesta quarta-feira (18), \u00e0s 10h, na Rua Aracaju, 19, marcando um novo cap\u00edtulo na promo\u00e7\u00e3o da inclus\u00e3o social.<\/p>\n<p style=\"text-align: justify;\">Fundado em 2019, o Instituto Rede Incluir trabalha com cinco pilares sociais: Pessoas com Defici\u00eancia, Jovens, Mulheres, Pessoas com mais de 50 anos e a Comunidade LGBTQIA+.<\/p>\n<h6><span style=\"color: #ff0000;\"><strong>+<\/strong><\/span> <span style=\"color: #000000;\">LEIA TAMB\u00c9M: <\/span><strong>\u25ba<a href=\"https:\/\/folhadoleste.com.br\/en\/apagao-atinge-copacabana-e-deixa-moradores-sem-energia\/\">Apag\u00e3o atinge Copacabana e deixa moradores sem energia<\/a><\/strong><\/h6>\n<p style=\"text-align: justify;\">Entre suas conquistas est\u00e1 o Circuito Dia D, a maior feira de empregabilidade para pessoas com defici\u00eancia e reabilitados do INSS no Brasil, que j\u00e1 inseriu mais de 20 mil pessoas no mercado de trabalho. Al\u00e9m disso, o evento \u00e9 parte do calend\u00e1rio oficial do Rio de Janeiro (Lei Municipal n\u00ba 8.606).<\/p>\n<p style=\"text-align: justify;\">Outro destaque \u00e9 o portal DIVAGA, que conecta profissionais diversos a empresas, promovendo equidade e inclus\u00e3o no mercado de trabalho. Essas iniciativas alinham-se aos Objetivos de Desenvolvimento Sustent\u00e1vel (ODS) da ONU, refor\u00e7ando compromissos com educa\u00e7\u00e3o de qualidade, igualdade de g\u00eanero e justi\u00e7a social.<\/p>\n<div style=\"text-align: justify;\">\n<h4><strong>Um Espa\u00e7o para Inclus\u00e3o e Oportunidades<\/strong><\/h4>\n<\/div>\n<p style=\"text-align: justify;\">A Casa Rede Incluir oferecer\u00e1 uma estrutura inovadora para capacita\u00e7\u00e3o e desenvolvimento profissional. O local contar\u00e1 com:<\/p>\n<ul style=\"text-align: justify;\" data-spread=\"false\">\n<li>Sala sensorial de empregabilidade para pessoas com Transtorno do Espectro Autista (TEA);<\/li>\n<li>Cursos de qualifica\u00e7\u00e3o em \u00e1reas estrat\u00e9gicas para o mercado de trabalho;<\/li>\n<li>Oficinas de habilidades t\u00e9cnicas e pr\u00e1ticas;<\/li>\n<li>Espa\u00e7o cultural para eventos e debates sobre diversidade.<\/li>\n<\/ul>\n<p style=\"text-align: justify;\">A iniciativa tamb\u00e9m oferecer\u00e1 suporte ao empreendedorismo, ajudando profissionais a desenvolverem ou aprimorarem seus neg\u00f3cios.<\/p>\n<blockquote>\n<p style=\"text-align: justify;\">&#8220;A Casa Rede Incluir ser\u00e1 um lugar onde a inclus\u00e3o acontece de forma concreta e transformadora&#8221;, afirma Antoniel Bastos, presidente do Instituto Rede Incluir.<\/p>\n<\/blockquote>\n<div style=\"text-align: justify;\">\n<h4><strong>Parcerias que Impulsionam Resultados<\/strong><\/h4>\n<\/div>\n<p style=\"text-align: justify;\">As a\u00e7\u00f5es do Instituto Rede Incluir s\u00f3 s\u00e3o poss\u00edveis gra\u00e7as \u00e0s parcerias com empresas, denominadas &#8220;Idealizadores Sociais&#8221;, e ao apoio do Minist\u00e9rio P\u00fablico do Trabalho.<\/p>\n<h5 style=\"text-align: center;\"><span style=\"color: #000000;\"><span style=\"color: #ff0000;\"><strong>+ <\/strong><\/span><\/span><span style=\"color: #000000;\"><span style=\"color: #ff9900;\"><strong>MAIS NOT\u00cdCIAS DO RIO DE JANEIRO?<\/strong><\/span> <span style=\"color: #008080;\"><strong><a style=\"color: #008080;\" href=\"https:\/\/folhadoleste.com.br\/en\/category\/rio-de-janeiro-capital\/\">CLIQUE AQUI<\/a><\/strong><\/span><\/span><\/h5>\n<p style=\"text-align: justify;\">Esses parceiros destinam recursos essenciais para projetos que ampliam o alcance das iniciativas.<\/p>\n<div style=\"text-align: justify;\">\n<h4><strong>DIVAGA: Uma Ferramenta de Inclus\u00e3o Digital<\/strong><\/h4>\n<\/div>\n<p style=\"text-align: justify;\">Com o lema &#8220;Onde a Diversidade Encontra Seu Lugar&#8221;, o <a href=\"http:\/\/www.divaga.com.br\"><strong>portal DIVAGA<\/strong><\/a> \u00e9 um recurso inovador para conectar candidatos a empresas. Voltado inicialmente para pessoas com defici\u00eancia, o portal realiza triagens humanizadas, sem depend\u00eancia de intelig\u00eancia artificial.<\/p>\n<p style=\"text-align: justify;\">Dispon\u00edvel gratuitamente no <a href=\"http:\/\/www.divaga.com.br\"><strong>site<\/strong><\/a>, o DIVAGA tamb\u00e9m estar\u00e1 acess\u00edvel em breve nas lojas Google Play e Apple Store.<\/p>\n<blockquote>\n<p style=\"text-align: justify;\">&#8220;Criamos uma ponte entre talento e oportunidade, onde cada candidato \u00e9 tratado com a singularidade que merece&#8221;, refor\u00e7a Antoniel Bastos.<\/p>\n<\/blockquote>\n<div style=\"text-align: justify;\">\n<h4><strong>Cartilha para Inclus\u00e3o de Pessoas com TEA<\/strong><\/h4>\n<\/div>\n<p style=\"text-align: justify;\">Outro recurso lan\u00e7ado pela Rede Incluir \u00e9 a cartilha &#8220;Como Incluir Pessoas com Transtorno do Espectro Autista (TEA) no Trabalho&#8221;.<\/p>\n<p style=\"text-align: justify;\">Gratuita e dispon\u00edvel no site oficial, a publica\u00e7\u00e3o oferece orienta\u00e7\u00f5es pr\u00e1ticas para adaptar ambientes corporativos, alinhando-se ao ODS 8 da ONU, que promove trabalho decente e crescimento inclusivo.<\/p>\n<div style=\"text-align: justify;\">\n<h4><strong>Desafios e Oportunidades na Inclus\u00e3o<\/strong><\/h4>\n<\/div>\n<p style=\"text-align: justify;\">Apesar dos avan\u00e7os, o Brasil ainda enfrenta desafios significativos. Mais de 60% das empresas n\u00e3o possuem pol\u00edticas ativas para pessoas com defici\u00eancia, e apenas 12% dos l\u00edderes corporativos compreendem plenamente as necessidades dos colaboradores com TEA.<\/p>\n<p style=\"text-align: justify;\">O Instituto Rede Incluir busca mudar esse cen\u00e1rio, incentivando empresas a adotar pr\u00e1ticas inclusivas. Para isso, oferece ferramentas como o portal DIVAGA e a cartilha gratuita, dispon\u00edveis para download no <strong><a href=\"https:\/\/redeincluir.com.br\/baixe-agora-a-cartilha-como-incluir-pessoas-com-transtorno-do-espectro-autista-tea-no-trabalho\">site oficial da organiza\u00e7\u00e3o.<\/a><\/strong><\/p>\n<div id=\"attachment_77492\" class=\"wp-caption aligncenter\"><a href=\"http:\/\/instagram.com\/folhadoleste\"><img decoding=\"async\" class=\"wp-image-77492 size-full\" src=\"https:\/\/folhadoleste.com.br\/wp-content\/uploads\/2024\/07\/Instagram-Folha-do-Leste.png\" alt=\"http:\/\/instagram.com\/folhadoleste\" width=\"400\" height=\"200\" aria-describedby=\"caption-attachment-77492\" \/><\/a><\/div>\n<div id=\"attachment_77490\" class=\"wp-caption aligncenter\"><a href=\"http:\/\/facebook.com\/folhadoleste\"><img decoding=\"async\" class=\"size-medium wp-image-77490\" src=\"https:\/\/folhadoleste.com.br\/wp-content\/uploads\/2024\/07\/Facebook-Folha-do-Leste-10k-300x300.jpg\" alt=\"Curta e siga o Folha do Leste no Facebook!\" width=\"300\" height=\"300\" aria-describedby=\"caption-attachment-77490\" \/><\/a><\/div>","protected":false},"excerpt":{"rendered":"<p>O Instituto Rede Incluir, organiza\u00e7\u00e3o sem fins lucrativos reconhecida como entidade de utilidade p\u00fablica pela Lei Municipal n\u00ba 8.625, inaugura a Casa Rede Incluir em Campo Grande, Zona Oeste do Rio de Janeiro. O evento ocorrer\u00e1 nesta quarta-feira (18), \u00e0s 10h, na Rua Aracaju, 19, marcando um novo cap\u00edtulo na promo\u00e7\u00e3o da inclus\u00e3o social. Fundado em 2019, o Instituto Rede Incluir trabalha com cinco pilares sociais: Pessoas com Defici\u00eancia, Jovens, Mulheres, Pessoas com mais de 50 anos e a Comunidade LGBTQIA+. + LEIA TAMB\u00c9M: \u25baApag\u00e3o atinge Copacabana e deixa moradores sem energia Entre suas conquistas est\u00e1 o Circuito Dia D, [&hellip;]<\/p>\n","protected":false},"author":4,"featured_media":102243,"comment_status":"open","ping_status":"open","sticky":false,"template":"","format":"standard","meta":{"footnotes":""},"categories":[86,83,67],"tags":[6526,4217,3344,2682,108,20297,1614,11156,56753,56754,13256,1295,3818,2070,1268,220,2821,22415,56752,93,2085],"class_list":["post-102241","post","type-post","status-publish","format-standard","has-post-thumbnail","hentry","category-cultura","category-entretenimento-artes-e-cultura-destaque","category-rio-de-janeiro-capital","tag-acessibilidade","tag-campo-grande","tag-casa","tag-comunidade","tag-cultura","tag-desenvolvimento-social","tag-diversidade","tag-empoderamento","tag-espaco-social","tag-eventos-sociais","tag-igualdade","tag-inauguracao","tag-inclusao","tag-jovens","tag-lgbtqia","tag-mulheres","tag-pessoas-com-deficiencia","tag-projetos-sociais","tag-rede-incluir","tag-rio-de-janeiro","tag-zona-oeste","post--single"],"yoast_head":"<!-- This site is optimized with the Yoast SEO plugin v27.4 - https:\/\/yoast.com\/product\/yoast-seo-wordpress\/ -->\n<title>Casa Rede Incluir vai inaugurar espa\u00e7o de inclus\u00e3o social no Rio &#8226; Folha do Leste<\/title>\n<meta name=\"description\" content=\"Casa Rede Incluir vai inaugurar espa\u00e7o de inclus\u00e3o social no Rio. A inaugura\u00e7\u00e3o ocorrer\u00e1 ainda esta semana...\" \/>\n<meta name=\"robots\" content=\"index, follow, max-snippet:-1, max-image-preview:large, max-video-preview:-1\" \/>\n<link rel=\"canonical\" href=\"https:\/\/folhadoleste.com.br\/en\/casa-rede-incluir-vai-inaugurar-espaco-de-inclusao-social-no-rio\/\" \/>\n<meta property=\"og:locale\" content=\"en_US\" \/>\n<meta property=\"og:type\" content=\"article\" \/>\n<meta property=\"og:title\" content=\"Casa Rede Incluir vai inaugurar espa\u00e7o de inclus\u00e3o social no Rio &#8226; Folha do Leste\" \/>\n<meta property=\"og:description\" content=\"Casa Rede Incluir vai inaugurar espa\u00e7o de inclus\u00e3o social no Rio. A inaugura\u00e7\u00e3o ocorrer\u00e1 ainda esta semana...\" \/>\n<meta property=\"og:url\" content=\"https:\/\/folhadoleste.com.br\/en\/casa-rede-incluir-vai-inaugurar-espaco-de-inclusao-social-no-rio\/\" \/>\n<meta property=\"og:site_name\" content=\"Folha do Leste\" \/>\n<meta property=\"article:publisher\" content=\"https:\/\/www.facebook.com\/folhadoleste\" \/>\n<meta property=\"article:published_time\" content=\"2024-12-16T12:37:38+00:00\" \/>\n<meta property=\"og:image\" content=\"https:\/\/folhadoleste.com.br\/wp-content\/uploads\/2024\/12\/Casa-Rede-Incluir-vai-inaugurar-espaco-de-inclusao-social-no-Rio-Foto-Divulgacao.jpeg\" \/>\n\t<meta property=\"og:image:width\" content=\"1200\" \/>\n\t<meta property=\"og:image:height\" content=\"750\" \/>\n\t<meta property=\"og:image:type\" content=\"image\/jpeg\" \/>\n<meta name=\"author\" content=\"Folha do Leste\" \/>\n<meta name=\"twitter:card\" content=\"summary_large_image\" \/>\n<meta name=\"twitter:creator\" content=\"@FolhadoLesteRJ\" \/>\n<meta name=\"twitter:site\" content=\"@FolhadoLesteRJ\" \/>\n<meta name=\"twitter:label1\" content=\"Written by\" \/>\n\t<meta name=\"twitter:data1\" content=\"Folha do Leste\" \/>\n\t<meta name=\"twitter:label2\" content=\"Est. reading time\" \/>\n\t<meta name=\"twitter:data2\" content=\"4 minutes\" \/>\n<script type=\"application\/ld+json\" class=\"yoast-schema-graph\">{\"@context\":\"https:\\\/\\\/schema.org\",\"@graph\":[{\"@type\":\"NewsArticle\",\"@id\":\"https:\\\/\\\/folhadoleste.com.br\\\/casa-rede-incluir-vai-inaugurar-espaco-de-inclusao-social-no-rio\\\/#article\",\"isPartOf\":{\"@id\":\"https:\\\/\\\/folhadoleste.com.br\\\/casa-rede-incluir-vai-inaugurar-espaco-de-inclusao-social-no-rio\\\/\"},\"author\":{\"name\":\"Folha do Leste\",\"@id\":\"https:\\\/\\\/folhadoleste.com.br\\\/#\\\/schema\\\/person\\\/3e97145b2e1861276e84471aa85a3899\"},\"headline\":\"Casa Rede Incluir vai inaugurar espa\u00e7o de inclus\u00e3o social no Rio\",\"datePublished\":\"2024-12-16T12:37:38+00:00\",\"mainEntityOfPage\":{\"@id\":\"https:\\\/\\\/folhadoleste.com.br\\\/casa-rede-incluir-vai-inaugurar-espaco-de-inclusao-social-no-rio\\\/\"},\"wordCount\":625,\"commentCount\":0,\"publisher\":{\"@id\":\"https:\\\/\\\/folhadoleste.com.br\\\/#organization\"},\"image\":{\"@id\":\"https:\\\/\\\/folhadoleste.com.br\\\/casa-rede-incluir-vai-inaugurar-espaco-de-inclusao-social-no-rio\\\/#primaryimage\"},\"thumbnailUrl\":\"https:\\\/\\\/folhadoleste.com.br\\\/wp-content\\\/uploads\\\/2024\\\/12\\\/Casa-Rede-Incluir-vai-inaugurar-espaco-de-inclusao-social-no-Rio-Foto-Divulgacao.jpeg\",\"keywords\":[\"acessibilidade\",\"Campo Grande\",\"casa\",\"comunidade\",\"Cultura\",\"Desenvolvimento Social\",\"diversidade\",\"empoderamento\",\"espa\u00e7o social\",\"eventos sociais\",\"igualdade\",\"inaugura\u00e7\u00e3o\",\"Inclus\u00e3o\",\"jovens\",\"LGBTQIA+\",\"mulheres\",\"Pessoas com defici\u00eancia\",\"Projetos Sociais\",\"Rede Incluir\",\"Rio de Janeiro\",\"Zona Oeste\"],\"articleSection\":[\"Cultura\",\"Entretenimento, Artes e Cultura\",\"Rio de Janeiro - Capital\"],\"inLanguage\":\"en-US\",\"potentialAction\":[{\"@type\":\"CommentAction\",\"name\":\"Comment\",\"target\":[\"https:\\\/\\\/folhadoleste.com.br\\\/casa-rede-incluir-vai-inaugurar-espaco-de-inclusao-social-no-rio\\\/#respond\"]}]},{\"@type\":\"WebPage\",\"@id\":\"https:\\\/\\\/folhadoleste.com.br\\\/casa-rede-incluir-vai-inaugurar-espaco-de-inclusao-social-no-rio\\\/\",\"url\":\"https:\\\/\\\/folhadoleste.com.br\\\/casa-rede-incluir-vai-inaugurar-espaco-de-inclusao-social-no-rio\\\/\",\"name\":\"Casa Rede Incluir vai inaugurar espa\u00e7o de inclus\u00e3o social no Rio &#8226; Folha do Leste\",\"isPartOf\":{\"@id\":\"https:\\\/\\\/folhadoleste.com.br\\\/#website\"},\"primaryImageOfPage\":{\"@id\":\"https:\\\/\\\/folhadoleste.com.br\\\/casa-rede-incluir-vai-inaugurar-espaco-de-inclusao-social-no-rio\\\/#primaryimage\"},\"image\":{\"@id\":\"https:\\\/\\\/folhadoleste.com.br\\\/casa-rede-incluir-vai-inaugurar-espaco-de-inclusao-social-no-rio\\\/#primaryimage\"},\"thumbnailUrl\":\"https:\\\/\\\/folhadoleste.com.br\\\/wp-content\\\/uploads\\\/2024\\\/12\\\/Casa-Rede-Incluir-vai-inaugurar-espaco-de-inclusao-social-no-Rio-Foto-Divulgacao.jpeg\",\"datePublished\":\"2024-12-16T12:37:38+00:00\",\"description\":\"Casa Rede Incluir vai inaugurar espa\u00e7o de inclus\u00e3o social no Rio. A inaugura\u00e7\u00e3o ocorrer\u00e1 ainda esta semana...\",\"breadcrumb\":{\"@id\":\"https:\\\/\\\/folhadoleste.com.br\\\/casa-rede-incluir-vai-inaugurar-espaco-de-inclusao-social-no-rio\\\/#breadcrumb\"},\"inLanguage\":\"en-US\",\"potentialAction\":[{\"@type\":\"ReadAction\",\"target\":[\"https:\\\/\\\/folhadoleste.com.br\\\/casa-rede-incluir-vai-inaugurar-espaco-de-inclusao-social-no-rio\\\/\"]}]},{\"@type\":\"ImageObject\",\"inLanguage\":\"en-US\",\"@id\":\"https:\\\/\\\/folhadoleste.com.br\\\/casa-rede-incluir-vai-inaugurar-espaco-de-inclusao-social-no-rio\\\/#primaryimage\",\"url\":\"https:\\\/\\\/folhadoleste.com.br\\\/wp-content\\\/uploads\\\/2024\\\/12\\\/Casa-Rede-Incluir-vai-inaugurar-espaco-de-inclusao-social-no-Rio-Foto-Divulgacao.jpeg\",\"contentUrl\":\"https:\\\/\\\/folhadoleste.com.br\\\/wp-content\\\/uploads\\\/2024\\\/12\\\/Casa-Rede-Incluir-vai-inaugurar-espaco-de-inclusao-social-no-Rio-Foto-Divulgacao.jpeg\",\"width\":1200,\"height\":750,\"caption\":\"Casa Rede Incluir vai inaugurar espa\u00e7o de inclus\u00e3o social no Rio | Divulga\u00e7\u00e3o\"},{\"@type\":\"BreadcrumbList\",\"@id\":\"https:\\\/\\\/folhadoleste.com.br\\\/casa-rede-incluir-vai-inaugurar-espaco-de-inclusao-social-no-rio\\\/#breadcrumb\",\"itemListElement\":[{\"@type\":\"ListItem\",\"position\":1,\"name\":\"In\u00edcio\",\"item\":\"https:\\\/\\\/folhadoleste.com.br\\\/\"},{\"@type\":\"ListItem\",\"position\":2,\"name\":\"Rio de Janeiro - Capital\",\"item\":\"https:\\\/\\\/folhadoleste.com.br\\\/category\\\/rio-de-janeiro-capital\\\/\"},{\"@type\":\"ListItem\",\"position\":3,\"name\":\"Casa Rede Incluir vai inaugurar espa\u00e7o de inclus\u00e3o social no Rio\"}]},{\"@type\":\"WebSite\",\"@id\":\"https:\\\/\\\/folhadoleste.com.br\\\/#website\",\"url\":\"https:\\\/\\\/folhadoleste.com.br\\\/\",\"name\":\"Folha do Leste\",\"description\":\"Portal de Not\u00edcias com \u00eanfase em Niter\u00f3i, criando conte\u00fados desde a capital Rio de Janeiro, com olhar para o Leste Fluminense e suas cidades como S\u00e3o Gon\u00e7alo, Itabora\u00ed, Rio Bonito, Maric\u00e1, Saquarema e Araruama\",\"publisher\":{\"@id\":\"https:\\\/\\\/folhadoleste.com.br\\\/#organization\"},\"alternateName\":\"FL\",\"potentialAction\":[{\"@type\":\"SearchAction\",\"target\":{\"@type\":\"EntryPoint\",\"urlTemplate\":\"https:\\\/\\\/folhadoleste.com.br\\\/?s={search_term_string}\"},\"query-input\":{\"@type\":\"PropertyValueSpecification\",\"valueRequired\":true,\"valueName\":\"search_term_string\"}}],\"inLanguage\":\"en-US\"},{\"@type\":\"Organization\",\"@id\":\"https:\\\/\\\/folhadoleste.com.br\\\/#organization\",\"name\":\"Brasil 21 Comunica\u00e7\u00e3o\",\"alternateName\":\"BR21\",\"url\":\"https:\\\/\\\/folhadoleste.com.br\\\/\",\"logo\":{\"@type\":\"ImageObject\",\"inLanguage\":\"en-US\",\"@id\":\"https:\\\/\\\/folhadoleste.com.br\\\/#\\\/schema\\\/logo\\\/image\\\/\",\"url\":\"https:\\\/\\\/folhadoleste.com.br\\\/wp-content\\\/uploads\\\/2025\\\/12\\\/brasil-21-logomarca.avif\",\"contentUrl\":\"https:\\\/\\\/folhadoleste.com.br\\\/wp-content\\\/uploads\\\/2025\\\/12\\\/brasil-21-logomarca.avif\",\"width\":1044,\"height\":1044,\"caption\":\"Brasil 21 Comunica\u00e7\u00e3o\"},\"image\":{\"@id\":\"https:\\\/\\\/folhadoleste.com.br\\\/#\\\/schema\\\/logo\\\/image\\\/\"},\"sameAs\":[\"https:\\\/\\\/www.facebook.com\\\/folhadoleste\",\"https:\\\/\\\/x.com\\\/FolhadoLesteRJ\",\"https:\\\/\\\/www.instagram.com\\\/folhadoleste\\\/\"]},{\"@type\":\"Person\",\"@id\":\"https:\\\/\\\/folhadoleste.com.br\\\/#\\\/schema\\\/person\\\/3e97145b2e1861276e84471aa85a3899\",\"name\":\"Folha do Leste\",\"image\":{\"@type\":\"ImageObject\",\"inLanguage\":\"en-US\",\"@id\":\"https:\\\/\\\/folhadoleste.com.br\\\/wp-content\\\/litespeed\\\/avatar\\\/1ca8c218432e7045e748610eb3db0259.jpg?ver=1777161142\",\"url\":\"https:\\\/\\\/folhadoleste.com.br\\\/wp-content\\\/litespeed\\\/avatar\\\/1ca8c218432e7045e748610eb3db0259.jpg?ver=1777161142\",\"contentUrl\":\"https:\\\/\\\/folhadoleste.com.br\\\/wp-content\\\/litespeed\\\/avatar\\\/1ca8c218432e7045e748610eb3db0259.jpg?ver=1777161142\",\"caption\":\"Folha do Leste\"},\"url\":\"https:\\\/\\\/folhadoleste.com.br\\\/en\\\/author\\\/reportagem-01\\\/\"}]}<\/script>\n<!-- \/ Yoast SEO plugin. -->","yoast_head_json":{"title":"Casa Rede Incluir vai inaugurar espa\u00e7o de inclus\u00e3o social no Rio &#8226; Folha do Leste","description":"Casa Rede Incluir vai inaugurar espa\u00e7o de inclus\u00e3o social no Rio. A inaugura\u00e7\u00e3o ocorrer\u00e1 ainda esta semana...","robots":{"index":"index","follow":"follow","max-snippet":"max-snippet:-1","max-image-preview":"max-image-preview:large","max-video-preview":"max-video-preview:-1"},"canonical":"https:\/\/folhadoleste.com.br\/en\/casa-rede-incluir-vai-inaugurar-espaco-de-inclusao-social-no-rio\/","og_locale":"en_US","og_type":"article","og_title":"Casa Rede Incluir vai inaugurar espa\u00e7o de inclus\u00e3o social no Rio &#8226; Folha do Leste","og_description":"Casa Rede Incluir vai inaugurar espa\u00e7o de inclus\u00e3o social no Rio. A inaugura\u00e7\u00e3o ocorrer\u00e1 ainda esta semana...","og_url":"https:\/\/folhadoleste.com.br\/en\/casa-rede-incluir-vai-inaugurar-espaco-de-inclusao-social-no-rio\/","og_site_name":"Folha do Leste","article_publisher":"https:\/\/www.facebook.com\/folhadoleste","article_published_time":"2024-12-16T12:37:38+00:00","og_image":[{"width":1200,"height":750,"url":"https:\/\/folhadoleste.com.br\/wp-content\/uploads\/2024\/12\/Casa-Rede-Incluir-vai-inaugurar-espaco-de-inclusao-social-no-Rio-Foto-Divulgacao.jpeg","type":"image\/jpeg"}],"author":"Folha do Leste","twitter_card":"summary_large_image","twitter_creator":"@FolhadoLesteRJ","twitter_site":"@FolhadoLesteRJ","twitter_misc":{"Written by":"Folha do Leste","Est. reading time":"4 minutes"},"schema":{"@context":"https:\/\/schema.org","@graph":[{"@type":"NewsArticle","@id":"https:\/\/folhadoleste.com.br\/casa-rede-incluir-vai-inaugurar-espaco-de-inclusao-social-no-rio\/#article","isPartOf":{"@id":"https:\/\/folhadoleste.com.br\/casa-rede-incluir-vai-inaugurar-espaco-de-inclusao-social-no-rio\/"},"author":{"name":"Folha do Leste","@id":"https:\/\/folhadoleste.com.br\/#\/schema\/person\/3e97145b2e1861276e84471aa85a3899"},"headline":"Casa Rede Incluir vai inaugurar espa\u00e7o de inclus\u00e3o social no Rio","datePublished":"2024-12-16T12:37:38+00:00","mainEntityOfPage":{"@id":"https:\/\/folhadoleste.com.br\/casa-rede-incluir-vai-inaugurar-espaco-de-inclusao-social-no-rio\/"},"wordCount":625,"commentCount":0,"publisher":{"@id":"https:\/\/folhadoleste.com.br\/#organization"},"image":{"@id":"https:\/\/folhadoleste.com.br\/casa-rede-incluir-vai-inaugurar-espaco-de-inclusao-social-no-rio\/#primaryimage"},"thumbnailUrl":"https:\/\/folhadoleste.com.br\/wp-content\/uploads\/2024\/12\/Casa-Rede-Incluir-vai-inaugurar-espaco-de-inclusao-social-no-Rio-Foto-Divulgacao.jpeg","keywords":["acessibilidade","Campo Grande","casa","comunidade","Cultura","Desenvolvimento Social","diversidade","empoderamento","espa\u00e7o social","eventos sociais","igualdade","inaugura\u00e7\u00e3o","Inclus\u00e3o","jovens","LGBTQIA+","mulheres","Pessoas com defici\u00eancia","Projetos Sociais","Rede Incluir","Rio de Janeiro","Zona Oeste"],"articleSection":["Cultura","Entretenimento, Artes e Cultura","Rio de Janeiro - Capital"],"inLanguage":"en-US","potentialAction":[{"@type":"CommentAction","name":"Comment","target":["https:\/\/folhadoleste.com.br\/casa-rede-incluir-vai-inaugurar-espaco-de-inclusao-social-no-rio\/#respond"]}]},{"@type":"WebPage","@id":"https:\/\/folhadoleste.com.br\/casa-rede-incluir-vai-inaugurar-espaco-de-inclusao-social-no-rio\/","url":"https:\/\/folhadoleste.com.br\/casa-rede-incluir-vai-inaugurar-espaco-de-inclusao-social-no-rio\/","name":"Casa Rede Incluir vai inaugurar espa\u00e7o de inclus\u00e3o social no Rio &#8226; Folha do Leste","isPartOf":{"@id":"https:\/\/folhadoleste.com.br\/#website"},"primaryImageOfPage":{"@id":"https:\/\/folhadoleste.com.br\/casa-rede-incluir-vai-inaugurar-espaco-de-inclusao-social-no-rio\/#primaryimage"},"image":{"@id":"https:\/\/folhadoleste.com.br\/casa-rede-incluir-vai-inaugurar-espaco-de-inclusao-social-no-rio\/#primaryimage"},"thumbnailUrl":"https:\/\/folhadoleste.com.br\/wp-content\/uploads\/2024\/12\/Casa-Rede-Incluir-vai-inaugurar-espaco-de-inclusao-social-no-Rio-Foto-Divulgacao.jpeg","datePublished":"2024-12-16T12:37:38+00:00","description":"Casa Rede Incluir vai inaugurar espa\u00e7o de inclus\u00e3o social no Rio. A inaugura\u00e7\u00e3o ocorrer\u00e1 ainda esta semana...","breadcrumb":{"@id":"https:\/\/folhadoleste.com.br\/casa-rede-incluir-vai-inaugurar-espaco-de-inclusao-social-no-rio\/#breadcrumb"},"inLanguage":"en-US","potentialAction":[{"@type":"ReadAction","target":["https:\/\/folhadoleste.com.br\/casa-rede-incluir-vai-inaugurar-espaco-de-inclusao-social-no-rio\/"]}]},{"@type":"ImageObject","inLanguage":"en-US","@id":"https:\/\/folhadoleste.com.br\/casa-rede-incluir-vai-inaugurar-espaco-de-inclusao-social-no-rio\/#primaryimage","url":"https:\/\/folhadoleste.com.br\/wp-content\/uploads\/2024\/12\/Casa-Rede-Incluir-vai-inaugurar-espaco-de-inclusao-social-no-Rio-Foto-Divulgacao.jpeg","contentUrl":"https:\/\/folhadoleste.com.br\/wp-content\/uploads\/2024\/12\/Casa-Rede-Incluir-vai-inaugurar-espaco-de-inclusao-social-no-Rio-Foto-Divulgacao.jpeg","width":1200,"height":750,"caption":"Casa Rede Incluir vai inaugurar espa\u00e7o de inclus\u00e3o social no Rio | Divulga\u00e7\u00e3o"},{"@type":"BreadcrumbList","@id":"https:\/\/folhadoleste.com.br\/casa-rede-incluir-vai-inaugurar-espaco-de-inclusao-social-no-rio\/#breadcrumb","itemListElement":[{"@type":"ListItem","position":1,"name":"In\u00edcio","item":"https:\/\/folhadoleste.com.br\/"},{"@type":"ListItem","position":2,"name":"Rio de Janeiro - Capital","item":"https:\/\/folhadoleste.com.br\/category\/rio-de-janeiro-capital\/"},{"@type":"ListItem","position":3,"name":"Casa Rede Incluir vai inaugurar espa\u00e7o de inclus\u00e3o social no Rio"}]},{"@type":"WebSite","@id":"https:\/\/folhadoleste.com.br\/#website","url":"https:\/\/folhadoleste.com.br\/","name":"Folha do Leste","description":"Portal de Not\u00edcias com \u00eanfase em Niter\u00f3i, criando conte\u00fados desde a capital Rio de Janeiro, com olhar para o Leste Fluminense e suas cidades como S\u00e3o Gon\u00e7alo, Itabora\u00ed, Rio Bonito, Maric\u00e1, Saquarema e Araruama","publisher":{"@id":"https:\/\/folhadoleste.com.br\/#organization"},"alternateName":"FL","potentialAction":[{"@type":"SearchAction","target":{"@type":"EntryPoint","urlTemplate":"https:\/\/folhadoleste.com.br\/?s={search_term_string}"},"query-input":{"@type":"PropertyValueSpecification","valueRequired":true,"valueName":"search_term_string"}}],"inLanguage":"en-US"},{"@type":"Organization","@id":"https:\/\/folhadoleste.com.br\/#organization","name":"Brasil 21 Comunica\u00e7\u00e3o","alternateName":"BR21","url":"https:\/\/folhadoleste.com.br\/","logo":{"@type":"ImageObject","inLanguage":"en-US","@id":"https:\/\/folhadoleste.com.br\/#\/schema\/logo\/image\/","url":"https:\/\/folhadoleste.com.br\/wp-content\/uploads\/2025\/12\/brasil-21-logomarca.avif","contentUrl":"https:\/\/folhadoleste.com.br\/wp-content\/uploads\/2025\/12\/brasil-21-logomarca.avif","width":1044,"height":1044,"caption":"Brasil 21 Comunica\u00e7\u00e3o"},"image":{"@id":"https:\/\/folhadoleste.com.br\/#\/schema\/logo\/image\/"},"sameAs":["https:\/\/www.facebook.com\/folhadoleste","https:\/\/x.com\/FolhadoLesteRJ","https:\/\/www.instagram.com\/folhadoleste\/"]},{"@type":"Person","@id":"https:\/\/folhadoleste.com.br\/#\/schema\/person\/3e97145b2e1861276e84471aa85a3899","name":"Folha do Leste","image":{"@type":"ImageObject","inLanguage":"en-US","@id":"https:\/\/folhadoleste.com.br\/wp-content\/litespeed\/avatar\/1ca8c218432e7045e748610eb3db0259.jpg?ver=1777161142","url":"https:\/\/folhadoleste.com.br\/wp-content\/litespeed\/avatar\/1ca8c218432e7045e748610eb3db0259.jpg?ver=1777161142","contentUrl":"https:\/\/folhadoleste.com.br\/wp-content\/litespeed\/avatar\/1ca8c218432e7045e748610eb3db0259.jpg?ver=1777161142","caption":"Folha do Leste"},"url":"https:\/\/folhadoleste.com.br\/en\/author\/reportagem-01\/"}]}},"_links":{"self":[{"href":"https:\/\/folhadoleste.com.br\/en\/wp-json\/wp\/v2\/posts\/102241","targetHints":{"allow":["GET"]}}],"collection":[{"href":"https:\/\/folhadoleste.com.br\/en\/wp-json\/wp\/v2\/posts"}],"about":[{"href":"https:\/\/folhadoleste.com.br\/en\/wp-json\/wp\/v2\/types\/post"}],"author":[{"embeddable":true,"href":"https:\/\/folhadoleste.com.br\/en\/wp-json\/wp\/v2\/users\/4"}],"replies":[{"embeddable":true,"href":"https:\/\/folhadoleste.com.br\/en\/wp-json\/wp\/v2\/comments?post=102241"}],"version-history":[{"count":1,"href":"https:\/\/folhadoleste.com.br\/en\/wp-json\/wp\/v2\/posts\/102241\/revisions"}],"predecessor-version":[{"id":102244,"href":"https:\/\/folhadoleste.com.br\/en\/wp-json\/wp\/v2\/posts\/102241\/revisions\/102244"}],"wp:featuredmedia":[{"embeddable":true,"href":"https:\/\/folhadoleste.com.br\/en\/wp-json\/wp\/v2\/media\/102243"}],"wp:attachment":[{"href":"https:\/\/folhadoleste.com.br\/en\/wp-json\/wp\/v2\/media?parent=102241"}],"wp:term":[{"taxonomy":"category","embeddable":true,"href":"https:\/\/folhadoleste.com.br\/en\/wp-json\/wp\/v2\/categories?post=102241"},{"taxonomy":"post_tag","embeddable":true,"href":"https:\/\/folhadoleste.com.br\/en\/wp-json\/wp\/v2\/tags?post=102241"}],"curies":[{"name":"wp","href":"https:\/\/api.w.org\/{rel}","templated":true}]}}