{"id":101714,"date":"2024-12-11T19:49:55","date_gmt":"2024-12-11T22:49:55","guid":{"rendered":"https:\/\/folhadoleste.com.br\/?p=101714"},"modified":"2024-12-11T19:49:55","modified_gmt":"2024-12-11T22:49:55","slug":"lula-realizara-novo-procedimento-apos-cirurgia-no-sirio-libanes","status":"publish","type":"post","link":"https:\/\/folhadoleste.com.br\/en\/lula-realizara-novo-procedimento-apos-cirurgia-no-sirio-libanes\/","title":{"rendered":"Lula realizar\u00e1 novo procedimento ap\u00f3s cirurgia no S\u00edrio Liban\u00eas"},"content":{"rendered":"<div id=\"attachment_101716\" style=\"width: 930px\" class=\"wp-caption aligncenter\"><img decoding=\"async\" aria-describedby=\"caption-attachment-101716\" class=\"size-full wp-image-101716\" src=\"https:\/\/folhadoleste.com.br\/wp-content\/uploads\/2024\/12\/920X540-FL-2024-12-11T193843.465.jpg\" alt=\"&quot;Presidente Lula realizar\u00e1 procedimento m\u00e9dico nesta quinta-feira, dando continuidade ao tratamento p\u00f3s-cir\u00fargico no Hospital S\u00edrio-Liban\u00eas.&quot;\" width=\"920\" height=\"540\" \/><p id=\"caption-attachment-101716\" class=\"wp-caption-text\">Presidente Lula realizar\u00e1 procedimento m\u00e9dico nesta quinta-feira, dando continuidade ao tratamento p\u00f3s-cir\u00fargico no Hospital S\u00edrio-Liban\u00eas. ( Marcelo Camargo\/Ag\u00eancia Brasil)<\/p><\/div>\n<p>O presidente Luiz In\u00e1cio Lula da Silva ser\u00e1 submetido a um novo procedimento m\u00e9dico nesta quinta-feira (12) pela manh\u00e3. A informa\u00e7\u00e3o foi confirmada pelo Hospital S\u00edrio-Liban\u00eas, que divulgou um boletim \u00e0s 16h30 de quarta-feira (11). Lula passar\u00e1 por uma emboliza\u00e7\u00e3o de art\u00e9ria men\u00edngea m\u00e9dia, um procedimento endovascular, como parte da sua recupera\u00e7\u00e3o.<\/p>\n<h6 style=\"text-align: justify;\"><span style=\"color: #ff0000;\"><strong>+<\/strong><\/span> <span style=\"color: #000000;\">LEIA TAMB\u00c9M: <strong>\u25ba\u00a0<a href=\"https:\/\/folhadoleste.com.br\/cirurgia-de-emergencia-de-lula-repercute-na-imprensa-internacional\/\">Cirurgia de emerg\u00eancia de Lula repercute na imprensa internacional<\/a><\/strong><\/span><\/h6>\n<h6 style=\"text-align: justify;\"><span style=\"color: #ff0000;\"><strong>+<\/strong><\/span> <span style=\"color: #000000;\">LEIA TAMB\u00c9M: <strong>\u25ba\u00a0<a href=\"https:\/\/folhadoleste.com.br\/lula-so-deve-voltar-a-brasilia-na-proxima-semana-apos-cirurgia-na-cabeca\/\">Lula s\u00f3 deve voltar a Bras\u00edlia na pr\u00f3xima semana ap\u00f3s cirurgia na cabe\u00e7a<\/a><\/strong><\/span><\/h6>\n<p>O boletim m\u00e9dico, assinado pelos m\u00e9dicos Luiz Francisco Cardoso e \u00c1lvaro Sarkis, informou que o presidente permanece sob cuidados intensivos. Ele passou o dia bem, sem intercorr\u00eancias, realizou fisioterapia, caminhou e recebeu visitas de familiares. O hospital destacou que o procedimento faz parte da programa\u00e7\u00e3o terap\u00eautica de Lula, complementando a cirurgia anterior.<\/p>\n<h5><strong>Procedimento endovascular \u00e9 parte do tratamento de Lula<\/strong><\/h5>\n<p>O procedimento previsto para quinta-feira n\u00e3o \u00e9 uma nova cirurgia. De acordo com a assessoria de imprensa da Presid\u00eancia, ele ser\u00e1 realizado por meio de um cateterismo. Essa interven\u00e7\u00e3o faz parte do tratamento p\u00f3s-cir\u00fargico e tem como objetivo tratar a hemorragia intracraniana que o presidente sofreu ap\u00f3s um acidente dom\u00e9stico em outubro.<\/p>\n<p>Lula segue sob os cuidados dos m\u00e9dicos Roberto Kalil Filho e Ana Helena Germoglio. A emboliza\u00e7\u00e3o de art\u00e9ria men\u00edngea m\u00e9dia \u00e9 um procedimento minimamente invasivo, que ser\u00e1 feito no ambiente do hospital, sem a necessidade de um centro cir\u00fargico.<\/p>\n<h5 style=\"text-align: center;\"><span style=\"color: #000000;\"><span style=\"color: #ff0000;\"><strong>+ <\/strong><\/span><\/span><span style=\"color: #000000;\"><strong><span style=\"color: #ff9900;\">MAIS NOT\u00cdCIAS DO BRASIL?<\/span> <span style=\"color: #008080;\"><a style=\"color: #008080;\" href=\"https:\/\/folhadoleste.com.br\/category\/brasil\/\">CLIQUE AQUI<\/a><\/span><\/strong><\/span><\/h5>\n<h5><strong>Hist\u00f3rico m\u00e9dico de Lula e o acidente dom\u00e9stico<\/strong><\/h5>\n<p>Na noite de segunda-feira (9), o presidente sentiu fortes dores de cabe\u00e7a e foi submetido a exames no Hospital S\u00edrio-Liban\u00eas em Bras\u00edlia. Ap\u00f3s os exames, Lula foi transferido para a unidade de S\u00e3o Paulo, onde ficou internado. Na madrugada de ter\u00e7a-feira (10), o presidente passou por uma trepana\u00e7\u00e3o para drenar a hemorragia intracraniana causada por um acidente dom\u00e9stico ocorrido em 19 de outubro.<\/p>\n<h5>Trepana\u00e7\u00e3o<\/h5>\n<div class=\"flex max-w-full flex-col flex-grow\">\n<div class=\"min-h-8 text-message flex w-full flex-col items-end gap-2 whitespace-normal break-words text-start [.text-message+&amp;]:mt-5\" dir=\"auto\" data-message-author-role=\"assistant\" data-message-id=\"a53225bf-bfea-4b95-925f-aaffb7ba0946\" data-message-model-slug=\"gpt-4o-mini\">\n<div class=\"flex w-full flex-col gap-1 empty:hidden first:pt-[3px]\">\n<div class=\"markdown prose w-full break-words dark:prose-invert light\">\n<p>A trepana\u00e7\u00e3o \u00e9 um procedimento cir\u00fargico que consiste na remo\u00e7\u00e3o de uma parte do cr\u00e2nio para acessar o c\u00e9rebro. O objetivo \u00e9 tratar condi\u00e7\u00f5es como hemorragias intracranianas, les\u00f5es cerebrais ou press\u00e3o elevada dentro do cr\u00e2nio. Durante a cirurgia, os m\u00e9dicos fazem uma abertura no osso do cr\u00e2nio utilizando instrumentos espec\u00edficos, permitindo que o sangue acumulado seja drenado ou que o c\u00e9rebro seja tratado de forma direta. Ap\u00f3s o procedimento, a parte removida do cr\u00e2nio \u00e9, normalmente, reposicionada.<\/p>\n<h6>O que causou hemorragia<\/h6>\n<\/div>\n<\/div>\n<\/div>\n<\/div>\n<p>Na ocasi\u00e3o, Lula caiu no banheiro da resid\u00eancia oficial e bateu com a cabe\u00e7a. A queda resultou na hemorragia, que exigiu a interven\u00e7\u00e3o m\u00e9dica urgente e levou \u00e0 interna\u00e7\u00e3o e ao tratamento cir\u00fargico imediato.<\/p>\n<p>&nbsp;<\/p>\n<div id=\"attachment_77492\" style=\"width: 410px\" class=\"wp-caption aligncenter\"><a href=\"http:\/\/instagram.com\/folhadoleste\"><img decoding=\"async\" aria-describedby=\"caption-attachment-77492\" class=\"wp-image-77492 size-full\" src=\"https:\/\/folhadoleste.com.br\/wp-content\/uploads\/2024\/07\/Instagram-Folha-do-Leste.png\" alt=\"http:\/\/instagram.com\/folhadoleste\" width=\"400\" height=\"200\" \/><\/a><p id=\"caption-attachment-77492\" class=\"wp-caption-text\">Siga o Folha do Leste no Instagram!<\/p><\/div>\n<div id=\"attachment_77490\" style=\"width: 310px\" class=\"wp-caption aligncenter\"><a href=\"http:\/\/facebook.com\/folhadoleste\"><img decoding=\"async\" aria-describedby=\"caption-attachment-77490\" class=\"size-medium wp-image-77490\" src=\"https:\/\/folhadoleste.com.br\/wp-content\/uploads\/2024\/07\/Facebook-Folha-do-Leste-10k-300x300.jpg\" alt=\"Curta e siga o Folha do Leste no Facebook!\" width=\"300\" height=\"300\" \/><\/a><p id=\"caption-attachment-77490\" class=\"wp-caption-text\">Curta e siga o Folha do Leste no Facebook!<\/p><\/div>\n","protected":false},"excerpt":{"rendered":"<p>O presidente Luiz In\u00e1cio Lula da Silva ser\u00e1 submetido a um novo procedimento m\u00e9dico nesta quinta-feira (12) pela manh\u00e3. A informa\u00e7\u00e3o foi confirmada pelo Hospital S\u00edrio-Liban\u00eas, que divulgou um boletim \u00e0s 16h30 de quarta-feira (11). Lula passar\u00e1 por uma emboliza\u00e7\u00e3o de art\u00e9ria men\u00edngea m\u00e9dia, um procedimento endovascular, como parte da sua recupera\u00e7\u00e3o. + LEIA TAMB\u00c9M: \u25ba\u00a0Cirurgia de emerg\u00eancia de Lula repercute na imprensa internacional + LEIA TAMB\u00c9M: \u25ba\u00a0Lula s\u00f3 deve voltar a Bras\u00edlia na pr\u00f3xima semana ap\u00f3s cirurgia na cabe\u00e7a O boletim m\u00e9dico, assinado pelos m\u00e9dicos Luiz Francisco Cardoso e \u00c1lvaro Sarkis, informou que o presidente permanece sob cuidados intensivos. [&hellip;]<\/p>\n","protected":false},"author":16,"featured_media":101716,"comment_status":"open","ping_status":"open","sticky":false,"template":"","format":"standard","meta":{"footnotes":""},"categories":[64,115],"tags":[48205,56400,10020,56398,56405,2024,56409,34402,56399,8035,56402,875,9044,865,120,56407,56406,56411,56396,56410,808,56408,735,73,48206,48211,56397,11576,56403,56401,56404],"class_list":["post-101714","post","type-post","status-publish","format-standard","has-post-thumbnail","hentry","category-brasil","category-politica","tag-acidente-domestico","tag-arteria-meningea","tag-boletim-medico","tag-cateterismo","tag-cateterismo-endovascular","tag-cirurgia","tag-cirurgia-neurocirurgica","tag-cuidados-intensivos","tag-embolizacao","tag-fisioterapia","tag-hemorragia-intracraniana","tag-hospital","tag-internacao","tag-luiz-inacio-lula-da-silva","tag-lula","tag-medicos-ana-helena-germoglio","tag-medicos-roberto-kalil-filho","tag-monitoramento-medico","tag-procedimento-medico","tag-queda-no-banheiro","tag-recuperacao","tag-recuperacao-pos-cirurgica","tag-sao-paulo","tag-saude","tag-saude-do-presidente","tag-saude-presidencial","tag-sirio-libanes","tag-terapia","tag-tratamento-pos-cirurgico","tag-trepanacao","tag-visita-de-familiares","post--single"],"yoast_head":"<!-- This site is optimized with the Yoast SEO plugin v27.4 - https:\/\/yoast.com\/product\/yoast-seo-wordpress\/ -->\n<title>Lula realizar\u00e1 novo procedimento ap\u00f3s cirurgia no S\u00edrio Liban\u00eas &#8226; Folha do Leste<\/title>\n<meta name=\"description\" content=\"Presidente Lula realizar\u00e1 procedimento m\u00e9dico nesta quinta-feira, dando continuidade ao tratamento p\u00f3s-cir\u00fargico no Hospital S\u00edrio-Liban\u00eas.\" \/>\n<meta name=\"robots\" content=\"index, follow, max-snippet:-1, max-image-preview:large, max-video-preview:-1\" \/>\n<link rel=\"canonical\" href=\"https:\/\/folhadoleste.com.br\/en\/lula-realizara-novo-procedimento-apos-cirurgia-no-sirio-libanes\/\" \/>\n<meta property=\"og:locale\" content=\"en_US\" \/>\n<meta property=\"og:type\" content=\"article\" \/>\n<meta property=\"og:title\" content=\"Lula realizar\u00e1 novo procedimento ap\u00f3s cirurgia no S\u00edrio Liban\u00eas &#8226; Folha do Leste\" \/>\n<meta property=\"og:description\" content=\"Presidente Lula realizar\u00e1 procedimento m\u00e9dico nesta quinta-feira, dando continuidade ao tratamento p\u00f3s-cir\u00fargico no Hospital S\u00edrio-Liban\u00eas.\" \/>\n<meta property=\"og:url\" content=\"https:\/\/folhadoleste.com.br\/en\/lula-realizara-novo-procedimento-apos-cirurgia-no-sirio-libanes\/\" \/>\n<meta property=\"og:site_name\" content=\"Folha do Leste\" \/>\n<meta property=\"article:publisher\" content=\"https:\/\/www.facebook.com\/folhadoleste\" \/>\n<meta property=\"article:published_time\" content=\"2024-12-11T22:49:55+00:00\" \/>\n<meta property=\"og:image\" content=\"https:\/\/folhadoleste.com.br\/wp-content\/uploads\/2024\/12\/920X540-FL-2024-12-11T193843.465.jpg\" \/>\n\t<meta property=\"og:image:width\" content=\"920\" \/>\n\t<meta property=\"og:image:height\" content=\"540\" \/>\n\t<meta property=\"og:image:type\" content=\"image\/jpeg\" \/>\n<meta name=\"author\" content=\"Ana Carolina Motta\" \/>\n<meta name=\"twitter:card\" content=\"summary_large_image\" \/>\n<meta name=\"twitter:creator\" content=\"@FolhadoLesteRJ\" \/>\n<meta name=\"twitter:site\" content=\"@FolhadoLesteRJ\" \/>\n<meta name=\"twitter:label1\" content=\"Written by\" \/>\n\t<meta name=\"twitter:data1\" content=\"Ana Carolina Motta\" \/>\n\t<meta name=\"twitter:label2\" content=\"Est. reading time\" \/>\n\t<meta name=\"twitter:data2\" content=\"4 minutes\" \/>\n<script type=\"application\/ld+json\" class=\"yoast-schema-graph\">{\"@context\":\"https:\\\/\\\/schema.org\",\"@graph\":[{\"@type\":\"NewsArticle\",\"@id\":\"https:\\\/\\\/folhadoleste.com.br\\\/lula-realizara-novo-procedimento-apos-cirurgia-no-sirio-libanes\\\/#article\",\"isPartOf\":{\"@id\":\"https:\\\/\\\/folhadoleste.com.br\\\/lula-realizara-novo-procedimento-apos-cirurgia-no-sirio-libanes\\\/\"},\"author\":{\"name\":\"Ana Carolina Motta\",\"@id\":\"https:\\\/\\\/folhadoleste.com.br\\\/#\\\/schema\\\/person\\\/8f044b173ce73d5609095241ce6a7cf0\"},\"headline\":\"Lula realizar\u00e1 novo procedimento ap\u00f3s cirurgia no S\u00edrio Liban\u00eas\",\"datePublished\":\"2024-12-11T22:49:55+00:00\",\"mainEntityOfPage\":{\"@id\":\"https:\\\/\\\/folhadoleste.com.br\\\/lula-realizara-novo-procedimento-apos-cirurgia-no-sirio-libanes\\\/\"},\"wordCount\":556,\"commentCount\":0,\"publisher\":{\"@id\":\"https:\\\/\\\/folhadoleste.com.br\\\/#organization\"},\"image\":{\"@id\":\"https:\\\/\\\/folhadoleste.com.br\\\/lula-realizara-novo-procedimento-apos-cirurgia-no-sirio-libanes\\\/#primaryimage\"},\"thumbnailUrl\":\"https:\\\/\\\/folhadoleste.com.br\\\/wp-content\\\/uploads\\\/2024\\\/12\\\/920X540-FL-2024-12-11T193843.465.jpg\",\"keywords\":[\"acidente dom\u00e9stico\",\"art\u00e9ria men\u00edngea\",\"boletim m\u00e9dico\",\"cateterismo\",\"cateterismo endovascular\",\"cirurgia\",\"cirurgia neurocir\u00fargica\",\"cuidados intensivos\",\"emboliza\u00e7\u00e3o\",\"Fisioterapia\",\"hemorragia intracraniana\",\"Hospital\",\"interna\u00e7\u00e3o\",\"Luiz In\u00e1cio Lula da Silva\",\"Lula\",\"m\u00e9dicos Ana Helena Germoglio\",\"m\u00e9dicos Roberto Kalil Filho\",\"monitoramento m\u00e9dico\",\"procedimento m\u00e9dico\",\"queda no banheiro\",\"recupera\u00e7\u00e3o\",\"recupera\u00e7\u00e3o p\u00f3s-cir\u00fargica\",\"S\u00e3o Paulo\",\"sa\u00fade\",\"sa\u00fade do presidente\",\"sa\u00fade presidencial\",\"S\u00edrio-Liban\u00eas\",\"terapia\",\"tratamento p\u00f3s-cir\u00fargico\",\"trepana\u00e7\u00e3o\",\"visita de familiares\"],\"articleSection\":[\"Brasil\",\"Pol\u00edtica\"],\"inLanguage\":\"en-US\",\"potentialAction\":[{\"@type\":\"CommentAction\",\"name\":\"Comment\",\"target\":[\"https:\\\/\\\/folhadoleste.com.br\\\/lula-realizara-novo-procedimento-apos-cirurgia-no-sirio-libanes\\\/#respond\"]}]},{\"@type\":\"WebPage\",\"@id\":\"https:\\\/\\\/folhadoleste.com.br\\\/lula-realizara-novo-procedimento-apos-cirurgia-no-sirio-libanes\\\/\",\"url\":\"https:\\\/\\\/folhadoleste.com.br\\\/lula-realizara-novo-procedimento-apos-cirurgia-no-sirio-libanes\\\/\",\"name\":\"Lula realizar\u00e1 novo procedimento ap\u00f3s cirurgia no S\u00edrio Liban\u00eas &#8226; Folha do Leste\",\"isPartOf\":{\"@id\":\"https:\\\/\\\/folhadoleste.com.br\\\/#website\"},\"primaryImageOfPage\":{\"@id\":\"https:\\\/\\\/folhadoleste.com.br\\\/lula-realizara-novo-procedimento-apos-cirurgia-no-sirio-libanes\\\/#primaryimage\"},\"image\":{\"@id\":\"https:\\\/\\\/folhadoleste.com.br\\\/lula-realizara-novo-procedimento-apos-cirurgia-no-sirio-libanes\\\/#primaryimage\"},\"thumbnailUrl\":\"https:\\\/\\\/folhadoleste.com.br\\\/wp-content\\\/uploads\\\/2024\\\/12\\\/920X540-FL-2024-12-11T193843.465.jpg\",\"datePublished\":\"2024-12-11T22:49:55+00:00\",\"description\":\"Presidente Lula realizar\u00e1 procedimento m\u00e9dico nesta quinta-feira, dando continuidade ao tratamento p\u00f3s-cir\u00fargico no Hospital S\u00edrio-Liban\u00eas.\",\"breadcrumb\":{\"@id\":\"https:\\\/\\\/folhadoleste.com.br\\\/lula-realizara-novo-procedimento-apos-cirurgia-no-sirio-libanes\\\/#breadcrumb\"},\"inLanguage\":\"en-US\",\"potentialAction\":[{\"@type\":\"ReadAction\",\"target\":[\"https:\\\/\\\/folhadoleste.com.br\\\/lula-realizara-novo-procedimento-apos-cirurgia-no-sirio-libanes\\\/\"]}]},{\"@type\":\"ImageObject\",\"inLanguage\":\"en-US\",\"@id\":\"https:\\\/\\\/folhadoleste.com.br\\\/lula-realizara-novo-procedimento-apos-cirurgia-no-sirio-libanes\\\/#primaryimage\",\"url\":\"https:\\\/\\\/folhadoleste.com.br\\\/wp-content\\\/uploads\\\/2024\\\/12\\\/920X540-FL-2024-12-11T193843.465.jpg\",\"contentUrl\":\"https:\\\/\\\/folhadoleste.com.br\\\/wp-content\\\/uploads\\\/2024\\\/12\\\/920X540-FL-2024-12-11T193843.465.jpg\",\"width\":920,\"height\":540,\"caption\":\"\\\"Presidente Lula realizar\u00e1 procedimento m\u00e9dico nesta quinta-feira, dando continuidade ao tratamento p\u00f3s-cir\u00fargico no Hospital S\u00edrio-Liban\u00eas.\\\"\"},{\"@type\":\"BreadcrumbList\",\"@id\":\"https:\\\/\\\/folhadoleste.com.br\\\/lula-realizara-novo-procedimento-apos-cirurgia-no-sirio-libanes\\\/#breadcrumb\",\"itemListElement\":[{\"@type\":\"ListItem\",\"position\":1,\"name\":\"In\u00edcio\",\"item\":\"https:\\\/\\\/folhadoleste.com.br\\\/\"},{\"@type\":\"ListItem\",\"position\":2,\"name\":\"Brasil\",\"item\":\"https:\\\/\\\/folhadoleste.com.br\\\/category\\\/brasil\\\/\"},{\"@type\":\"ListItem\",\"position\":3,\"name\":\"Lula realizar\u00e1 novo procedimento ap\u00f3s cirurgia no S\u00edrio Liban\u00eas\"}]},{\"@type\":\"WebSite\",\"@id\":\"https:\\\/\\\/folhadoleste.com.br\\\/#website\",\"url\":\"https:\\\/\\\/folhadoleste.com.br\\\/\",\"name\":\"Folha do Leste\",\"description\":\"Portal de Not\u00edcias com \u00eanfase em Niter\u00f3i, criando conte\u00fados desde a capital Rio de Janeiro, com olhar para o Leste Fluminense e suas cidades como S\u00e3o Gon\u00e7alo, Itabora\u00ed, Rio Bonito, Maric\u00e1, Saquarema e Araruama\",\"publisher\":{\"@id\":\"https:\\\/\\\/folhadoleste.com.br\\\/#organization\"},\"alternateName\":\"FL\",\"potentialAction\":[{\"@type\":\"SearchAction\",\"target\":{\"@type\":\"EntryPoint\",\"urlTemplate\":\"https:\\\/\\\/folhadoleste.com.br\\\/?s={search_term_string}\"},\"query-input\":{\"@type\":\"PropertyValueSpecification\",\"valueRequired\":true,\"valueName\":\"search_term_string\"}}],\"inLanguage\":\"en-US\"},{\"@type\":\"Organization\",\"@id\":\"https:\\\/\\\/folhadoleste.com.br\\\/#organization\",\"name\":\"Brasil 21 Comunica\u00e7\u00e3o\",\"alternateName\":\"BR21\",\"url\":\"https:\\\/\\\/folhadoleste.com.br\\\/\",\"logo\":{\"@type\":\"ImageObject\",\"inLanguage\":\"en-US\",\"@id\":\"https:\\\/\\\/folhadoleste.com.br\\\/#\\\/schema\\\/logo\\\/image\\\/\",\"url\":\"https:\\\/\\\/folhadoleste.com.br\\\/wp-content\\\/uploads\\\/2025\\\/12\\\/brasil-21-logomarca.avif\",\"contentUrl\":\"https:\\\/\\\/folhadoleste.com.br\\\/wp-content\\\/uploads\\\/2025\\\/12\\\/brasil-21-logomarca.avif\",\"width\":1044,\"height\":1044,\"caption\":\"Brasil 21 Comunica\u00e7\u00e3o\"},\"image\":{\"@id\":\"https:\\\/\\\/folhadoleste.com.br\\\/#\\\/schema\\\/logo\\\/image\\\/\"},\"sameAs\":[\"https:\\\/\\\/www.facebook.com\\\/folhadoleste\",\"https:\\\/\\\/x.com\\\/FolhadoLesteRJ\",\"https:\\\/\\\/www.instagram.com\\\/folhadoleste\\\/\"]},{\"@type\":\"Person\",\"@id\":\"https:\\\/\\\/folhadoleste.com.br\\\/#\\\/schema\\\/person\\\/8f044b173ce73d5609095241ce6a7cf0\",\"name\":\"Ana Carolina Motta\",\"image\":{\"@type\":\"ImageObject\",\"inLanguage\":\"en-US\",\"@id\":\"https:\\\/\\\/folhadoleste.com.br\\\/wp-content\\\/litespeed\\\/avatar\\\/c745de34c0d1fca381be0dadb2a31ad0.jpg?ver=1777161218\",\"url\":\"https:\\\/\\\/folhadoleste.com.br\\\/wp-content\\\/litespeed\\\/avatar\\\/c745de34c0d1fca381be0dadb2a31ad0.jpg?ver=1777161218\",\"contentUrl\":\"https:\\\/\\\/folhadoleste.com.br\\\/wp-content\\\/litespeed\\\/avatar\\\/c745de34c0d1fca381be0dadb2a31ad0.jpg?ver=1777161218\",\"caption\":\"Ana Carolina Motta\"},\"url\":\"https:\\\/\\\/folhadoleste.com.br\\\/en\\\/author\\\/ana-carolina\\\/\"}]}<\/script>\n<!-- \/ Yoast SEO plugin. -->","yoast_head_json":{"title":"Lula realizar\u00e1 novo procedimento ap\u00f3s cirurgia no S\u00edrio Liban\u00eas &#8226; Folha do Leste","description":"Presidente Lula realizar\u00e1 procedimento m\u00e9dico nesta quinta-feira, dando continuidade ao tratamento p\u00f3s-cir\u00fargico no Hospital S\u00edrio-Liban\u00eas.","robots":{"index":"index","follow":"follow","max-snippet":"max-snippet:-1","max-image-preview":"max-image-preview:large","max-video-preview":"max-video-preview:-1"},"canonical":"https:\/\/folhadoleste.com.br\/en\/lula-realizara-novo-procedimento-apos-cirurgia-no-sirio-libanes\/","og_locale":"en_US","og_type":"article","og_title":"Lula realizar\u00e1 novo procedimento ap\u00f3s cirurgia no S\u00edrio Liban\u00eas &#8226; Folha do Leste","og_description":"Presidente Lula realizar\u00e1 procedimento m\u00e9dico nesta quinta-feira, dando continuidade ao tratamento p\u00f3s-cir\u00fargico no Hospital S\u00edrio-Liban\u00eas.","og_url":"https:\/\/folhadoleste.com.br\/en\/lula-realizara-novo-procedimento-apos-cirurgia-no-sirio-libanes\/","og_site_name":"Folha do Leste","article_publisher":"https:\/\/www.facebook.com\/folhadoleste","article_published_time":"2024-12-11T22:49:55+00:00","og_image":[{"width":920,"height":540,"url":"https:\/\/folhadoleste.com.br\/wp-content\/uploads\/2024\/12\/920X540-FL-2024-12-11T193843.465.jpg","type":"image\/jpeg"}],"author":"Ana Carolina Motta","twitter_card":"summary_large_image","twitter_creator":"@FolhadoLesteRJ","twitter_site":"@FolhadoLesteRJ","twitter_misc":{"Written by":"Ana Carolina Motta","Est. reading time":"4 minutes"},"schema":{"@context":"https:\/\/schema.org","@graph":[{"@type":"NewsArticle","@id":"https:\/\/folhadoleste.com.br\/lula-realizara-novo-procedimento-apos-cirurgia-no-sirio-libanes\/#article","isPartOf":{"@id":"https:\/\/folhadoleste.com.br\/lula-realizara-novo-procedimento-apos-cirurgia-no-sirio-libanes\/"},"author":{"name":"Ana Carolina Motta","@id":"https:\/\/folhadoleste.com.br\/#\/schema\/person\/8f044b173ce73d5609095241ce6a7cf0"},"headline":"Lula realizar\u00e1 novo procedimento ap\u00f3s cirurgia no S\u00edrio Liban\u00eas","datePublished":"2024-12-11T22:49:55+00:00","mainEntityOfPage":{"@id":"https:\/\/folhadoleste.com.br\/lula-realizara-novo-procedimento-apos-cirurgia-no-sirio-libanes\/"},"wordCount":556,"commentCount":0,"publisher":{"@id":"https:\/\/folhadoleste.com.br\/#organization"},"image":{"@id":"https:\/\/folhadoleste.com.br\/lula-realizara-novo-procedimento-apos-cirurgia-no-sirio-libanes\/#primaryimage"},"thumbnailUrl":"https:\/\/folhadoleste.com.br\/wp-content\/uploads\/2024\/12\/920X540-FL-2024-12-11T193843.465.jpg","keywords":["acidente dom\u00e9stico","art\u00e9ria men\u00edngea","boletim m\u00e9dico","cateterismo","cateterismo endovascular","cirurgia","cirurgia neurocir\u00fargica","cuidados intensivos","emboliza\u00e7\u00e3o","Fisioterapia","hemorragia intracraniana","Hospital","interna\u00e7\u00e3o","Luiz In\u00e1cio Lula da Silva","Lula","m\u00e9dicos Ana Helena Germoglio","m\u00e9dicos Roberto Kalil Filho","monitoramento m\u00e9dico","procedimento m\u00e9dico","queda no banheiro","recupera\u00e7\u00e3o","recupera\u00e7\u00e3o p\u00f3s-cir\u00fargica","S\u00e3o Paulo","sa\u00fade","sa\u00fade do presidente","sa\u00fade presidencial","S\u00edrio-Liban\u00eas","terapia","tratamento p\u00f3s-cir\u00fargico","trepana\u00e7\u00e3o","visita de familiares"],"articleSection":["Brasil","Pol\u00edtica"],"inLanguage":"en-US","potentialAction":[{"@type":"CommentAction","name":"Comment","target":["https:\/\/folhadoleste.com.br\/lula-realizara-novo-procedimento-apos-cirurgia-no-sirio-libanes\/#respond"]}]},{"@type":"WebPage","@id":"https:\/\/folhadoleste.com.br\/lula-realizara-novo-procedimento-apos-cirurgia-no-sirio-libanes\/","url":"https:\/\/folhadoleste.com.br\/lula-realizara-novo-procedimento-apos-cirurgia-no-sirio-libanes\/","name":"Lula realizar\u00e1 novo procedimento ap\u00f3s cirurgia no S\u00edrio Liban\u00eas &#8226; Folha do Leste","isPartOf":{"@id":"https:\/\/folhadoleste.com.br\/#website"},"primaryImageOfPage":{"@id":"https:\/\/folhadoleste.com.br\/lula-realizara-novo-procedimento-apos-cirurgia-no-sirio-libanes\/#primaryimage"},"image":{"@id":"https:\/\/folhadoleste.com.br\/lula-realizara-novo-procedimento-apos-cirurgia-no-sirio-libanes\/#primaryimage"},"thumbnailUrl":"https:\/\/folhadoleste.com.br\/wp-content\/uploads\/2024\/12\/920X540-FL-2024-12-11T193843.465.jpg","datePublished":"2024-12-11T22:49:55+00:00","description":"Presidente Lula realizar\u00e1 procedimento m\u00e9dico nesta quinta-feira, dando continuidade ao tratamento p\u00f3s-cir\u00fargico no Hospital S\u00edrio-Liban\u00eas.","breadcrumb":{"@id":"https:\/\/folhadoleste.com.br\/lula-realizara-novo-procedimento-apos-cirurgia-no-sirio-libanes\/#breadcrumb"},"inLanguage":"en-US","potentialAction":[{"@type":"ReadAction","target":["https:\/\/folhadoleste.com.br\/lula-realizara-novo-procedimento-apos-cirurgia-no-sirio-libanes\/"]}]},{"@type":"ImageObject","inLanguage":"en-US","@id":"https:\/\/folhadoleste.com.br\/lula-realizara-novo-procedimento-apos-cirurgia-no-sirio-libanes\/#primaryimage","url":"https:\/\/folhadoleste.com.br\/wp-content\/uploads\/2024\/12\/920X540-FL-2024-12-11T193843.465.jpg","contentUrl":"https:\/\/folhadoleste.com.br\/wp-content\/uploads\/2024\/12\/920X540-FL-2024-12-11T193843.465.jpg","width":920,"height":540,"caption":"\"Presidente Lula realizar\u00e1 procedimento m\u00e9dico nesta quinta-feira, dando continuidade ao tratamento p\u00f3s-cir\u00fargico no Hospital S\u00edrio-Liban\u00eas.\""},{"@type":"BreadcrumbList","@id":"https:\/\/folhadoleste.com.br\/lula-realizara-novo-procedimento-apos-cirurgia-no-sirio-libanes\/#breadcrumb","itemListElement":[{"@type":"ListItem","position":1,"name":"In\u00edcio","item":"https:\/\/folhadoleste.com.br\/"},{"@type":"ListItem","position":2,"name":"Brasil","item":"https:\/\/folhadoleste.com.br\/category\/brasil\/"},{"@type":"ListItem","position":3,"name":"Lula realizar\u00e1 novo procedimento ap\u00f3s cirurgia no S\u00edrio Liban\u00eas"}]},{"@type":"WebSite","@id":"https:\/\/folhadoleste.com.br\/#website","url":"https:\/\/folhadoleste.com.br\/","name":"Folha do Leste","description":"Portal de Not\u00edcias com \u00eanfase em Niter\u00f3i, criando conte\u00fados desde a capital Rio de Janeiro, com olhar para o Leste Fluminense e suas cidades como S\u00e3o Gon\u00e7alo, Itabora\u00ed, Rio Bonito, Maric\u00e1, Saquarema e Araruama","publisher":{"@id":"https:\/\/folhadoleste.com.br\/#organization"},"alternateName":"FL","potentialAction":[{"@type":"SearchAction","target":{"@type":"EntryPoint","urlTemplate":"https:\/\/folhadoleste.com.br\/?s={search_term_string}"},"query-input":{"@type":"PropertyValueSpecification","valueRequired":true,"valueName":"search_term_string"}}],"inLanguage":"en-US"},{"@type":"Organization","@id":"https:\/\/folhadoleste.com.br\/#organization","name":"Brasil 21 Comunica\u00e7\u00e3o","alternateName":"BR21","url":"https:\/\/folhadoleste.com.br\/","logo":{"@type":"ImageObject","inLanguage":"en-US","@id":"https:\/\/folhadoleste.com.br\/#\/schema\/logo\/image\/","url":"https:\/\/folhadoleste.com.br\/wp-content\/uploads\/2025\/12\/brasil-21-logomarca.avif","contentUrl":"https:\/\/folhadoleste.com.br\/wp-content\/uploads\/2025\/12\/brasil-21-logomarca.avif","width":1044,"height":1044,"caption":"Brasil 21 Comunica\u00e7\u00e3o"},"image":{"@id":"https:\/\/folhadoleste.com.br\/#\/schema\/logo\/image\/"},"sameAs":["https:\/\/www.facebook.com\/folhadoleste","https:\/\/x.com\/FolhadoLesteRJ","https:\/\/www.instagram.com\/folhadoleste\/"]},{"@type":"Person","@id":"https:\/\/folhadoleste.com.br\/#\/schema\/person\/8f044b173ce73d5609095241ce6a7cf0","name":"Ana Carolina Motta","image":{"@type":"ImageObject","inLanguage":"en-US","@id":"https:\/\/folhadoleste.com.br\/wp-content\/litespeed\/avatar\/c745de34c0d1fca381be0dadb2a31ad0.jpg?ver=1777161218","url":"https:\/\/folhadoleste.com.br\/wp-content\/litespeed\/avatar\/c745de34c0d1fca381be0dadb2a31ad0.jpg?ver=1777161218","contentUrl":"https:\/\/folhadoleste.com.br\/wp-content\/litespeed\/avatar\/c745de34c0d1fca381be0dadb2a31ad0.jpg?ver=1777161218","caption":"Ana Carolina Motta"},"url":"https:\/\/folhadoleste.com.br\/en\/author\/ana-carolina\/"}]}},"_links":{"self":[{"href":"https:\/\/folhadoleste.com.br\/en\/wp-json\/wp\/v2\/posts\/101714","targetHints":{"allow":["GET"]}}],"collection":[{"href":"https:\/\/folhadoleste.com.br\/en\/wp-json\/wp\/v2\/posts"}],"about":[{"href":"https:\/\/folhadoleste.com.br\/en\/wp-json\/wp\/v2\/types\/post"}],"author":[{"embeddable":true,"href":"https:\/\/folhadoleste.com.br\/en\/wp-json\/wp\/v2\/users\/16"}],"replies":[{"embeddable":true,"href":"https:\/\/folhadoleste.com.br\/en\/wp-json\/wp\/v2\/comments?post=101714"}],"version-history":[{"count":1,"href":"https:\/\/folhadoleste.com.br\/en\/wp-json\/wp\/v2\/posts\/101714\/revisions"}],"predecessor-version":[{"id":101719,"href":"https:\/\/folhadoleste.com.br\/en\/wp-json\/wp\/v2\/posts\/101714\/revisions\/101719"}],"wp:featuredmedia":[{"embeddable":true,"href":"https:\/\/folhadoleste.com.br\/en\/wp-json\/wp\/v2\/media\/101716"}],"wp:attachment":[{"href":"https:\/\/folhadoleste.com.br\/en\/wp-json\/wp\/v2\/media?parent=101714"}],"wp:term":[{"taxonomy":"category","embeddable":true,"href":"https:\/\/folhadoleste.com.br\/en\/wp-json\/wp\/v2\/categories?post=101714"},{"taxonomy":"post_tag","embeddable":true,"href":"https:\/\/folhadoleste.com.br\/en\/wp-json\/wp\/v2\/tags?post=101714"}],"curies":[{"name":"wp","href":"https:\/\/api.w.org\/{rel}","templated":true}]}}