{"id":101605,"date":"2024-12-11T12:35:19","date_gmt":"2024-12-11T15:35:19","guid":{"rendered":"https:\/\/folhadoleste.com.br\/?p=101605"},"modified":"2024-12-11T12:35:19","modified_gmt":"2024-12-11T15:35:19","slug":"moradores-registram-tiroteio-intenso-entre-faccoes-no-morro-dos-macacos-videos","status":"publish","type":"post","link":"https:\/\/folhadoleste.com.br\/en\/moradores-registram-tiroteio-intenso-entre-faccoes-no-morro-dos-macacos-videos\/","title":{"rendered":"Moradores registram tiroteio intenso entre fac\u00e7\u00f5es no Morro dos Macacos &#8211; V\u00eddeos"},"content":{"rendered":"<div id=\"attachment_101614\" style=\"width: 606px\" class=\"wp-caption aligncenter\"><img decoding=\"async\" aria-describedby=\"caption-attachment-101614\" class=\"size-full wp-image-101614\" src=\"https:\/\/folhadoleste.com.br\/wp-content\/uploads\/2024\/12\/Moradores-registram-tiroteio-intenso-entre-faccoes-no-Morro-dos-Macacos-Videos-Foto-Reproducao-Redes-Sociais.jpg\" alt=\"Moradores registram tiroteio intenso entre fac\u00e7\u00f5es no Morro dos Macacos - V\u00eddeos\" width=\"596\" height=\"951\" \/><p id=\"caption-attachment-101614\" class=\"wp-caption-text\">Moradores registram tiroteio intenso entre fac\u00e7\u00f5es no Morro dos Macacos &#8211; V\u00eddeos | Reprodu\u00e7\u00e3o\/Redes Sociais<\/p><\/div>\n<p style=\"text-align: justify;\" data-pm-slice=\"1 1 []\">Moradores do Morro dos Macacos, em Vila Isabel, Zona Norte do Rio, enfrentaram mais uma noite de terror devido \u00e0 viol\u00eancia. Na madrugada desta quarta-feira (12), uma intensa troca de tiros e explos\u00f5es ocorreu na regi\u00e3o, marcando mais um cap\u00edtulo da guerra entre fac\u00e7\u00f5es rivais.<\/p>\n<h6 style=\"text-align: justify;\"><span style=\"color: #ff0000;\"><strong>+<\/strong><\/span> <span style=\"color: #000000;\">LEIA TAMB\u00c9M: <strong>\u25ba<\/strong><\/span><a href=\"https:\/\/folhadoleste.com.br\/temporal-atinge-estado-do-rio-com-riscos-de-alagamentos-e-deslizamentos\/\"><strong>Temporal atinge estado do Rio com riscos de alagamentos e deslizamentos<\/strong><\/a><\/h6>\n<p style=\"text-align: justify;\" data-pm-slice=\"1 1 []\">A situa\u00e7\u00e3o acontece um dia ap\u00f3s outro confronto, que deixou um homem ferido e for\u00e7ou o fechamento de escolas e unidades de sa\u00fade.<\/p>\n<h4 style=\"text-align: justify;\">Explos\u00f5es e tiros assustam moradores<\/h4>\n<p style=\"text-align: justify;\">Imagens compartilhadas nas redes sociais mostram o clima de tens\u00e3o, com rajadas de tiros e explos\u00f5es de granadas. Segundo testemunhas, os disparos come\u00e7aram por volta das 3h.<\/p>\n<div class=\"wp-playlist wp-video-playlist wp-playlist-light\">\n\t\t<video controls=\"controls\" preload=\"none\" width=\"1178\"\n\t\t height=\"2095\"\t><\/video>\n\t<div class=\"wp-playlist-next\"><\/div>\n\t<div class=\"wp-playlist-prev\"><\/div>\n\t<noscript>\n\t<ol>\n\t\t<li><a href='https:\/\/folhadoleste.com.br\/wp-content\/uploads\/2024\/12\/Moradores-registram-tiroteio-intenso-entre-faccoes-no-Morro-dos-Macacos-Videos2.mp4'>Moradores registram tiroteio intenso entre fac\u00e7\u00f5es no Morro dos Macacos - V\u00eddeos<\/a><\/li><li><a href='https:\/\/folhadoleste.com.br\/wp-content\/uploads\/2024\/12\/Moradores-registram-tiroteio-intenso-entre-faccoes-no-Morro-dos-Macacos-Videos.mp4'>Moradores registram tiroteio intenso entre fac\u00e7\u00f5es no Morro dos Macacos - V\u00eddeos<\/a><\/li><li><a href='https:\/\/folhadoleste.com.br\/wp-content\/uploads\/2024\/12\/Moradores-registram-tiroteio-intenso-entre-faccoes-no-Morro-dos-Macacos-Videos3.mp4'>Moradores registram tiroteio intenso entre fac\u00e7\u00f5es no Morro dos Macacos - V\u00eddeos<\/a><\/li>\t<\/ol>\n\t<\/noscript>\n\t<script type=\"application\/json\" class=\"wp-playlist-script\">{\"type\":\"video\",\"tracklist\":true,\"tracknumbers\":true,\"images\":true,\"artists\":true,\"tracks\":[{\"src\":\"https:\/\/folhadoleste.com.br\/wp-content\/uploads\/2024\/12\/Moradores-registram-tiroteio-intenso-entre-faccoes-no-Morro-dos-Macacos-Videos2.mp4\",\"type\":\"video\/mp4\",\"title\":\"Moradores registram tiroteio intenso entre fac\\u00e7\\u00f5es no Morro dos Macacos - V\\u00eddeos\",\"caption\":\"Moradores registram tiroteio intenso entre fac\\u00e7\\u00f5es no Morro dos Macacos - V\\u00eddeos | Reprodu\\u00e7\\u00e3o\/Redes Sociais\",\"description\":\"\",\"meta\":{\"length_formatted\":\"0:57\"},\"dimensions\":{\"original\":{\"width\":478,\"height\":850},\"resized\":{\"width\":1178,\"height\":2095}},\"image\":{\"src\":\"https:\/\/folhadoleste.com.br\/wp-includes\/images\/media\/video.svg\",\"width\":48,\"height\":64},\"thumb\":{\"src\":\"https:\/\/folhadoleste.com.br\/wp-includes\/images\/media\/video.svg\",\"width\":48,\"height\":64}},{\"src\":\"https:\/\/folhadoleste.com.br\/wp-content\/uploads\/2024\/12\/Moradores-registram-tiroteio-intenso-entre-faccoes-no-Morro-dos-Macacos-Videos.mp4\",\"type\":\"video\/mp4\",\"title\":\"Moradores registram tiroteio intenso entre fac\\u00e7\\u00f5es no Morro dos Macacos - V\\u00eddeos\",\"caption\":\"Moradores registram tiroteio intenso entre fac\\u00e7\\u00f5es no Morro dos Macacos - V\\u00eddeos | Reprodu\\u00e7\\u00e3o\/Redes Sociais\",\"description\":\"\",\"meta\":{\"length_formatted\":\"0:08\"},\"dimensions\":{\"original\":{\"width\":720,\"height\":1280},\"resized\":{\"width\":1178,\"height\":2094}},\"image\":{\"src\":\"https:\/\/folhadoleste.com.br\/wp-includes\/images\/media\/video.svg\",\"width\":48,\"height\":64},\"thumb\":{\"src\":\"https:\/\/folhadoleste.com.br\/wp-includes\/images\/media\/video.svg\",\"width\":48,\"height\":64}},{\"src\":\"https:\/\/folhadoleste.com.br\/wp-content\/uploads\/2024\/12\/Moradores-registram-tiroteio-intenso-entre-faccoes-no-Morro-dos-Macacos-Videos3.mp4\",\"type\":\"video\/mp4\",\"title\":\"Moradores registram tiroteio intenso entre fac\\u00e7\\u00f5es no Morro dos Macacos - V\\u00eddeos\",\"caption\":\"Moradores registram tiroteio intenso entre fac\\u00e7\\u00f5es no Morro dos Macacos - V\\u00eddeos | Reprodu\\u00e7\\u00e3o\/Redes Sociais\",\"description\":\"\",\"meta\":{\"length_formatted\":\"0:05\"},\"dimensions\":{\"original\":{\"width\":478,\"height\":850},\"resized\":{\"width\":1178,\"height\":2095}},\"image\":{\"src\":\"https:\/\/folhadoleste.com.br\/wp-includes\/images\/media\/video.svg\",\"width\":48,\"height\":64},\"thumb\":{\"src\":\"https:\/\/folhadoleste.com.br\/wp-includes\/images\/media\/video.svg\",\"width\":48,\"height\":64}}]}<\/script>\n<\/div>\n\t\n<p style=\"text-align: justify;\">A Secretaria Municipal de Educa\u00e7\u00e3o informou que nove escolas foram impactadas nesta quarta-feira, enquanto unidades de sa\u00fade municipais seguem funcionando normalmente. At\u00e9 o momento, n\u00e3o h\u00e1 informa\u00e7\u00f5es sobre feridos, pris\u00f5es ou apreens\u00f5es.<\/p>\n<h4 style=\"text-align: justify;\">Guerra pelo controle territorial<\/h4>\n<p style=\"text-align: justify;\">Relatos indicam que traficantes do Morro S\u00e3o Jo\u00e3o, localizado no Engenho Novo, tentaram invadir o Morro dos Macacos, ambos na Zona Norte. A comunidade \u00e9 dominada pelo Terceiro Comando Puro (TCP), enquanto o Morro S\u00e3o Jo\u00e3o \u00e9 controlado pelo Comando Vermelho (CV). A disputa reflete uma estrat\u00e9gia do CV para expandir territ\u00f3rios e atividades criminosas.<\/p>\n<h5 style=\"text-align: center;\"><span style=\"color: #000000;\"><span style=\"color: #ff0000;\"><strong>+ <\/strong><\/span><\/span><span style=\"color: #000000;\"><span style=\"color: #ff9900;\"><strong>MAIS NOT\u00cdCIAS DO RIO DE JANEIRO?<\/strong><\/span> <span style=\"color: #008080;\"><strong><a style=\"color: #008080;\" href=\"https:\/\/folhadoleste.com.br\/category\/rio-de-janeiro-capital\/\">CLIQUE AQUI<\/a><\/strong><\/span><\/span><\/h5>\n<p style=\"text-align: justify;\">A Pol\u00edcia Militar refor\u00e7ou o policiamento atrav\u00e9s da Unidade de Pol\u00edcia Pacificadora (UPP) Macacos. Durante a manh\u00e3, agentes localizaram proj\u00e9teis espalhados pelas ruas, que estavam pouco movimentadas, com com\u00e9rcios fechados. Picha\u00e7\u00f5es com as iniciais \u201cCV\u201d foram observadas, indicando a tentativa de invas\u00e3o pela fac\u00e7\u00e3o rival.<\/p>\n<h4 style=\"text-align: justify;\">Hist\u00f3rico de viol\u00eancia<\/h4>\n<p style=\"text-align: justify;\">A viol\u00eancia no Morro dos Macacos tem se intensificado nos \u00faltimos meses. No dia 3 de outubro, um ataque a tiros em um dos acessos \u00e0 comunidade deixou um homem morto e dois feridos. Testemunhas afirmam que o atentado foi realizado por um traficante do Morro da Mangueira, tamb\u00e9m controlado pelo CV.<\/p>\n<p style=\"text-align: justify;\">Um dos epis\u00f3dios mais violentos ocorreu em 18 de agosto, durante um evento na Pra\u00e7a Bar\u00e3o de Drummond. Criminosos armados dispararam contra a multid\u00e3o, matando cinco pessoas e ferindo duas. Entre as v\u00edtimas, estava Pedro Henrique Barbosa da Concei\u00e7\u00e3o, de 18 anos, chefe do tr\u00e1fico local.<\/p>\n<h6 style=\"text-align: justify;\"><span style=\"color: #ff0000;\"><strong>+<\/strong><\/span> <span style=\"color: #000000;\">LEIA TAMB\u00c9M: <strong>\u25ba<\/strong><\/span><a href=\"https:\/\/folhadoleste.com.br\/espetaculo-tres-noites-para-o-natal-estreia-em-copacabana\/\"><strong>Espet\u00e1culo \u201cTr\u00eas Noites para o Natal\u201d estreia em Copacabana<\/strong><\/a><\/h6>\n<p style=\"text-align: justify;\">Outros casos incluem a morte de um adolescente de 13 anos e um entregador de 20, em 5 de agosto, al\u00e9m de dois homens mortos e dois feridos em 21 de setembro.<\/p>\n<h4 style=\"text-align: justify;\">Pris\u00e3o de l\u00edder do tr\u00e1fico<\/h4>\n<p style=\"text-align: justify;\">Em 21 de outubro, a Pol\u00edcia Militar prendeu Misael Ferreira de Oliveira, conhecido como Misa, apontado como um dos chefes do tr\u00e1fico na regi\u00e3o.<\/p>\n<p style=\"text-align: justify;\">Ele era considerado o segundo na hierarquia do tr\u00e1fico no Morro dos Macacos e estava foragido desde 2017.<\/p>\n<div id=\"attachment_77492\" class=\"wp-caption aligncenter\"><a href=\"http:\/\/instagram.com\/folhadoleste\"><img decoding=\"async\" class=\"wp-image-77492 size-full\" src=\"https:\/\/folhadoleste.com.br\/wp-content\/uploads\/2024\/07\/Instagram-Folha-do-Leste.png\" alt=\"http:\/\/instagram.com\/folhadoleste\" width=\"400\" height=\"200\" aria-describedby=\"caption-attachment-77492\" \/><\/a><\/div>\n<div id=\"attachment_77490\" class=\"wp-caption aligncenter\"><a href=\"http:\/\/facebook.com\/folhadoleste\"><img decoding=\"async\" class=\"size-medium wp-image-77490\" src=\"https:\/\/folhadoleste.com.br\/wp-content\/uploads\/2024\/07\/Facebook-Folha-do-Leste-10k-300x300.jpg\" alt=\"Curta e siga o Folha do Leste no Facebook!\" width=\"300\" height=\"300\" aria-describedby=\"caption-attachment-77490\" \/><\/a><\/div>\n","protected":false},"excerpt":{"rendered":"<p>Moradores do Morro dos Macacos, em Vila Isabel, Zona Norte do Rio, enfrentaram mais uma noite de terror devido \u00e0 viol\u00eancia. Na madrugada desta quarta-feira (12), uma intensa troca de tiros e explos\u00f5es ocorreu na regi\u00e3o, marcando mais um cap\u00edtulo da guerra entre fac\u00e7\u00f5es rivais. + LEIA TAMB\u00c9M: \u25baTemporal atinge estado do Rio com riscos de alagamentos e deslizamentos A situa\u00e7\u00e3o acontece um dia ap\u00f3s outro confronto, que deixou um homem ferido e for\u00e7ou o fechamento de escolas e unidades de sa\u00fade. Explos\u00f5es e tiros assustam moradores Imagens compartilhadas nas redes sociais mostram o clima de tens\u00e3o, com rajadas de [&hellip;]<\/p>\n","protected":false},"author":4,"featured_media":101613,"comment_status":"open","ping_status":"open","sticky":false,"template":"","format":"video","meta":{"footnotes":""},"categories":[290,67],"tags":[11221,10055,4930,4892,36911,20147,170,15119,37468,6670,25087,16448,2587,93,824,2856,6689,4971,651,2617],"class_list":["post-101605","post","type-post","status-publish","format-video","has-post-thumbnail","hentry","category-policia-rio-de-janeiro-capital","category-rio-de-janeiro-capital","tag-guerra-do-trafico","tag-bala-perdida","tag-comunidades","tag-confrontos","tag-estado-de-sitio","tag-faccoes-criminosas","tag-favelas","tag-inseguranca","tag-intervencao-federal","tag-moradores","tag-morro-dos-macacos","tag-operacoes-policiais","tag-policia-militar","tag-rio-de-janeiro","tag-seguranca-publica","tag-tiroteio","tag-upp","tag-vila-isabel","tag-violencia","tag-vitimas","post_format-post-format-video","post--single"],"yoast_head":"<!-- This site is optimized with the Yoast SEO plugin v27.4 - https:\/\/yoast.com\/product\/yoast-seo-wordpress\/ -->\n<title>Moradores registram tiroteio intenso entre fac\u00e7\u00f5es no Morro dos Macacos - V\u00eddeos &#8226; Folha do Leste<\/title>\n<meta name=\"description\" content=\"Moradores registram tiroteio intenso entre fac\u00e7\u00f5es no Morro dos Macacos - V\u00eddeos. Hist\u00f3rico de ataques exp\u00f5e vulnerabilidade da comunidade...\" \/>\n<meta name=\"robots\" content=\"index, follow, max-snippet:-1, max-image-preview:large, max-video-preview:-1\" \/>\n<link rel=\"canonical\" href=\"https:\/\/folhadoleste.com.br\/en\/moradores-registram-tiroteio-intenso-entre-faccoes-no-morro-dos-macacos-videos\/\" \/>\n<meta property=\"og:locale\" content=\"en_US\" \/>\n<meta property=\"og:type\" content=\"article\" \/>\n<meta property=\"og:title\" content=\"Moradores registram tiroteio intenso entre fac\u00e7\u00f5es no Morro dos Macacos - V\u00eddeos &#8226; Folha do Leste\" \/>\n<meta property=\"og:description\" content=\"Moradores registram tiroteio intenso entre fac\u00e7\u00f5es no Morro dos Macacos - V\u00eddeos. Hist\u00f3rico de ataques exp\u00f5e vulnerabilidade da comunidade...\" \/>\n<meta property=\"og:url\" content=\"https:\/\/folhadoleste.com.br\/en\/moradores-registram-tiroteio-intenso-entre-faccoes-no-morro-dos-macacos-videos\/\" \/>\n<meta property=\"og:site_name\" content=\"Folha do Leste\" \/>\n<meta property=\"article:publisher\" content=\"https:\/\/www.facebook.com\/folhadoleste\" \/>\n<meta property=\"article:published_time\" content=\"2024-12-11T15:35:19+00:00\" \/>\n<meta property=\"og:image\" content=\"https:\/\/folhadoleste.com.br\/wp-content\/uploads\/2024\/12\/Moradores-registram-tiroteio-intenso-entre-faccoes-no-Morro-dos-Macacos-Videos-Foto-Cortada-Reproducao-Redes-Sociais.jpg\" \/>\n\t<meta property=\"og:image:width\" content=\"596\" \/>\n\t<meta property=\"og:image:height\" content=\"335\" \/>\n\t<meta property=\"og:image:type\" content=\"image\/jpeg\" \/>\n<meta name=\"author\" content=\"Folha do Leste\" \/>\n<meta name=\"twitter:card\" content=\"summary_large_image\" \/>\n<meta name=\"twitter:creator\" content=\"@FolhadoLesteRJ\" \/>\n<meta name=\"twitter:site\" content=\"@FolhadoLesteRJ\" \/>\n<meta name=\"twitter:label1\" content=\"Written by\" \/>\n\t<meta name=\"twitter:data1\" content=\"Folha do Leste\" \/>\n\t<meta name=\"twitter:label2\" content=\"Est. reading time\" \/>\n\t<meta name=\"twitter:data2\" content=\"4 minutes\" \/>\n<script type=\"application\/ld+json\" class=\"yoast-schema-graph\">{\"@context\":\"https:\\\/\\\/schema.org\",\"@graph\":[{\"@type\":\"NewsArticle\",\"@id\":\"https:\\\/\\\/folhadoleste.com.br\\\/moradores-registram-tiroteio-intenso-entre-faccoes-no-morro-dos-macacos-videos\\\/#article\",\"isPartOf\":{\"@id\":\"https:\\\/\\\/folhadoleste.com.br\\\/moradores-registram-tiroteio-intenso-entre-faccoes-no-morro-dos-macacos-videos\\\/\"},\"author\":{\"name\":\"Folha do Leste\",\"@id\":\"https:\\\/\\\/folhadoleste.com.br\\\/#\\\/schema\\\/person\\\/3e97145b2e1861276e84471aa85a3899\"},\"headline\":\"Moradores registram tiroteio intenso entre fac\u00e7\u00f5es no Morro dos Macacos &#8211; V\u00eddeos\",\"datePublished\":\"2024-12-11T15:35:19+00:00\",\"mainEntityOfPage\":{\"@id\":\"https:\\\/\\\/folhadoleste.com.br\\\/moradores-registram-tiroteio-intenso-entre-faccoes-no-morro-dos-macacos-videos\\\/\"},\"wordCount\":535,\"commentCount\":0,\"publisher\":{\"@id\":\"https:\\\/\\\/folhadoleste.com.br\\\/#organization\"},\"image\":{\"@id\":\"https:\\\/\\\/folhadoleste.com.br\\\/moradores-registram-tiroteio-intenso-entre-faccoes-no-morro-dos-macacos-videos\\\/#primaryimage\"},\"thumbnailUrl\":\"https:\\\/\\\/folhadoleste.com.br\\\/wp-content\\\/uploads\\\/2024\\\/12\\\/Moradores-registram-tiroteio-intenso-entre-faccoes-no-Morro-dos-Macacos-Videos-Foto-Cortada-Reproducao-Redes-Sociais.jpg\",\"keywords\":[\"'Guerra do tr\u00e1fico'\",\"bala perdida\",\"comunidades\",\"confrontos\",\"estado de s\u00edtio\",\"Fac\u00e7\u00f5es criminosas\",\"favelas\",\"Inseguran\u00e7a\",\"interven\u00e7\u00e3o federal\",\"moradores\",\"Morro dos Macacos\",\"Opera\u00e7\u00f5es Policiais\",\"Pol\u00edcia Militar\",\"Rio de Janeiro\",\"Seguran\u00e7a publica\",\"tiroteio\",\"UPP\",\"Vila Isabel\",\"viol\u00eancia\",\"v\u00edtimas\"],\"articleSection\":[\"Pol\u00edcia\",\"Rio de Janeiro - Capital\"],\"inLanguage\":\"en-US\",\"potentialAction\":[{\"@type\":\"CommentAction\",\"name\":\"Comment\",\"target\":[\"https:\\\/\\\/folhadoleste.com.br\\\/moradores-registram-tiroteio-intenso-entre-faccoes-no-morro-dos-macacos-videos\\\/#respond\"]}]},{\"@type\":\"WebPage\",\"@id\":\"https:\\\/\\\/folhadoleste.com.br\\\/moradores-registram-tiroteio-intenso-entre-faccoes-no-morro-dos-macacos-videos\\\/\",\"url\":\"https:\\\/\\\/folhadoleste.com.br\\\/moradores-registram-tiroteio-intenso-entre-faccoes-no-morro-dos-macacos-videos\\\/\",\"name\":\"Moradores registram tiroteio intenso entre fac\u00e7\u00f5es no Morro dos Macacos - V\u00eddeos &#8226; Folha do Leste\",\"isPartOf\":{\"@id\":\"https:\\\/\\\/folhadoleste.com.br\\\/#website\"},\"primaryImageOfPage\":{\"@id\":\"https:\\\/\\\/folhadoleste.com.br\\\/moradores-registram-tiroteio-intenso-entre-faccoes-no-morro-dos-macacos-videos\\\/#primaryimage\"},\"image\":{\"@id\":\"https:\\\/\\\/folhadoleste.com.br\\\/moradores-registram-tiroteio-intenso-entre-faccoes-no-morro-dos-macacos-videos\\\/#primaryimage\"},\"thumbnailUrl\":\"https:\\\/\\\/folhadoleste.com.br\\\/wp-content\\\/uploads\\\/2024\\\/12\\\/Moradores-registram-tiroteio-intenso-entre-faccoes-no-Morro-dos-Macacos-Videos-Foto-Cortada-Reproducao-Redes-Sociais.jpg\",\"datePublished\":\"2024-12-11T15:35:19+00:00\",\"description\":\"Moradores registram tiroteio intenso entre fac\u00e7\u00f5es no Morro dos Macacos - V\u00eddeos. Hist\u00f3rico de ataques exp\u00f5e vulnerabilidade da comunidade...\",\"breadcrumb\":{\"@id\":\"https:\\\/\\\/folhadoleste.com.br\\\/moradores-registram-tiroteio-intenso-entre-faccoes-no-morro-dos-macacos-videos\\\/#breadcrumb\"},\"inLanguage\":\"en-US\",\"potentialAction\":[{\"@type\":\"ReadAction\",\"target\":[\"https:\\\/\\\/folhadoleste.com.br\\\/moradores-registram-tiroteio-intenso-entre-faccoes-no-morro-dos-macacos-videos\\\/\"]}]},{\"@type\":\"ImageObject\",\"inLanguage\":\"en-US\",\"@id\":\"https:\\\/\\\/folhadoleste.com.br\\\/moradores-registram-tiroteio-intenso-entre-faccoes-no-morro-dos-macacos-videos\\\/#primaryimage\",\"url\":\"https:\\\/\\\/folhadoleste.com.br\\\/wp-content\\\/uploads\\\/2024\\\/12\\\/Moradores-registram-tiroteio-intenso-entre-faccoes-no-Morro-dos-Macacos-Videos-Foto-Cortada-Reproducao-Redes-Sociais.jpg\",\"contentUrl\":\"https:\\\/\\\/folhadoleste.com.br\\\/wp-content\\\/uploads\\\/2024\\\/12\\\/Moradores-registram-tiroteio-intenso-entre-faccoes-no-Morro-dos-Macacos-Videos-Foto-Cortada-Reproducao-Redes-Sociais.jpg\",\"width\":596,\"height\":335,\"caption\":\"Moradores registram tiroteio intenso entre fac\u00e7\u00f5es no Morro dos Macacos - V\u00eddeos | Reprodu\u00e7\u00e3o\\\/Redes Sociais\"},{\"@type\":\"BreadcrumbList\",\"@id\":\"https:\\\/\\\/folhadoleste.com.br\\\/moradores-registram-tiroteio-intenso-entre-faccoes-no-morro-dos-macacos-videos\\\/#breadcrumb\",\"itemListElement\":[{\"@type\":\"ListItem\",\"position\":1,\"name\":\"In\u00edcio\",\"item\":\"https:\\\/\\\/folhadoleste.com.br\\\/\"},{\"@type\":\"ListItem\",\"position\":2,\"name\":\"Rio de Janeiro - Capital\",\"item\":\"https:\\\/\\\/folhadoleste.com.br\\\/category\\\/rio-de-janeiro-capital\\\/\"},{\"@type\":\"ListItem\",\"position\":3,\"name\":\"Moradores registram tiroteio intenso entre fac\u00e7\u00f5es no Morro dos Macacos &#8211; V\u00eddeos\"}]},{\"@type\":\"WebSite\",\"@id\":\"https:\\\/\\\/folhadoleste.com.br\\\/#website\",\"url\":\"https:\\\/\\\/folhadoleste.com.br\\\/\",\"name\":\"Folha do Leste\",\"description\":\"Portal de Not\u00edcias com \u00eanfase em Niter\u00f3i, criando conte\u00fados desde a capital Rio de Janeiro, com olhar para o Leste Fluminense e suas cidades como S\u00e3o Gon\u00e7alo, Itabora\u00ed, Rio Bonito, Maric\u00e1, Saquarema e Araruama\",\"publisher\":{\"@id\":\"https:\\\/\\\/folhadoleste.com.br\\\/#organization\"},\"alternateName\":\"FL\",\"potentialAction\":[{\"@type\":\"SearchAction\",\"target\":{\"@type\":\"EntryPoint\",\"urlTemplate\":\"https:\\\/\\\/folhadoleste.com.br\\\/?s={search_term_string}\"},\"query-input\":{\"@type\":\"PropertyValueSpecification\",\"valueRequired\":true,\"valueName\":\"search_term_string\"}}],\"inLanguage\":\"en-US\"},{\"@type\":\"Organization\",\"@id\":\"https:\\\/\\\/folhadoleste.com.br\\\/#organization\",\"name\":\"Brasil 21 Comunica\u00e7\u00e3o\",\"alternateName\":\"BR21\",\"url\":\"https:\\\/\\\/folhadoleste.com.br\\\/\",\"logo\":{\"@type\":\"ImageObject\",\"inLanguage\":\"en-US\",\"@id\":\"https:\\\/\\\/folhadoleste.com.br\\\/#\\\/schema\\\/logo\\\/image\\\/\",\"url\":\"https:\\\/\\\/folhadoleste.com.br\\\/wp-content\\\/uploads\\\/2025\\\/12\\\/brasil-21-logomarca.avif\",\"contentUrl\":\"https:\\\/\\\/folhadoleste.com.br\\\/wp-content\\\/uploads\\\/2025\\\/12\\\/brasil-21-logomarca.avif\",\"width\":1044,\"height\":1044,\"caption\":\"Brasil 21 Comunica\u00e7\u00e3o\"},\"image\":{\"@id\":\"https:\\\/\\\/folhadoleste.com.br\\\/#\\\/schema\\\/logo\\\/image\\\/\"},\"sameAs\":[\"https:\\\/\\\/www.facebook.com\\\/folhadoleste\",\"https:\\\/\\\/x.com\\\/FolhadoLesteRJ\",\"https:\\\/\\\/www.instagram.com\\\/folhadoleste\\\/\"]},{\"@type\":\"Person\",\"@id\":\"https:\\\/\\\/folhadoleste.com.br\\\/#\\\/schema\\\/person\\\/3e97145b2e1861276e84471aa85a3899\",\"name\":\"Folha do Leste\",\"image\":{\"@type\":\"ImageObject\",\"inLanguage\":\"en-US\",\"@id\":\"https:\\\/\\\/folhadoleste.com.br\\\/wp-content\\\/litespeed\\\/avatar\\\/1ca8c218432e7045e748610eb3db0259.jpg?ver=1777161142\",\"url\":\"https:\\\/\\\/folhadoleste.com.br\\\/wp-content\\\/litespeed\\\/avatar\\\/1ca8c218432e7045e748610eb3db0259.jpg?ver=1777161142\",\"contentUrl\":\"https:\\\/\\\/folhadoleste.com.br\\\/wp-content\\\/litespeed\\\/avatar\\\/1ca8c218432e7045e748610eb3db0259.jpg?ver=1777161142\",\"caption\":\"Folha do Leste\"},\"url\":\"https:\\\/\\\/folhadoleste.com.br\\\/en\\\/author\\\/reportagem-01\\\/\"}]}<\/script>\n<!-- \/ Yoast SEO plugin. -->","yoast_head_json":{"title":"Moradores registram tiroteio intenso entre fac\u00e7\u00f5es no Morro dos Macacos - V\u00eddeos &#8226; Folha do Leste","description":"Moradores registram tiroteio intenso entre fac\u00e7\u00f5es no Morro dos Macacos - V\u00eddeos. Hist\u00f3rico de ataques exp\u00f5e vulnerabilidade da comunidade...","robots":{"index":"index","follow":"follow","max-snippet":"max-snippet:-1","max-image-preview":"max-image-preview:large","max-video-preview":"max-video-preview:-1"},"canonical":"https:\/\/folhadoleste.com.br\/en\/moradores-registram-tiroteio-intenso-entre-faccoes-no-morro-dos-macacos-videos\/","og_locale":"en_US","og_type":"article","og_title":"Moradores registram tiroteio intenso entre fac\u00e7\u00f5es no Morro dos Macacos - V\u00eddeos &#8226; Folha do Leste","og_description":"Moradores registram tiroteio intenso entre fac\u00e7\u00f5es no Morro dos Macacos - V\u00eddeos. Hist\u00f3rico de ataques exp\u00f5e vulnerabilidade da comunidade...","og_url":"https:\/\/folhadoleste.com.br\/en\/moradores-registram-tiroteio-intenso-entre-faccoes-no-morro-dos-macacos-videos\/","og_site_name":"Folha do Leste","article_publisher":"https:\/\/www.facebook.com\/folhadoleste","article_published_time":"2024-12-11T15:35:19+00:00","og_image":[{"width":596,"height":335,"url":"https:\/\/folhadoleste.com.br\/wp-content\/uploads\/2024\/12\/Moradores-registram-tiroteio-intenso-entre-faccoes-no-Morro-dos-Macacos-Videos-Foto-Cortada-Reproducao-Redes-Sociais.jpg","type":"image\/jpeg"}],"author":"Folha do Leste","twitter_card":"summary_large_image","twitter_creator":"@FolhadoLesteRJ","twitter_site":"@FolhadoLesteRJ","twitter_misc":{"Written by":"Folha do Leste","Est. reading time":"4 minutes"},"schema":{"@context":"https:\/\/schema.org","@graph":[{"@type":"NewsArticle","@id":"https:\/\/folhadoleste.com.br\/moradores-registram-tiroteio-intenso-entre-faccoes-no-morro-dos-macacos-videos\/#article","isPartOf":{"@id":"https:\/\/folhadoleste.com.br\/moradores-registram-tiroteio-intenso-entre-faccoes-no-morro-dos-macacos-videos\/"},"author":{"name":"Folha do Leste","@id":"https:\/\/folhadoleste.com.br\/#\/schema\/person\/3e97145b2e1861276e84471aa85a3899"},"headline":"Moradores registram tiroteio intenso entre fac\u00e7\u00f5es no Morro dos Macacos &#8211; V\u00eddeos","datePublished":"2024-12-11T15:35:19+00:00","mainEntityOfPage":{"@id":"https:\/\/folhadoleste.com.br\/moradores-registram-tiroteio-intenso-entre-faccoes-no-morro-dos-macacos-videos\/"},"wordCount":535,"commentCount":0,"publisher":{"@id":"https:\/\/folhadoleste.com.br\/#organization"},"image":{"@id":"https:\/\/folhadoleste.com.br\/moradores-registram-tiroteio-intenso-entre-faccoes-no-morro-dos-macacos-videos\/#primaryimage"},"thumbnailUrl":"https:\/\/folhadoleste.com.br\/wp-content\/uploads\/2024\/12\/Moradores-registram-tiroteio-intenso-entre-faccoes-no-Morro-dos-Macacos-Videos-Foto-Cortada-Reproducao-Redes-Sociais.jpg","keywords":["'Guerra do tr\u00e1fico'","bala perdida","comunidades","confrontos","estado de s\u00edtio","Fac\u00e7\u00f5es criminosas","favelas","Inseguran\u00e7a","interven\u00e7\u00e3o federal","moradores","Morro dos Macacos","Opera\u00e7\u00f5es Policiais","Pol\u00edcia Militar","Rio de Janeiro","Seguran\u00e7a publica","tiroteio","UPP","Vila Isabel","viol\u00eancia","v\u00edtimas"],"articleSection":["Pol\u00edcia","Rio de Janeiro - Capital"],"inLanguage":"en-US","potentialAction":[{"@type":"CommentAction","name":"Comment","target":["https:\/\/folhadoleste.com.br\/moradores-registram-tiroteio-intenso-entre-faccoes-no-morro-dos-macacos-videos\/#respond"]}]},{"@type":"WebPage","@id":"https:\/\/folhadoleste.com.br\/moradores-registram-tiroteio-intenso-entre-faccoes-no-morro-dos-macacos-videos\/","url":"https:\/\/folhadoleste.com.br\/moradores-registram-tiroteio-intenso-entre-faccoes-no-morro-dos-macacos-videos\/","name":"Moradores registram tiroteio intenso entre fac\u00e7\u00f5es no Morro dos Macacos - V\u00eddeos &#8226; Folha do Leste","isPartOf":{"@id":"https:\/\/folhadoleste.com.br\/#website"},"primaryImageOfPage":{"@id":"https:\/\/folhadoleste.com.br\/moradores-registram-tiroteio-intenso-entre-faccoes-no-morro-dos-macacos-videos\/#primaryimage"},"image":{"@id":"https:\/\/folhadoleste.com.br\/moradores-registram-tiroteio-intenso-entre-faccoes-no-morro-dos-macacos-videos\/#primaryimage"},"thumbnailUrl":"https:\/\/folhadoleste.com.br\/wp-content\/uploads\/2024\/12\/Moradores-registram-tiroteio-intenso-entre-faccoes-no-Morro-dos-Macacos-Videos-Foto-Cortada-Reproducao-Redes-Sociais.jpg","datePublished":"2024-12-11T15:35:19+00:00","description":"Moradores registram tiroteio intenso entre fac\u00e7\u00f5es no Morro dos Macacos - V\u00eddeos. Hist\u00f3rico de ataques exp\u00f5e vulnerabilidade da comunidade...","breadcrumb":{"@id":"https:\/\/folhadoleste.com.br\/moradores-registram-tiroteio-intenso-entre-faccoes-no-morro-dos-macacos-videos\/#breadcrumb"},"inLanguage":"en-US","potentialAction":[{"@type":"ReadAction","target":["https:\/\/folhadoleste.com.br\/moradores-registram-tiroteio-intenso-entre-faccoes-no-morro-dos-macacos-videos\/"]}]},{"@type":"ImageObject","inLanguage":"en-US","@id":"https:\/\/folhadoleste.com.br\/moradores-registram-tiroteio-intenso-entre-faccoes-no-morro-dos-macacos-videos\/#primaryimage","url":"https:\/\/folhadoleste.com.br\/wp-content\/uploads\/2024\/12\/Moradores-registram-tiroteio-intenso-entre-faccoes-no-Morro-dos-Macacos-Videos-Foto-Cortada-Reproducao-Redes-Sociais.jpg","contentUrl":"https:\/\/folhadoleste.com.br\/wp-content\/uploads\/2024\/12\/Moradores-registram-tiroteio-intenso-entre-faccoes-no-Morro-dos-Macacos-Videos-Foto-Cortada-Reproducao-Redes-Sociais.jpg","width":596,"height":335,"caption":"Moradores registram tiroteio intenso entre fac\u00e7\u00f5es no Morro dos Macacos - V\u00eddeos | Reprodu\u00e7\u00e3o\/Redes Sociais"},{"@type":"BreadcrumbList","@id":"https:\/\/folhadoleste.com.br\/moradores-registram-tiroteio-intenso-entre-faccoes-no-morro-dos-macacos-videos\/#breadcrumb","itemListElement":[{"@type":"ListItem","position":1,"name":"In\u00edcio","item":"https:\/\/folhadoleste.com.br\/"},{"@type":"ListItem","position":2,"name":"Rio de Janeiro - Capital","item":"https:\/\/folhadoleste.com.br\/category\/rio-de-janeiro-capital\/"},{"@type":"ListItem","position":3,"name":"Moradores registram tiroteio intenso entre fac\u00e7\u00f5es no Morro dos Macacos &#8211; V\u00eddeos"}]},{"@type":"WebSite","@id":"https:\/\/folhadoleste.com.br\/#website","url":"https:\/\/folhadoleste.com.br\/","name":"Folha do Leste","description":"Portal de Not\u00edcias com \u00eanfase em Niter\u00f3i, criando conte\u00fados desde a capital Rio de Janeiro, com olhar para o Leste Fluminense e suas cidades como S\u00e3o Gon\u00e7alo, Itabora\u00ed, Rio Bonito, Maric\u00e1, Saquarema e Araruama","publisher":{"@id":"https:\/\/folhadoleste.com.br\/#organization"},"alternateName":"FL","potentialAction":[{"@type":"SearchAction","target":{"@type":"EntryPoint","urlTemplate":"https:\/\/folhadoleste.com.br\/?s={search_term_string}"},"query-input":{"@type":"PropertyValueSpecification","valueRequired":true,"valueName":"search_term_string"}}],"inLanguage":"en-US"},{"@type":"Organization","@id":"https:\/\/folhadoleste.com.br\/#organization","name":"Brasil 21 Comunica\u00e7\u00e3o","alternateName":"BR21","url":"https:\/\/folhadoleste.com.br\/","logo":{"@type":"ImageObject","inLanguage":"en-US","@id":"https:\/\/folhadoleste.com.br\/#\/schema\/logo\/image\/","url":"https:\/\/folhadoleste.com.br\/wp-content\/uploads\/2025\/12\/brasil-21-logomarca.avif","contentUrl":"https:\/\/folhadoleste.com.br\/wp-content\/uploads\/2025\/12\/brasil-21-logomarca.avif","width":1044,"height":1044,"caption":"Brasil 21 Comunica\u00e7\u00e3o"},"image":{"@id":"https:\/\/folhadoleste.com.br\/#\/schema\/logo\/image\/"},"sameAs":["https:\/\/www.facebook.com\/folhadoleste","https:\/\/x.com\/FolhadoLesteRJ","https:\/\/www.instagram.com\/folhadoleste\/"]},{"@type":"Person","@id":"https:\/\/folhadoleste.com.br\/#\/schema\/person\/3e97145b2e1861276e84471aa85a3899","name":"Folha do Leste","image":{"@type":"ImageObject","inLanguage":"en-US","@id":"https:\/\/folhadoleste.com.br\/wp-content\/litespeed\/avatar\/1ca8c218432e7045e748610eb3db0259.jpg?ver=1777161142","url":"https:\/\/folhadoleste.com.br\/wp-content\/litespeed\/avatar\/1ca8c218432e7045e748610eb3db0259.jpg?ver=1777161142","contentUrl":"https:\/\/folhadoleste.com.br\/wp-content\/litespeed\/avatar\/1ca8c218432e7045e748610eb3db0259.jpg?ver=1777161142","caption":"Folha do Leste"},"url":"https:\/\/folhadoleste.com.br\/en\/author\/reportagem-01\/"}]}},"_links":{"self":[{"href":"https:\/\/folhadoleste.com.br\/en\/wp-json\/wp\/v2\/posts\/101605","targetHints":{"allow":["GET"]}}],"collection":[{"href":"https:\/\/folhadoleste.com.br\/en\/wp-json\/wp\/v2\/posts"}],"about":[{"href":"https:\/\/folhadoleste.com.br\/en\/wp-json\/wp\/v2\/types\/post"}],"author":[{"embeddable":true,"href":"https:\/\/folhadoleste.com.br\/en\/wp-json\/wp\/v2\/users\/4"}],"replies":[{"embeddable":true,"href":"https:\/\/folhadoleste.com.br\/en\/wp-json\/wp\/v2\/comments?post=101605"}],"version-history":[{"count":1,"href":"https:\/\/folhadoleste.com.br\/en\/wp-json\/wp\/v2\/posts\/101605\/revisions"}],"predecessor-version":[{"id":101618,"href":"https:\/\/folhadoleste.com.br\/en\/wp-json\/wp\/v2\/posts\/101605\/revisions\/101618"}],"wp:featuredmedia":[{"embeddable":true,"href":"https:\/\/folhadoleste.com.br\/en\/wp-json\/wp\/v2\/media\/101613"}],"wp:attachment":[{"href":"https:\/\/folhadoleste.com.br\/en\/wp-json\/wp\/v2\/media?parent=101605"}],"wp:term":[{"taxonomy":"category","embeddable":true,"href":"https:\/\/folhadoleste.com.br\/en\/wp-json\/wp\/v2\/categories?post=101605"},{"taxonomy":"post_tag","embeddable":true,"href":"https:\/\/folhadoleste.com.br\/en\/wp-json\/wp\/v2\/tags?post=101605"}],"curies":[{"name":"wp","href":"https:\/\/api.w.org\/{rel}","templated":true}]}}