{"id":101360,"date":"2024-12-10T06:41:13","date_gmt":"2024-12-10T09:41:13","guid":{"rendered":"https:\/\/folhadoleste.com.br\/?p=101360"},"modified":"2024-12-10T06:41:43","modified_gmt":"2024-12-10T09:41:43","slug":"demolicao-do-elevado-31-de-marco-inicia-mudanca-no-centro-do-rio","status":"publish","type":"post","link":"https:\/\/folhadoleste.com.br\/en\/demolicao-do-elevado-31-de-marco-inicia-mudanca-no-centro-do-rio\/","title":{"rendered":"Demoli\u00e7\u00e3o do Elevado 31 de Mar\u00e7o inicia mudan\u00e7a no Centro do Rio"},"content":{"rendered":"<div id=\"attachment_101362\" style=\"width: 1462px\" class=\"wp-caption aligncenter\"><img decoding=\"async\" aria-describedby=\"caption-attachment-101362\" class=\"size-full wp-image-101362\" src=\"https:\/\/folhadoleste.com.br\/wp-content\/uploads\/2024\/12\/Captura-de-tela-2024-12-10-062124.png\" alt=\"A demoli\u00e7\u00e3o do Elevado 31 de Mar\u00e7o transformar\u00e1 o Centro do Rio, criando espa\u00e7o para um novo boulevard e projetos urbanos modernos.\" width=\"1452\" height=\"883\" \/><p id=\"caption-attachment-101362\" class=\"wp-caption-text\">A demoli\u00e7\u00e3o do Elevado 31 de Mar\u00e7o transformar\u00e1 o Centro do Rio, criando espa\u00e7o para um novo boulevard e projetos urbanos modernos. (Divulga\u00e7\u00e3o)<\/p><\/div>\n<p>Projeto inclui a demoli\u00e7\u00e3o do Elevado 31 de Mar\u00e7o e a cria\u00e7\u00e3o de um novo centro urbano, enfrentando desafios no tr\u00e2nsito.<\/p>\n<p>A revitaliza\u00e7\u00e3o do Samb\u00f3dromo e \u00e1reas adjacentes promete transformar o Centro do Rio de Janeiro. O plano inclui a demoli\u00e7\u00e3o do Elevado 31 de Mar\u00e7o e a constru\u00e7\u00e3o de novos espa\u00e7os urbanos, financiados pelos pr\u00f3prios recursos gerados pela opera\u00e7\u00e3o urbana consorciada. A proposta, anunciada pelo prefeito Eduardo Paes, busca atrair moradores e fomentar o desenvolvimento local.<\/p>\n<p>\u201cA opera\u00e7\u00e3o n\u00e3o utiliza recursos p\u00fablicos. Os valores s\u00e3o gerados pela valoriza\u00e7\u00e3o de terrenos municipais e novos empreendimentos residenciais, como no Porto Maravilha\u201d, explicou Paes durante entrevista ao <em>Bom Dia Rio<\/em> nesta segunda-feira (9).<\/p>\n<hr \/>\n<h4><strong>Novo boulevard substituir\u00e1 elevado e criar\u00e1 espa\u00e7o urbano moderno<\/strong><\/h4>\n<p>A demoli\u00e7\u00e3o do Elevado 31 de Mar\u00e7o permitir\u00e1 a constru\u00e7\u00e3o do Boulevard do Samba, uma avenida ao n\u00edvel do ch\u00e3o com cal\u00e7adas amplas e com\u00e9rcio. Para integrar a mobilidade, um mergulh\u00e3o ser\u00e1 constru\u00eddo sob a linha do trem, conectando a nova via ao bairro Santo Cristo.<\/p>\n<p>Segundo Rodrigo Azevedo, arquiteto respons\u00e1vel, a capacidade vi\u00e1ria ser\u00e1 preservada. \u201cO tr\u00e1fego atual ser\u00e1 mantido, apenas rebaixado ao n\u00edvel do solo, garantindo funcionalidade\u201d, afirmou.<\/p>\n<hr \/>\n<h4><strong>Homenagem a Oscar Niemeyer e novos espa\u00e7os culturais<\/strong><\/h4>\n<p>A revitaliza\u00e7\u00e3o tamb\u00e9m inclui a cria\u00e7\u00e3o de um pr\u00e9dio inspirado no Congresso Nacional, homenageando o arquiteto Oscar Niemeyer, respons\u00e1vel pelo projeto original do Samb\u00f3dromo. Al\u00e9m disso, um Museu do Samba ser\u00e1 constru\u00eddo, refor\u00e7ando o papel cultural da regi\u00e3o.<\/p>\n<p>Com a retirada do elevado, a \u00e1rea liberada somar\u00e1 700 mil metros quadrados, destinada a 12 mil unidades habitacionais e espa\u00e7os de conviv\u00eancia.<\/p>\n<hr \/>\n<h4><strong>Impactos no tr\u00e2nsito preocupam especialistas<\/strong><\/h4>\n<p>Marcus Quintella, diretor da FGV Transportes, destacou os desafios vi\u00e1rios. Segundo ele, a demoli\u00e7\u00e3o do elevado pode causar congestionamentos caso o fluxo entre o T\u00fanel Rebou\u00e7as e o T\u00fanel Santa B\u00e1rbara seja interrompido.<\/p>\n<blockquote><p>Essa via \u00e9 essencial para a mobilidade urbana. Se houver problemas em um dos t\u00faneis, o impacto pode ser significativo\u201d, alertou Quintella.<\/p><\/blockquote>\n<h4><strong>Transforma\u00e7\u00e3o urbana busca integrar cidade e cultura<\/strong><\/h4>\n<p>A proposta visa criar um novo centro urbano, combinando habita\u00e7\u00e3o, com\u00e9rcio e lazer. A integra\u00e7\u00e3o do Samb\u00f3dromo com a cidade valorizar\u00e1 o patrim\u00f4nio cultural, atraindo visitantes e moradores. No entanto, o projeto ainda depende de aprova\u00e7\u00e3o na C\u00e2mara dos Vereadores para viabilizar as parcerias p\u00fablico-privadas necess\u00e1rias.<\/p>\n<div id=\"attachment_77492\" style=\"width: 410px\" class=\"wp-caption aligncenter\"><a href=\"http:\/\/instagram.com\/folhadoleste\"><img decoding=\"async\" aria-describedby=\"caption-attachment-77492\" class=\"wp-image-77492 size-full\" src=\"https:\/\/folhadoleste.com.br\/wp-content\/uploads\/2024\/07\/Instagram-Folha-do-Leste.png\" alt=\"http:\/\/instagram.com\/folhadoleste\" width=\"400\" height=\"200\" \/><\/a><p id=\"caption-attachment-77492\" class=\"wp-caption-text\">Siga o Folha do Leste no Instagram!<\/p><\/div>\n<div id=\"attachment_77490\" style=\"width: 310px\" class=\"wp-caption aligncenter\"><a href=\"http:\/\/facebook.com\/folhadoleste\"><img decoding=\"async\" aria-describedby=\"caption-attachment-77490\" class=\"size-medium wp-image-77490\" src=\"https:\/\/folhadoleste.com.br\/wp-content\/uploads\/2024\/07\/Facebook-Folha-do-Leste-10k-300x300.jpg\" alt=\"Curta e siga o Folha do Leste no Facebook!\" width=\"300\" height=\"300\" \/><\/a><p id=\"caption-attachment-77490\" class=\"wp-caption-text\">Curta e siga o Folha do Leste no Facebook!<\/p><\/div>","protected":false},"excerpt":{"rendered":"<p>Projeto inclui a demoli\u00e7\u00e3o do Elevado 31 de Mar\u00e7o e a cria\u00e7\u00e3o de um novo centro urbano, enfrentando desafios no tr\u00e2nsito. A revitaliza\u00e7\u00e3o do Samb\u00f3dromo e \u00e1reas adjacentes promete transformar o Centro do Rio de Janeiro. O plano inclui a demoli\u00e7\u00e3o do Elevado 31 de Mar\u00e7o e a constru\u00e7\u00e3o de novos espa\u00e7os urbanos, financiados pelos pr\u00f3prios recursos gerados pela opera\u00e7\u00e3o urbana consorciada. A proposta, anunciada pelo prefeito Eduardo Paes, busca atrair moradores e fomentar o desenvolvimento local. \u201cA opera\u00e7\u00e3o n\u00e3o utiliza recursos p\u00fablicos. Os valores s\u00e3o gerados pela valoriza\u00e7\u00e3o de terrenos municipais e novos empreendimentos residenciais, como no Porto Maravilha\u201d, [&hellip;]<\/p>\n","protected":false},"author":16,"featured_media":101362,"comment_status":"open","ping_status":"open","sticky":false,"template":"","format":"standard","meta":{"footnotes":""},"categories":[46,67],"tags":[56003,5660,574,108,24074,56002,616,167,55784,2610,536,56007,4582,56004,56005,49884,56008,12392,5973,718,1851,56006,15476,19479,4642,730,185,498,16197,1654],"class_list":["post-101360","post","type-post","status-publish","format-standard","has-post-thumbnail","hentry","category-estado-do-rio-de-janeiro","category-rio-de-janeiro-capital","tag-boulevard-do-samba","tag-centro-do-rio","tag-comercio","tag-cultura","tag-cultura-carioca","tag-demolicao-elevado","tag-desenvolvimento","tag-eduardo-paes","tag-elevado-31-de-marco","tag-habitacao","tag-lazer","tag-marcus-quintella","tag-mobilidade","tag-moradias","tag-museu-do-samba","tag-operacao-urbana","tag-operacao-urbana-consorciada","tag-oscar-niemeyer","tag-porto-maravilha","tag-prefeitura-do-rio","tag-revitalizacao","tag-rodrigo-azevedo","tag-sambodromo","tag-santo-cristo","tag-sustentabilidade","tag-transito","tag-transporte","tag-tunel-reboucas","tag-tunel-santa-barbara","tag-urbanismo","post--single"],"yoast_head":"<!-- This site is optimized with the Yoast SEO plugin v27.4 - https:\/\/yoast.com\/product\/yoast-seo-wordpress\/ -->\n<title>Demoli\u00e7\u00e3o do Elevado 31 de Mar\u00e7o inicia mudan\u00e7a no Centro do Rio &#8226; Folha do Leste<\/title>\n<meta name=\"description\" content=\"A demoli\u00e7\u00e3o do Elevado 31 de Mar\u00e7o transformar\u00e1 o Centro do Rio, criando espa\u00e7o para um novo boulevard e projetos urbanos modernos.\" \/>\n<meta name=\"robots\" content=\"index, follow, max-snippet:-1, max-image-preview:large, max-video-preview:-1\" \/>\n<link rel=\"canonical\" href=\"https:\/\/folhadoleste.com.br\/en\/demolicao-do-elevado-31-de-marco-inicia-mudanca-no-centro-do-rio\/\" \/>\n<meta property=\"og:locale\" content=\"en_US\" \/>\n<meta property=\"og:type\" content=\"article\" \/>\n<meta property=\"og:title\" content=\"Demoli\u00e7\u00e3o do Elevado 31 de Mar\u00e7o inicia mudan\u00e7a no Centro do Rio &#8226; Folha do Leste\" \/>\n<meta property=\"og:description\" content=\"A demoli\u00e7\u00e3o do Elevado 31 de Mar\u00e7o transformar\u00e1 o Centro do Rio, criando espa\u00e7o para um novo boulevard e projetos urbanos modernos.\" \/>\n<meta property=\"og:url\" content=\"https:\/\/folhadoleste.com.br\/en\/demolicao-do-elevado-31-de-marco-inicia-mudanca-no-centro-do-rio\/\" \/>\n<meta property=\"og:site_name\" content=\"Folha do Leste\" \/>\n<meta property=\"article:publisher\" content=\"https:\/\/www.facebook.com\/folhadoleste\" \/>\n<meta property=\"article:published_time\" content=\"2024-12-10T09:41:13+00:00\" \/>\n<meta property=\"article:modified_time\" content=\"2024-12-10T09:41:43+00:00\" \/>\n<meta property=\"og:image\" content=\"https:\/\/folhadoleste.com.br\/wp-content\/uploads\/2024\/12\/Captura-de-tela-2024-12-10-062124.png\" \/>\n\t<meta property=\"og:image:width\" content=\"1452\" \/>\n\t<meta property=\"og:image:height\" content=\"883\" \/>\n\t<meta property=\"og:image:type\" content=\"image\/png\" \/>\n<meta name=\"author\" content=\"Ana Carolina Motta\" \/>\n<meta name=\"twitter:card\" content=\"summary_large_image\" \/>\n<meta name=\"twitter:creator\" content=\"@FolhadoLesteRJ\" \/>\n<meta name=\"twitter:site\" content=\"@FolhadoLesteRJ\" \/>\n<meta name=\"twitter:label1\" content=\"Written by\" \/>\n\t<meta name=\"twitter:data1\" content=\"Ana Carolina Motta\" \/>\n\t<meta name=\"twitter:label2\" content=\"Est. reading time\" \/>\n\t<meta name=\"twitter:data2\" content=\"4 minutes\" \/>\n<script type=\"application\/ld+json\" class=\"yoast-schema-graph\">{\"@context\":\"https:\\\/\\\/schema.org\",\"@graph\":[{\"@type\":\"NewsArticle\",\"@id\":\"https:\\\/\\\/folhadoleste.com.br\\\/demolicao-do-elevado-31-de-marco-inicia-mudanca-no-centro-do-rio\\\/#article\",\"isPartOf\":{\"@id\":\"https:\\\/\\\/folhadoleste.com.br\\\/demolicao-do-elevado-31-de-marco-inicia-mudanca-no-centro-do-rio\\\/\"},\"author\":{\"name\":\"Ana Carolina Motta\",\"@id\":\"https:\\\/\\\/folhadoleste.com.br\\\/#\\\/schema\\\/person\\\/8f044b173ce73d5609095241ce6a7cf0\"},\"headline\":\"Demoli\u00e7\u00e3o do Elevado 31 de Mar\u00e7o inicia mudan\u00e7a no Centro do Rio\",\"datePublished\":\"2024-12-10T09:41:13+00:00\",\"dateModified\":\"2024-12-10T09:41:43+00:00\",\"mainEntityOfPage\":{\"@id\":\"https:\\\/\\\/folhadoleste.com.br\\\/demolicao-do-elevado-31-de-marco-inicia-mudanca-no-centro-do-rio\\\/\"},\"wordCount\":504,\"commentCount\":0,\"publisher\":{\"@id\":\"https:\\\/\\\/folhadoleste.com.br\\\/#organization\"},\"image\":{\"@id\":\"https:\\\/\\\/folhadoleste.com.br\\\/demolicao-do-elevado-31-de-marco-inicia-mudanca-no-centro-do-rio\\\/#primaryimage\"},\"thumbnailUrl\":\"https:\\\/\\\/folhadoleste.com.br\\\/wp-content\\\/uploads\\\/2024\\\/12\\\/Captura-de-tela-2024-12-10-062124.png\",\"keywords\":[\"Boulevard do Samba\",\"Centro do Rio\",\"com\u00e9rcio\",\"Cultura\",\"Cultura Carioca\",\"demoli\u00e7\u00e3o elevado\",\"desenvolvimento\",\"Eduardo Paes\",\"Elevado 31 de Mar\u00e7o\",\"habita\u00e7\u00e3o\",\"lazer\",\"Marcus Quintella\",\"Mobilidade\",\"moradias\",\"Museu do Samba\",\"opera\u00e7\u00e3o urbana\",\"opera\u00e7\u00e3o urbana consorciada\",\"Oscar Niemeyer\",\"Porto Maravilha\",\"prefeitura do Rio\",\"revitaliza\u00e7\u00e3o\",\"Rodrigo Azevedo\",\"Samb\u00f3dromo\",\"Santo Cristo\",\"sustentabilidade\",\"Tr\u00e2nsito\",\"transporte\",\"T\u00fanel Rebou\u00e7as\",\"T\u00fanel Santa B\u00e1rbara\",\"Urbanismo\"],\"articleSection\":[\"Estado do Rio de Janeiro\",\"Rio de Janeiro - Capital\"],\"inLanguage\":\"en-US\",\"potentialAction\":[{\"@type\":\"CommentAction\",\"name\":\"Comment\",\"target\":[\"https:\\\/\\\/folhadoleste.com.br\\\/demolicao-do-elevado-31-de-marco-inicia-mudanca-no-centro-do-rio\\\/#respond\"]}]},{\"@type\":\"WebPage\",\"@id\":\"https:\\\/\\\/folhadoleste.com.br\\\/demolicao-do-elevado-31-de-marco-inicia-mudanca-no-centro-do-rio\\\/\",\"url\":\"https:\\\/\\\/folhadoleste.com.br\\\/demolicao-do-elevado-31-de-marco-inicia-mudanca-no-centro-do-rio\\\/\",\"name\":\"Demoli\u00e7\u00e3o do Elevado 31 de Mar\u00e7o inicia mudan\u00e7a no Centro do Rio &#8226; Folha do Leste\",\"isPartOf\":{\"@id\":\"https:\\\/\\\/folhadoleste.com.br\\\/#website\"},\"primaryImageOfPage\":{\"@id\":\"https:\\\/\\\/folhadoleste.com.br\\\/demolicao-do-elevado-31-de-marco-inicia-mudanca-no-centro-do-rio\\\/#primaryimage\"},\"image\":{\"@id\":\"https:\\\/\\\/folhadoleste.com.br\\\/demolicao-do-elevado-31-de-marco-inicia-mudanca-no-centro-do-rio\\\/#primaryimage\"},\"thumbnailUrl\":\"https:\\\/\\\/folhadoleste.com.br\\\/wp-content\\\/uploads\\\/2024\\\/12\\\/Captura-de-tela-2024-12-10-062124.png\",\"datePublished\":\"2024-12-10T09:41:13+00:00\",\"dateModified\":\"2024-12-10T09:41:43+00:00\",\"description\":\"A demoli\u00e7\u00e3o do Elevado 31 de Mar\u00e7o transformar\u00e1 o Centro do Rio, criando espa\u00e7o para um novo boulevard e projetos urbanos modernos.\",\"breadcrumb\":{\"@id\":\"https:\\\/\\\/folhadoleste.com.br\\\/demolicao-do-elevado-31-de-marco-inicia-mudanca-no-centro-do-rio\\\/#breadcrumb\"},\"inLanguage\":\"en-US\",\"potentialAction\":[{\"@type\":\"ReadAction\",\"target\":[\"https:\\\/\\\/folhadoleste.com.br\\\/demolicao-do-elevado-31-de-marco-inicia-mudanca-no-centro-do-rio\\\/\"]}]},{\"@type\":\"ImageObject\",\"inLanguage\":\"en-US\",\"@id\":\"https:\\\/\\\/folhadoleste.com.br\\\/demolicao-do-elevado-31-de-marco-inicia-mudanca-no-centro-do-rio\\\/#primaryimage\",\"url\":\"https:\\\/\\\/folhadoleste.com.br\\\/wp-content\\\/uploads\\\/2024\\\/12\\\/Captura-de-tela-2024-12-10-062124.png\",\"contentUrl\":\"https:\\\/\\\/folhadoleste.com.br\\\/wp-content\\\/uploads\\\/2024\\\/12\\\/Captura-de-tela-2024-12-10-062124.png\",\"width\":1452,\"height\":883,\"caption\":\"A demoli\u00e7\u00e3o do Elevado 31 de Mar\u00e7o transformar\u00e1 o Centro do Rio, criando espa\u00e7o para um novo boulevard e projetos urbanos modernos.\"},{\"@type\":\"BreadcrumbList\",\"@id\":\"https:\\\/\\\/folhadoleste.com.br\\\/demolicao-do-elevado-31-de-marco-inicia-mudanca-no-centro-do-rio\\\/#breadcrumb\",\"itemListElement\":[{\"@type\":\"ListItem\",\"position\":1,\"name\":\"In\u00edcio\",\"item\":\"https:\\\/\\\/folhadoleste.com.br\\\/\"},{\"@type\":\"ListItem\",\"position\":2,\"name\":\"Estado do Rio de Janeiro\",\"item\":\"https:\\\/\\\/folhadoleste.com.br\\\/category\\\/estado-do-rio-de-janeiro\\\/\"},{\"@type\":\"ListItem\",\"position\":3,\"name\":\"Demoli\u00e7\u00e3o do Elevado 31 de Mar\u00e7o inicia mudan\u00e7a no Centro do Rio\"}]},{\"@type\":\"WebSite\",\"@id\":\"https:\\\/\\\/folhadoleste.com.br\\\/#website\",\"url\":\"https:\\\/\\\/folhadoleste.com.br\\\/\",\"name\":\"Folha do Leste\",\"description\":\"Portal de Not\u00edcias com \u00eanfase em Niter\u00f3i, criando conte\u00fados desde a capital Rio de Janeiro, com olhar para o Leste Fluminense e suas cidades como S\u00e3o Gon\u00e7alo, Itabora\u00ed, Rio Bonito, Maric\u00e1, Saquarema e Araruama\",\"publisher\":{\"@id\":\"https:\\\/\\\/folhadoleste.com.br\\\/#organization\"},\"alternateName\":\"FL\",\"potentialAction\":[{\"@type\":\"SearchAction\",\"target\":{\"@type\":\"EntryPoint\",\"urlTemplate\":\"https:\\\/\\\/folhadoleste.com.br\\\/?s={search_term_string}\"},\"query-input\":{\"@type\":\"PropertyValueSpecification\",\"valueRequired\":true,\"valueName\":\"search_term_string\"}}],\"inLanguage\":\"en-US\"},{\"@type\":\"Organization\",\"@id\":\"https:\\\/\\\/folhadoleste.com.br\\\/#organization\",\"name\":\"Brasil 21 Comunica\u00e7\u00e3o\",\"alternateName\":\"BR21\",\"url\":\"https:\\\/\\\/folhadoleste.com.br\\\/\",\"logo\":{\"@type\":\"ImageObject\",\"inLanguage\":\"en-US\",\"@id\":\"https:\\\/\\\/folhadoleste.com.br\\\/#\\\/schema\\\/logo\\\/image\\\/\",\"url\":\"https:\\\/\\\/folhadoleste.com.br\\\/wp-content\\\/uploads\\\/2025\\\/12\\\/brasil-21-logomarca.avif\",\"contentUrl\":\"https:\\\/\\\/folhadoleste.com.br\\\/wp-content\\\/uploads\\\/2025\\\/12\\\/brasil-21-logomarca.avif\",\"width\":1044,\"height\":1044,\"caption\":\"Brasil 21 Comunica\u00e7\u00e3o\"},\"image\":{\"@id\":\"https:\\\/\\\/folhadoleste.com.br\\\/#\\\/schema\\\/logo\\\/image\\\/\"},\"sameAs\":[\"https:\\\/\\\/www.facebook.com\\\/folhadoleste\",\"https:\\\/\\\/x.com\\\/FolhadoLesteRJ\",\"https:\\\/\\\/www.instagram.com\\\/folhadoleste\\\/\"]},{\"@type\":\"Person\",\"@id\":\"https:\\\/\\\/folhadoleste.com.br\\\/#\\\/schema\\\/person\\\/8f044b173ce73d5609095241ce6a7cf0\",\"name\":\"Ana Carolina Motta\",\"image\":{\"@type\":\"ImageObject\",\"inLanguage\":\"en-US\",\"@id\":\"https:\\\/\\\/folhadoleste.com.br\\\/wp-content\\\/litespeed\\\/avatar\\\/c745de34c0d1fca381be0dadb2a31ad0.jpg?ver=1777161218\",\"url\":\"https:\\\/\\\/folhadoleste.com.br\\\/wp-content\\\/litespeed\\\/avatar\\\/c745de34c0d1fca381be0dadb2a31ad0.jpg?ver=1777161218\",\"contentUrl\":\"https:\\\/\\\/folhadoleste.com.br\\\/wp-content\\\/litespeed\\\/avatar\\\/c745de34c0d1fca381be0dadb2a31ad0.jpg?ver=1777161218\",\"caption\":\"Ana Carolina Motta\"},\"url\":\"https:\\\/\\\/folhadoleste.com.br\\\/en\\\/author\\\/ana-carolina\\\/\"}]}<\/script>\n<!-- \/ Yoast SEO plugin. -->","yoast_head_json":{"title":"Demoli\u00e7\u00e3o do Elevado 31 de Mar\u00e7o inicia mudan\u00e7a no Centro do Rio &#8226; Folha do Leste","description":"A demoli\u00e7\u00e3o do Elevado 31 de Mar\u00e7o transformar\u00e1 o Centro do Rio, criando espa\u00e7o para um novo boulevard e projetos urbanos modernos.","robots":{"index":"index","follow":"follow","max-snippet":"max-snippet:-1","max-image-preview":"max-image-preview:large","max-video-preview":"max-video-preview:-1"},"canonical":"https:\/\/folhadoleste.com.br\/en\/demolicao-do-elevado-31-de-marco-inicia-mudanca-no-centro-do-rio\/","og_locale":"en_US","og_type":"article","og_title":"Demoli\u00e7\u00e3o do Elevado 31 de Mar\u00e7o inicia mudan\u00e7a no Centro do Rio &#8226; Folha do Leste","og_description":"A demoli\u00e7\u00e3o do Elevado 31 de Mar\u00e7o transformar\u00e1 o Centro do Rio, criando espa\u00e7o para um novo boulevard e projetos urbanos modernos.","og_url":"https:\/\/folhadoleste.com.br\/en\/demolicao-do-elevado-31-de-marco-inicia-mudanca-no-centro-do-rio\/","og_site_name":"Folha do Leste","article_publisher":"https:\/\/www.facebook.com\/folhadoleste","article_published_time":"2024-12-10T09:41:13+00:00","article_modified_time":"2024-12-10T09:41:43+00:00","og_image":[{"width":1452,"height":883,"url":"https:\/\/folhadoleste.com.br\/wp-content\/uploads\/2024\/12\/Captura-de-tela-2024-12-10-062124.png","type":"image\/png"}],"author":"Ana Carolina Motta","twitter_card":"summary_large_image","twitter_creator":"@FolhadoLesteRJ","twitter_site":"@FolhadoLesteRJ","twitter_misc":{"Written by":"Ana Carolina Motta","Est. reading time":"4 minutes"},"schema":{"@context":"https:\/\/schema.org","@graph":[{"@type":"NewsArticle","@id":"https:\/\/folhadoleste.com.br\/demolicao-do-elevado-31-de-marco-inicia-mudanca-no-centro-do-rio\/#article","isPartOf":{"@id":"https:\/\/folhadoleste.com.br\/demolicao-do-elevado-31-de-marco-inicia-mudanca-no-centro-do-rio\/"},"author":{"name":"Ana Carolina Motta","@id":"https:\/\/folhadoleste.com.br\/#\/schema\/person\/8f044b173ce73d5609095241ce6a7cf0"},"headline":"Demoli\u00e7\u00e3o do Elevado 31 de Mar\u00e7o inicia mudan\u00e7a no Centro do Rio","datePublished":"2024-12-10T09:41:13+00:00","dateModified":"2024-12-10T09:41:43+00:00","mainEntityOfPage":{"@id":"https:\/\/folhadoleste.com.br\/demolicao-do-elevado-31-de-marco-inicia-mudanca-no-centro-do-rio\/"},"wordCount":504,"commentCount":0,"publisher":{"@id":"https:\/\/folhadoleste.com.br\/#organization"},"image":{"@id":"https:\/\/folhadoleste.com.br\/demolicao-do-elevado-31-de-marco-inicia-mudanca-no-centro-do-rio\/#primaryimage"},"thumbnailUrl":"https:\/\/folhadoleste.com.br\/wp-content\/uploads\/2024\/12\/Captura-de-tela-2024-12-10-062124.png","keywords":["Boulevard do Samba","Centro do Rio","com\u00e9rcio","Cultura","Cultura Carioca","demoli\u00e7\u00e3o elevado","desenvolvimento","Eduardo Paes","Elevado 31 de Mar\u00e7o","habita\u00e7\u00e3o","lazer","Marcus Quintella","Mobilidade","moradias","Museu do Samba","opera\u00e7\u00e3o urbana","opera\u00e7\u00e3o urbana consorciada","Oscar Niemeyer","Porto Maravilha","prefeitura do Rio","revitaliza\u00e7\u00e3o","Rodrigo Azevedo","Samb\u00f3dromo","Santo Cristo","sustentabilidade","Tr\u00e2nsito","transporte","T\u00fanel Rebou\u00e7as","T\u00fanel Santa B\u00e1rbara","Urbanismo"],"articleSection":["Estado do Rio de Janeiro","Rio de Janeiro - Capital"],"inLanguage":"en-US","potentialAction":[{"@type":"CommentAction","name":"Comment","target":["https:\/\/folhadoleste.com.br\/demolicao-do-elevado-31-de-marco-inicia-mudanca-no-centro-do-rio\/#respond"]}]},{"@type":"WebPage","@id":"https:\/\/folhadoleste.com.br\/demolicao-do-elevado-31-de-marco-inicia-mudanca-no-centro-do-rio\/","url":"https:\/\/folhadoleste.com.br\/demolicao-do-elevado-31-de-marco-inicia-mudanca-no-centro-do-rio\/","name":"Demoli\u00e7\u00e3o do Elevado 31 de Mar\u00e7o inicia mudan\u00e7a no Centro do Rio &#8226; Folha do Leste","isPartOf":{"@id":"https:\/\/folhadoleste.com.br\/#website"},"primaryImageOfPage":{"@id":"https:\/\/folhadoleste.com.br\/demolicao-do-elevado-31-de-marco-inicia-mudanca-no-centro-do-rio\/#primaryimage"},"image":{"@id":"https:\/\/folhadoleste.com.br\/demolicao-do-elevado-31-de-marco-inicia-mudanca-no-centro-do-rio\/#primaryimage"},"thumbnailUrl":"https:\/\/folhadoleste.com.br\/wp-content\/uploads\/2024\/12\/Captura-de-tela-2024-12-10-062124.png","datePublished":"2024-12-10T09:41:13+00:00","dateModified":"2024-12-10T09:41:43+00:00","description":"A demoli\u00e7\u00e3o do Elevado 31 de Mar\u00e7o transformar\u00e1 o Centro do Rio, criando espa\u00e7o para um novo boulevard e projetos urbanos modernos.","breadcrumb":{"@id":"https:\/\/folhadoleste.com.br\/demolicao-do-elevado-31-de-marco-inicia-mudanca-no-centro-do-rio\/#breadcrumb"},"inLanguage":"en-US","potentialAction":[{"@type":"ReadAction","target":["https:\/\/folhadoleste.com.br\/demolicao-do-elevado-31-de-marco-inicia-mudanca-no-centro-do-rio\/"]}]},{"@type":"ImageObject","inLanguage":"en-US","@id":"https:\/\/folhadoleste.com.br\/demolicao-do-elevado-31-de-marco-inicia-mudanca-no-centro-do-rio\/#primaryimage","url":"https:\/\/folhadoleste.com.br\/wp-content\/uploads\/2024\/12\/Captura-de-tela-2024-12-10-062124.png","contentUrl":"https:\/\/folhadoleste.com.br\/wp-content\/uploads\/2024\/12\/Captura-de-tela-2024-12-10-062124.png","width":1452,"height":883,"caption":"A demoli\u00e7\u00e3o do Elevado 31 de Mar\u00e7o transformar\u00e1 o Centro do Rio, criando espa\u00e7o para um novo boulevard e projetos urbanos modernos."},{"@type":"BreadcrumbList","@id":"https:\/\/folhadoleste.com.br\/demolicao-do-elevado-31-de-marco-inicia-mudanca-no-centro-do-rio\/#breadcrumb","itemListElement":[{"@type":"ListItem","position":1,"name":"In\u00edcio","item":"https:\/\/folhadoleste.com.br\/"},{"@type":"ListItem","position":2,"name":"Estado do Rio de Janeiro","item":"https:\/\/folhadoleste.com.br\/category\/estado-do-rio-de-janeiro\/"},{"@type":"ListItem","position":3,"name":"Demoli\u00e7\u00e3o do Elevado 31 de Mar\u00e7o inicia mudan\u00e7a no Centro do Rio"}]},{"@type":"WebSite","@id":"https:\/\/folhadoleste.com.br\/#website","url":"https:\/\/folhadoleste.com.br\/","name":"Folha do Leste","description":"Portal de Not\u00edcias com \u00eanfase em Niter\u00f3i, criando conte\u00fados desde a capital Rio de Janeiro, com olhar para o Leste Fluminense e suas cidades como S\u00e3o Gon\u00e7alo, Itabora\u00ed, Rio Bonito, Maric\u00e1, Saquarema e Araruama","publisher":{"@id":"https:\/\/folhadoleste.com.br\/#organization"},"alternateName":"FL","potentialAction":[{"@type":"SearchAction","target":{"@type":"EntryPoint","urlTemplate":"https:\/\/folhadoleste.com.br\/?s={search_term_string}"},"query-input":{"@type":"PropertyValueSpecification","valueRequired":true,"valueName":"search_term_string"}}],"inLanguage":"en-US"},{"@type":"Organization","@id":"https:\/\/folhadoleste.com.br\/#organization","name":"Brasil 21 Comunica\u00e7\u00e3o","alternateName":"BR21","url":"https:\/\/folhadoleste.com.br\/","logo":{"@type":"ImageObject","inLanguage":"en-US","@id":"https:\/\/folhadoleste.com.br\/#\/schema\/logo\/image\/","url":"https:\/\/folhadoleste.com.br\/wp-content\/uploads\/2025\/12\/brasil-21-logomarca.avif","contentUrl":"https:\/\/folhadoleste.com.br\/wp-content\/uploads\/2025\/12\/brasil-21-logomarca.avif","width":1044,"height":1044,"caption":"Brasil 21 Comunica\u00e7\u00e3o"},"image":{"@id":"https:\/\/folhadoleste.com.br\/#\/schema\/logo\/image\/"},"sameAs":["https:\/\/www.facebook.com\/folhadoleste","https:\/\/x.com\/FolhadoLesteRJ","https:\/\/www.instagram.com\/folhadoleste\/"]},{"@type":"Person","@id":"https:\/\/folhadoleste.com.br\/#\/schema\/person\/8f044b173ce73d5609095241ce6a7cf0","name":"Ana Carolina Motta","image":{"@type":"ImageObject","inLanguage":"en-US","@id":"https:\/\/folhadoleste.com.br\/wp-content\/litespeed\/avatar\/c745de34c0d1fca381be0dadb2a31ad0.jpg?ver=1777161218","url":"https:\/\/folhadoleste.com.br\/wp-content\/litespeed\/avatar\/c745de34c0d1fca381be0dadb2a31ad0.jpg?ver=1777161218","contentUrl":"https:\/\/folhadoleste.com.br\/wp-content\/litespeed\/avatar\/c745de34c0d1fca381be0dadb2a31ad0.jpg?ver=1777161218","caption":"Ana Carolina Motta"},"url":"https:\/\/folhadoleste.com.br\/en\/author\/ana-carolina\/"}]}},"_links":{"self":[{"href":"https:\/\/folhadoleste.com.br\/en\/wp-json\/wp\/v2\/posts\/101360","targetHints":{"allow":["GET"]}}],"collection":[{"href":"https:\/\/folhadoleste.com.br\/en\/wp-json\/wp\/v2\/posts"}],"about":[{"href":"https:\/\/folhadoleste.com.br\/en\/wp-json\/wp\/v2\/types\/post"}],"author":[{"embeddable":true,"href":"https:\/\/folhadoleste.com.br\/en\/wp-json\/wp\/v2\/users\/16"}],"replies":[{"embeddable":true,"href":"https:\/\/folhadoleste.com.br\/en\/wp-json\/wp\/v2\/comments?post=101360"}],"version-history":[{"count":1,"href":"https:\/\/folhadoleste.com.br\/en\/wp-json\/wp\/v2\/posts\/101360\/revisions"}],"predecessor-version":[{"id":101365,"href":"https:\/\/folhadoleste.com.br\/en\/wp-json\/wp\/v2\/posts\/101360\/revisions\/101365"}],"wp:featuredmedia":[{"embeddable":true,"href":"https:\/\/folhadoleste.com.br\/en\/wp-json\/wp\/v2\/media\/101362"}],"wp:attachment":[{"href":"https:\/\/folhadoleste.com.br\/en\/wp-json\/wp\/v2\/media?parent=101360"}],"wp:term":[{"taxonomy":"category","embeddable":true,"href":"https:\/\/folhadoleste.com.br\/en\/wp-json\/wp\/v2\/categories?post=101360"},{"taxonomy":"post_tag","embeddable":true,"href":"https:\/\/folhadoleste.com.br\/en\/wp-json\/wp\/v2\/tags?post=101360"}],"curies":[{"name":"wp","href":"https:\/\/api.w.org\/{rel}","templated":true}]}}