{"id":10093,"date":"2023-06-15T15:02:10","date_gmt":"2023-06-15T18:02:10","guid":{"rendered":"https:\/\/folhadoleste.com.br\/?p=10093"},"modified":"2023-06-15T15:02:10","modified_gmt":"2023-06-15T18:02:10","slug":"relatorio-sobre-indicacao-de-zanin-ao-stf-e-lido-no-senado","status":"publish","type":"post","link":"https:\/\/folhadoleste.com.br\/en\/relatorio-sobre-indicacao-de-zanin-ao-stf-e-lido-no-senado\/","title":{"rendered":"Relat\u00f3rio sobre indica\u00e7\u00e3o de Zanin ao STF \u00e9 lido no Senado"},"content":{"rendered":"<p>O advogado Cristiano Zanin Martins, indicado ao Supremo Tribunal Federal (STF) pelo presidente Luiz In\u00e1cio Lula da Silva, recebeu\u00a0parecer favor\u00e1vel na Comiss\u00e3o de Constitui\u00e7\u00e3o e Justi\u00e7a (CCJ) do Senado. \u00a0<img decoding=\"async\" src=\"https:\/\/agenciabrasil.ebc.com.br\/ebc.png?id=1538448&amp;o=node\" \/><img decoding=\"async\" src=\"https:\/\/agenciabrasil.ebc.com.br\/ebc.gif?id=1538448&amp;o=node\" \/><\/p>\n<p>O parecer foi lido nesta quinta-feira (15) na CCJ pelo relator, o senador Veneziano Vital do R\u00eago (MDB-PB). Em seguida, foi concedida\u00a0vista coletiva aos parlamentares. A sabatina est\u00e1 marcada para pr\u00f3xima quarta-feira (21).<\/p>\n<p>Se aprovada\u00a0na Comiss\u00e3o, a indica\u00e7\u00e3o de Zanin \u00e9 apreciada, em vota\u00e7\u00e3o secreta, pelo plen\u00e1rio do Senado. S\u00e3o necess\u00e1rios 41 dos 81 votos para que ele assuma a vaga deixada pelo ex-ministro do STF\u00a0Ricardo Lewandoviski.<\/p>\n<p>Em seu relat\u00f3rio, o senador Veneziano Vital do R\u00eago destacou a carreira de Cristiano Zanin na advocacia. \u201cA partir de sua g\u00eanese acad\u00eamica na Pontif\u00edcia Universidade Cat\u00f3lica de S\u00e3o Paulo [PUC-SP], onde se bacharelou no ano de 1999, determinou-se a consolidar sua voca\u00e7\u00e3o na advocacia, n\u00e3o sem antes ter experimentado, como estagi\u00e1rio do Minist\u00e9rio P\u00fablico Paulista e no Poder Judici\u00e1rio de S\u00e3o Paulo, viv\u00eancias que lhe imprimiram valiosas experi\u00eancias\u201d, afirmou.<\/p>\n<p>O parlamentar destacou os 25 anos da \u201csua decidida voca\u00e7\u00e3o e pendor pela milit\u00e2ncia advocat\u00edcia\u201d, tendo come\u00e7ado no escrit\u00f3rio Arruda Alvim &amp; Tereza Alvim Advocacia e Consultoria Jur\u00eddica, ainda em 1999. O indicado ainda trabalhou no escrit\u00f3rio Teixeira Martins Advogados (2004-2022) e, por fim, no escrit\u00f3rio Zanin Martins Advogados.<\/p>\n<p>Dos casos em que Zanin trabalhou, o relator destacou aqueles\u00a0envolvendo o direito empresarial, como no caso da fal\u00eancia da companhia a\u00e9rea TransBrasil, que encerrou as atividades em 2001. Citou ainda a atua\u00e7\u00e3o dele na recupera\u00e7\u00e3o judicial das Americanas S.A\u00a0e na representa\u00e7\u00e3o das empresas Helibr\u00e1s, Varig e Airbus. Zanin tamb\u00e9m representou o Grupo Santos Brasil na disputa no setor portu\u00e1rio brasileiro. O advogado atuou ainda\u00a0na defesa de \u00f3rg\u00e3os de m\u00eddia, como a R\u00e1dio e Televis\u00e3o Bandeirantes e a Editora 247.<\/p>\n<p>Veneziano lembrou a atua\u00e7\u00e3o de Zanin como co-coordenador jur\u00eddico na elei\u00e7\u00e3o presidencial de 2022 e perante o Comit\u00ea de Direitos Humanos da Organiza\u00e7\u00e3o das Na\u00e7\u00f5es Unidas (ONU). Para o relator, \u201cevidencia-se, portanto, a versatilidade e abrang\u00eancia nos diversos ramos do direito, o que permitiu ao indicado gozar do reconhecimento profissional tanto entre seus pares advogados, quanto entre membros do Poder Judici\u00e1rio e Minist\u00e9rio P\u00fablico\u201d, afirmou.<\/p>\n<p>Ainda segundo o parecer do relator, Zanin tamb\u00e9m se destacou no mundo acad\u00eamico. \u201cA despeito da s\u00f3lida e vigorosa atua\u00e7\u00e3o enquanto procurador \u00e0 frente de demandas em searas diversas do direito, Cristiano Zanin n\u00e3o secundarizou a elabora\u00e7\u00e3o cient\u00edfica, sendo autor de in\u00fameros estudos jur\u00eddicos que permeiam discuss\u00f5es nos ambientes forenses pela marca das densas abordagens propostas\u201d.<\/p>\n<p>Cristiano Zanin Martins \u00e9 professor de direito civil e direito processual civil e lecionou na Faculdade Aut\u00f4noma de Direito de S\u00e3o Paulo (FADISP).<\/p>\n<p>Ele foi o advogado respons\u00e1vel pela defesa do presidente Lula durante a Opera\u00e7\u00e3o Lava Jato, quando ganhou notoriedade nacional e internacional.\u00a0Foi a partir de um processo liderado\u00a0por Zanin que a Comiss\u00e3o de Direitos Humanos da ONU\u00a0reconheceu que a pris\u00e3o de Lula, em 2018, violou o devido processo legal. Por isso, o \u00f3rg\u00e3o concluiu que a proibi\u00e7\u00e3o de Lula participar da elei\u00e7\u00e3o daquele ano violou os direitos pol\u00edticos do atual presidente.<\/p>\n<p>&nbsp;<\/p>\n<p>&nbsp;<\/p>\n<p>&nbsp;<\/p>\n<p>&nbsp;<\/p>\n<p>&nbsp;<\/p>\n<p><em>Fonte: Ag\u00eancia Brasil<\/em><\/p>\n","protected":false},"excerpt":{"rendered":"<p>O advogado Cristiano Zanin Martins, indicado ao Supremo Tribunal Federal (STF) pelo presidente Luiz In\u00e1cio Lula da Silva, recebeu\u00a0parecer favor\u00e1vel na Comiss\u00e3o de Constitui\u00e7\u00e3o e Justi\u00e7a (CCJ) do Senado. \u00a0 O parecer foi lido nesta quinta-feira (15) na CCJ pelo relator, o senador Veneziano Vital do R\u00eago (MDB-PB). Em seguida, foi concedida\u00a0vista coletiva aos parlamentares. A sabatina est\u00e1 marcada para pr\u00f3xima quarta-feira (21). Se aprovada\u00a0na Comiss\u00e3o, a indica\u00e7\u00e3o de Zanin \u00e9 apreciada, em vota\u00e7\u00e3o secreta, pelo plen\u00e1rio do Senado. S\u00e3o necess\u00e1rios 41 dos 81 votos para que ele assuma a vaga deixada pelo ex-ministro do STF\u00a0Ricardo Lewandoviski. Em seu relat\u00f3rio, [&hellip;]<\/p>\n","protected":false},"author":4,"featured_media":10094,"comment_status":"open","ping_status":"open","sticky":false,"template":"","format":"standard","meta":{"footnotes":""},"categories":[115],"tags":[3326,4568,6482,6481,116,323,318],"class_list":["post-10093","post","type-post","status-publish","format-standard","has-post-thumbnail","hentry","category-politica","tag-ccj","tag-cristiano-zanin","tag-indicacao","tag-parecer","tag-politica","tag-senado","tag-stf","post--single"],"yoast_head":"<!-- This site is optimized with the Yoast SEO plugin v27.4 - https:\/\/yoast.com\/product\/yoast-seo-wordpress\/ -->\n<title>Relat\u00f3rio sobre indica\u00e7\u00e3o de Zanin ao STF \u00e9 lido no Senado &#8226; Folha do Leste<\/title>\n<meta name=\"description\" content=\"O advogado Cristiano Zanin Martins, indicado ao Supremo Tribunal Federal (STF) pelo presidente Luiz In\u00e1cio Lula da Silva...\" \/>\n<meta name=\"robots\" content=\"index, follow, max-snippet:-1, max-image-preview:large, max-video-preview:-1\" \/>\n<link rel=\"canonical\" href=\"https:\/\/folhadoleste.com.br\/en\/relatorio-sobre-indicacao-de-zanin-ao-stf-e-lido-no-senado\/\" \/>\n<meta property=\"og:locale\" content=\"en_US\" \/>\n<meta property=\"og:type\" content=\"article\" \/>\n<meta property=\"og:title\" content=\"Relat\u00f3rio sobre indica\u00e7\u00e3o de Zanin ao STF \u00e9 lido no Senado\" \/>\n<meta property=\"og:description\" content=\"Clique e saiba mais...\" \/>\n<meta property=\"og:url\" content=\"https:\/\/folhadoleste.com.br\/en\/relatorio-sobre-indicacao-de-zanin-ao-stf-e-lido-no-senado\/\" \/>\n<meta property=\"og:site_name\" content=\"Folha do Leste\" \/>\n<meta property=\"article:publisher\" content=\"https:\/\/www.facebook.com\/folhadoleste\" \/>\n<meta property=\"article:published_time\" content=\"2023-06-15T18:02:10+00:00\" \/>\n<meta property=\"og:image\" content=\"https:\/\/folhadoleste.com.br\/wp-content\/uploads\/2023\/06\/Relatorio-sobre-indicacao-de-Zanin-ao-STF-e-lido-no-Senado-Lula-Marques-Agencia-Brasil.jpg\" \/>\n\t<meta property=\"og:image:width\" content=\"1170\" \/>\n\t<meta property=\"og:image:height\" content=\"700\" \/>\n\t<meta property=\"og:image:type\" content=\"image\/jpeg\" \/>\n<meta name=\"author\" content=\"Folha do Leste\" \/>\n<meta name=\"twitter:card\" content=\"summary_large_image\" \/>\n<meta name=\"twitter:title\" content=\"Relat\u00f3rio sobre indica\u00e7\u00e3o de Zanin ao STF \u00e9 lido no Senado\" \/>\n<meta name=\"twitter:description\" content=\"Clique e saiba mais...\" \/>\n<meta name=\"twitter:image\" content=\"https:\/\/folhadoleste.com.br\/wp-content\/uploads\/2023\/06\/Relatorio-sobre-indicacao-de-Zanin-ao-STF-e-lido-no-Senado-Lula-Marques-Agencia-Brasil.jpg\" \/>\n<meta name=\"twitter:creator\" content=\"@FolhadoLesteRJ\" \/>\n<meta name=\"twitter:site\" content=\"@FolhadoLesteRJ\" \/>\n<meta name=\"twitter:label1\" content=\"Written by\" \/>\n\t<meta name=\"twitter:data1\" content=\"Folha do Leste\" \/>\n\t<meta name=\"twitter:label2\" content=\"Est. reading time\" \/>\n\t<meta name=\"twitter:data2\" content=\"4 minutes\" \/>\n<script type=\"application\/ld+json\" class=\"yoast-schema-graph\">{\"@context\":\"https:\\\/\\\/schema.org\",\"@graph\":[{\"@type\":\"NewsArticle\",\"@id\":\"https:\\\/\\\/folhadoleste.com.br\\\/relatorio-sobre-indicacao-de-zanin-ao-stf-e-lido-no-senado\\\/#article\",\"isPartOf\":{\"@id\":\"https:\\\/\\\/folhadoleste.com.br\\\/relatorio-sobre-indicacao-de-zanin-ao-stf-e-lido-no-senado\\\/\"},\"author\":{\"name\":\"Folha do Leste\",\"@id\":\"https:\\\/\\\/folhadoleste.com.br\\\/#\\\/schema\\\/person\\\/3e97145b2e1861276e84471aa85a3899\"},\"headline\":\"Relat\u00f3rio sobre indica\u00e7\u00e3o de Zanin ao STF \u00e9 lido no Senado\",\"datePublished\":\"2023-06-15T18:02:10+00:00\",\"mainEntityOfPage\":{\"@id\":\"https:\\\/\\\/folhadoleste.com.br\\\/relatorio-sobre-indicacao-de-zanin-ao-stf-e-lido-no-senado\\\/\"},\"wordCount\":604,\"commentCount\":0,\"publisher\":{\"@id\":\"https:\\\/\\\/folhadoleste.com.br\\\/#organization\"},\"image\":{\"@id\":\"https:\\\/\\\/folhadoleste.com.br\\\/relatorio-sobre-indicacao-de-zanin-ao-stf-e-lido-no-senado\\\/#primaryimage\"},\"thumbnailUrl\":\"https:\\\/\\\/folhadoleste.com.br\\\/wp-content\\\/uploads\\\/2023\\\/06\\\/Relatorio-sobre-indicacao-de-Zanin-ao-STF-e-lido-no-Senado-Lula-Marques-Agencia-Brasil.jpg\",\"keywords\":[\"CCJ\",\"Cristiano Zanin\",\"Indica\u00e7\u00e3o\",\"Parecer\",\"pol\u00edtica\",\"Senado\",\"STF\"],\"articleSection\":[\"Pol\u00edtica\"],\"inLanguage\":\"en-US\",\"potentialAction\":[{\"@type\":\"CommentAction\",\"name\":\"Comment\",\"target\":[\"https:\\\/\\\/folhadoleste.com.br\\\/relatorio-sobre-indicacao-de-zanin-ao-stf-e-lido-no-senado\\\/#respond\"]}]},{\"@type\":\"WebPage\",\"@id\":\"https:\\\/\\\/folhadoleste.com.br\\\/relatorio-sobre-indicacao-de-zanin-ao-stf-e-lido-no-senado\\\/\",\"url\":\"https:\\\/\\\/folhadoleste.com.br\\\/relatorio-sobre-indicacao-de-zanin-ao-stf-e-lido-no-senado\\\/\",\"name\":\"Relat\u00f3rio sobre indica\u00e7\u00e3o de Zanin ao STF \u00e9 lido no Senado &#8226; Folha do Leste\",\"isPartOf\":{\"@id\":\"https:\\\/\\\/folhadoleste.com.br\\\/#website\"},\"primaryImageOfPage\":{\"@id\":\"https:\\\/\\\/folhadoleste.com.br\\\/relatorio-sobre-indicacao-de-zanin-ao-stf-e-lido-no-senado\\\/#primaryimage\"},\"image\":{\"@id\":\"https:\\\/\\\/folhadoleste.com.br\\\/relatorio-sobre-indicacao-de-zanin-ao-stf-e-lido-no-senado\\\/#primaryimage\"},\"thumbnailUrl\":\"https:\\\/\\\/folhadoleste.com.br\\\/wp-content\\\/uploads\\\/2023\\\/06\\\/Relatorio-sobre-indicacao-de-Zanin-ao-STF-e-lido-no-Senado-Lula-Marques-Agencia-Brasil.jpg\",\"datePublished\":\"2023-06-15T18:02:10+00:00\",\"description\":\"O advogado Cristiano Zanin Martins, indicado ao Supremo Tribunal Federal (STF) pelo presidente Luiz In\u00e1cio Lula da Silva...\",\"breadcrumb\":{\"@id\":\"https:\\\/\\\/folhadoleste.com.br\\\/relatorio-sobre-indicacao-de-zanin-ao-stf-e-lido-no-senado\\\/#breadcrumb\"},\"inLanguage\":\"en-US\",\"potentialAction\":[{\"@type\":\"ReadAction\",\"target\":[\"https:\\\/\\\/folhadoleste.com.br\\\/relatorio-sobre-indicacao-de-zanin-ao-stf-e-lido-no-senado\\\/\"]}]},{\"@type\":\"ImageObject\",\"inLanguage\":\"en-US\",\"@id\":\"https:\\\/\\\/folhadoleste.com.br\\\/relatorio-sobre-indicacao-de-zanin-ao-stf-e-lido-no-senado\\\/#primaryimage\",\"url\":\"https:\\\/\\\/folhadoleste.com.br\\\/wp-content\\\/uploads\\\/2023\\\/06\\\/Relatorio-sobre-indicacao-de-Zanin-ao-STF-e-lido-no-Senado-Lula-Marques-Agencia-Brasil.jpg\",\"contentUrl\":\"https:\\\/\\\/folhadoleste.com.br\\\/wp-content\\\/uploads\\\/2023\\\/06\\\/Relatorio-sobre-indicacao-de-Zanin-ao-STF-e-lido-no-Senado-Lula-Marques-Agencia-Brasil.jpg\",\"width\":1170,\"height\":700,\"caption\":\"Bras\u00edlia (DF) 15\\\/06\\\/2023 Senador Veneziano Vital do R\u00eago, entrega seu relat\u00f3rio sobre a indica\u00e7\u00e3o do advogado Cristiano Zanin para o cargo de ministro STF ao Pres. da CCJ senador, Davi Alcolumbre. Foto Lula Marques\\\/ Ag\u00eancia Brasil.\"},{\"@type\":\"BreadcrumbList\",\"@id\":\"https:\\\/\\\/folhadoleste.com.br\\\/relatorio-sobre-indicacao-de-zanin-ao-stf-e-lido-no-senado\\\/#breadcrumb\",\"itemListElement\":[{\"@type\":\"ListItem\",\"position\":1,\"name\":\"In\u00edcio\",\"item\":\"https:\\\/\\\/folhadoleste.com.br\\\/\"},{\"@type\":\"ListItem\",\"position\":2,\"name\":\"Brasil\",\"item\":\"https:\\\/\\\/folhadoleste.com.br\\\/category\\\/brasil\\\/\"},{\"@type\":\"ListItem\",\"position\":3,\"name\":\"Pol\u00edtica\",\"item\":\"https:\\\/\\\/folhadoleste.com.br\\\/category\\\/brasil\\\/politica\\\/\"},{\"@type\":\"ListItem\",\"position\":4,\"name\":\"Relat\u00f3rio sobre indica\u00e7\u00e3o de Zanin ao STF \u00e9 lido no Senado\"}]},{\"@type\":\"WebSite\",\"@id\":\"https:\\\/\\\/folhadoleste.com.br\\\/#website\",\"url\":\"https:\\\/\\\/folhadoleste.com.br\\\/\",\"name\":\"Folha do Leste\",\"description\":\"Portal de Not\u00edcias com \u00eanfase em Niter\u00f3i, criando conte\u00fados desde a capital Rio de Janeiro, com olhar para o Leste Fluminense e suas cidades como S\u00e3o Gon\u00e7alo, Itabora\u00ed, Rio Bonito, Maric\u00e1, Saquarema e Araruama\",\"publisher\":{\"@id\":\"https:\\\/\\\/folhadoleste.com.br\\\/#organization\"},\"alternateName\":\"FL\",\"potentialAction\":[{\"@type\":\"SearchAction\",\"target\":{\"@type\":\"EntryPoint\",\"urlTemplate\":\"https:\\\/\\\/folhadoleste.com.br\\\/?s={search_term_string}\"},\"query-input\":{\"@type\":\"PropertyValueSpecification\",\"valueRequired\":true,\"valueName\":\"search_term_string\"}}],\"inLanguage\":\"en-US\"},{\"@type\":\"Organization\",\"@id\":\"https:\\\/\\\/folhadoleste.com.br\\\/#organization\",\"name\":\"Brasil 21 Comunica\u00e7\u00e3o\",\"alternateName\":\"BR21\",\"url\":\"https:\\\/\\\/folhadoleste.com.br\\\/\",\"logo\":{\"@type\":\"ImageObject\",\"inLanguage\":\"en-US\",\"@id\":\"https:\\\/\\\/folhadoleste.com.br\\\/#\\\/schema\\\/logo\\\/image\\\/\",\"url\":\"https:\\\/\\\/folhadoleste.com.br\\\/wp-content\\\/uploads\\\/2025\\\/12\\\/brasil-21-logomarca.avif\",\"contentUrl\":\"https:\\\/\\\/folhadoleste.com.br\\\/wp-content\\\/uploads\\\/2025\\\/12\\\/brasil-21-logomarca.avif\",\"width\":1044,\"height\":1044,\"caption\":\"Brasil 21 Comunica\u00e7\u00e3o\"},\"image\":{\"@id\":\"https:\\\/\\\/folhadoleste.com.br\\\/#\\\/schema\\\/logo\\\/image\\\/\"},\"sameAs\":[\"https:\\\/\\\/www.facebook.com\\\/folhadoleste\",\"https:\\\/\\\/x.com\\\/FolhadoLesteRJ\",\"https:\\\/\\\/www.instagram.com\\\/folhadoleste\\\/\"]},{\"@type\":\"Person\",\"@id\":\"https:\\\/\\\/folhadoleste.com.br\\\/#\\\/schema\\\/person\\\/3e97145b2e1861276e84471aa85a3899\",\"name\":\"Folha do Leste\",\"image\":{\"@type\":\"ImageObject\",\"inLanguage\":\"en-US\",\"@id\":\"https:\\\/\\\/folhadoleste.com.br\\\/wp-content\\\/litespeed\\\/avatar\\\/1ca8c218432e7045e748610eb3db0259.jpg?ver=1777161142\",\"url\":\"https:\\\/\\\/folhadoleste.com.br\\\/wp-content\\\/litespeed\\\/avatar\\\/1ca8c218432e7045e748610eb3db0259.jpg?ver=1777161142\",\"contentUrl\":\"https:\\\/\\\/folhadoleste.com.br\\\/wp-content\\\/litespeed\\\/avatar\\\/1ca8c218432e7045e748610eb3db0259.jpg?ver=1777161142\",\"caption\":\"Folha do Leste\"},\"url\":\"https:\\\/\\\/folhadoleste.com.br\\\/en\\\/author\\\/reportagem-01\\\/\"}]}<\/script>\n<!-- \/ Yoast SEO plugin. -->","yoast_head_json":{"title":"Relat\u00f3rio sobre indica\u00e7\u00e3o de Zanin ao STF \u00e9 lido no Senado &#8226; Folha do Leste","description":"O advogado Cristiano Zanin Martins, indicado ao Supremo Tribunal Federal (STF) pelo presidente Luiz In\u00e1cio Lula da Silva...","robots":{"index":"index","follow":"follow","max-snippet":"max-snippet:-1","max-image-preview":"max-image-preview:large","max-video-preview":"max-video-preview:-1"},"canonical":"https:\/\/folhadoleste.com.br\/en\/relatorio-sobre-indicacao-de-zanin-ao-stf-e-lido-no-senado\/","og_locale":"en_US","og_type":"article","og_title":"Relat\u00f3rio sobre indica\u00e7\u00e3o de Zanin ao STF \u00e9 lido no Senado","og_description":"Clique e saiba mais...","og_url":"https:\/\/folhadoleste.com.br\/en\/relatorio-sobre-indicacao-de-zanin-ao-stf-e-lido-no-senado\/","og_site_name":"Folha do Leste","article_publisher":"https:\/\/www.facebook.com\/folhadoleste","article_published_time":"2023-06-15T18:02:10+00:00","og_image":[{"width":1170,"height":700,"url":"https:\/\/folhadoleste.com.br\/wp-content\/uploads\/2023\/06\/Relatorio-sobre-indicacao-de-Zanin-ao-STF-e-lido-no-Senado-Lula-Marques-Agencia-Brasil.jpg","type":"image\/jpeg"}],"author":"Folha do Leste","twitter_card":"summary_large_image","twitter_title":"Relat\u00f3rio sobre indica\u00e7\u00e3o de Zanin ao STF \u00e9 lido no Senado","twitter_description":"Clique e saiba mais...","twitter_image":"https:\/\/folhadoleste.com.br\/wp-content\/uploads\/2023\/06\/Relatorio-sobre-indicacao-de-Zanin-ao-STF-e-lido-no-Senado-Lula-Marques-Agencia-Brasil.jpg","twitter_creator":"@FolhadoLesteRJ","twitter_site":"@FolhadoLesteRJ","twitter_misc":{"Written by":"Folha do Leste","Est. reading time":"4 minutes"},"schema":{"@context":"https:\/\/schema.org","@graph":[{"@type":"NewsArticle","@id":"https:\/\/folhadoleste.com.br\/relatorio-sobre-indicacao-de-zanin-ao-stf-e-lido-no-senado\/#article","isPartOf":{"@id":"https:\/\/folhadoleste.com.br\/relatorio-sobre-indicacao-de-zanin-ao-stf-e-lido-no-senado\/"},"author":{"name":"Folha do Leste","@id":"https:\/\/folhadoleste.com.br\/#\/schema\/person\/3e97145b2e1861276e84471aa85a3899"},"headline":"Relat\u00f3rio sobre indica\u00e7\u00e3o de Zanin ao STF \u00e9 lido no Senado","datePublished":"2023-06-15T18:02:10+00:00","mainEntityOfPage":{"@id":"https:\/\/folhadoleste.com.br\/relatorio-sobre-indicacao-de-zanin-ao-stf-e-lido-no-senado\/"},"wordCount":604,"commentCount":0,"publisher":{"@id":"https:\/\/folhadoleste.com.br\/#organization"},"image":{"@id":"https:\/\/folhadoleste.com.br\/relatorio-sobre-indicacao-de-zanin-ao-stf-e-lido-no-senado\/#primaryimage"},"thumbnailUrl":"https:\/\/folhadoleste.com.br\/wp-content\/uploads\/2023\/06\/Relatorio-sobre-indicacao-de-Zanin-ao-STF-e-lido-no-Senado-Lula-Marques-Agencia-Brasil.jpg","keywords":["CCJ","Cristiano Zanin","Indica\u00e7\u00e3o","Parecer","pol\u00edtica","Senado","STF"],"articleSection":["Pol\u00edtica"],"inLanguage":"en-US","potentialAction":[{"@type":"CommentAction","name":"Comment","target":["https:\/\/folhadoleste.com.br\/relatorio-sobre-indicacao-de-zanin-ao-stf-e-lido-no-senado\/#respond"]}]},{"@type":"WebPage","@id":"https:\/\/folhadoleste.com.br\/relatorio-sobre-indicacao-de-zanin-ao-stf-e-lido-no-senado\/","url":"https:\/\/folhadoleste.com.br\/relatorio-sobre-indicacao-de-zanin-ao-stf-e-lido-no-senado\/","name":"Relat\u00f3rio sobre indica\u00e7\u00e3o de Zanin ao STF \u00e9 lido no Senado &#8226; Folha do Leste","isPartOf":{"@id":"https:\/\/folhadoleste.com.br\/#website"},"primaryImageOfPage":{"@id":"https:\/\/folhadoleste.com.br\/relatorio-sobre-indicacao-de-zanin-ao-stf-e-lido-no-senado\/#primaryimage"},"image":{"@id":"https:\/\/folhadoleste.com.br\/relatorio-sobre-indicacao-de-zanin-ao-stf-e-lido-no-senado\/#primaryimage"},"thumbnailUrl":"https:\/\/folhadoleste.com.br\/wp-content\/uploads\/2023\/06\/Relatorio-sobre-indicacao-de-Zanin-ao-STF-e-lido-no-Senado-Lula-Marques-Agencia-Brasil.jpg","datePublished":"2023-06-15T18:02:10+00:00","description":"O advogado Cristiano Zanin Martins, indicado ao Supremo Tribunal Federal (STF) pelo presidente Luiz In\u00e1cio Lula da Silva...","breadcrumb":{"@id":"https:\/\/folhadoleste.com.br\/relatorio-sobre-indicacao-de-zanin-ao-stf-e-lido-no-senado\/#breadcrumb"},"inLanguage":"en-US","potentialAction":[{"@type":"ReadAction","target":["https:\/\/folhadoleste.com.br\/relatorio-sobre-indicacao-de-zanin-ao-stf-e-lido-no-senado\/"]}]},{"@type":"ImageObject","inLanguage":"en-US","@id":"https:\/\/folhadoleste.com.br\/relatorio-sobre-indicacao-de-zanin-ao-stf-e-lido-no-senado\/#primaryimage","url":"https:\/\/folhadoleste.com.br\/wp-content\/uploads\/2023\/06\/Relatorio-sobre-indicacao-de-Zanin-ao-STF-e-lido-no-Senado-Lula-Marques-Agencia-Brasil.jpg","contentUrl":"https:\/\/folhadoleste.com.br\/wp-content\/uploads\/2023\/06\/Relatorio-sobre-indicacao-de-Zanin-ao-STF-e-lido-no-Senado-Lula-Marques-Agencia-Brasil.jpg","width":1170,"height":700,"caption":"Bras\u00edlia (DF) 15\/06\/2023 Senador Veneziano Vital do R\u00eago, entrega seu relat\u00f3rio sobre a indica\u00e7\u00e3o do advogado Cristiano Zanin para o cargo de ministro STF ao Pres. da CCJ senador, Davi Alcolumbre. Foto Lula Marques\/ Ag\u00eancia Brasil."},{"@type":"BreadcrumbList","@id":"https:\/\/folhadoleste.com.br\/relatorio-sobre-indicacao-de-zanin-ao-stf-e-lido-no-senado\/#breadcrumb","itemListElement":[{"@type":"ListItem","position":1,"name":"In\u00edcio","item":"https:\/\/folhadoleste.com.br\/"},{"@type":"ListItem","position":2,"name":"Brasil","item":"https:\/\/folhadoleste.com.br\/category\/brasil\/"},{"@type":"ListItem","position":3,"name":"Pol\u00edtica","item":"https:\/\/folhadoleste.com.br\/category\/brasil\/politica\/"},{"@type":"ListItem","position":4,"name":"Relat\u00f3rio sobre indica\u00e7\u00e3o de Zanin ao STF \u00e9 lido no Senado"}]},{"@type":"WebSite","@id":"https:\/\/folhadoleste.com.br\/#website","url":"https:\/\/folhadoleste.com.br\/","name":"Folha do Leste","description":"Portal de Not\u00edcias com \u00eanfase em Niter\u00f3i, criando conte\u00fados desde a capital Rio de Janeiro, com olhar para o Leste Fluminense e suas cidades como S\u00e3o Gon\u00e7alo, Itabora\u00ed, Rio Bonito, Maric\u00e1, Saquarema e Araruama","publisher":{"@id":"https:\/\/folhadoleste.com.br\/#organization"},"alternateName":"FL","potentialAction":[{"@type":"SearchAction","target":{"@type":"EntryPoint","urlTemplate":"https:\/\/folhadoleste.com.br\/?s={search_term_string}"},"query-input":{"@type":"PropertyValueSpecification","valueRequired":true,"valueName":"search_term_string"}}],"inLanguage":"en-US"},{"@type":"Organization","@id":"https:\/\/folhadoleste.com.br\/#organization","name":"Brasil 21 Comunica\u00e7\u00e3o","alternateName":"BR21","url":"https:\/\/folhadoleste.com.br\/","logo":{"@type":"ImageObject","inLanguage":"en-US","@id":"https:\/\/folhadoleste.com.br\/#\/schema\/logo\/image\/","url":"https:\/\/folhadoleste.com.br\/wp-content\/uploads\/2025\/12\/brasil-21-logomarca.avif","contentUrl":"https:\/\/folhadoleste.com.br\/wp-content\/uploads\/2025\/12\/brasil-21-logomarca.avif","width":1044,"height":1044,"caption":"Brasil 21 Comunica\u00e7\u00e3o"},"image":{"@id":"https:\/\/folhadoleste.com.br\/#\/schema\/logo\/image\/"},"sameAs":["https:\/\/www.facebook.com\/folhadoleste","https:\/\/x.com\/FolhadoLesteRJ","https:\/\/www.instagram.com\/folhadoleste\/"]},{"@type":"Person","@id":"https:\/\/folhadoleste.com.br\/#\/schema\/person\/3e97145b2e1861276e84471aa85a3899","name":"Folha do Leste","image":{"@type":"ImageObject","inLanguage":"en-US","@id":"https:\/\/folhadoleste.com.br\/wp-content\/litespeed\/avatar\/1ca8c218432e7045e748610eb3db0259.jpg?ver=1777161142","url":"https:\/\/folhadoleste.com.br\/wp-content\/litespeed\/avatar\/1ca8c218432e7045e748610eb3db0259.jpg?ver=1777161142","contentUrl":"https:\/\/folhadoleste.com.br\/wp-content\/litespeed\/avatar\/1ca8c218432e7045e748610eb3db0259.jpg?ver=1777161142","caption":"Folha do Leste"},"url":"https:\/\/folhadoleste.com.br\/en\/author\/reportagem-01\/"}]}},"_links":{"self":[{"href":"https:\/\/folhadoleste.com.br\/en\/wp-json\/wp\/v2\/posts\/10093","targetHints":{"allow":["GET"]}}],"collection":[{"href":"https:\/\/folhadoleste.com.br\/en\/wp-json\/wp\/v2\/posts"}],"about":[{"href":"https:\/\/folhadoleste.com.br\/en\/wp-json\/wp\/v2\/types\/post"}],"author":[{"embeddable":true,"href":"https:\/\/folhadoleste.com.br\/en\/wp-json\/wp\/v2\/users\/4"}],"replies":[{"embeddable":true,"href":"https:\/\/folhadoleste.com.br\/en\/wp-json\/wp\/v2\/comments?post=10093"}],"version-history":[{"count":1,"href":"https:\/\/folhadoleste.com.br\/en\/wp-json\/wp\/v2\/posts\/10093\/revisions"}],"predecessor-version":[{"id":10095,"href":"https:\/\/folhadoleste.com.br\/en\/wp-json\/wp\/v2\/posts\/10093\/revisions\/10095"}],"wp:featuredmedia":[{"embeddable":true,"href":"https:\/\/folhadoleste.com.br\/en\/wp-json\/wp\/v2\/media\/10094"}],"wp:attachment":[{"href":"https:\/\/folhadoleste.com.br\/en\/wp-json\/wp\/v2\/media?parent=10093"}],"wp:term":[{"taxonomy":"category","embeddable":true,"href":"https:\/\/folhadoleste.com.br\/en\/wp-json\/wp\/v2\/categories?post=10093"},{"taxonomy":"post_tag","embeddable":true,"href":"https:\/\/folhadoleste.com.br\/en\/wp-json\/wp\/v2\/tags?post=10093"}],"curies":[{"name":"wp","href":"https:\/\/api.w.org\/{rel}","templated":true}]}}