{"id":100130,"date":"2024-12-03T12:16:36","date_gmt":"2024-12-03T15:16:36","guid":{"rendered":"https:\/\/folhadoleste.com.br\/?p=100130"},"modified":"2024-12-03T12:16:36","modified_gmt":"2024-12-03T15:16:36","slug":"dia-internacional-da-pessoa-com-deficiencia-e-comemorado-com-acoes-e-debates-pelo-brasil","status":"publish","type":"post","link":"https:\/\/folhadoleste.com.br\/en\/dia-internacional-da-pessoa-com-deficiencia-e-comemorado-com-acoes-e-debates-pelo-brasil\/","title":{"rendered":"Dia Internacional da Pessoa com Defici\u00eancia \u00e9 comemorado com a\u00e7\u00f5es e debates\u00a0pelo\u00a0Brasil"},"content":{"rendered":"<div>\n<div id=\"attachment_100134\" style=\"width: 794px\" class=\"wp-caption aligncenter\"><img decoding=\"async\" aria-describedby=\"caption-attachment-100134\" class=\"size-full wp-image-100134\" src=\"https:\/\/folhadoleste.com.br\/wp-content\/uploads\/2024\/12\/Dia-Internacional-da-Pessoa-com-Deficiencia-e-comemorado-com-acoes-e-debates-pelo-Brasil-Foto-Reproducao-Internet.jpg\" alt=\"Dia Internacional da Pessoa com Defici\u00eancia \u00e9 comemorado com a\u00e7\u00f5es e debates\u00a0pelo\u00a0Brasil\" width=\"784\" height=\"448\" \/><p id=\"caption-attachment-100134\" class=\"wp-caption-text\">Teclado em\u00a0braile | Reprodu\u00e7\u00e3o<\/p><\/div>\n<\/div>\n<div style=\"text-align: justify;\">No dia 03 de dezembro celebra-se o Dia Internacional da Pessoa com Defici\u00eancia. Esta data foi estabelecida pela Assembleia Geral das Na\u00e7\u00f5es Unidas por meio da Resolu\u00e7\u00e3o 47\/3 no ano 1992 com vistas a promover os direitos e bem-estar e participa\u00e7\u00e3o desta popula\u00e7\u00e3o, na sociedade e a sua participa\u00e7\u00e3o em todos os \u00e2mbitos: social, cultural, econ\u00f3mico e pol\u00edtico (ONU, 2021). A data \u00e9 motivo de atividades, a\u00e7\u00f5es, debates e conscientiza\u00e7\u00e3o em todo o mundo.<\/div>\n<div><\/div>\n<div style=\"text-align: justify;\">Principalmente, em muitas institui\u00e7\u00f5es de ensino, acontecem diversas iniciativas educacionais inclusivas e sensoriais, com o objetivo de integrar a comunidade escolar, profissionais, PCD e institui\u00e7\u00f5es p\u00fablicas e governamentais, proporcionando experi\u00eancias imersivas de sensibiliza\u00e7\u00e3o. Essas a\u00e7\u00f5es s\u00e3o fundamentais e necess\u00e1rias para ampliar o valor da inclus\u00e3o social.<\/div>\n<div><\/div>\n<div>\n<h6 style=\"text-align: justify;\"><span style=\"color: #ff0000;\"><strong>+<\/strong><\/span> <span style=\"color: #000000;\">LEIA TAMB\u00c9M: <strong>\u25ba<\/strong><\/span><a href=\"https:\/\/folhadoleste.com.br\/en\/cavalo-tenta-dar-um-passeio-na-ponte-rio-niteroi\/\"><strong>Cavalo tenta dar um passeio na Ponte Rio-Niter\u00f3i<\/strong><\/a><\/h6>\n<\/div>\n<div style=\"text-align: justify;\">Nesta ter\u00e7a-feira (03), na Comiss\u00e3o de Administra\u00e7\u00e3o e Servi\u00e7o P\u00fablico da C\u00e2mara dos Deputados, em Bras\u00edlia, os parlamentares discutem os desafios e direitos das pessoas com defici\u00eancia no servi\u00e7o p\u00fablico.<\/div>\n<div><\/div>\n<div style=\"text-align: justify;\">O debate atende ao pedido da deputada S\u00e2mia Bomfim (Psol-SP) e ser\u00e1 realizado a partir das 16h30, no plen\u00e1rio 8. A audi\u00eancia ser\u00e1 interativa, confira a lista de convidados e mande suas perguntas, nos links do site da C\u00e2mara dos Deputados.<\/div>\n<div>\n<div id=\"attachment_100133\" style=\"width: 526px\" class=\"wp-caption aligncenter\"><img decoding=\"async\" aria-describedby=\"caption-attachment-100133\" class=\"size-full wp-image-100133\" src=\"https:\/\/folhadoleste.com.br\/wp-content\/uploads\/2024\/12\/Dia-Internacional-da-Pessoa-com-Deficiencia-e-comemorado-com-acoes-e-debates-pelo-Brasil-Foto-Reproducao.jpg\" alt=\"Dia Internacional da Pessoa com Defici\u00eancia \u00e9 comemorado com a\u00e7\u00f5es e debates\u00a0pelo\u00a0Brasil\" width=\"516\" height=\"481\" \/><p id=\"caption-attachment-100133\" class=\"wp-caption-text\">S\u00edmbolo da ONU representando o Dia Internacional da Pessoa com Defici\u00eancia<\/p><\/div>\n<\/div>\n<div style=\"text-align: justify;\">S\u00e2mia lembra que a audi\u00eancia acontece no Dia Internacional das Pessoas com Defici\u00eancia.<\/div>\n<div><\/div>\n<blockquote>\n<div style=\"text-align: justify;\">&#8220;Essa data n\u00e3o s\u00f3 simboliza a luta por igualdade, mas tamb\u00e9m destaca a import\u00e2ncia de se discutir publicamente as barreiras enfrentadas pelos servidores com defici\u00eancia.&#8221;<\/div>\n<\/blockquote>\n<div>\n<h5 style=\"text-align: center;\"><span style=\"color: #008080;\"><strong>+ <\/strong><strong><span style=\"color: #ff9900;\">MAIS NOT\u00cdCIAS DE Angel Cavalcanti?<\/span> CLIQUE AQUI<\/strong><\/span><\/h5>\n<\/div>\n<div style=\"text-align: justify;\">A deputada ressalta que o servi\u00e7o p\u00fablico precisa estar de acordo com a Lei Brasileira de Inclus\u00e3o, promovendo condi\u00e7\u00f5es de trabalho adequadas e respeitosas a todos os servidores.<\/div>\n<div><\/div>\n<blockquote>\n<div style=\"text-align: justify;\">&#8220;Atualmente, o processo de caracteriza\u00e7\u00e3o da defici\u00eancia no servi\u00e7o p\u00fablico nem sempre reflete as m\u00faltiplas dimens\u00f5es biopsicossociais das pessoas com defici\u00eancia&#8221;, lamenta S\u00e2mia.<\/div>\n<\/blockquote>\n<div style=\"text-align: justify;\">Em alguns munic\u00edpios do estado tamb\u00e9m acontecem atividades e eventos alusivos \u00e0 data:<\/div>\n<h4 style=\"text-align: justify;\">Cidade do Rio de Janeiro<\/h4>\n<div style=\"text-align: justify;\">A Prefeitura do Rio, por meio da Secretaria da Pessoa com Defici\u00eancia (SMPD), promove no pr\u00f3ximo dia 4 de dezembro, das 9 \u00e0s 13 horas, na sede da OAB, no Centro, um evento para as pessoas com defici\u00eancia, familiares e profissionais da sa\u00fade, educa\u00e7\u00e3o e assist\u00eancia social.<\/div>\n<div><\/div>\n<div>\n<h6 style=\"text-align: justify;\"><span style=\"color: #ff0000;\"><strong>+<\/strong><\/span> <span style=\"color: #000000;\">LEIA TAMB\u00c9M: <strong>\u25ba<\/strong><\/span><a href=\"https:\/\/folhadoleste.com.br\/en\/votacao-para-pec-da-educacao-inclusiva-acontecera-no-plenario-nacional\/\"><strong>Vota\u00e7\u00e3o para PEC da Educa\u00e7\u00e3o Inclusiva acontecer\u00e1 no Plen\u00e1rio\u00a0Nacional<\/strong><\/a><\/h6>\n<\/div>\n<div style=\"text-align: justify;\">As pessoas com defici\u00eancia e familiares compartilhar\u00e3o suas hist\u00f3rias, decis\u00f5es e a\u00e7\u00f5es para um futuro mais inclusivo e sustent\u00e1vel.<\/div>\n<div>\n<div id=\"attachment_100132\" style=\"width: 1090px\" class=\"wp-caption aligncenter\"><img decoding=\"async\" aria-describedby=\"caption-attachment-100132\" class=\"size-full wp-image-100132\" src=\"https:\/\/folhadoleste.com.br\/wp-content\/uploads\/2024\/12\/Dia-Internacional-da-Pessoa-com-Deficiencia-e-comemorado-com-acoes-e-debates-pelo-Brasil-2-Foto-Reproducao.jpg\" alt=\"Dia Internacional da Pessoa com Defici\u00eancia \u00e9 comemorado com a\u00e7\u00f5es e debates\u00a0pelo\u00a0Brasil\" width=\"1080\" height=\"1045\" \/><p id=\"caption-attachment-100132\" class=\"wp-caption-text\">S\u00edmbolos que representam as principais defici\u00eancias vis\u00edveis: defici\u00eancia f\u00edsica, defici\u00eancia visual, defici\u00eancia auditiva<\/p><\/div>\n<\/div>\n<div style=\"text-align: justify;\">O evento \u00e9 uma parceria entre a Secretaria Municipal da Pessoa com Defici\u00eancia (SMPD), Diretoria da Pessoa com Defici\u00eancia, Ordem dos Advogados do Brasil (OAB Rio) e a Escola Nacional Sergio Arouca \u2013 ENSP\/FioCruz.<\/div>\n<div><\/div>\n<div style=\"text-align: justify;\"><strong>Local:<\/strong> OAB \u2013 RJ \u2013 Marechal C\u00e2mara, 150 \u2013 Centro<\/div>\n<div style=\"text-align: justify;\"><strong>Data:<\/strong> 04\/12\/2024<\/div>\n<div style=\"text-align: justify;\"><strong>Hor\u00e1rio:<\/strong> das 09:00 \u00e0s 13:00<\/div>\n<div><\/div>\n<div style=\"text-align: justify;\">Os interessados devem se inscrever atrav\u00e9s de link no site da prefeitura.<\/div>\n<h4 style=\"text-align: justify;\">Cidade de S\u00e3o Gon\u00e7alo<\/h4>\n<div style=\"text-align: justify;\">A Secretaria de Assist\u00eancia Social da Prefeitura de S\u00e3o Gon\u00e7alo, atrav\u00e9s da Subsecretaria da Pessoa com Defici\u00eancia, vai realizar um evento com diversas atividades culturais e apresenta\u00e7\u00f5es, no Teatro Municipal, na ter\u00e7a-feira (03), a partir das 14h. Evento alusivo ao Dia Internacional da Pessoa com Defici\u00eancia.<\/div>\n<div><\/div>\n<div style=\"text-align: justify;\"><strong>Local:<\/strong> Rua Dr. Feliciano Sodr\u00e9, 100, Centro.<\/div>\n<div style=\"text-align: justify;\"><strong>Data<\/strong> : 03\/12\/2024<\/div>\n<div style=\"text-align: justify;\"><strong>Hor\u00e1rio:<\/strong> 14h &#8211; O evento \u00e9 aberto ao p\u00fablico com entrada franca.<\/div>\n<h4 style=\"text-align: justify;\">Cidade de Saquarema<\/h4>\n<div style=\"text-align: justify;\">A Secretaria Municipal de Educa\u00e7\u00e3o, Cultura, Inclus\u00e3o, Ci\u00eancia e Tecnologia, realizar\u00e1 a \u201cJornada de Inclus\u00e3o de Saquarema: Inclus\u00e3o com responsabilidade, \u00e9 poss\u00edvel\u201d.<\/div>\n<div><\/div>\n<div>\n<h5 style=\"text-align: center;\"><span style=\"color: #008080;\"><strong>+ <\/strong><strong><span style=\"color: #ff9900;\">MAIS NOT\u00cdCIAS DE Angel Cavalcanti?<\/span> CLIQUE AQUI<\/strong><\/span><\/h5>\n<\/div>\n<div style=\"text-align: justify;\">O evento ser\u00e1 aberto \u00e0 rede e \u00e0s fam\u00edlias saquaremenses e acontecer\u00e1 no Col\u00e9gio Municipal Gustavo Campos da Silveira, nos dias 03 e 04 de dezembro, das 08h \u00e0s 17h.<\/div>\n<div><\/div>\n<div style=\"text-align: justify;\">Executada pela Subsecretaria de Inclus\u00e3o Educacional, a Jornada de Inclus\u00e3o de Saquarema contar\u00e1 com palestras, stand com exposi\u00e7\u00e3o de materiais e relatos de experi\u00eancias das redes de Saquarema.<\/div>\n<div><\/div>\n<div style=\"text-align: justify;\"><strong>Data:<\/strong> 03 e 04 de dezembro\/2024<\/div>\n<div style=\"text-align: justify;\"><strong>Local:<\/strong> Col\u00e9gio Municipal Gustavo Campos da Silveira &#8211; Rua Cel. Jo\u00e3o Catarino, 1320, no Areal;<\/div>\n<div><\/div>\n<div>\n<h6 style=\"text-align: justify;\"><span style=\"color: #ff0000;\"><strong>+<\/strong><\/span> <span style=\"color: #000000;\">LEIA TAMB\u00c9M: <strong>\u25ba<\/strong><\/span><a href=\"https:\/\/folhadoleste.com.br\/en\/previsao-do-tempo-frente-fria-traz-pancadas-de-chuva-para-o-rio\/\"><strong>Previs\u00e3o do Tempo: Frente fria traz pancadas de chuva para o Rio<\/strong><\/a><\/h6>\n<\/div>\n<div style=\"text-align: justify;\">Mais informa\u00e7\u00f5es sobre a \u201cJornada de Inclus\u00e3o de Saquarema: Inclus\u00e3o com responsabilidade, \u00e9 poss\u00edvel\u201d nas redes sociais da Prefeitura.<\/div>\n<div><\/div>\n<div style=\"text-align: justify;\">As inscri\u00e7\u00f5es para participa\u00e7\u00e3o j\u00e1 se encontram abertas, s\u00e3o gratuitas e poder\u00e3o ser feitas atrav\u00e9s de link no site da Prefeitura.<\/div>\n<h4 style=\"text-align: justify;\">Programa\u00e7\u00e3o:<\/h4>\n<h5 style=\"text-align: justify;\">Dia 03<\/h5>\n<div style=\"text-align: justify;\"><strong>8h<\/strong> \u2013 Credenciamento<\/div>\n<div style=\"text-align: justify;\"><strong>9h<\/strong> \u2013 Mesa de Abertura<\/div>\n<div style=\"text-align: justify;\"><strong>9h30<\/strong> \u2013 Relatos \u2013 M\u00e3es at\u00edpicas<\/div>\n<div style=\"text-align: justify;\"><strong>10h<\/strong> \u2013 Palestra com M\u00e1rcia Pletsch<\/div>\n<div style=\"text-align: justify;\"><strong>12h<\/strong> \u2013 Intervalo<\/div>\n<div style=\"text-align: justify;\"><strong>14h<\/strong> \u2013 Palestra com Geisse Martins<\/div>\n<div style=\"text-align: justify;\"><strong>15h<\/strong> \u2013 Relatos de experi\u00eancias<\/div>\n<div style=\"text-align: justify;\"><strong>17h<\/strong> \u2013 Encerramento<\/div>\n<h5 style=\"text-align: justify;\">Dia 04<\/h5>\n<div style=\"text-align: justify;\"><strong>8h<\/strong> \u2013 Caf\u00e9 da manh\u00e3<\/div>\n<div style=\"text-align: justify;\"><strong>9h<\/strong> \u2013 Palestra com Carlos Henrique dos Anjos<\/div>\n<div style=\"text-align: justify;\"><strong>9h30<\/strong> \u2013 Relatos de experi\u00eancias<\/div>\n<div style=\"text-align: justify;\"><strong>12h<\/strong> \u2013 Intervalo<\/div>\n<div style=\"text-align: justify;\"><strong>14h<\/strong> \u2013 Relatos de experi\u00eancias<\/div>\n<div style=\"text-align: justify;\"><strong>16h30<\/strong> \u2013 Mesa com Diogo Almeida, Rosana Ribeiro e Priscila Martins<\/div>\n<div>\n<div id=\"attachment_77492\" class=\"wp-caption aligncenter\"><a href=\"http:\/\/instagram.com\/folhadoleste\"><img decoding=\"async\" class=\"wp-image-77492 size-full\" src=\"https:\/\/folhadoleste.com.br\/wp-content\/uploads\/2024\/07\/Instagram-Folha-do-Leste.png\" alt=\"http:\/\/instagram.com\/folhadoleste\" width=\"400\" height=\"200\" aria-describedby=\"caption-attachment-77492\" \/><\/a><\/div>\n<div id=\"attachment_77490\" class=\"wp-caption aligncenter\"><a href=\"http:\/\/facebook.com\/folhadoleste\"><img decoding=\"async\" class=\"size-medium wp-image-77490\" src=\"https:\/\/folhadoleste.com.br\/wp-content\/uploads\/2024\/07\/Facebook-Folha-do-Leste-10k-300x300.jpg\" alt=\"Curta e siga o Folha do Leste no Facebook!\" width=\"300\" height=\"300\" aria-describedby=\"caption-attachment-77490\" \/><\/a><\/div>\n<\/div>","protected":false},"excerpt":{"rendered":"<p>No dia 03 de dezembro celebra-se o Dia Internacional da Pessoa com Defici\u00eancia. Esta data foi estabelecida pela Assembleia Geral das Na\u00e7\u00f5es Unidas por meio da Resolu\u00e7\u00e3o 47\/3 no ano 1992 com vistas a promover os direitos e bem-estar e participa\u00e7\u00e3o desta popula\u00e7\u00e3o, na sociedade e a sua participa\u00e7\u00e3o em todos os \u00e2mbitos: social, cultural, econ\u00f3mico e pol\u00edtico (ONU, 2021). A data \u00e9 motivo de atividades, a\u00e7\u00f5es, debates e conscientiza\u00e7\u00e3o em todo o mundo. Principalmente, em muitas institui\u00e7\u00f5es de ensino, acontecem diversas iniciativas educacionais inclusivas e sensoriais, com o objetivo de integrar a comunidade escolar, profissionais, PCD e institui\u00e7\u00f5es p\u00fablicas [&hellip;]<\/p>\n","protected":false},"author":4,"featured_media":100134,"comment_status":"open","ping_status":"open","sticky":false,"template":"","format":"standard","meta":{"footnotes":""},"categories":[64,60,5487],"tags":[54976,6526,5595,41033,68,42763,2820,16451,13395,5228,54975,1758,1614,21097,180,13256,3818,4582,1869,597,2821,24786,19143,207],"class_list":["post-100130","post","type-post","status-publish","format-standard","has-post-thumbnail","hentry","category-brasil","category-colunistas","category-inclusao-e-noticia-angel-cavalcanti","tag-3-de-dezembro","tag-acessibilidade","tag-angel-cavalcanti","tag-barreiras","tag-brasil","tag-campanhas","tag-capacitismo","tag-colunista","tag-colunistas","tag-conscientizacao","tag-dia-internacional-da-pessoa-com-deficiencia","tag-direitos-humanos","tag-diversidade","tag-educacao-inclusiva","tag-eventos","tag-igualdade","tag-inclusao","tag-mobilidade","tag-onu","tag-pcd","tag-pessoas-com-deficiencia","tag-sociedade-inclusiva","tag-superacao","tag-trabalho","post--single"],"yoast_head":"<!-- This site is optimized with the Yoast SEO plugin v27.4 - https:\/\/yoast.com\/product\/yoast-seo-wordpress\/ -->\n<title>Dia Internacional da Pessoa com Defici\u00eancia \u00e9 comemorado com a\u00e7\u00f5es e debates\u00a0pelo\u00a0Brasil &#8226; Folha do Leste<\/title>\n<meta name=\"description\" content=\"Dia Internacional da Pessoa com Defici\u00eancia \u00e9 comemorado com a\u00e7\u00f5es e debates\u00a0pelo\u00a0Brasil. Debate interativo sobre inclus\u00e3o social...\" \/>\n<meta name=\"robots\" content=\"index, follow, max-snippet:-1, max-image-preview:large, max-video-preview:-1\" \/>\n<link rel=\"canonical\" href=\"https:\/\/folhadoleste.com.br\/en\/dia-internacional-da-pessoa-com-deficiencia-e-comemorado-com-acoes-e-debates-pelo-brasil\/\" \/>\n<meta property=\"og:locale\" content=\"en_US\" \/>\n<meta property=\"og:type\" content=\"article\" \/>\n<meta property=\"og:title\" content=\"Dia Internacional da Pessoa com Defici\u00eancia \u00e9 comemorado com a\u00e7\u00f5es e debates\u00a0pelo\u00a0Brasil &#8226; Folha do Leste\" \/>\n<meta property=\"og:description\" content=\"Inclus\u00e3o \u00e9 Not\u00edcia - Angel Cavalcanti &#8226; 3 de December de 2024 &#8226; Folha do Leste\" \/>\n<meta property=\"og:url\" content=\"https:\/\/folhadoleste.com.br\/en\/dia-internacional-da-pessoa-com-deficiencia-e-comemorado-com-acoes-e-debates-pelo-brasil\/\" \/>\n<meta property=\"og:site_name\" content=\"Folha do Leste\" \/>\n<meta property=\"article:publisher\" content=\"https:\/\/www.facebook.com\/folhadoleste\" \/>\n<meta property=\"article:published_time\" content=\"2024-12-03T15:16:36+00:00\" \/>\n<meta property=\"og:image\" content=\"https:\/\/folhadoleste.com.br\/wp-content\/uploads\/2024\/12\/Dia-Internacional-da-Pessoa-com-Deficiencia-e-comemorado-com-acoes-e-debates-pelo-Brasil-Foto-Reproducao-Internet.jpg\" \/>\n\t<meta property=\"og:image:width\" content=\"784\" \/>\n\t<meta property=\"og:image:height\" content=\"448\" \/>\n\t<meta property=\"og:image:type\" content=\"image\/jpeg\" \/>\n<meta name=\"author\" content=\"Folha do Leste\" \/>\n<meta name=\"twitter:card\" content=\"summary_large_image\" \/>\n<meta name=\"twitter:description\" content=\"Inclus\u00e3o \u00e9 Not\u00edcia - Angel Cavalcanti &#8226; 3 de December de 2024 &#8226; Folha do Leste\" \/>\n<meta name=\"twitter:creator\" content=\"@FolhadoLesteRJ\" \/>\n<meta name=\"twitter:site\" content=\"@FolhadoLesteRJ\" \/>\n<meta name=\"twitter:label1\" content=\"Written by\" \/>\n\t<meta name=\"twitter:data1\" content=\"Folha do Leste\" \/>\n\t<meta name=\"twitter:label2\" content=\"Est. reading time\" \/>\n\t<meta name=\"twitter:data2\" content=\"6 minutes\" \/>\n<script type=\"application\/ld+json\" class=\"yoast-schema-graph\">{\"@context\":\"https:\\\/\\\/schema.org\",\"@graph\":[{\"@type\":\"NewsArticle\",\"@id\":\"https:\\\/\\\/folhadoleste.com.br\\\/dia-internacional-da-pessoa-com-deficiencia-e-comemorado-com-acoes-e-debates-pelo-brasil\\\/#article\",\"isPartOf\":{\"@id\":\"https:\\\/\\\/folhadoleste.com.br\\\/dia-internacional-da-pessoa-com-deficiencia-e-comemorado-com-acoes-e-debates-pelo-brasil\\\/\"},\"author\":{\"name\":\"Folha do Leste\",\"@id\":\"https:\\\/\\\/folhadoleste.com.br\\\/#\\\/schema\\\/person\\\/3e97145b2e1861276e84471aa85a3899\"},\"headline\":\"Dia Internacional da Pessoa com Defici\u00eancia \u00e9 comemorado com a\u00e7\u00f5es e debates\u00a0pelo\u00a0Brasil\",\"datePublished\":\"2024-12-03T15:16:36+00:00\",\"mainEntityOfPage\":{\"@id\":\"https:\\\/\\\/folhadoleste.com.br\\\/dia-internacional-da-pessoa-com-deficiencia-e-comemorado-com-acoes-e-debates-pelo-brasil\\\/\"},\"wordCount\":920,\"commentCount\":0,\"publisher\":{\"@id\":\"https:\\\/\\\/folhadoleste.com.br\\\/#organization\"},\"image\":{\"@id\":\"https:\\\/\\\/folhadoleste.com.br\\\/dia-internacional-da-pessoa-com-deficiencia-e-comemorado-com-acoes-e-debates-pelo-brasil\\\/#primaryimage\"},\"thumbnailUrl\":\"https:\\\/\\\/folhadoleste.com.br\\\/wp-content\\\/uploads\\\/2024\\\/12\\\/Dia-Internacional-da-Pessoa-com-Deficiencia-e-comemorado-com-acoes-e-debates-pelo-Brasil-Foto-Reproducao-Internet.jpg\",\"keywords\":[\"3 de dezembro\",\"acessibilidade\",\"Angel Cavalcanti\",\"barreiras\",\"Brasil\",\"campanhas\",\"Capacitismo\",\"Colunista\",\"Colunistas\",\"Conscientiza\u00e7\u00e3o\",\"Dia Internacional da Pessoa com Defici\u00eancia\",\"Direitos Humanos\",\"diversidade\",\"Educa\u00e7\u00e3o Inclusiva\",\"eventos\",\"igualdade\",\"Inclus\u00e3o\",\"Mobilidade\",\"ONU\",\"pcd\",\"Pessoas com defici\u00eancia\",\"Sociedade Inclusiva\",\"Supera\u00e7\u00e3o\",\"trabalho\"],\"articleSection\":[\"Brasil\",\"Colunistas\",\"Inclus\u00e3o \u00e9 Not\u00edcia - Angel Cavalcanti\"],\"inLanguage\":\"en-US\",\"potentialAction\":[{\"@type\":\"CommentAction\",\"name\":\"Comment\",\"target\":[\"https:\\\/\\\/folhadoleste.com.br\\\/dia-internacional-da-pessoa-com-deficiencia-e-comemorado-com-acoes-e-debates-pelo-brasil\\\/#respond\"]}]},{\"@type\":\"WebPage\",\"@id\":\"https:\\\/\\\/folhadoleste.com.br\\\/dia-internacional-da-pessoa-com-deficiencia-e-comemorado-com-acoes-e-debates-pelo-brasil\\\/\",\"url\":\"https:\\\/\\\/folhadoleste.com.br\\\/dia-internacional-da-pessoa-com-deficiencia-e-comemorado-com-acoes-e-debates-pelo-brasil\\\/\",\"name\":\"Dia Internacional da Pessoa com Defici\u00eancia \u00e9 comemorado com a\u00e7\u00f5es e debates\u00a0pelo\u00a0Brasil &#8226; Folha do Leste\",\"isPartOf\":{\"@id\":\"https:\\\/\\\/folhadoleste.com.br\\\/#website\"},\"primaryImageOfPage\":{\"@id\":\"https:\\\/\\\/folhadoleste.com.br\\\/dia-internacional-da-pessoa-com-deficiencia-e-comemorado-com-acoes-e-debates-pelo-brasil\\\/#primaryimage\"},\"image\":{\"@id\":\"https:\\\/\\\/folhadoleste.com.br\\\/dia-internacional-da-pessoa-com-deficiencia-e-comemorado-com-acoes-e-debates-pelo-brasil\\\/#primaryimage\"},\"thumbnailUrl\":\"https:\\\/\\\/folhadoleste.com.br\\\/wp-content\\\/uploads\\\/2024\\\/12\\\/Dia-Internacional-da-Pessoa-com-Deficiencia-e-comemorado-com-acoes-e-debates-pelo-Brasil-Foto-Reproducao-Internet.jpg\",\"datePublished\":\"2024-12-03T15:16:36+00:00\",\"description\":\"Dia Internacional da Pessoa com Defici\u00eancia \u00e9 comemorado com a\u00e7\u00f5es e debates\u00a0pelo\u00a0Brasil. Debate interativo sobre inclus\u00e3o social...\",\"breadcrumb\":{\"@id\":\"https:\\\/\\\/folhadoleste.com.br\\\/dia-internacional-da-pessoa-com-deficiencia-e-comemorado-com-acoes-e-debates-pelo-brasil\\\/#breadcrumb\"},\"inLanguage\":\"en-US\",\"potentialAction\":[{\"@type\":\"ReadAction\",\"target\":[\"https:\\\/\\\/folhadoleste.com.br\\\/dia-internacional-da-pessoa-com-deficiencia-e-comemorado-com-acoes-e-debates-pelo-brasil\\\/\"]}]},{\"@type\":\"ImageObject\",\"inLanguage\":\"en-US\",\"@id\":\"https:\\\/\\\/folhadoleste.com.br\\\/dia-internacional-da-pessoa-com-deficiencia-e-comemorado-com-acoes-e-debates-pelo-brasil\\\/#primaryimage\",\"url\":\"https:\\\/\\\/folhadoleste.com.br\\\/wp-content\\\/uploads\\\/2024\\\/12\\\/Dia-Internacional-da-Pessoa-com-Deficiencia-e-comemorado-com-acoes-e-debates-pelo-Brasil-Foto-Reproducao-Internet.jpg\",\"contentUrl\":\"https:\\\/\\\/folhadoleste.com.br\\\/wp-content\\\/uploads\\\/2024\\\/12\\\/Dia-Internacional-da-Pessoa-com-Deficiencia-e-comemorado-com-acoes-e-debates-pelo-Brasil-Foto-Reproducao-Internet.jpg\",\"width\":784,\"height\":448,\"caption\":\"Teclado em\u00a0braile | Reprodu\u00e7\u00e3o\"},{\"@type\":\"BreadcrumbList\",\"@id\":\"https:\\\/\\\/folhadoleste.com.br\\\/dia-internacional-da-pessoa-com-deficiencia-e-comemorado-com-acoes-e-debates-pelo-brasil\\\/#breadcrumb\",\"itemListElement\":[{\"@type\":\"ListItem\",\"position\":1,\"name\":\"In\u00edcio\",\"item\":\"https:\\\/\\\/folhadoleste.com.br\\\/\"},{\"@type\":\"ListItem\",\"position\":2,\"name\":\"Colunistas\",\"item\":\"https:\\\/\\\/folhadoleste.com.br\\\/category\\\/colunistas\\\/\"},{\"@type\":\"ListItem\",\"position\":3,\"name\":\"Inclus\u00e3o \u00e9 Not\u00edcia - Angel Cavalcanti\",\"item\":\"https:\\\/\\\/folhadoleste.com.br\\\/category\\\/colunistas\\\/inclusao-e-noticia-angel-cavalcanti\\\/\"},{\"@type\":\"ListItem\",\"position\":4,\"name\":\"Dia Internacional da Pessoa com Defici\u00eancia \u00e9 comemorado com a\u00e7\u00f5es e debates\u00a0pelo\u00a0Brasil\"}]},{\"@type\":\"WebSite\",\"@id\":\"https:\\\/\\\/folhadoleste.com.br\\\/#website\",\"url\":\"https:\\\/\\\/folhadoleste.com.br\\\/\",\"name\":\"Folha do Leste\",\"description\":\"Portal de Not\u00edcias com \u00eanfase em Niter\u00f3i, criando conte\u00fados desde a capital Rio de Janeiro, com olhar para o Leste Fluminense e suas cidades como S\u00e3o Gon\u00e7alo, Itabora\u00ed, Rio Bonito, Maric\u00e1, Saquarema e Araruama\",\"publisher\":{\"@id\":\"https:\\\/\\\/folhadoleste.com.br\\\/#organization\"},\"alternateName\":\"FL\",\"potentialAction\":[{\"@type\":\"SearchAction\",\"target\":{\"@type\":\"EntryPoint\",\"urlTemplate\":\"https:\\\/\\\/folhadoleste.com.br\\\/?s={search_term_string}\"},\"query-input\":{\"@type\":\"PropertyValueSpecification\",\"valueRequired\":true,\"valueName\":\"search_term_string\"}}],\"inLanguage\":\"en-US\"},{\"@type\":\"Organization\",\"@id\":\"https:\\\/\\\/folhadoleste.com.br\\\/#organization\",\"name\":\"Brasil 21 Comunica\u00e7\u00e3o\",\"alternateName\":\"BR21\",\"url\":\"https:\\\/\\\/folhadoleste.com.br\\\/\",\"logo\":{\"@type\":\"ImageObject\",\"inLanguage\":\"en-US\",\"@id\":\"https:\\\/\\\/folhadoleste.com.br\\\/#\\\/schema\\\/logo\\\/image\\\/\",\"url\":\"https:\\\/\\\/folhadoleste.com.br\\\/wp-content\\\/uploads\\\/2025\\\/12\\\/brasil-21-logomarca.avif\",\"contentUrl\":\"https:\\\/\\\/folhadoleste.com.br\\\/wp-content\\\/uploads\\\/2025\\\/12\\\/brasil-21-logomarca.avif\",\"width\":1044,\"height\":1044,\"caption\":\"Brasil 21 Comunica\u00e7\u00e3o\"},\"image\":{\"@id\":\"https:\\\/\\\/folhadoleste.com.br\\\/#\\\/schema\\\/logo\\\/image\\\/\"},\"sameAs\":[\"https:\\\/\\\/www.facebook.com\\\/folhadoleste\",\"https:\\\/\\\/x.com\\\/FolhadoLesteRJ\",\"https:\\\/\\\/www.instagram.com\\\/folhadoleste\\\/\"]},{\"@type\":\"Person\",\"@id\":\"https:\\\/\\\/folhadoleste.com.br\\\/#\\\/schema\\\/person\\\/3e97145b2e1861276e84471aa85a3899\",\"name\":\"Folha do Leste\",\"image\":{\"@type\":\"ImageObject\",\"inLanguage\":\"en-US\",\"@id\":\"https:\\\/\\\/folhadoleste.com.br\\\/wp-content\\\/litespeed\\\/avatar\\\/1ca8c218432e7045e748610eb3db0259.jpg?ver=1776693931\",\"url\":\"https:\\\/\\\/folhadoleste.com.br\\\/wp-content\\\/litespeed\\\/avatar\\\/1ca8c218432e7045e748610eb3db0259.jpg?ver=1776693931\",\"contentUrl\":\"https:\\\/\\\/folhadoleste.com.br\\\/wp-content\\\/litespeed\\\/avatar\\\/1ca8c218432e7045e748610eb3db0259.jpg?ver=1776693931\",\"caption\":\"Folha do Leste\"},\"url\":\"https:\\\/\\\/folhadoleste.com.br\\\/en\\\/author\\\/reportagem-01\\\/\"}]}<\/script>\n<!-- \/ Yoast SEO plugin. -->","yoast_head_json":{"title":"Dia Internacional da Pessoa com Defici\u00eancia \u00e9 comemorado com a\u00e7\u00f5es e debates\u00a0pelo\u00a0Brasil &#8226; Folha do Leste","description":"Dia Internacional da Pessoa com Defici\u00eancia \u00e9 comemorado com a\u00e7\u00f5es e debates\u00a0pelo\u00a0Brasil. Debate interativo sobre inclus\u00e3o social...","robots":{"index":"index","follow":"follow","max-snippet":"max-snippet:-1","max-image-preview":"max-image-preview:large","max-video-preview":"max-video-preview:-1"},"canonical":"https:\/\/folhadoleste.com.br\/en\/dia-internacional-da-pessoa-com-deficiencia-e-comemorado-com-acoes-e-debates-pelo-brasil\/","og_locale":"en_US","og_type":"article","og_title":"Dia Internacional da Pessoa com Defici\u00eancia \u00e9 comemorado com a\u00e7\u00f5es e debates\u00a0pelo\u00a0Brasil &#8226; Folha do Leste","og_description":"Inclus\u00e3o \u00e9 Not\u00edcia - Angel Cavalcanti &#8226; 3 de December de 2024 &#8226; Folha do Leste","og_url":"https:\/\/folhadoleste.com.br\/en\/dia-internacional-da-pessoa-com-deficiencia-e-comemorado-com-acoes-e-debates-pelo-brasil\/","og_site_name":"Folha do Leste","article_publisher":"https:\/\/www.facebook.com\/folhadoleste","article_published_time":"2024-12-03T15:16:36+00:00","og_image":[{"width":784,"height":448,"url":"https:\/\/folhadoleste.com.br\/wp-content\/uploads\/2024\/12\/Dia-Internacional-da-Pessoa-com-Deficiencia-e-comemorado-com-acoes-e-debates-pelo-Brasil-Foto-Reproducao-Internet.jpg","type":"image\/jpeg"}],"author":"Folha do Leste","twitter_card":"summary_large_image","twitter_description":"Inclus\u00e3o \u00e9 Not\u00edcia - Angel Cavalcanti &#8226; 3 de December de 2024 &#8226; Folha do Leste","twitter_creator":"@FolhadoLesteRJ","twitter_site":"@FolhadoLesteRJ","twitter_misc":{"Written by":"Folha do Leste","Est. reading time":"6 minutes"},"schema":{"@context":"https:\/\/schema.org","@graph":[{"@type":"NewsArticle","@id":"https:\/\/folhadoleste.com.br\/dia-internacional-da-pessoa-com-deficiencia-e-comemorado-com-acoes-e-debates-pelo-brasil\/#article","isPartOf":{"@id":"https:\/\/folhadoleste.com.br\/dia-internacional-da-pessoa-com-deficiencia-e-comemorado-com-acoes-e-debates-pelo-brasil\/"},"author":{"name":"Folha do Leste","@id":"https:\/\/folhadoleste.com.br\/#\/schema\/person\/3e97145b2e1861276e84471aa85a3899"},"headline":"Dia Internacional da Pessoa com Defici\u00eancia \u00e9 comemorado com a\u00e7\u00f5es e debates\u00a0pelo\u00a0Brasil","datePublished":"2024-12-03T15:16:36+00:00","mainEntityOfPage":{"@id":"https:\/\/folhadoleste.com.br\/dia-internacional-da-pessoa-com-deficiencia-e-comemorado-com-acoes-e-debates-pelo-brasil\/"},"wordCount":920,"commentCount":0,"publisher":{"@id":"https:\/\/folhadoleste.com.br\/#organization"},"image":{"@id":"https:\/\/folhadoleste.com.br\/dia-internacional-da-pessoa-com-deficiencia-e-comemorado-com-acoes-e-debates-pelo-brasil\/#primaryimage"},"thumbnailUrl":"https:\/\/folhadoleste.com.br\/wp-content\/uploads\/2024\/12\/Dia-Internacional-da-Pessoa-com-Deficiencia-e-comemorado-com-acoes-e-debates-pelo-Brasil-Foto-Reproducao-Internet.jpg","keywords":["3 de dezembro","acessibilidade","Angel Cavalcanti","barreiras","Brasil","campanhas","Capacitismo","Colunista","Colunistas","Conscientiza\u00e7\u00e3o","Dia Internacional da Pessoa com Defici\u00eancia","Direitos Humanos","diversidade","Educa\u00e7\u00e3o Inclusiva","eventos","igualdade","Inclus\u00e3o","Mobilidade","ONU","pcd","Pessoas com defici\u00eancia","Sociedade Inclusiva","Supera\u00e7\u00e3o","trabalho"],"articleSection":["Brasil","Colunistas","Inclus\u00e3o \u00e9 Not\u00edcia - Angel Cavalcanti"],"inLanguage":"en-US","potentialAction":[{"@type":"CommentAction","name":"Comment","target":["https:\/\/folhadoleste.com.br\/dia-internacional-da-pessoa-com-deficiencia-e-comemorado-com-acoes-e-debates-pelo-brasil\/#respond"]}]},{"@type":"WebPage","@id":"https:\/\/folhadoleste.com.br\/dia-internacional-da-pessoa-com-deficiencia-e-comemorado-com-acoes-e-debates-pelo-brasil\/","url":"https:\/\/folhadoleste.com.br\/dia-internacional-da-pessoa-com-deficiencia-e-comemorado-com-acoes-e-debates-pelo-brasil\/","name":"Dia Internacional da Pessoa com Defici\u00eancia \u00e9 comemorado com a\u00e7\u00f5es e debates\u00a0pelo\u00a0Brasil &#8226; Folha do Leste","isPartOf":{"@id":"https:\/\/folhadoleste.com.br\/#website"},"primaryImageOfPage":{"@id":"https:\/\/folhadoleste.com.br\/dia-internacional-da-pessoa-com-deficiencia-e-comemorado-com-acoes-e-debates-pelo-brasil\/#primaryimage"},"image":{"@id":"https:\/\/folhadoleste.com.br\/dia-internacional-da-pessoa-com-deficiencia-e-comemorado-com-acoes-e-debates-pelo-brasil\/#primaryimage"},"thumbnailUrl":"https:\/\/folhadoleste.com.br\/wp-content\/uploads\/2024\/12\/Dia-Internacional-da-Pessoa-com-Deficiencia-e-comemorado-com-acoes-e-debates-pelo-Brasil-Foto-Reproducao-Internet.jpg","datePublished":"2024-12-03T15:16:36+00:00","description":"Dia Internacional da Pessoa com Defici\u00eancia \u00e9 comemorado com a\u00e7\u00f5es e debates\u00a0pelo\u00a0Brasil. Debate interativo sobre inclus\u00e3o social...","breadcrumb":{"@id":"https:\/\/folhadoleste.com.br\/dia-internacional-da-pessoa-com-deficiencia-e-comemorado-com-acoes-e-debates-pelo-brasil\/#breadcrumb"},"inLanguage":"en-US","potentialAction":[{"@type":"ReadAction","target":["https:\/\/folhadoleste.com.br\/dia-internacional-da-pessoa-com-deficiencia-e-comemorado-com-acoes-e-debates-pelo-brasil\/"]}]},{"@type":"ImageObject","inLanguage":"en-US","@id":"https:\/\/folhadoleste.com.br\/dia-internacional-da-pessoa-com-deficiencia-e-comemorado-com-acoes-e-debates-pelo-brasil\/#primaryimage","url":"https:\/\/folhadoleste.com.br\/wp-content\/uploads\/2024\/12\/Dia-Internacional-da-Pessoa-com-Deficiencia-e-comemorado-com-acoes-e-debates-pelo-Brasil-Foto-Reproducao-Internet.jpg","contentUrl":"https:\/\/folhadoleste.com.br\/wp-content\/uploads\/2024\/12\/Dia-Internacional-da-Pessoa-com-Deficiencia-e-comemorado-com-acoes-e-debates-pelo-Brasil-Foto-Reproducao-Internet.jpg","width":784,"height":448,"caption":"Teclado em\u00a0braile | Reprodu\u00e7\u00e3o"},{"@type":"BreadcrumbList","@id":"https:\/\/folhadoleste.com.br\/dia-internacional-da-pessoa-com-deficiencia-e-comemorado-com-acoes-e-debates-pelo-brasil\/#breadcrumb","itemListElement":[{"@type":"ListItem","position":1,"name":"In\u00edcio","item":"https:\/\/folhadoleste.com.br\/"},{"@type":"ListItem","position":2,"name":"Colunistas","item":"https:\/\/folhadoleste.com.br\/category\/colunistas\/"},{"@type":"ListItem","position":3,"name":"Inclus\u00e3o \u00e9 Not\u00edcia - Angel Cavalcanti","item":"https:\/\/folhadoleste.com.br\/category\/colunistas\/inclusao-e-noticia-angel-cavalcanti\/"},{"@type":"ListItem","position":4,"name":"Dia Internacional da Pessoa com Defici\u00eancia \u00e9 comemorado com a\u00e7\u00f5es e debates\u00a0pelo\u00a0Brasil"}]},{"@type":"WebSite","@id":"https:\/\/folhadoleste.com.br\/#website","url":"https:\/\/folhadoleste.com.br\/","name":"Folha do Leste","description":"Portal de Not\u00edcias com \u00eanfase em Niter\u00f3i, criando conte\u00fados desde a capital Rio de Janeiro, com olhar para o Leste Fluminense e suas cidades como S\u00e3o Gon\u00e7alo, Itabora\u00ed, Rio Bonito, Maric\u00e1, Saquarema e Araruama","publisher":{"@id":"https:\/\/folhadoleste.com.br\/#organization"},"alternateName":"FL","potentialAction":[{"@type":"SearchAction","target":{"@type":"EntryPoint","urlTemplate":"https:\/\/folhadoleste.com.br\/?s={search_term_string}"},"query-input":{"@type":"PropertyValueSpecification","valueRequired":true,"valueName":"search_term_string"}}],"inLanguage":"en-US"},{"@type":"Organization","@id":"https:\/\/folhadoleste.com.br\/#organization","name":"Brasil 21 Comunica\u00e7\u00e3o","alternateName":"BR21","url":"https:\/\/folhadoleste.com.br\/","logo":{"@type":"ImageObject","inLanguage":"en-US","@id":"https:\/\/folhadoleste.com.br\/#\/schema\/logo\/image\/","url":"https:\/\/folhadoleste.com.br\/wp-content\/uploads\/2025\/12\/brasil-21-logomarca.avif","contentUrl":"https:\/\/folhadoleste.com.br\/wp-content\/uploads\/2025\/12\/brasil-21-logomarca.avif","width":1044,"height":1044,"caption":"Brasil 21 Comunica\u00e7\u00e3o"},"image":{"@id":"https:\/\/folhadoleste.com.br\/#\/schema\/logo\/image\/"},"sameAs":["https:\/\/www.facebook.com\/folhadoleste","https:\/\/x.com\/FolhadoLesteRJ","https:\/\/www.instagram.com\/folhadoleste\/"]},{"@type":"Person","@id":"https:\/\/folhadoleste.com.br\/#\/schema\/person\/3e97145b2e1861276e84471aa85a3899","name":"Folha do Leste","image":{"@type":"ImageObject","inLanguage":"en-US","@id":"https:\/\/folhadoleste.com.br\/wp-content\/litespeed\/avatar\/1ca8c218432e7045e748610eb3db0259.jpg?ver=1776693931","url":"https:\/\/folhadoleste.com.br\/wp-content\/litespeed\/avatar\/1ca8c218432e7045e748610eb3db0259.jpg?ver=1776693931","contentUrl":"https:\/\/folhadoleste.com.br\/wp-content\/litespeed\/avatar\/1ca8c218432e7045e748610eb3db0259.jpg?ver=1776693931","caption":"Folha do Leste"},"url":"https:\/\/folhadoleste.com.br\/en\/author\/reportagem-01\/"}]}},"_links":{"self":[{"href":"https:\/\/folhadoleste.com.br\/en\/wp-json\/wp\/v2\/posts\/100130","targetHints":{"allow":["GET"]}}],"collection":[{"href":"https:\/\/folhadoleste.com.br\/en\/wp-json\/wp\/v2\/posts"}],"about":[{"href":"https:\/\/folhadoleste.com.br\/en\/wp-json\/wp\/v2\/types\/post"}],"author":[{"embeddable":true,"href":"https:\/\/folhadoleste.com.br\/en\/wp-json\/wp\/v2\/users\/4"}],"replies":[{"embeddable":true,"href":"https:\/\/folhadoleste.com.br\/en\/wp-json\/wp\/v2\/comments?post=100130"}],"version-history":[{"count":1,"href":"https:\/\/folhadoleste.com.br\/en\/wp-json\/wp\/v2\/posts\/100130\/revisions"}],"predecessor-version":[{"id":100135,"href":"https:\/\/folhadoleste.com.br\/en\/wp-json\/wp\/v2\/posts\/100130\/revisions\/100135"}],"wp:featuredmedia":[{"embeddable":true,"href":"https:\/\/folhadoleste.com.br\/en\/wp-json\/wp\/v2\/media\/100134"}],"wp:attachment":[{"href":"https:\/\/folhadoleste.com.br\/en\/wp-json\/wp\/v2\/media?parent=100130"}],"wp:term":[{"taxonomy":"category","embeddable":true,"href":"https:\/\/folhadoleste.com.br\/en\/wp-json\/wp\/v2\/categories?post=100130"},{"taxonomy":"post_tag","embeddable":true,"href":"https:\/\/folhadoleste.com.br\/en\/wp-json\/wp\/v2\/tags?post=100130"}],"curies":[{"name":"wp","href":"https:\/\/api.w.org\/{rel}","templated":true}]}}